{"id":7336,"date":"2023-07-07T10:22:30","date_gmt":"2023-07-07T08:22:30","guid":{"rendered":"https:\/\/www.lebenshilfe-dillenburg.de\/?p=4209"},"modified":"2026-01-30T12:09:40","modified_gmt":"2026-01-30T11:09:40","slug":"20-jahre-lebenshilfe-unterstuetzung","status":"publish","type":"post","link":"https:\/\/lebenshilfe-dillenburg.de\/leicht\/20-jahre-lebenshilfe-unterstuetzung\/","title":{"rendered":"20 Jahre Lebenshilfe-Unterst\u00fctzung"},"content":{"rendered":"<p>20 Jahre ist es her, dass das Autohaus Metz zum ersten Mal f\u00fcr die Lebenshilfe Dillenburg gespendet hat \u2013 der Anfang einer kontinuierlichen Unterst\u00fctzung. Das hat Lebenshilfe-Vorstand Dirk Botzon zum Anlass genommen, sich bei Gesch\u00e4ftsf\u00fchrer Achim Metz mit einem mit Lebenshilfe-Produkten gef\u00fcllten Pr\u00e4sentkorb f\u00fcr diese Spendentreue zu bedanken.<!--more--><\/p>\n<p>\u201e20 Jahre sind das schon, das h\u00e4tte ich gar nicht gedacht\u201c, \u00e4u\u00dferte sich Achim Metz \u00fcberrascht. Als das Autohaus 2003 damit begonnen hatte, regelm\u00e4\u00dfig gro\u00dfz\u00fcgige Betr\u00e4ge an die Lebenshilfe zu spenden, war es den Initiatoren bereits ein wesentliches Anliegen, \u201eMenschen zu unterst\u00fctzen, die nicht auf der Sonnenseite stehen\u201c, so Metz. Auch sei es bei der Auswahl des Beg\u00fcnstigten wichtig gewesen, dass es sich um eine regionale Institution handle.<\/p>\n<p>\u201eIn den vergangenen 20 Jahren haben wir dank Ihrer Unterst\u00fctzung viele wichtige Projekte f\u00fcr die von uns betreuten Menschen umsetzen k\u00f6nnen\u201c, betonte Botzon. \u201eEs ist beachtlich, dass Ihre Spendenbereitschaft auch in den Zeiten nie nachgelassen hat, in denen Ihre Branche selbst zu k\u00e4mpfen hatte. Daf\u00fcr danken wir Ihnen ganz herzlich.\u201c<\/p>\n","protected":false},"excerpt":{"rendered":"<p>20 Jahre ist es her, dass das Autohaus Metz zum ersten Mal f\u00fcr die Lebenshilfe Dillenburg gespendet hat \u2013 der Anfang einer kontinuierlichen Unterst\u00fctzung. Das hat Lebenshilfe-Vorstand Dirk Botzon zum Anlass genommen, sich bei Gesch\u00e4ftsf\u00fchrer Achim Metz mit einem mit Lebenshilfe-Produkten gef\u00fcllten Pr\u00e4sentkorb f\u00fcr diese Spendentreue zu bedanken.<\/p>\n","protected":false},"author":4,"featured_media":4210,"comment_status":"closed","ping_status":"closed","sticky":false,"template":"","format":"standard","meta":{"_acf_changed":false,"_gspb_post_css":"","_kad_blocks_custom_css":"","_kad_blocks_head_custom_js":"","_kad_blocks_body_custom_js":"","_kad_blocks_footer_custom_js":"","_kad_post_transparent":"","_kad_post_title":"","_kad_post_layout":"","_kad_post_sidebar_id":"","_kad_post_content_style":"","_kad_post_vertical_padding":"","_kad_post_feature":"","_kad_post_feature_position":"","_kad_post_header":false,"_kad_post_footer":false,"_kad_post_classname":"","footnotes":""},"categories":[53],"tags":[],"class_list":["post-7336","post","type-post","status-publish","format-standard","has-post-thumbnail","hentry","category-meldungen"],"acf":[],"yoast_head":"<!-- This site is optimized with the Yoast SEO plugin v27.5 - https:\/\/yoast.com\/product\/yoast-seo-wordpress\/ -->\n<title>20 Jahre Lebenshilfe-Unterst\u00fctzung - Lebenshilfe Dillenburg e.V.<\/title>\n<meta name=\"robots\" content=\"index, follow, max-snippet:-1, max-image-preview:large, max-video-preview:-1\" \/>\n<link rel=\"canonical\" href=\"https:\/\/lebenshilfe-dillenburg.de\/leicht\/20-jahre-lebenshilfe-unterstuetzung\/\" \/>\n<meta property=\"og:locale\" content=\"de_DE\" \/>\n<meta property=\"og:type\" content=\"article\" \/>\n<meta property=\"og:title\" content=\"20 Jahre Lebenshilfe-Unterst\u00fctzung - Lebenshilfe Dillenburg e.V.\" \/>\n<meta property=\"og:description\" content=\"20 Jahre ist es her, dass das Autohaus Metz zum ersten Mal f\u00fcr die Lebenshilfe Dillenburg gespendet hat \u2013 der Anfang einer kontinuierlichen Unterst\u00fctzung. Das hat Lebenshilfe-Vorstand Dirk Botzon zum Anlass genommen, sich bei Gesch\u00e4ftsf\u00fchrer Achim Metz mit einem mit Lebenshilfe-Produkten gef\u00fcllten Pr\u00e4sentkorb f\u00fcr diese Spendentreue zu bedanken.\" \/>\n<meta property=\"og:url\" content=\"https:\/\/lebenshilfe-dillenburg.de\/leicht\/20-jahre-lebenshilfe-unterstuetzung\/\" \/>\n<meta property=\"og:site_name\" content=\"Lebenshilfe Dillenburg e.V.\" \/>\n<meta property=\"article:publisher\" content=\"https:\/\/www.facebook.com\/lebenshilfedillenburg\/\" \/>\n<meta property=\"article:published_time\" content=\"2023-07-07T08:22:30+00:00\" \/>\n<meta property=\"article:modified_time\" content=\"2026-01-30T11:09:40+00:00\" \/>\n<meta property=\"og:image\" content=\"https:\/\/lebenshilfe-dillenburg.de\/wp-content\/uploads\/20-jahre-lebenshilfe-unterstuetzung-img-1360-scaled-3.jpg\" \/>\n\t<meta property=\"og:image:width\" content=\"2560\" \/>\n\t<meta property=\"og:image:height\" content=\"1920\" \/>\n\t<meta property=\"og:image:type\" content=\"image\/jpeg\" \/>\n<meta name=\"author\" content=\"Conny Holtfoth\" \/>\n<meta name=\"twitter:card\" content=\"summary_large_image\" \/>\n<meta name=\"twitter:label1\" content=\"Geschrieben von\" \/>\n\t<meta name=\"twitter:data1\" content=\"Conny Holtfoth\" \/>\n\t<meta name=\"twitter:label2\" content=\"Gesch\u00e4tzte Lesezeit\" \/>\n\t<meta name=\"twitter:data2\" content=\"1\u00a0Minute\" \/>\n<script type=\"application\/ld+json\" class=\"yoast-schema-graph\">{\"@context\":\"https:\\\/\\\/schema.org\",\"@graph\":[{\"@type\":\"Article\",\"@id\":\"https:\\\/\\\/lebenshilfe-dillenburg.de\\\/leicht\\\/20-jahre-lebenshilfe-unterstuetzung\\\/#article\",\"isPartOf\":{\"@id\":\"https:\\\/\\\/lebenshilfe-dillenburg.de\\\/leicht\\\/20-jahre-lebenshilfe-unterstuetzung\\\/\"},\"author\":{\"name\":\"Conny Holtfoth\",\"@id\":\"https:\\\/\\\/lebenshilfe-dillenburg.de\\\/leicht\\\/#\\\/schema\\\/person\\\/b6c52dad8d881b49213c3345a7cd5efe\"},\"headline\":\"20 Jahre Lebenshilfe-Unterst\u00fctzung\",\"datePublished\":\"2023-07-07T08:22:30+00:00\",\"dateModified\":\"2026-01-30T11:09:40+00:00\",\"mainEntityOfPage\":{\"@id\":\"https:\\\/\\\/lebenshilfe-dillenburg.de\\\/leicht\\\/20-jahre-lebenshilfe-unterstuetzung\\\/\"},\"wordCount\":184,\"publisher\":{\"@id\":\"https:\\\/\\\/lebenshilfe-dillenburg.de\\\/leicht\\\/#organization\"},\"image\":{\"@id\":\"https:\\\/\\\/lebenshilfe-dillenburg.de\\\/leicht\\\/20-jahre-lebenshilfe-unterstuetzung\\\/#primaryimage\"},\"thumbnailUrl\":\"https:\\\/\\\/lebenshilfe-dillenburg.de\\\/wp-content\\\/uploads\\\/praesentkorb-uebergabe-autohaus-metz.jpg\",\"articleSection\":[\"Meldungen\"],\"inLanguage\":\"de\"},{\"@type\":\"WebPage\",\"@id\":\"https:\\\/\\\/lebenshilfe-dillenburg.de\\\/leicht\\\/20-jahre-lebenshilfe-unterstuetzung\\\/\",\"url\":\"https:\\\/\\\/lebenshilfe-dillenburg.de\\\/leicht\\\/20-jahre-lebenshilfe-unterstuetzung\\\/\",\"name\":\"20 Jahre Lebenshilfe-Unterst\u00fctzung - Lebenshilfe Dillenburg e.V.\",\"isPartOf\":{\"@id\":\"https:\\\/\\\/lebenshilfe-dillenburg.de\\\/leicht\\\/#website\"},\"primaryImageOfPage\":{\"@id\":\"https:\\\/\\\/lebenshilfe-dillenburg.de\\\/leicht\\\/20-jahre-lebenshilfe-unterstuetzung\\\/#primaryimage\"},\"image\":{\"@id\":\"https:\\\/\\\/lebenshilfe-dillenburg.de\\\/leicht\\\/20-jahre-lebenshilfe-unterstuetzung\\\/#primaryimage\"},\"thumbnailUrl\":\"https:\\\/\\\/lebenshilfe-dillenburg.de\\\/wp-content\\\/uploads\\\/praesentkorb-uebergabe-autohaus-metz.jpg\",\"datePublished\":\"2023-07-07T08:22:30+00:00\",\"dateModified\":\"2026-01-30T11:09:40+00:00\",\"breadcrumb\":{\"@id\":\"https:\\\/\\\/lebenshilfe-dillenburg.de\\\/leicht\\\/20-jahre-lebenshilfe-unterstuetzung\\\/#breadcrumb\"},\"inLanguage\":\"de\",\"potentialAction\":[{\"@type\":\"ReadAction\",\"target\":[\"https:\\\/\\\/lebenshilfe-dillenburg.de\\\/leicht\\\/20-jahre-lebenshilfe-unterstuetzung\\\/\"]}]},{\"@type\":\"ImageObject\",\"inLanguage\":\"de\",\"@id\":\"https:\\\/\\\/lebenshilfe-dillenburg.de\\\/leicht\\\/20-jahre-lebenshilfe-unterstuetzung\\\/#primaryimage\",\"url\":\"https:\\\/\\\/lebenshilfe-dillenburg.de\\\/wp-content\\\/uploads\\\/praesentkorb-uebergabe-autohaus-metz.jpg\",\"contentUrl\":\"https:\\\/\\\/lebenshilfe-dillenburg.de\\\/wp-content\\\/uploads\\\/praesentkorb-uebergabe-autohaus-metz.jpg\",\"width\":1440,\"height\":1080,\"caption\":\"Dirk Botzon (l.) \u00fcberreicht Achim Metz zum Dank einen Pr\u00e4sentkorb. (Foto: Holtfoth)\"},{\"@type\":\"BreadcrumbList\",\"@id\":\"https:\\\/\\\/lebenshilfe-dillenburg.de\\\/leicht\\\/20-jahre-lebenshilfe-unterstuetzung\\\/#breadcrumb\",\"itemListElement\":[{\"@type\":\"ListItem\",\"position\":1,\"name\":\"Startseite der Lebenshilfe Dillenburg\",\"item\":\"https:\\\/\\\/lebenshilfe-dillenburg.de\\\/leicht\\\/\"},{\"@type\":\"ListItem\",\"position\":2,\"name\":\"20 Jahre Lebenshilfe-Unterst\u00fctzung\"}]},{\"@type\":\"WebSite\",\"@id\":\"https:\\\/\\\/lebenshilfe-dillenburg.de\\\/leicht\\\/#website\",\"url\":\"https:\\\/\\\/lebenshilfe-dillenburg.de\\\/leicht\\\/\",\"name\":\"Lebenshilfe Dillenburg \u2013 Teilhabe & Unterst\u00fctzung im Lahn-Dill-Kreis\",\"description\":\"\",\"publisher\":{\"@id\":\"https:\\\/\\\/lebenshilfe-dillenburg.de\\\/leicht\\\/#organization\"},\"potentialAction\":[{\"@type\":\"SearchAction\",\"target\":{\"@type\":\"EntryPoint\",\"urlTemplate\":\"https:\\\/\\\/lebenshilfe-dillenburg.de\\\/leicht\\\/?s={search_term_string}\"},\"query-input\":{\"@type\":\"PropertyValueSpecification\",\"valueRequired\":true,\"valueName\":\"search_term_string\"}}],\"inLanguage\":\"de\"},{\"@type\":\"Organization\",\"@id\":\"https:\\\/\\\/lebenshilfe-dillenburg.de\\\/leicht\\\/#organization\",\"name\":\"Lebenshilfe Dillenburg e.V.\",\"url\":\"https:\\\/\\\/lebenshilfe-dillenburg.de\\\/leicht\\\/\",\"logo\":{\"@type\":\"ImageObject\",\"inLanguage\":\"de\",\"@id\":\"https:\\\/\\\/lebenshilfe-dillenburg.de\\\/leicht\\\/#\\\/schema\\\/logo\\\/image\\\/\",\"url\":\"https:\\\/\\\/lebenshilfe-dillenburg.de\\\/wp-content\\\/uploads\\\/lebenshilfe-dillenburg-desktop.webp\",\"contentUrl\":\"https:\\\/\\\/lebenshilfe-dillenburg.de\\\/wp-content\\\/uploads\\\/lebenshilfe-dillenburg-desktop.webp\",\"width\":461,\"height\":202,\"caption\":\"Lebenshilfe Dillenburg e.V.\"},\"image\":{\"@id\":\"https:\\\/\\\/lebenshilfe-dillenburg.de\\\/leicht\\\/#\\\/schema\\\/logo\\\/image\\\/\"},\"sameAs\":[\"https:\\\/\\\/www.facebook.com\\\/lebenshilfedillenburg\\\/\",\"https:\\\/\\\/www.instagram.com\\\/lebenshilfe_dillenburg\\\/\"]},{\"@type\":\"Person\",\"@id\":\"https:\\\/\\\/lebenshilfe-dillenburg.de\\\/leicht\\\/#\\\/schema\\\/person\\\/b6c52dad8d881b49213c3345a7cd5efe\",\"name\":\"Conny Holtfoth\",\"sameAs\":[\"http:\\\/\\\/lebenshilfe-dillenburg.de\"],\"url\":\"https:\\\/\\\/lebenshilfe-dillenburg.de\\\/leicht\\\/author\\\/conny\\\/\"}]}<\/script>\n<!-- \/ Yoast SEO plugin. -->","yoast_head_json":{"title":"20 Jahre Lebenshilfe-Unterst\u00fctzung - Lebenshilfe Dillenburg e.V.","robots":{"index":"index","follow":"follow","max-snippet":"max-snippet:-1","max-image-preview":"max-image-preview:large","max-video-preview":"max-video-preview:-1"},"canonical":"https:\/\/lebenshilfe-dillenburg.de\/leicht\/20-jahre-lebenshilfe-unterstuetzung\/","og_locale":"de_DE","og_type":"article","og_title":"20 Jahre Lebenshilfe-Unterst\u00fctzung - Lebenshilfe Dillenburg e.V.","og_description":"20 Jahre ist es her, dass das Autohaus Metz zum ersten Mal f\u00fcr die Lebenshilfe Dillenburg gespendet hat \u2013 der Anfang einer kontinuierlichen Unterst\u00fctzung. Das hat Lebenshilfe-Vorstand Dirk Botzon zum Anlass genommen, sich bei Gesch\u00e4ftsf\u00fchrer Achim Metz mit einem mit Lebenshilfe-Produkten gef\u00fcllten Pr\u00e4sentkorb f\u00fcr diese Spendentreue zu bedanken.","og_url":"https:\/\/lebenshilfe-dillenburg.de\/leicht\/20-jahre-lebenshilfe-unterstuetzung\/","og_site_name":"Lebenshilfe Dillenburg e.V.","article_publisher":"https:\/\/www.facebook.com\/lebenshilfedillenburg\/","article_published_time":"2023-07-07T08:22:30+00:00","article_modified_time":"2026-01-30T11:09:40+00:00","og_image":[{"width":2560,"height":1920,"url":"https:\/\/lebenshilfe-dillenburg.de\/wp-content\/uploads\/20-jahre-lebenshilfe-unterstuetzung-img-1360-scaled-3.jpg","type":"image\/jpeg"}],"author":"Conny Holtfoth","twitter_card":"summary_large_image","twitter_misc":{"Geschrieben von":"Conny Holtfoth","Gesch\u00e4tzte Lesezeit":"1\u00a0Minute"},"schema":{"@context":"https:\/\/schema.org","@graph":[{"@type":"Article","@id":"https:\/\/lebenshilfe-dillenburg.de\/leicht\/20-jahre-lebenshilfe-unterstuetzung\/#article","isPartOf":{"@id":"https:\/\/lebenshilfe-dillenburg.de\/leicht\/20-jahre-lebenshilfe-unterstuetzung\/"},"author":{"name":"Conny Holtfoth","@id":"https:\/\/lebenshilfe-dillenburg.de\/leicht\/#\/schema\/person\/b6c52dad8d881b49213c3345a7cd5efe"},"headline":"20 Jahre Lebenshilfe-Unterst\u00fctzung","datePublished":"2023-07-07T08:22:30+00:00","dateModified":"2026-01-30T11:09:40+00:00","mainEntityOfPage":{"@id":"https:\/\/lebenshilfe-dillenburg.de\/leicht\/20-jahre-lebenshilfe-unterstuetzung\/"},"wordCount":184,"publisher":{"@id":"https:\/\/lebenshilfe-dillenburg.de\/leicht\/#organization"},"image":{"@id":"https:\/\/lebenshilfe-dillenburg.de\/leicht\/20-jahre-lebenshilfe-unterstuetzung\/#primaryimage"},"thumbnailUrl":"https:\/\/lebenshilfe-dillenburg.de\/wp-content\/uploads\/praesentkorb-uebergabe-autohaus-metz.jpg","articleSection":["Meldungen"],"inLanguage":"de"},{"@type":"WebPage","@id":"https:\/\/lebenshilfe-dillenburg.de\/leicht\/20-jahre-lebenshilfe-unterstuetzung\/","url":"https:\/\/lebenshilfe-dillenburg.de\/leicht\/20-jahre-lebenshilfe-unterstuetzung\/","name":"20 Jahre Lebenshilfe-Unterst\u00fctzung - Lebenshilfe Dillenburg e.V.","isPartOf":{"@id":"https:\/\/lebenshilfe-dillenburg.de\/leicht\/#website"},"primaryImageOfPage":{"@id":"https:\/\/lebenshilfe-dillenburg.de\/leicht\/20-jahre-lebenshilfe-unterstuetzung\/#primaryimage"},"image":{"@id":"https:\/\/lebenshilfe-dillenburg.de\/leicht\/20-jahre-lebenshilfe-unterstuetzung\/#primaryimage"},"thumbnailUrl":"https:\/\/lebenshilfe-dillenburg.de\/wp-content\/uploads\/praesentkorb-uebergabe-autohaus-metz.jpg","datePublished":"2023-07-07T08:22:30+00:00","dateModified":"2026-01-30T11:09:40+00:00","breadcrumb":{"@id":"https:\/\/lebenshilfe-dillenburg.de\/leicht\/20-jahre-lebenshilfe-unterstuetzung\/#breadcrumb"},"inLanguage":"de","potentialAction":[{"@type":"ReadAction","target":["https:\/\/lebenshilfe-dillenburg.de\/leicht\/20-jahre-lebenshilfe-unterstuetzung\/"]}]},{"@type":"ImageObject","inLanguage":"de","@id":"https:\/\/lebenshilfe-dillenburg.de\/leicht\/20-jahre-lebenshilfe-unterstuetzung\/#primaryimage","url":"https:\/\/lebenshilfe-dillenburg.de\/wp-content\/uploads\/praesentkorb-uebergabe-autohaus-metz.jpg","contentUrl":"https:\/\/lebenshilfe-dillenburg.de\/wp-content\/uploads\/praesentkorb-uebergabe-autohaus-metz.jpg","width":1440,"height":1080,"caption":"Dirk Botzon (l.) \u00fcberreicht Achim Metz zum Dank einen Pr\u00e4sentkorb. (Foto: Holtfoth)"},{"@type":"BreadcrumbList","@id":"https:\/\/lebenshilfe-dillenburg.de\/leicht\/20-jahre-lebenshilfe-unterstuetzung\/#breadcrumb","itemListElement":[{"@type":"ListItem","position":1,"name":"Startseite der Lebenshilfe Dillenburg","item":"https:\/\/lebenshilfe-dillenburg.de\/leicht\/"},{"@type":"ListItem","position":2,"name":"20 Jahre Lebenshilfe-Unterst\u00fctzung"}]},{"@type":"WebSite","@id":"https:\/\/lebenshilfe-dillenburg.de\/leicht\/#website","url":"https:\/\/lebenshilfe-dillenburg.de\/leicht\/","name":"Lebenshilfe Dillenburg \u2013 Teilhabe & Unterst\u00fctzung im Lahn-Dill-Kreis","description":"","publisher":{"@id":"https:\/\/lebenshilfe-dillenburg.de\/leicht\/#organization"},"potentialAction":[{"@type":"SearchAction","target":{"@type":"EntryPoint","urlTemplate":"https:\/\/lebenshilfe-dillenburg.de\/leicht\/?s={search_term_string}"},"query-input":{"@type":"PropertyValueSpecification","valueRequired":true,"valueName":"search_term_string"}}],"inLanguage":"de"},{"@type":"Organization","@id":"https:\/\/lebenshilfe-dillenburg.de\/leicht\/#organization","name":"Lebenshilfe Dillenburg e.V.","url":"https:\/\/lebenshilfe-dillenburg.de\/leicht\/","logo":{"@type":"ImageObject","inLanguage":"de","@id":"https:\/\/lebenshilfe-dillenburg.de\/leicht\/#\/schema\/logo\/image\/","url":"https:\/\/lebenshilfe-dillenburg.de\/wp-content\/uploads\/lebenshilfe-dillenburg-desktop.webp","contentUrl":"https:\/\/lebenshilfe-dillenburg.de\/wp-content\/uploads\/lebenshilfe-dillenburg-desktop.webp","width":461,"height":202,"caption":"Lebenshilfe Dillenburg e.V."},"image":{"@id":"https:\/\/lebenshilfe-dillenburg.de\/leicht\/#\/schema\/logo\/image\/"},"sameAs":["https:\/\/www.facebook.com\/lebenshilfedillenburg\/","https:\/\/www.instagram.com\/lebenshilfe_dillenburg\/"]},{"@type":"Person","@id":"https:\/\/lebenshilfe-dillenburg.de\/leicht\/#\/schema\/person\/b6c52dad8d881b49213c3345a7cd5efe","name":"Conny Holtfoth","sameAs":["http:\/\/lebenshilfe-dillenburg.de"],"url":"https:\/\/lebenshilfe-dillenburg.de\/leicht\/author\/conny\/"}]}},"taxonomy_info":{"category":[{"value":53,"label":"Meldungen"}]},"featured_image_src_large":["https:\/\/lebenshilfe-dillenburg.de\/wp-content\/uploads\/praesentkorb-uebergabe-autohaus-metz-1920x1440.jpg",1366,1025,true],"author_info":{"display_name":"Conny Holtfoth","author_link":"https:\/\/lebenshilfe-dillenburg.de\/leicht\/author\/conny\/"},"comment_info":0,"category_info":[{"term_id":53,"name":"Meldungen","slug":"meldungen","term_group":0,"term_taxonomy_id":53,"taxonomy":"category","description":"","parent":0,"count":127,"filter":"raw","term_order":"5","cat_ID":53,"category_count":127,"category_description":"","cat_name":"Meldungen","category_nicename":"meldungen","category_parent":0}],"tag_info":false,"_links":{"self":[{"href":"https:\/\/lebenshilfe-dillenburg.de\/leicht\/wp-json\/wp\/v2\/posts\/7336","targetHints":{"allow":["GET"]}}],"collection":[{"href":"https:\/\/lebenshilfe-dillenburg.de\/leicht\/wp-json\/wp\/v2\/posts"}],"about":[{"href":"https:\/\/lebenshilfe-dillenburg.de\/leicht\/wp-json\/wp\/v2\/types\/post"}],"author":[{"embeddable":true,"href":"https:\/\/lebenshilfe-dillenburg.de\/leicht\/wp-json\/wp\/v2\/users\/4"}],"replies":[{"embeddable":true,"href":"https:\/\/lebenshilfe-dillenburg.de\/leicht\/wp-json\/wp\/v2\/comments?post=7336"}],"version-history":[{"count":0,"href":"https:\/\/lebenshilfe-dillenburg.de\/leicht\/wp-json\/wp\/v2\/posts\/7336\/revisions"}],"wp:featuredmedia":[{"embeddable":true,"href":"https:\/\/lebenshilfe-dillenburg.de\/leicht\/wp-json\/wp\/v2\/media\/4210"}],"wp:attachment":[{"href":"https:\/\/lebenshilfe-dillenburg.de\/leicht\/wp-json\/wp\/v2\/media?parent=7336"}],"wp:term":[{"taxonomy":"category","embeddable":true,"href":"https:\/\/lebenshilfe-dillenburg.de\/leicht\/wp-json\/wp\/v2\/categories?post=7336"},{"taxonomy":"post_tag","embeddable":true,"href":"https:\/\/lebenshilfe-dillenburg.de\/leicht\/wp-json\/wp\/v2\/tags?post=7336"}],"curies":[{"name":"wp","href":"https:\/\/api.w.org\/{rel}","templated":true}]}}