{"id":7338,"date":"2023-07-17T10:31:44","date_gmt":"2023-07-17T08:31:44","guid":{"rendered":"https:\/\/www.lebenshilfe-dillenburg.de\/?p=4227"},"modified":"2026-01-30T12:09:40","modified_gmt":"2026-01-30T11:09:40","slug":"stiftung-unterstuetzt-pferdeprojekt-2","status":"publish","type":"post","link":"https:\/\/lebenshilfe-dillenburg.de\/leicht\/stiftung-unterstuetzt-pferdeprojekt-2\/","title":{"rendered":"Stiftung unterst\u00fctzt Pferdeprojekt"},"content":{"rendered":"<p>Mit einer Spende in H\u00f6he von 1700 Euro unterst\u00fctzt die Stiftung der Lebenshilfe Dillenburg ein tierisch gutes Projekt: die \u201eHeilp\u00e4dagogische F\u00f6rderung mit dem Pferd\u201c, die die integrative Kindertagesst\u00e4tte Herborn-Burg seit zwei Jahren nutzt.<!--more--><\/p>\n<p>Mit Erfolg. Denn: \u201eF\u00fcr die Kinder ist es eine absolute Bereicherung, mit den Tieren in Kontakt zu kommen\u201c, erl\u00e4utert Lebenshilfe-Vorstandsmitglied Dirk Botzon. Der vierbeinige Begleiter der Kinder: Pony Feivel. Sie streicheln ihn, sie striegeln ihn, sie kratzen ihm die Hufe aus und \u2013 wenn sie wollen \u2013 d\u00fcrfen sie auch auf ihm reiten. Gruppenweise besuchen zweimal pro Woche im Wechsel vier bis f\u00fcnf Kinder, darunter jeweils ein Integrativkind, den Hof von Reittherapeutin Nicolette B\u00f6hm in Breitscheid.<\/p>\n<p>M\u00f6glich gemacht hatte dies urspr\u00fcnglich ein Zuschuss-Paket, welches das Bundesministerium f\u00fcr Familien, Senioren, Frauen und Jugend Sprach-Kitas wie der integrativen Kita der Lebenshilfe Dillenburg zur Verf\u00fcgung gestellt hatte, um Kinder w\u00e4hrend der Pandemie beim Aufholen zu unterst\u00fctzen. Diese finanziellen Mittel sind nun aufgebraucht, seitdem ist die Kita f\u00fcr den Fortbestand des Pferdeprojekts auf Spenden angewiesen. \u201eDaher freuen wir uns sehr, dass die Stiftung uns mit dieser Summe bedenkt\u201c, sagt Kita-Leiterin Michelle Duschek.<\/p>\n<p>Sozialkompetenz, Verbesserung der Motorik \u2013 all das bewirkt die Arbeit mit dem Pony. Die Kinder kommen im Beisein des Tieres sichtlich zur Ruhe. \u201eDas ist schon ein tolles Angebot\u201c, betonte Stiftungsratsvorsitzender Vincenz Heiliger w\u00e4hrend der symbolischen Scheck\u00fcbergabe, der gemeinsam mit Stiftungsvorsitzendem Jochen M\u00fcller und dessen Stellvertreter Uwe Rompf den Hof in Breitscheid besuchte und sich ein Bild von der spielerischen Arbeit mit dem Pony machte.<\/p>\n<p>Menschen mit Behinderungen eine lebenswerte Zukunft sichern und die Arbeit des Vereins nachhaltig f\u00f6rdern \u2013 das hat sich die Stiftung Lebenshilfe Dillenburg, gegr\u00fcndet im Oktober 1997, zum Ziel gesetzt. Sie ist eine selbstst\u00e4ndige Stiftung des b\u00fcrgerlichen Rechts und verfolgt ausschlie\u00dflich gemeinn\u00fctzige Zwecke zum Wohle der Menschen mit Behinderung im n\u00f6rdlichen Lahn-Dill-Kreis. F\u00fcr den 29. September plant die Stiftung im Atrium der Wilhelm-von-Oranien-Schule ein Benefizkonzert mit zahlreichen verschiedenen Akteuren.<\/p>\n","protected":false},"excerpt":{"rendered":"<p>Mit einer Spende in H\u00f6he von 1700 Euro unterst\u00fctzt die Stiftung der Lebenshilfe Dillenburg ein tierisch gutes Projekt: die \u201eHeilp\u00e4dagogische F\u00f6rderung mit dem Pferd\u201c, die die integrative Kindertagesst\u00e4tte Herborn-Burg seit zwei Jahren nutzt.<\/p>\n","protected":false},"author":4,"featured_media":7368,"comment_status":"closed","ping_status":"closed","sticky":false,"template":"","format":"standard","meta":{"_acf_changed":false,"_gspb_post_css":"","_kad_blocks_custom_css":"","_kad_blocks_head_custom_js":"","_kad_blocks_body_custom_js":"","_kad_blocks_footer_custom_js":"","_kad_post_transparent":"","_kad_post_title":"","_kad_post_layout":"","_kad_post_sidebar_id":"","_kad_post_content_style":"","_kad_post_vertical_padding":"","_kad_post_feature":"","_kad_post_feature_position":"","_kad_post_header":false,"_kad_post_footer":false,"_kad_post_classname":"","footnotes":""},"categories":[53],"tags":[],"class_list":["post-7338","post","type-post","status-publish","format-standard","has-post-thumbnail","hentry","category-meldungen"],"acf":[],"yoast_head":"<!-- This site is optimized with the Yoast SEO plugin v27.5 - https:\/\/yoast.com\/product\/yoast-seo-wordpress\/ -->\n<title>Stiftung unterst\u00fctzt Pferdeprojekt - Lebenshilfe Dillenburg e.V.<\/title>\n<meta name=\"robots\" content=\"index, follow, max-snippet:-1, max-image-preview:large, max-video-preview:-1\" \/>\n<link rel=\"canonical\" href=\"https:\/\/lebenshilfe-dillenburg.de\/leicht\/stiftung-unterstuetzt-pferdeprojekt-2\/\" \/>\n<meta property=\"og:locale\" content=\"de_DE\" \/>\n<meta property=\"og:type\" content=\"article\" \/>\n<meta property=\"og:title\" content=\"Stiftung unterst\u00fctzt Pferdeprojekt - Lebenshilfe Dillenburg e.V.\" \/>\n<meta property=\"og:description\" content=\"Mit einer Spende in H\u00f6he von 1700 Euro unterst\u00fctzt die Stiftung der Lebenshilfe Dillenburg ein tierisch gutes Projekt: die \u201eHeilp\u00e4dagogische F\u00f6rderung mit dem Pferd\u201c, die die integrative Kindertagesst\u00e4tte Herborn-Burg seit zwei Jahren nutzt.\" \/>\n<meta property=\"og:url\" content=\"https:\/\/lebenshilfe-dillenburg.de\/leicht\/stiftung-unterstuetzt-pferdeprojekt-2\/\" \/>\n<meta property=\"og:site_name\" content=\"Lebenshilfe Dillenburg e.V.\" \/>\n<meta property=\"article:publisher\" content=\"https:\/\/www.facebook.com\/lebenshilfedillenburg\/\" \/>\n<meta property=\"article:published_time\" content=\"2023-07-17T08:31:44+00:00\" \/>\n<meta property=\"article:modified_time\" content=\"2026-01-30T11:09:40+00:00\" \/>\n<meta property=\"og:image\" content=\"https:\/\/lebenshilfe-dillenburg.de\/wp-content\/uploads\/img-0700-scaled-3.jpg\" \/>\n\t<meta property=\"og:image:width\" content=\"2560\" \/>\n\t<meta property=\"og:image:height\" content=\"1920\" \/>\n\t<meta property=\"og:image:type\" content=\"image\/jpeg\" \/>\n<meta name=\"author\" content=\"Conny Holtfoth\" \/>\n<meta name=\"twitter:card\" content=\"summary_large_image\" \/>\n<meta name=\"twitter:label1\" content=\"Geschrieben von\" \/>\n\t<meta name=\"twitter:data1\" content=\"Conny Holtfoth\" \/>\n\t<meta name=\"twitter:label2\" content=\"Gesch\u00e4tzte Lesezeit\" \/>\n\t<meta name=\"twitter:data2\" content=\"2\u00a0Minuten\" \/>\n<script type=\"application\/ld+json\" class=\"yoast-schema-graph\">{\"@context\":\"https:\\\/\\\/schema.org\",\"@graph\":[{\"@type\":\"Article\",\"@id\":\"https:\\\/\\\/lebenshilfe-dillenburg.de\\\/leicht\\\/stiftung-unterstuetzt-pferdeprojekt-2\\\/#article\",\"isPartOf\":{\"@id\":\"https:\\\/\\\/lebenshilfe-dillenburg.de\\\/leicht\\\/stiftung-unterstuetzt-pferdeprojekt-2\\\/\"},\"author\":{\"name\":\"Conny Holtfoth\",\"@id\":\"https:\\\/\\\/lebenshilfe-dillenburg.de\\\/leicht\\\/#\\\/schema\\\/person\\\/b6c52dad8d881b49213c3345a7cd5efe\"},\"headline\":\"Stiftung unterst\u00fctzt Pferdeprojekt\",\"datePublished\":\"2023-07-17T08:31:44+00:00\",\"dateModified\":\"2026-01-30T11:09:40+00:00\",\"mainEntityOfPage\":{\"@id\":\"https:\\\/\\\/lebenshilfe-dillenburg.de\\\/leicht\\\/stiftung-unterstuetzt-pferdeprojekt-2\\\/\"},\"wordCount\":339,\"publisher\":{\"@id\":\"https:\\\/\\\/lebenshilfe-dillenburg.de\\\/leicht\\\/#organization\"},\"image\":{\"@id\":\"https:\\\/\\\/lebenshilfe-dillenburg.de\\\/leicht\\\/stiftung-unterstuetzt-pferdeprojekt-2\\\/#primaryimage\"},\"thumbnailUrl\":\"https:\\\/\\\/lebenshilfe-dillenburg.de\\\/wp-content\\\/uploads\\\/spendenuebergabe-reittherapie-scheck-pony-stall.jpg\",\"articleSection\":[\"Meldungen\"],\"inLanguage\":\"de\"},{\"@type\":\"WebPage\",\"@id\":\"https:\\\/\\\/lebenshilfe-dillenburg.de\\\/leicht\\\/stiftung-unterstuetzt-pferdeprojekt-2\\\/\",\"url\":\"https:\\\/\\\/lebenshilfe-dillenburg.de\\\/leicht\\\/stiftung-unterstuetzt-pferdeprojekt-2\\\/\",\"name\":\"Stiftung unterst\u00fctzt Pferdeprojekt - Lebenshilfe Dillenburg e.V.\",\"isPartOf\":{\"@id\":\"https:\\\/\\\/lebenshilfe-dillenburg.de\\\/leicht\\\/#website\"},\"primaryImageOfPage\":{\"@id\":\"https:\\\/\\\/lebenshilfe-dillenburg.de\\\/leicht\\\/stiftung-unterstuetzt-pferdeprojekt-2\\\/#primaryimage\"},\"image\":{\"@id\":\"https:\\\/\\\/lebenshilfe-dillenburg.de\\\/leicht\\\/stiftung-unterstuetzt-pferdeprojekt-2\\\/#primaryimage\"},\"thumbnailUrl\":\"https:\\\/\\\/lebenshilfe-dillenburg.de\\\/wp-content\\\/uploads\\\/spendenuebergabe-reittherapie-scheck-pony-stall.jpg\",\"datePublished\":\"2023-07-17T08:31:44+00:00\",\"dateModified\":\"2026-01-30T11:09:40+00:00\",\"breadcrumb\":{\"@id\":\"https:\\\/\\\/lebenshilfe-dillenburg.de\\\/leicht\\\/stiftung-unterstuetzt-pferdeprojekt-2\\\/#breadcrumb\"},\"inLanguage\":\"de\",\"potentialAction\":[{\"@type\":\"ReadAction\",\"target\":[\"https:\\\/\\\/lebenshilfe-dillenburg.de\\\/leicht\\\/stiftung-unterstuetzt-pferdeprojekt-2\\\/\"]}]},{\"@type\":\"ImageObject\",\"inLanguage\":\"de\",\"@id\":\"https:\\\/\\\/lebenshilfe-dillenburg.de\\\/leicht\\\/stiftung-unterstuetzt-pferdeprojekt-2\\\/#primaryimage\",\"url\":\"https:\\\/\\\/lebenshilfe-dillenburg.de\\\/wp-content\\\/uploads\\\/spendenuebergabe-reittherapie-scheck-pony-stall.jpg\",\"contentUrl\":\"https:\\\/\\\/lebenshilfe-dillenburg.de\\\/wp-content\\\/uploads\\\/spendenuebergabe-reittherapie-scheck-pony-stall.jpg\",\"width\":1440,\"height\":1080,\"caption\":\"Uwe Rompf (l.), Jochen M\u00fcller (3.v.l.) und Vincenz Heiliger (4.v.l.) \u00fcberreichen den Scheck an Dirk Botzon (2.v.l.), Michelle Duschek (2.v.r.) und Nicolette B\u00f6hm (r.). (Foto: Holtfoth)\"},{\"@type\":\"BreadcrumbList\",\"@id\":\"https:\\\/\\\/lebenshilfe-dillenburg.de\\\/leicht\\\/stiftung-unterstuetzt-pferdeprojekt-2\\\/#breadcrumb\",\"itemListElement\":[{\"@type\":\"ListItem\",\"position\":1,\"name\":\"Startseite der Lebenshilfe Dillenburg\",\"item\":\"https:\\\/\\\/lebenshilfe-dillenburg.de\\\/leicht\\\/\"},{\"@type\":\"ListItem\",\"position\":2,\"name\":\"Stiftung unterst\u00fctzt Pferdeprojekt\"}]},{\"@type\":\"WebSite\",\"@id\":\"https:\\\/\\\/lebenshilfe-dillenburg.de\\\/leicht\\\/#website\",\"url\":\"https:\\\/\\\/lebenshilfe-dillenburg.de\\\/leicht\\\/\",\"name\":\"Lebenshilfe Dillenburg \u2013 Teilhabe & Unterst\u00fctzung im Lahn-Dill-Kreis\",\"description\":\"\",\"publisher\":{\"@id\":\"https:\\\/\\\/lebenshilfe-dillenburg.de\\\/leicht\\\/#organization\"},\"potentialAction\":[{\"@type\":\"SearchAction\",\"target\":{\"@type\":\"EntryPoint\",\"urlTemplate\":\"https:\\\/\\\/lebenshilfe-dillenburg.de\\\/leicht\\\/?s={search_term_string}\"},\"query-input\":{\"@type\":\"PropertyValueSpecification\",\"valueRequired\":true,\"valueName\":\"search_term_string\"}}],\"inLanguage\":\"de\"},{\"@type\":\"Organization\",\"@id\":\"https:\\\/\\\/lebenshilfe-dillenburg.de\\\/leicht\\\/#organization\",\"name\":\"Lebenshilfe Dillenburg e.V.\",\"url\":\"https:\\\/\\\/lebenshilfe-dillenburg.de\\\/leicht\\\/\",\"logo\":{\"@type\":\"ImageObject\",\"inLanguage\":\"de\",\"@id\":\"https:\\\/\\\/lebenshilfe-dillenburg.de\\\/leicht\\\/#\\\/schema\\\/logo\\\/image\\\/\",\"url\":\"https:\\\/\\\/lebenshilfe-dillenburg.de\\\/wp-content\\\/uploads\\\/lebenshilfe-dillenburg-desktop.webp\",\"contentUrl\":\"https:\\\/\\\/lebenshilfe-dillenburg.de\\\/wp-content\\\/uploads\\\/lebenshilfe-dillenburg-desktop.webp\",\"width\":461,\"height\":202,\"caption\":\"Lebenshilfe Dillenburg e.V.\"},\"image\":{\"@id\":\"https:\\\/\\\/lebenshilfe-dillenburg.de\\\/leicht\\\/#\\\/schema\\\/logo\\\/image\\\/\"},\"sameAs\":[\"https:\\\/\\\/www.facebook.com\\\/lebenshilfedillenburg\\\/\",\"https:\\\/\\\/www.instagram.com\\\/lebenshilfe_dillenburg\\\/\"]},{\"@type\":\"Person\",\"@id\":\"https:\\\/\\\/lebenshilfe-dillenburg.de\\\/leicht\\\/#\\\/schema\\\/person\\\/b6c52dad8d881b49213c3345a7cd5efe\",\"name\":\"Conny Holtfoth\",\"sameAs\":[\"http:\\\/\\\/lebenshilfe-dillenburg.de\"],\"url\":\"https:\\\/\\\/lebenshilfe-dillenburg.de\\\/leicht\\\/author\\\/conny\\\/\"}]}<\/script>\n<!-- \/ Yoast SEO plugin. -->","yoast_head_json":{"title":"Stiftung unterst\u00fctzt Pferdeprojekt - Lebenshilfe Dillenburg e.V.","robots":{"index":"index","follow":"follow","max-snippet":"max-snippet:-1","max-image-preview":"max-image-preview:large","max-video-preview":"max-video-preview:-1"},"canonical":"https:\/\/lebenshilfe-dillenburg.de\/leicht\/stiftung-unterstuetzt-pferdeprojekt-2\/","og_locale":"de_DE","og_type":"article","og_title":"Stiftung unterst\u00fctzt Pferdeprojekt - Lebenshilfe Dillenburg e.V.","og_description":"Mit einer Spende in H\u00f6he von 1700 Euro unterst\u00fctzt die Stiftung der Lebenshilfe Dillenburg ein tierisch gutes Projekt: die \u201eHeilp\u00e4dagogische F\u00f6rderung mit dem Pferd\u201c, die die integrative Kindertagesst\u00e4tte Herborn-Burg seit zwei Jahren nutzt.","og_url":"https:\/\/lebenshilfe-dillenburg.de\/leicht\/stiftung-unterstuetzt-pferdeprojekt-2\/","og_site_name":"Lebenshilfe Dillenburg e.V.","article_publisher":"https:\/\/www.facebook.com\/lebenshilfedillenburg\/","article_published_time":"2023-07-17T08:31:44+00:00","article_modified_time":"2026-01-30T11:09:40+00:00","og_image":[{"width":2560,"height":1920,"url":"https:\/\/lebenshilfe-dillenburg.de\/wp-content\/uploads\/img-0700-scaled-3.jpg","type":"image\/jpeg"}],"author":"Conny Holtfoth","twitter_card":"summary_large_image","twitter_misc":{"Geschrieben von":"Conny Holtfoth","Gesch\u00e4tzte Lesezeit":"2\u00a0Minuten"},"schema":{"@context":"https:\/\/schema.org","@graph":[{"@type":"Article","@id":"https:\/\/lebenshilfe-dillenburg.de\/leicht\/stiftung-unterstuetzt-pferdeprojekt-2\/#article","isPartOf":{"@id":"https:\/\/lebenshilfe-dillenburg.de\/leicht\/stiftung-unterstuetzt-pferdeprojekt-2\/"},"author":{"name":"Conny Holtfoth","@id":"https:\/\/lebenshilfe-dillenburg.de\/leicht\/#\/schema\/person\/b6c52dad8d881b49213c3345a7cd5efe"},"headline":"Stiftung unterst\u00fctzt Pferdeprojekt","datePublished":"2023-07-17T08:31:44+00:00","dateModified":"2026-01-30T11:09:40+00:00","mainEntityOfPage":{"@id":"https:\/\/lebenshilfe-dillenburg.de\/leicht\/stiftung-unterstuetzt-pferdeprojekt-2\/"},"wordCount":339,"publisher":{"@id":"https:\/\/lebenshilfe-dillenburg.de\/leicht\/#organization"},"image":{"@id":"https:\/\/lebenshilfe-dillenburg.de\/leicht\/stiftung-unterstuetzt-pferdeprojekt-2\/#primaryimage"},"thumbnailUrl":"https:\/\/lebenshilfe-dillenburg.de\/wp-content\/uploads\/spendenuebergabe-reittherapie-scheck-pony-stall.jpg","articleSection":["Meldungen"],"inLanguage":"de"},{"@type":"WebPage","@id":"https:\/\/lebenshilfe-dillenburg.de\/leicht\/stiftung-unterstuetzt-pferdeprojekt-2\/","url":"https:\/\/lebenshilfe-dillenburg.de\/leicht\/stiftung-unterstuetzt-pferdeprojekt-2\/","name":"Stiftung unterst\u00fctzt Pferdeprojekt - Lebenshilfe Dillenburg e.V.","isPartOf":{"@id":"https:\/\/lebenshilfe-dillenburg.de\/leicht\/#website"},"primaryImageOfPage":{"@id":"https:\/\/lebenshilfe-dillenburg.de\/leicht\/stiftung-unterstuetzt-pferdeprojekt-2\/#primaryimage"},"image":{"@id":"https:\/\/lebenshilfe-dillenburg.de\/leicht\/stiftung-unterstuetzt-pferdeprojekt-2\/#primaryimage"},"thumbnailUrl":"https:\/\/lebenshilfe-dillenburg.de\/wp-content\/uploads\/spendenuebergabe-reittherapie-scheck-pony-stall.jpg","datePublished":"2023-07-17T08:31:44+00:00","dateModified":"2026-01-30T11:09:40+00:00","breadcrumb":{"@id":"https:\/\/lebenshilfe-dillenburg.de\/leicht\/stiftung-unterstuetzt-pferdeprojekt-2\/#breadcrumb"},"inLanguage":"de","potentialAction":[{"@type":"ReadAction","target":["https:\/\/lebenshilfe-dillenburg.de\/leicht\/stiftung-unterstuetzt-pferdeprojekt-2\/"]}]},{"@type":"ImageObject","inLanguage":"de","@id":"https:\/\/lebenshilfe-dillenburg.de\/leicht\/stiftung-unterstuetzt-pferdeprojekt-2\/#primaryimage","url":"https:\/\/lebenshilfe-dillenburg.de\/wp-content\/uploads\/spendenuebergabe-reittherapie-scheck-pony-stall.jpg","contentUrl":"https:\/\/lebenshilfe-dillenburg.de\/wp-content\/uploads\/spendenuebergabe-reittherapie-scheck-pony-stall.jpg","width":1440,"height":1080,"caption":"Uwe Rompf (l.), Jochen M\u00fcller (3.v.l.) und Vincenz Heiliger (4.v.l.) \u00fcberreichen den Scheck an Dirk Botzon (2.v.l.), Michelle Duschek (2.v.r.) und Nicolette B\u00f6hm (r.). (Foto: Holtfoth)"},{"@type":"BreadcrumbList","@id":"https:\/\/lebenshilfe-dillenburg.de\/leicht\/stiftung-unterstuetzt-pferdeprojekt-2\/#breadcrumb","itemListElement":[{"@type":"ListItem","position":1,"name":"Startseite der Lebenshilfe Dillenburg","item":"https:\/\/lebenshilfe-dillenburg.de\/leicht\/"},{"@type":"ListItem","position":2,"name":"Stiftung unterst\u00fctzt Pferdeprojekt"}]},{"@type":"WebSite","@id":"https:\/\/lebenshilfe-dillenburg.de\/leicht\/#website","url":"https:\/\/lebenshilfe-dillenburg.de\/leicht\/","name":"Lebenshilfe Dillenburg \u2013 Teilhabe & Unterst\u00fctzung im Lahn-Dill-Kreis","description":"","publisher":{"@id":"https:\/\/lebenshilfe-dillenburg.de\/leicht\/#organization"},"potentialAction":[{"@type":"SearchAction","target":{"@type":"EntryPoint","urlTemplate":"https:\/\/lebenshilfe-dillenburg.de\/leicht\/?s={search_term_string}"},"query-input":{"@type":"PropertyValueSpecification","valueRequired":true,"valueName":"search_term_string"}}],"inLanguage":"de"},{"@type":"Organization","@id":"https:\/\/lebenshilfe-dillenburg.de\/leicht\/#organization","name":"Lebenshilfe Dillenburg e.V.","url":"https:\/\/lebenshilfe-dillenburg.de\/leicht\/","logo":{"@type":"ImageObject","inLanguage":"de","@id":"https:\/\/lebenshilfe-dillenburg.de\/leicht\/#\/schema\/logo\/image\/","url":"https:\/\/lebenshilfe-dillenburg.de\/wp-content\/uploads\/lebenshilfe-dillenburg-desktop.webp","contentUrl":"https:\/\/lebenshilfe-dillenburg.de\/wp-content\/uploads\/lebenshilfe-dillenburg-desktop.webp","width":461,"height":202,"caption":"Lebenshilfe Dillenburg e.V."},"image":{"@id":"https:\/\/lebenshilfe-dillenburg.de\/leicht\/#\/schema\/logo\/image\/"},"sameAs":["https:\/\/www.facebook.com\/lebenshilfedillenburg\/","https:\/\/www.instagram.com\/lebenshilfe_dillenburg\/"]},{"@type":"Person","@id":"https:\/\/lebenshilfe-dillenburg.de\/leicht\/#\/schema\/person\/b6c52dad8d881b49213c3345a7cd5efe","name":"Conny Holtfoth","sameAs":["http:\/\/lebenshilfe-dillenburg.de"],"url":"https:\/\/lebenshilfe-dillenburg.de\/leicht\/author\/conny\/"}]}},"taxonomy_info":{"category":[{"value":53,"label":"Meldungen"}]},"featured_image_src_large":["https:\/\/lebenshilfe-dillenburg.de\/wp-content\/uploads\/spendenuebergabe-reittherapie-scheck-pony-stall-1920x1440.jpg",1366,1025,true],"author_info":{"display_name":"Conny Holtfoth","author_link":"https:\/\/lebenshilfe-dillenburg.de\/leicht\/author\/conny\/"},"comment_info":0,"category_info":[{"term_id":53,"name":"Meldungen","slug":"meldungen","term_group":0,"term_taxonomy_id":53,"taxonomy":"category","description":"","parent":0,"count":127,"filter":"raw","term_order":"5","cat_ID":53,"category_count":127,"category_description":"","cat_name":"Meldungen","category_nicename":"meldungen","category_parent":0}],"tag_info":false,"_links":{"self":[{"href":"https:\/\/lebenshilfe-dillenburg.de\/leicht\/wp-json\/wp\/v2\/posts\/7338","targetHints":{"allow":["GET"]}}],"collection":[{"href":"https:\/\/lebenshilfe-dillenburg.de\/leicht\/wp-json\/wp\/v2\/posts"}],"about":[{"href":"https:\/\/lebenshilfe-dillenburg.de\/leicht\/wp-json\/wp\/v2\/types\/post"}],"author":[{"embeddable":true,"href":"https:\/\/lebenshilfe-dillenburg.de\/leicht\/wp-json\/wp\/v2\/users\/4"}],"replies":[{"embeddable":true,"href":"https:\/\/lebenshilfe-dillenburg.de\/leicht\/wp-json\/wp\/v2\/comments?post=7338"}],"version-history":[{"count":0,"href":"https:\/\/lebenshilfe-dillenburg.de\/leicht\/wp-json\/wp\/v2\/posts\/7338\/revisions"}],"wp:featuredmedia":[{"embeddable":true,"href":"https:\/\/lebenshilfe-dillenburg.de\/leicht\/wp-json\/wp\/v2\/media\/7368"}],"wp:attachment":[{"href":"https:\/\/lebenshilfe-dillenburg.de\/leicht\/wp-json\/wp\/v2\/media?parent=7338"}],"wp:term":[{"taxonomy":"category","embeddable":true,"href":"https:\/\/lebenshilfe-dillenburg.de\/leicht\/wp-json\/wp\/v2\/categories?post=7338"},{"taxonomy":"post_tag","embeddable":true,"href":"https:\/\/lebenshilfe-dillenburg.de\/leicht\/wp-json\/wp\/v2\/tags?post=7338"}],"curies":[{"name":"wp","href":"https:\/\/api.w.org\/{rel}","templated":true}]}}