{"id":7339,"date":"2023-07-17T15:58:02","date_gmt":"2023-07-17T13:58:02","guid":{"rendered":"https:\/\/www.lebenshilfe-dillenburg.de\/?p=4230"},"modified":"2026-01-30T12:09:40","modified_gmt":"2026-01-30T11:09:40","slug":"die-menschen-hier-sind-so-echt","status":"publish","type":"post","link":"https:\/\/lebenshilfe-dillenburg.de\/leicht\/die-menschen-hier-sind-so-echt\/","title":{"rendered":"&#8222;Die Menschen hier sind so echt&#8220;"},"content":{"rendered":"<p>Sieben Sch\u00fclerinnen und zwei Sch\u00fcler der Sozialassistenz-Unterstufe der Gewerblichen Schulen Dillenburg haben drei Vormittage lang in den Lebenshilfe-Wohnh\u00e4usern in Manderbach und Niederscheld hospitiert.<!--more--><\/p>\n<p>\u201eDas ist Ella.\u201c Stolz pr\u00e4sentiert Bewohnerin Christel ihren Pl\u00fcschhund. Und zeigt bereitwillig den G\u00e4sten ihr Zimmer. Ihr Zuhause. Die Sch\u00fclerinnen und Sch\u00fcler tauchen ein in die Lebenswelt der Rentnerinnen und Rentner, die in der Tagesstruktur der Wohnh\u00e4user begleitet werden. Gemeinsames Spielen, gemeinsames Singen, gemeinsames Bewegen, gemeinsame Mahlzeiten \u2013 f\u00fcr alle eine neue Erfahrung. F\u00fcr manche auch eine, die anfangs mit Besorgnis behaftet war. \u201eEin bisschen Bedenken habe ich schon vor den Begegnungen\u201c, gestand etwa eine Sch\u00fclerin zu Beginn.<\/p>\n<p>Doch anf\u00e4ngliche Ber\u00fchrungs\u00e4ngste nahmen bei den vielen offenen und freundlichen Begegnungen schnell ab. Sich kennenlernen, austauschen und eine Beziehung zueinander aufbauen \u2013 darum ging es. \u201eDenn ein wesentlicher Teil unserer Arbeit ist Beziehung\u201c, erkl\u00e4rte Wohnhausleitung Martina Thielmann.<\/p>\n<p>\u201eDie Menschen hier sind so echt. Wir haben uns sehr willkommen und wertgesch\u00e4tzt gef\u00fchlt.\u201c So das einstimmige Urteil nach drei Tagen. \u201eAuch waren die Sch\u00fclerinnen und Sch\u00fcler beeindruckt davon, wie sehr sich die Bewohnerinnen und Bewohner \u00fcber die kleinen Dinge im Leben freuen k\u00f6nnen\u201c, f\u00fcgte Lehrkraft Michaela K\u00f6lsch hinzu. Auch seien die Hospitationstage f\u00fcr die berufliche Orientierung sehr wertvoll gewesen. Eine m\u00f6gliche Fortsetzung der Kooperation im kommenden Jahr ist bereits in Planung.<\/p>\n\n","protected":false},"excerpt":{"rendered":"<p>Sieben Sch\u00fclerinnen und zwei Sch\u00fcler der Sozialassistenz-Unterstufe der Gewerblichen Schulen Dillenburg haben drei Vormittage lang in den Lebenshilfe-Wohnh\u00e4usern in Manderbach und Niederscheld hospitiert.<\/p>\n","protected":false},"author":4,"featured_media":7374,"comment_status":"closed","ping_status":"closed","sticky":false,"template":"","format":"standard","meta":{"_acf_changed":false,"_gspb_post_css":"","_kad_blocks_custom_css":"","_kad_blocks_head_custom_js":"","_kad_blocks_body_custom_js":"","_kad_blocks_footer_custom_js":"","_kad_post_transparent":"","_kad_post_title":"","_kad_post_layout":"","_kad_post_sidebar_id":"","_kad_post_content_style":"","_kad_post_vertical_padding":"","_kad_post_feature":"","_kad_post_feature_position":"","_kad_post_header":false,"_kad_post_footer":false,"_kad_post_classname":"","footnotes":""},"categories":[52,53],"tags":[],"class_list":["post-7339","post","type-post","status-publish","format-standard","has-post-thumbnail","hentry","category-aktuelles","category-meldungen"],"acf":[],"yoast_head":"<!-- This site is optimized with the Yoast SEO plugin v27.5 - https:\/\/yoast.com\/product\/yoast-seo-wordpress\/ -->\n<title>&quot;Die Menschen hier sind so echt&quot; - Lebenshilfe Dillenburg e.V.<\/title>\n<meta name=\"robots\" content=\"index, follow, max-snippet:-1, max-image-preview:large, max-video-preview:-1\" \/>\n<link rel=\"canonical\" href=\"https:\/\/lebenshilfe-dillenburg.de\/leicht\/die-menschen-hier-sind-so-echt\/\" \/>\n<meta property=\"og:locale\" content=\"de_DE\" \/>\n<meta property=\"og:type\" content=\"article\" \/>\n<meta property=\"og:title\" content=\"&quot;Die Menschen hier sind so echt&quot; - Lebenshilfe Dillenburg e.V.\" \/>\n<meta property=\"og:description\" content=\"Sieben Sch\u00fclerinnen und zwei Sch\u00fcler der Sozialassistenz-Unterstufe der Gewerblichen Schulen Dillenburg haben drei Vormittage lang in den Lebenshilfe-Wohnh\u00e4usern in Manderbach und Niederscheld hospitiert.\" \/>\n<meta property=\"og:url\" content=\"https:\/\/lebenshilfe-dillenburg.de\/leicht\/die-menschen-hier-sind-so-echt\/\" \/>\n<meta property=\"og:site_name\" content=\"Lebenshilfe Dillenburg e.V.\" \/>\n<meta property=\"article:publisher\" content=\"https:\/\/www.facebook.com\/lebenshilfedillenburg\/\" \/>\n<meta property=\"article:published_time\" content=\"2023-07-17T13:58:02+00:00\" \/>\n<meta property=\"article:modified_time\" content=\"2026-01-30T11:09:40+00:00\" \/>\n<meta property=\"og:image\" content=\"https:\/\/lebenshilfe-dillenburg.de\/wp-content\/uploads\/die-menschen-hier-sind-so-echt-img-0696-scaled-2.jpg\" \/>\n\t<meta property=\"og:image:width\" content=\"2560\" \/>\n\t<meta property=\"og:image:height\" content=\"1920\" \/>\n\t<meta property=\"og:image:type\" content=\"image\/jpeg\" \/>\n<meta name=\"author\" content=\"Conny Holtfoth\" \/>\n<meta name=\"twitter:card\" content=\"summary_large_image\" \/>\n<meta name=\"twitter:label1\" content=\"Geschrieben von\" \/>\n\t<meta name=\"twitter:data1\" content=\"Conny Holtfoth\" \/>\n\t<meta name=\"twitter:label2\" content=\"Gesch\u00e4tzte Lesezeit\" \/>\n\t<meta name=\"twitter:data2\" content=\"1\u00a0Minute\" \/>\n<script type=\"application\/ld+json\" class=\"yoast-schema-graph\">{\"@context\":\"https:\\\/\\\/schema.org\",\"@graph\":[{\"@type\":\"Article\",\"@id\":\"https:\\\/\\\/lebenshilfe-dillenburg.de\\\/leicht\\\/die-menschen-hier-sind-so-echt\\\/#article\",\"isPartOf\":{\"@id\":\"https:\\\/\\\/lebenshilfe-dillenburg.de\\\/leicht\\\/die-menschen-hier-sind-so-echt\\\/\"},\"author\":{\"name\":\"Conny Holtfoth\",\"@id\":\"https:\\\/\\\/lebenshilfe-dillenburg.de\\\/leicht\\\/#\\\/schema\\\/person\\\/b6c52dad8d881b49213c3345a7cd5efe\"},\"headline\":\"&#8222;Die Menschen hier sind so echt&#8220;\",\"datePublished\":\"2023-07-17T13:58:02+00:00\",\"dateModified\":\"2026-01-30T11:09:40+00:00\",\"mainEntityOfPage\":{\"@id\":\"https:\\\/\\\/lebenshilfe-dillenburg.de\\\/leicht\\\/die-menschen-hier-sind-so-echt\\\/\"},\"wordCount\":241,\"publisher\":{\"@id\":\"https:\\\/\\\/lebenshilfe-dillenburg.de\\\/leicht\\\/#organization\"},\"image\":{\"@id\":\"https:\\\/\\\/lebenshilfe-dillenburg.de\\\/leicht\\\/die-menschen-hier-sind-so-echt\\\/#primaryimage\"},\"thumbnailUrl\":\"https:\\\/\\\/lebenshilfe-dillenburg.de\\\/wp-content\\\/uploads\\\/marlene-schleidt-im-eigenen-zimmer.jpg\",\"articleSection\":[\"Aktuelles\",\"Meldungen\"],\"inLanguage\":\"de\"},{\"@type\":\"WebPage\",\"@id\":\"https:\\\/\\\/lebenshilfe-dillenburg.de\\\/leicht\\\/die-menschen-hier-sind-so-echt\\\/\",\"url\":\"https:\\\/\\\/lebenshilfe-dillenburg.de\\\/leicht\\\/die-menschen-hier-sind-so-echt\\\/\",\"name\":\"\\\"Die Menschen hier sind so echt\\\" - Lebenshilfe Dillenburg e.V.\",\"isPartOf\":{\"@id\":\"https:\\\/\\\/lebenshilfe-dillenburg.de\\\/leicht\\\/#website\"},\"primaryImageOfPage\":{\"@id\":\"https:\\\/\\\/lebenshilfe-dillenburg.de\\\/leicht\\\/die-menschen-hier-sind-so-echt\\\/#primaryimage\"},\"image\":{\"@id\":\"https:\\\/\\\/lebenshilfe-dillenburg.de\\\/leicht\\\/die-menschen-hier-sind-so-echt\\\/#primaryimage\"},\"thumbnailUrl\":\"https:\\\/\\\/lebenshilfe-dillenburg.de\\\/wp-content\\\/uploads\\\/marlene-schleidt-im-eigenen-zimmer.jpg\",\"datePublished\":\"2023-07-17T13:58:02+00:00\",\"dateModified\":\"2026-01-30T11:09:40+00:00\",\"breadcrumb\":{\"@id\":\"https:\\\/\\\/lebenshilfe-dillenburg.de\\\/leicht\\\/die-menschen-hier-sind-so-echt\\\/#breadcrumb\"},\"inLanguage\":\"de\",\"potentialAction\":[{\"@type\":\"ReadAction\",\"target\":[\"https:\\\/\\\/lebenshilfe-dillenburg.de\\\/leicht\\\/die-menschen-hier-sind-so-echt\\\/\"]}]},{\"@type\":\"ImageObject\",\"inLanguage\":\"de\",\"@id\":\"https:\\\/\\\/lebenshilfe-dillenburg.de\\\/leicht\\\/die-menschen-hier-sind-so-echt\\\/#primaryimage\",\"url\":\"https:\\\/\\\/lebenshilfe-dillenburg.de\\\/wp-content\\\/uploads\\\/marlene-schleidt-im-eigenen-zimmer.jpg\",\"contentUrl\":\"https:\\\/\\\/lebenshilfe-dillenburg.de\\\/wp-content\\\/uploads\\\/marlene-schleidt-im-eigenen-zimmer.jpg\",\"width\":1440,\"height\":1080,\"caption\":\"Stolz zeigt Marlene Schleidt dem Besuch ihr eigenes Zimmer. (Foto: Holtfoth)\"},{\"@type\":\"BreadcrumbList\",\"@id\":\"https:\\\/\\\/lebenshilfe-dillenburg.de\\\/leicht\\\/die-menschen-hier-sind-so-echt\\\/#breadcrumb\",\"itemListElement\":[{\"@type\":\"ListItem\",\"position\":1,\"name\":\"Startseite der Lebenshilfe Dillenburg\",\"item\":\"https:\\\/\\\/lebenshilfe-dillenburg.de\\\/leicht\\\/\"},{\"@type\":\"ListItem\",\"position\":2,\"name\":\"&#8222;Die Menschen hier sind so echt&#8220;\"}]},{\"@type\":\"WebSite\",\"@id\":\"https:\\\/\\\/lebenshilfe-dillenburg.de\\\/leicht\\\/#website\",\"url\":\"https:\\\/\\\/lebenshilfe-dillenburg.de\\\/leicht\\\/\",\"name\":\"Lebenshilfe Dillenburg \u2013 Teilhabe & Unterst\u00fctzung im Lahn-Dill-Kreis\",\"description\":\"\",\"publisher\":{\"@id\":\"https:\\\/\\\/lebenshilfe-dillenburg.de\\\/leicht\\\/#organization\"},\"potentialAction\":[{\"@type\":\"SearchAction\",\"target\":{\"@type\":\"EntryPoint\",\"urlTemplate\":\"https:\\\/\\\/lebenshilfe-dillenburg.de\\\/leicht\\\/?s={search_term_string}\"},\"query-input\":{\"@type\":\"PropertyValueSpecification\",\"valueRequired\":true,\"valueName\":\"search_term_string\"}}],\"inLanguage\":\"de\"},{\"@type\":\"Organization\",\"@id\":\"https:\\\/\\\/lebenshilfe-dillenburg.de\\\/leicht\\\/#organization\",\"name\":\"Lebenshilfe Dillenburg e.V.\",\"url\":\"https:\\\/\\\/lebenshilfe-dillenburg.de\\\/leicht\\\/\",\"logo\":{\"@type\":\"ImageObject\",\"inLanguage\":\"de\",\"@id\":\"https:\\\/\\\/lebenshilfe-dillenburg.de\\\/leicht\\\/#\\\/schema\\\/logo\\\/image\\\/\",\"url\":\"https:\\\/\\\/lebenshilfe-dillenburg.de\\\/wp-content\\\/uploads\\\/lebenshilfe-dillenburg-desktop.webp\",\"contentUrl\":\"https:\\\/\\\/lebenshilfe-dillenburg.de\\\/wp-content\\\/uploads\\\/lebenshilfe-dillenburg-desktop.webp\",\"width\":461,\"height\":202,\"caption\":\"Lebenshilfe Dillenburg e.V.\"},\"image\":{\"@id\":\"https:\\\/\\\/lebenshilfe-dillenburg.de\\\/leicht\\\/#\\\/schema\\\/logo\\\/image\\\/\"},\"sameAs\":[\"https:\\\/\\\/www.facebook.com\\\/lebenshilfedillenburg\\\/\",\"https:\\\/\\\/www.instagram.com\\\/lebenshilfe_dillenburg\\\/\"]},{\"@type\":\"Person\",\"@id\":\"https:\\\/\\\/lebenshilfe-dillenburg.de\\\/leicht\\\/#\\\/schema\\\/person\\\/b6c52dad8d881b49213c3345a7cd5efe\",\"name\":\"Conny Holtfoth\",\"sameAs\":[\"http:\\\/\\\/lebenshilfe-dillenburg.de\"],\"url\":\"https:\\\/\\\/lebenshilfe-dillenburg.de\\\/leicht\\\/author\\\/conny\\\/\"}]}<\/script>\n<!-- \/ Yoast SEO plugin. -->","yoast_head_json":{"title":"\"Die Menschen hier sind so echt\" - Lebenshilfe Dillenburg e.V.","robots":{"index":"index","follow":"follow","max-snippet":"max-snippet:-1","max-image-preview":"max-image-preview:large","max-video-preview":"max-video-preview:-1"},"canonical":"https:\/\/lebenshilfe-dillenburg.de\/leicht\/die-menschen-hier-sind-so-echt\/","og_locale":"de_DE","og_type":"article","og_title":"\"Die Menschen hier sind so echt\" - Lebenshilfe Dillenburg e.V.","og_description":"Sieben Sch\u00fclerinnen und zwei Sch\u00fcler der Sozialassistenz-Unterstufe der Gewerblichen Schulen Dillenburg haben drei Vormittage lang in den Lebenshilfe-Wohnh\u00e4usern in Manderbach und Niederscheld hospitiert.","og_url":"https:\/\/lebenshilfe-dillenburg.de\/leicht\/die-menschen-hier-sind-so-echt\/","og_site_name":"Lebenshilfe Dillenburg e.V.","article_publisher":"https:\/\/www.facebook.com\/lebenshilfedillenburg\/","article_published_time":"2023-07-17T13:58:02+00:00","article_modified_time":"2026-01-30T11:09:40+00:00","og_image":[{"width":2560,"height":1920,"url":"https:\/\/lebenshilfe-dillenburg.de\/wp-content\/uploads\/die-menschen-hier-sind-so-echt-img-0696-scaled-2.jpg","type":"image\/jpeg"}],"author":"Conny Holtfoth","twitter_card":"summary_large_image","twitter_misc":{"Geschrieben von":"Conny Holtfoth","Gesch\u00e4tzte Lesezeit":"1\u00a0Minute"},"schema":{"@context":"https:\/\/schema.org","@graph":[{"@type":"Article","@id":"https:\/\/lebenshilfe-dillenburg.de\/leicht\/die-menschen-hier-sind-so-echt\/#article","isPartOf":{"@id":"https:\/\/lebenshilfe-dillenburg.de\/leicht\/die-menschen-hier-sind-so-echt\/"},"author":{"name":"Conny Holtfoth","@id":"https:\/\/lebenshilfe-dillenburg.de\/leicht\/#\/schema\/person\/b6c52dad8d881b49213c3345a7cd5efe"},"headline":"&#8222;Die Menschen hier sind so echt&#8220;","datePublished":"2023-07-17T13:58:02+00:00","dateModified":"2026-01-30T11:09:40+00:00","mainEntityOfPage":{"@id":"https:\/\/lebenshilfe-dillenburg.de\/leicht\/die-menschen-hier-sind-so-echt\/"},"wordCount":241,"publisher":{"@id":"https:\/\/lebenshilfe-dillenburg.de\/leicht\/#organization"},"image":{"@id":"https:\/\/lebenshilfe-dillenburg.de\/leicht\/die-menschen-hier-sind-so-echt\/#primaryimage"},"thumbnailUrl":"https:\/\/lebenshilfe-dillenburg.de\/wp-content\/uploads\/marlene-schleidt-im-eigenen-zimmer.jpg","articleSection":["Aktuelles","Meldungen"],"inLanguage":"de"},{"@type":"WebPage","@id":"https:\/\/lebenshilfe-dillenburg.de\/leicht\/die-menschen-hier-sind-so-echt\/","url":"https:\/\/lebenshilfe-dillenburg.de\/leicht\/die-menschen-hier-sind-so-echt\/","name":"\"Die Menschen hier sind so echt\" - Lebenshilfe Dillenburg e.V.","isPartOf":{"@id":"https:\/\/lebenshilfe-dillenburg.de\/leicht\/#website"},"primaryImageOfPage":{"@id":"https:\/\/lebenshilfe-dillenburg.de\/leicht\/die-menschen-hier-sind-so-echt\/#primaryimage"},"image":{"@id":"https:\/\/lebenshilfe-dillenburg.de\/leicht\/die-menschen-hier-sind-so-echt\/#primaryimage"},"thumbnailUrl":"https:\/\/lebenshilfe-dillenburg.de\/wp-content\/uploads\/marlene-schleidt-im-eigenen-zimmer.jpg","datePublished":"2023-07-17T13:58:02+00:00","dateModified":"2026-01-30T11:09:40+00:00","breadcrumb":{"@id":"https:\/\/lebenshilfe-dillenburg.de\/leicht\/die-menschen-hier-sind-so-echt\/#breadcrumb"},"inLanguage":"de","potentialAction":[{"@type":"ReadAction","target":["https:\/\/lebenshilfe-dillenburg.de\/leicht\/die-menschen-hier-sind-so-echt\/"]}]},{"@type":"ImageObject","inLanguage":"de","@id":"https:\/\/lebenshilfe-dillenburg.de\/leicht\/die-menschen-hier-sind-so-echt\/#primaryimage","url":"https:\/\/lebenshilfe-dillenburg.de\/wp-content\/uploads\/marlene-schleidt-im-eigenen-zimmer.jpg","contentUrl":"https:\/\/lebenshilfe-dillenburg.de\/wp-content\/uploads\/marlene-schleidt-im-eigenen-zimmer.jpg","width":1440,"height":1080,"caption":"Stolz zeigt Marlene Schleidt dem Besuch ihr eigenes Zimmer. (Foto: Holtfoth)"},{"@type":"BreadcrumbList","@id":"https:\/\/lebenshilfe-dillenburg.de\/leicht\/die-menschen-hier-sind-so-echt\/#breadcrumb","itemListElement":[{"@type":"ListItem","position":1,"name":"Startseite der Lebenshilfe Dillenburg","item":"https:\/\/lebenshilfe-dillenburg.de\/leicht\/"},{"@type":"ListItem","position":2,"name":"&#8222;Die Menschen hier sind so echt&#8220;"}]},{"@type":"WebSite","@id":"https:\/\/lebenshilfe-dillenburg.de\/leicht\/#website","url":"https:\/\/lebenshilfe-dillenburg.de\/leicht\/","name":"Lebenshilfe Dillenburg \u2013 Teilhabe & Unterst\u00fctzung im Lahn-Dill-Kreis","description":"","publisher":{"@id":"https:\/\/lebenshilfe-dillenburg.de\/leicht\/#organization"},"potentialAction":[{"@type":"SearchAction","target":{"@type":"EntryPoint","urlTemplate":"https:\/\/lebenshilfe-dillenburg.de\/leicht\/?s={search_term_string}"},"query-input":{"@type":"PropertyValueSpecification","valueRequired":true,"valueName":"search_term_string"}}],"inLanguage":"de"},{"@type":"Organization","@id":"https:\/\/lebenshilfe-dillenburg.de\/leicht\/#organization","name":"Lebenshilfe Dillenburg e.V.","url":"https:\/\/lebenshilfe-dillenburg.de\/leicht\/","logo":{"@type":"ImageObject","inLanguage":"de","@id":"https:\/\/lebenshilfe-dillenburg.de\/leicht\/#\/schema\/logo\/image\/","url":"https:\/\/lebenshilfe-dillenburg.de\/wp-content\/uploads\/lebenshilfe-dillenburg-desktop.webp","contentUrl":"https:\/\/lebenshilfe-dillenburg.de\/wp-content\/uploads\/lebenshilfe-dillenburg-desktop.webp","width":461,"height":202,"caption":"Lebenshilfe Dillenburg e.V."},"image":{"@id":"https:\/\/lebenshilfe-dillenburg.de\/leicht\/#\/schema\/logo\/image\/"},"sameAs":["https:\/\/www.facebook.com\/lebenshilfedillenburg\/","https:\/\/www.instagram.com\/lebenshilfe_dillenburg\/"]},{"@type":"Person","@id":"https:\/\/lebenshilfe-dillenburg.de\/leicht\/#\/schema\/person\/b6c52dad8d881b49213c3345a7cd5efe","name":"Conny Holtfoth","sameAs":["http:\/\/lebenshilfe-dillenburg.de"],"url":"https:\/\/lebenshilfe-dillenburg.de\/leicht\/author\/conny\/"}]}},"taxonomy_info":{"category":[{"value":52,"label":"Aktuelles"},{"value":53,"label":"Meldungen"}]},"featured_image_src_large":["https:\/\/lebenshilfe-dillenburg.de\/wp-content\/uploads\/marlene-schleidt-im-eigenen-zimmer-1920x1440.jpg",1366,1025,true],"author_info":{"display_name":"Conny Holtfoth","author_link":"https:\/\/lebenshilfe-dillenburg.de\/leicht\/author\/conny\/"},"comment_info":0,"category_info":[{"term_id":52,"name":"Aktuelles","slug":"aktuelles","term_group":0,"term_taxonomy_id":52,"taxonomy":"category","description":"","parent":0,"count":22,"filter":"raw","term_order":"4","cat_ID":52,"category_count":22,"category_description":"","cat_name":"Aktuelles","category_nicename":"aktuelles","category_parent":0},{"term_id":53,"name":"Meldungen","slug":"meldungen","term_group":0,"term_taxonomy_id":53,"taxonomy":"category","description":"","parent":0,"count":127,"filter":"raw","term_order":"5","cat_ID":53,"category_count":127,"category_description":"","cat_name":"Meldungen","category_nicename":"meldungen","category_parent":0}],"tag_info":false,"_links":{"self":[{"href":"https:\/\/lebenshilfe-dillenburg.de\/leicht\/wp-json\/wp\/v2\/posts\/7339","targetHints":{"allow":["GET"]}}],"collection":[{"href":"https:\/\/lebenshilfe-dillenburg.de\/leicht\/wp-json\/wp\/v2\/posts"}],"about":[{"href":"https:\/\/lebenshilfe-dillenburg.de\/leicht\/wp-json\/wp\/v2\/types\/post"}],"author":[{"embeddable":true,"href":"https:\/\/lebenshilfe-dillenburg.de\/leicht\/wp-json\/wp\/v2\/users\/4"}],"replies":[{"embeddable":true,"href":"https:\/\/lebenshilfe-dillenburg.de\/leicht\/wp-json\/wp\/v2\/comments?post=7339"}],"version-history":[{"count":0,"href":"https:\/\/lebenshilfe-dillenburg.de\/leicht\/wp-json\/wp\/v2\/posts\/7339\/revisions"}],"wp:featuredmedia":[{"embeddable":true,"href":"https:\/\/lebenshilfe-dillenburg.de\/leicht\/wp-json\/wp\/v2\/media\/7374"}],"wp:attachment":[{"href":"https:\/\/lebenshilfe-dillenburg.de\/leicht\/wp-json\/wp\/v2\/media?parent=7339"}],"wp:term":[{"taxonomy":"category","embeddable":true,"href":"https:\/\/lebenshilfe-dillenburg.de\/leicht\/wp-json\/wp\/v2\/categories?post=7339"},{"taxonomy":"post_tag","embeddable":true,"href":"https:\/\/lebenshilfe-dillenburg.de\/leicht\/wp-json\/wp\/v2\/tags?post=7339"}],"curies":[{"name":"wp","href":"https:\/\/api.w.org\/{rel}","templated":true}]}}