{"id":7346,"date":"2023-08-30T09:15:52","date_gmt":"2023-08-30T07:15:52","guid":{"rendered":"https:\/\/www.lebenshilfe-dillenburg.de\/?p=4260"},"modified":"2026-01-30T12:09:40","modified_gmt":"2026-01-30T11:09:40","slug":"sommerfest-lockt-1000-besucher","status":"publish","type":"post","link":"https:\/\/lebenshilfe-dillenburg.de\/leicht\/sommerfest-lockt-1000-besucher\/","title":{"rendered":"Sommerfest lockt 1000 Besucher"},"content":{"rendered":"<p>Wettergl\u00fcck, mitrei\u00dfende Live-Musik, gutes Essen und tolle Stimmung: Das Sommerfest der Lebenshilfe Dillenburg hat am Freitagabend rund 1000 Besucher auf das Gel\u00e4nde des hessischen Landgest\u00fcts gelockt.<!--more--><\/p>\n<figure id=\"attachment_4263\" aria-describedby=\"caption-attachment-4263\" style=\"width: 336px\" class=\"wp-caption alignright\"><a href=\"https:\/\/lebenshilfe-dillenburg.de\/wp-content\/uploads\/live-band-open-air-konzert-buehne.jpg\"><img loading=\"lazy\" decoding=\"async\" class=\" wp-image-4263\" src=\"https:\/\/lebenshilfe-dillenburg.de\/wp-content\/uploads\/2023\/08\/sommerfest-lockt-1000-besucher-img-3019-600x450.jpg\" alt=\"\" width=\"336\" height=\"252\" \/><\/a><figcaption id=\"caption-attachment-4263\" class=\"wp-caption-text\">Ladykiller<\/figcaption><\/figure>\n<p>P\u00fcnktlich zu Beginn des Festes um 19 Uhr verzogen sich die Regenwolken \u2013 und die G\u00e4ste kamen. Den musikalischen Auftakt machte die Band \u201eLadykiller\u201c. Die f\u00fcnfk\u00f6pfige Band um S\u00e4nger Mario Otterbach sorgte mit den bekanntesten Hits von Marius M\u00fcller-Westernhagen f\u00fcr einen gelungenen Start in den Abend. Ebenfalls eigene Interpretationen bekannter Songs boten im Anschluss die sechs Bandmitglieder von \u201eSoulMash\u201c. Beispielsweise erklangen Titel von Joe Cocker oder a-ha in einem ganz neuen Sound.<\/p>\n<figure id=\"attachment_4262\" aria-describedby=\"caption-attachment-4262\" style=\"width: 345px\" class=\"wp-caption alignleft\"><a href=\"https:\/\/lebenshilfe-dillenburg.de\/wp-content\/uploads\/soulmash-band-live-auf-der-buehne.jpg\"><img loading=\"lazy\" decoding=\"async\" class=\" wp-image-4262\" src=\"https:\/\/lebenshilfe-dillenburg.de\/wp-content\/uploads\/2023\/08\/sommerfest-lockt-1000-besucher-img-3056-600x450.jpg\" alt=\"\" width=\"345\" height=\"259\" \/><\/a><figcaption id=\"caption-attachment-4262\" class=\"wp-caption-text\">SoulMash<\/figcaption><\/figure>\n<p>\u201eI Love Rock\u2019n\u2019Roll\u201c, \u201eTeenage Dirtbag\u201c, \u201eLike The Way I Do\u201c \u2013 Rock und Pop vom Feinsten spielte die Coverband EVE als Hauptact des Abends. Die sechsk\u00f6pfige Band brachte das Publikum in Bewegung. Zu \u201e500 Miles\u201c mischte sich auch Bandmitglied und Keyboarder Peter Siegel selbst unters Volk und f\u00fchrte eine Polonaise \u00fcber das Gel\u00e4nde an.<\/p>\n<p>\u201eSch\u00f6n, wieder hier zu sein.\u201c \u201ePartys bei der Lebenshilfe machen immer wieder Spa\u00df. Die Menschen mit Behinderung stecken mit ihrer guten Laune einfach an.\u201c S\u00e4tze wie diese fielen im Laufe des Abends immer wieder. Das n\u00e4chste Sommerfest f\u00e4llt auf einen besonderen Geburtstag: 2025 feiert die Lebenshilfe Dillenburg ihr 60-j\u00e4hriges Bestehen.<\/p>\n<p>Finanziell m\u00f6glich gemacht wurde die Veranstaltung unter anderem durch Spenden regionaler Unternehmen. \u201eWir bedanken uns bei allen Unterst\u00fctzern und freuen uns, dass wir nach langer Zeit wieder gemeinsam mit unseren G\u00e4sten ein inklusives Fest in dieser Gr\u00f6\u00dfenordnung feiern konnten. Es war eine rundum gelungene Veranstaltung\u201c, zeigte sich Lebenshilfe-Vorstand Dirk Botzon sichtlich zufrieden.<\/p>\n","protected":false},"excerpt":{"rendered":"<p>Wettergl\u00fcck, mitrei\u00dfende Live-Musik, gutes Essen und tolle Stimmung: Das Sommerfest der Lebenshilfe Dillenburg hat am Freitagabend rund 1000 Besucher auf das Gel\u00e4nde des hessischen Landgest\u00fcts gelockt.<\/p>\n","protected":false},"author":4,"featured_media":7377,"comment_status":"closed","ping_status":"closed","sticky":false,"template":"","format":"standard","meta":{"_acf_changed":false,"_gspb_post_css":"","_kad_blocks_custom_css":"","_kad_blocks_head_custom_js":"","_kad_blocks_body_custom_js":"","_kad_blocks_footer_custom_js":"","_kad_post_transparent":"","_kad_post_title":"","_kad_post_layout":"","_kad_post_sidebar_id":"","_kad_post_content_style":"","_kad_post_vertical_padding":"","_kad_post_feature":"","_kad_post_feature_position":"","_kad_post_header":false,"_kad_post_footer":false,"_kad_post_classname":"","footnotes":""},"categories":[53],"tags":[],"class_list":["post-7346","post","type-post","status-publish","format-standard","has-post-thumbnail","hentry","category-meldungen"],"acf":[],"yoast_head":"<!-- This site is optimized with the Yoast SEO plugin v27.5 - https:\/\/yoast.com\/product\/yoast-seo-wordpress\/ -->\n<title>Sommerfest lockt 1000 Besucher - Lebenshilfe Dillenburg e.V.<\/title>\n<meta name=\"robots\" content=\"index, follow, max-snippet:-1, max-image-preview:large, max-video-preview:-1\" \/>\n<link rel=\"canonical\" href=\"https:\/\/lebenshilfe-dillenburg.de\/leicht\/sommerfest-lockt-1000-besucher\/\" \/>\n<meta property=\"og:locale\" content=\"de_DE\" \/>\n<meta property=\"og:type\" content=\"article\" \/>\n<meta property=\"og:title\" content=\"Sommerfest lockt 1000 Besucher - Lebenshilfe Dillenburg e.V.\" \/>\n<meta property=\"og:description\" content=\"Wettergl\u00fcck, mitrei\u00dfende Live-Musik, gutes Essen und tolle Stimmung: Das Sommerfest der Lebenshilfe Dillenburg hat am Freitagabend rund 1000 Besucher auf das Gel\u00e4nde des hessischen Landgest\u00fcts gelockt.\" \/>\n<meta property=\"og:url\" content=\"https:\/\/lebenshilfe-dillenburg.de\/leicht\/sommerfest-lockt-1000-besucher\/\" \/>\n<meta property=\"og:site_name\" content=\"Lebenshilfe Dillenburg e.V.\" \/>\n<meta property=\"article:publisher\" content=\"https:\/\/www.facebook.com\/lebenshilfedillenburg\/\" \/>\n<meta property=\"article:published_time\" content=\"2023-08-30T07:15:52+00:00\" \/>\n<meta property=\"article:modified_time\" content=\"2026-01-30T11:09:40+00:00\" \/>\n<meta property=\"og:image\" content=\"https:\/\/lebenshilfe-dillenburg.de\/wp-content\/uploads\/sommerfest-lockt-1000-besucher-img-3082-scaled-2.jpg\" \/>\n\t<meta property=\"og:image:width\" content=\"2560\" \/>\n\t<meta property=\"og:image:height\" content=\"1920\" \/>\n\t<meta property=\"og:image:type\" content=\"image\/jpeg\" \/>\n<meta name=\"author\" content=\"Conny Holtfoth\" \/>\n<meta name=\"twitter:card\" content=\"summary_large_image\" \/>\n<meta name=\"twitter:label1\" content=\"Geschrieben von\" \/>\n\t<meta name=\"twitter:data1\" content=\"Conny Holtfoth\" \/>\n\t<meta name=\"twitter:label2\" content=\"Gesch\u00e4tzte Lesezeit\" \/>\n\t<meta name=\"twitter:data2\" content=\"1\u00a0Minute\" \/>\n<script type=\"application\/ld+json\" class=\"yoast-schema-graph\">{\"@context\":\"https:\\\/\\\/schema.org\",\"@graph\":[{\"@type\":\"Article\",\"@id\":\"https:\\\/\\\/lebenshilfe-dillenburg.de\\\/leicht\\\/sommerfest-lockt-1000-besucher\\\/#article\",\"isPartOf\":{\"@id\":\"https:\\\/\\\/lebenshilfe-dillenburg.de\\\/leicht\\\/sommerfest-lockt-1000-besucher\\\/\"},\"author\":{\"name\":\"Conny Holtfoth\",\"@id\":\"https:\\\/\\\/lebenshilfe-dillenburg.de\\\/leicht\\\/#\\\/schema\\\/person\\\/b6c52dad8d881b49213c3345a7cd5efe\"},\"headline\":\"Sommerfest lockt 1000 Besucher\",\"datePublished\":\"2023-08-30T07:15:52+00:00\",\"dateModified\":\"2026-01-30T11:09:40+00:00\",\"mainEntityOfPage\":{\"@id\":\"https:\\\/\\\/lebenshilfe-dillenburg.de\\\/leicht\\\/sommerfest-lockt-1000-besucher\\\/\"},\"wordCount\":292,\"publisher\":{\"@id\":\"https:\\\/\\\/lebenshilfe-dillenburg.de\\\/leicht\\\/#organization\"},\"image\":{\"@id\":\"https:\\\/\\\/lebenshilfe-dillenburg.de\\\/leicht\\\/sommerfest-lockt-1000-besucher\\\/#primaryimage\"},\"thumbnailUrl\":\"https:\\\/\\\/lebenshilfe-dillenburg.de\\\/wp-content\\\/uploads\\\/live-band-auftritt-buehnenenergie.jpg\",\"articleSection\":[\"Meldungen\"],\"inLanguage\":\"de\"},{\"@type\":\"WebPage\",\"@id\":\"https:\\\/\\\/lebenshilfe-dillenburg.de\\\/leicht\\\/sommerfest-lockt-1000-besucher\\\/\",\"url\":\"https:\\\/\\\/lebenshilfe-dillenburg.de\\\/leicht\\\/sommerfest-lockt-1000-besucher\\\/\",\"name\":\"Sommerfest lockt 1000 Besucher - Lebenshilfe Dillenburg e.V.\",\"isPartOf\":{\"@id\":\"https:\\\/\\\/lebenshilfe-dillenburg.de\\\/leicht\\\/#website\"},\"primaryImageOfPage\":{\"@id\":\"https:\\\/\\\/lebenshilfe-dillenburg.de\\\/leicht\\\/sommerfest-lockt-1000-besucher\\\/#primaryimage\"},\"image\":{\"@id\":\"https:\\\/\\\/lebenshilfe-dillenburg.de\\\/leicht\\\/sommerfest-lockt-1000-besucher\\\/#primaryimage\"},\"thumbnailUrl\":\"https:\\\/\\\/lebenshilfe-dillenburg.de\\\/wp-content\\\/uploads\\\/live-band-auftritt-buehnenenergie.jpg\",\"datePublished\":\"2023-08-30T07:15:52+00:00\",\"dateModified\":\"2026-01-30T11:09:40+00:00\",\"breadcrumb\":{\"@id\":\"https:\\\/\\\/lebenshilfe-dillenburg.de\\\/leicht\\\/sommerfest-lockt-1000-besucher\\\/#breadcrumb\"},\"inLanguage\":\"de\",\"potentialAction\":[{\"@type\":\"ReadAction\",\"target\":[\"https:\\\/\\\/lebenshilfe-dillenburg.de\\\/leicht\\\/sommerfest-lockt-1000-besucher\\\/\"]}]},{\"@type\":\"ImageObject\",\"inLanguage\":\"de\",\"@id\":\"https:\\\/\\\/lebenshilfe-dillenburg.de\\\/leicht\\\/sommerfest-lockt-1000-besucher\\\/#primaryimage\",\"url\":\"https:\\\/\\\/lebenshilfe-dillenburg.de\\\/wp-content\\\/uploads\\\/live-band-auftritt-buehnenenergie.jpg\",\"contentUrl\":\"https:\\\/\\\/lebenshilfe-dillenburg.de\\\/wp-content\\\/uploads\\\/live-band-auftritt-buehnenenergie.jpg\",\"width\":1440,\"height\":1080,\"caption\":\"EVE hat f\u00fcr m\u00e4chtig Partystimmung gesorgt. (Foto: Holtfoth)\"},{\"@type\":\"BreadcrumbList\",\"@id\":\"https:\\\/\\\/lebenshilfe-dillenburg.de\\\/leicht\\\/sommerfest-lockt-1000-besucher\\\/#breadcrumb\",\"itemListElement\":[{\"@type\":\"ListItem\",\"position\":1,\"name\":\"Startseite der Lebenshilfe Dillenburg\",\"item\":\"https:\\\/\\\/lebenshilfe-dillenburg.de\\\/leicht\\\/\"},{\"@type\":\"ListItem\",\"position\":2,\"name\":\"Sommerfest lockt 1000 Besucher\"}]},{\"@type\":\"WebSite\",\"@id\":\"https:\\\/\\\/lebenshilfe-dillenburg.de\\\/leicht\\\/#website\",\"url\":\"https:\\\/\\\/lebenshilfe-dillenburg.de\\\/leicht\\\/\",\"name\":\"Lebenshilfe Dillenburg \u2013 Teilhabe & Unterst\u00fctzung im Lahn-Dill-Kreis\",\"description\":\"\",\"publisher\":{\"@id\":\"https:\\\/\\\/lebenshilfe-dillenburg.de\\\/leicht\\\/#organization\"},\"potentialAction\":[{\"@type\":\"SearchAction\",\"target\":{\"@type\":\"EntryPoint\",\"urlTemplate\":\"https:\\\/\\\/lebenshilfe-dillenburg.de\\\/leicht\\\/?s={search_term_string}\"},\"query-input\":{\"@type\":\"PropertyValueSpecification\",\"valueRequired\":true,\"valueName\":\"search_term_string\"}}],\"inLanguage\":\"de\"},{\"@type\":\"Organization\",\"@id\":\"https:\\\/\\\/lebenshilfe-dillenburg.de\\\/leicht\\\/#organization\",\"name\":\"Lebenshilfe Dillenburg e.V.\",\"url\":\"https:\\\/\\\/lebenshilfe-dillenburg.de\\\/leicht\\\/\",\"logo\":{\"@type\":\"ImageObject\",\"inLanguage\":\"de\",\"@id\":\"https:\\\/\\\/lebenshilfe-dillenburg.de\\\/leicht\\\/#\\\/schema\\\/logo\\\/image\\\/\",\"url\":\"https:\\\/\\\/lebenshilfe-dillenburg.de\\\/wp-content\\\/uploads\\\/lebenshilfe-dillenburg-desktop.webp\",\"contentUrl\":\"https:\\\/\\\/lebenshilfe-dillenburg.de\\\/wp-content\\\/uploads\\\/lebenshilfe-dillenburg-desktop.webp\",\"width\":461,\"height\":202,\"caption\":\"Lebenshilfe Dillenburg e.V.\"},\"image\":{\"@id\":\"https:\\\/\\\/lebenshilfe-dillenburg.de\\\/leicht\\\/#\\\/schema\\\/logo\\\/image\\\/\"},\"sameAs\":[\"https:\\\/\\\/www.facebook.com\\\/lebenshilfedillenburg\\\/\",\"https:\\\/\\\/www.instagram.com\\\/lebenshilfe_dillenburg\\\/\"]},{\"@type\":\"Person\",\"@id\":\"https:\\\/\\\/lebenshilfe-dillenburg.de\\\/leicht\\\/#\\\/schema\\\/person\\\/b6c52dad8d881b49213c3345a7cd5efe\",\"name\":\"Conny Holtfoth\",\"sameAs\":[\"http:\\\/\\\/lebenshilfe-dillenburg.de\"],\"url\":\"https:\\\/\\\/lebenshilfe-dillenburg.de\\\/leicht\\\/author\\\/conny\\\/\"}]}<\/script>\n<!-- \/ Yoast SEO plugin. -->","yoast_head_json":{"title":"Sommerfest lockt 1000 Besucher - Lebenshilfe Dillenburg e.V.","robots":{"index":"index","follow":"follow","max-snippet":"max-snippet:-1","max-image-preview":"max-image-preview:large","max-video-preview":"max-video-preview:-1"},"canonical":"https:\/\/lebenshilfe-dillenburg.de\/leicht\/sommerfest-lockt-1000-besucher\/","og_locale":"de_DE","og_type":"article","og_title":"Sommerfest lockt 1000 Besucher - Lebenshilfe Dillenburg e.V.","og_description":"Wettergl\u00fcck, mitrei\u00dfende Live-Musik, gutes Essen und tolle Stimmung: Das Sommerfest der Lebenshilfe Dillenburg hat am Freitagabend rund 1000 Besucher auf das Gel\u00e4nde des hessischen Landgest\u00fcts gelockt.","og_url":"https:\/\/lebenshilfe-dillenburg.de\/leicht\/sommerfest-lockt-1000-besucher\/","og_site_name":"Lebenshilfe Dillenburg e.V.","article_publisher":"https:\/\/www.facebook.com\/lebenshilfedillenburg\/","article_published_time":"2023-08-30T07:15:52+00:00","article_modified_time":"2026-01-30T11:09:40+00:00","og_image":[{"width":2560,"height":1920,"url":"https:\/\/lebenshilfe-dillenburg.de\/wp-content\/uploads\/sommerfest-lockt-1000-besucher-img-3082-scaled-2.jpg","type":"image\/jpeg"}],"author":"Conny Holtfoth","twitter_card":"summary_large_image","twitter_misc":{"Geschrieben von":"Conny Holtfoth","Gesch\u00e4tzte Lesezeit":"1\u00a0Minute"},"schema":{"@context":"https:\/\/schema.org","@graph":[{"@type":"Article","@id":"https:\/\/lebenshilfe-dillenburg.de\/leicht\/sommerfest-lockt-1000-besucher\/#article","isPartOf":{"@id":"https:\/\/lebenshilfe-dillenburg.de\/leicht\/sommerfest-lockt-1000-besucher\/"},"author":{"name":"Conny Holtfoth","@id":"https:\/\/lebenshilfe-dillenburg.de\/leicht\/#\/schema\/person\/b6c52dad8d881b49213c3345a7cd5efe"},"headline":"Sommerfest lockt 1000 Besucher","datePublished":"2023-08-30T07:15:52+00:00","dateModified":"2026-01-30T11:09:40+00:00","mainEntityOfPage":{"@id":"https:\/\/lebenshilfe-dillenburg.de\/leicht\/sommerfest-lockt-1000-besucher\/"},"wordCount":292,"publisher":{"@id":"https:\/\/lebenshilfe-dillenburg.de\/leicht\/#organization"},"image":{"@id":"https:\/\/lebenshilfe-dillenburg.de\/leicht\/sommerfest-lockt-1000-besucher\/#primaryimage"},"thumbnailUrl":"https:\/\/lebenshilfe-dillenburg.de\/wp-content\/uploads\/live-band-auftritt-buehnenenergie.jpg","articleSection":["Meldungen"],"inLanguage":"de"},{"@type":"WebPage","@id":"https:\/\/lebenshilfe-dillenburg.de\/leicht\/sommerfest-lockt-1000-besucher\/","url":"https:\/\/lebenshilfe-dillenburg.de\/leicht\/sommerfest-lockt-1000-besucher\/","name":"Sommerfest lockt 1000 Besucher - Lebenshilfe Dillenburg e.V.","isPartOf":{"@id":"https:\/\/lebenshilfe-dillenburg.de\/leicht\/#website"},"primaryImageOfPage":{"@id":"https:\/\/lebenshilfe-dillenburg.de\/leicht\/sommerfest-lockt-1000-besucher\/#primaryimage"},"image":{"@id":"https:\/\/lebenshilfe-dillenburg.de\/leicht\/sommerfest-lockt-1000-besucher\/#primaryimage"},"thumbnailUrl":"https:\/\/lebenshilfe-dillenburg.de\/wp-content\/uploads\/live-band-auftritt-buehnenenergie.jpg","datePublished":"2023-08-30T07:15:52+00:00","dateModified":"2026-01-30T11:09:40+00:00","breadcrumb":{"@id":"https:\/\/lebenshilfe-dillenburg.de\/leicht\/sommerfest-lockt-1000-besucher\/#breadcrumb"},"inLanguage":"de","potentialAction":[{"@type":"ReadAction","target":["https:\/\/lebenshilfe-dillenburg.de\/leicht\/sommerfest-lockt-1000-besucher\/"]}]},{"@type":"ImageObject","inLanguage":"de","@id":"https:\/\/lebenshilfe-dillenburg.de\/leicht\/sommerfest-lockt-1000-besucher\/#primaryimage","url":"https:\/\/lebenshilfe-dillenburg.de\/wp-content\/uploads\/live-band-auftritt-buehnenenergie.jpg","contentUrl":"https:\/\/lebenshilfe-dillenburg.de\/wp-content\/uploads\/live-band-auftritt-buehnenenergie.jpg","width":1440,"height":1080,"caption":"EVE hat f\u00fcr m\u00e4chtig Partystimmung gesorgt. (Foto: Holtfoth)"},{"@type":"BreadcrumbList","@id":"https:\/\/lebenshilfe-dillenburg.de\/leicht\/sommerfest-lockt-1000-besucher\/#breadcrumb","itemListElement":[{"@type":"ListItem","position":1,"name":"Startseite der Lebenshilfe Dillenburg","item":"https:\/\/lebenshilfe-dillenburg.de\/leicht\/"},{"@type":"ListItem","position":2,"name":"Sommerfest lockt 1000 Besucher"}]},{"@type":"WebSite","@id":"https:\/\/lebenshilfe-dillenburg.de\/leicht\/#website","url":"https:\/\/lebenshilfe-dillenburg.de\/leicht\/","name":"Lebenshilfe Dillenburg \u2013 Teilhabe & Unterst\u00fctzung im Lahn-Dill-Kreis","description":"","publisher":{"@id":"https:\/\/lebenshilfe-dillenburg.de\/leicht\/#organization"},"potentialAction":[{"@type":"SearchAction","target":{"@type":"EntryPoint","urlTemplate":"https:\/\/lebenshilfe-dillenburg.de\/leicht\/?s={search_term_string}"},"query-input":{"@type":"PropertyValueSpecification","valueRequired":true,"valueName":"search_term_string"}}],"inLanguage":"de"},{"@type":"Organization","@id":"https:\/\/lebenshilfe-dillenburg.de\/leicht\/#organization","name":"Lebenshilfe Dillenburg e.V.","url":"https:\/\/lebenshilfe-dillenburg.de\/leicht\/","logo":{"@type":"ImageObject","inLanguage":"de","@id":"https:\/\/lebenshilfe-dillenburg.de\/leicht\/#\/schema\/logo\/image\/","url":"https:\/\/lebenshilfe-dillenburg.de\/wp-content\/uploads\/lebenshilfe-dillenburg-desktop.webp","contentUrl":"https:\/\/lebenshilfe-dillenburg.de\/wp-content\/uploads\/lebenshilfe-dillenburg-desktop.webp","width":461,"height":202,"caption":"Lebenshilfe Dillenburg e.V."},"image":{"@id":"https:\/\/lebenshilfe-dillenburg.de\/leicht\/#\/schema\/logo\/image\/"},"sameAs":["https:\/\/www.facebook.com\/lebenshilfedillenburg\/","https:\/\/www.instagram.com\/lebenshilfe_dillenburg\/"]},{"@type":"Person","@id":"https:\/\/lebenshilfe-dillenburg.de\/leicht\/#\/schema\/person\/b6c52dad8d881b49213c3345a7cd5efe","name":"Conny Holtfoth","sameAs":["http:\/\/lebenshilfe-dillenburg.de"],"url":"https:\/\/lebenshilfe-dillenburg.de\/leicht\/author\/conny\/"}]}},"taxonomy_info":{"category":[{"value":53,"label":"Meldungen"}]},"featured_image_src_large":["https:\/\/lebenshilfe-dillenburg.de\/wp-content\/uploads\/live-band-auftritt-buehnenenergie-1920x1440.jpg",1366,1025,true],"author_info":{"display_name":"Conny Holtfoth","author_link":"https:\/\/lebenshilfe-dillenburg.de\/leicht\/author\/conny\/"},"comment_info":0,"category_info":[{"term_id":53,"name":"Meldungen","slug":"meldungen","term_group":0,"term_taxonomy_id":53,"taxonomy":"category","description":"","parent":0,"count":127,"filter":"raw","term_order":"5","cat_ID":53,"category_count":127,"category_description":"","cat_name":"Meldungen","category_nicename":"meldungen","category_parent":0}],"tag_info":false,"_links":{"self":[{"href":"https:\/\/lebenshilfe-dillenburg.de\/leicht\/wp-json\/wp\/v2\/posts\/7346","targetHints":{"allow":["GET"]}}],"collection":[{"href":"https:\/\/lebenshilfe-dillenburg.de\/leicht\/wp-json\/wp\/v2\/posts"}],"about":[{"href":"https:\/\/lebenshilfe-dillenburg.de\/leicht\/wp-json\/wp\/v2\/types\/post"}],"author":[{"embeddable":true,"href":"https:\/\/lebenshilfe-dillenburg.de\/leicht\/wp-json\/wp\/v2\/users\/4"}],"replies":[{"embeddable":true,"href":"https:\/\/lebenshilfe-dillenburg.de\/leicht\/wp-json\/wp\/v2\/comments?post=7346"}],"version-history":[{"count":0,"href":"https:\/\/lebenshilfe-dillenburg.de\/leicht\/wp-json\/wp\/v2\/posts\/7346\/revisions"}],"wp:featuredmedia":[{"embeddable":true,"href":"https:\/\/lebenshilfe-dillenburg.de\/leicht\/wp-json\/wp\/v2\/media\/7377"}],"wp:attachment":[{"href":"https:\/\/lebenshilfe-dillenburg.de\/leicht\/wp-json\/wp\/v2\/media?parent=7346"}],"wp:term":[{"taxonomy":"category","embeddable":true,"href":"https:\/\/lebenshilfe-dillenburg.de\/leicht\/wp-json\/wp\/v2\/categories?post=7346"},{"taxonomy":"post_tag","embeddable":true,"href":"https:\/\/lebenshilfe-dillenburg.de\/leicht\/wp-json\/wp\/v2\/tags?post=7346"}],"curies":[{"name":"wp","href":"https:\/\/api.w.org\/{rel}","templated":true}]}}