{"id":7347,"date":"2023-10-05T08:50:20","date_gmt":"2023-10-05T06:50:20","guid":{"rendered":"https:\/\/www.lebenshilfe-dillenburg.de\/?p=4338"},"modified":"2026-01-30T12:09:40","modified_gmt":"2026-01-30T11:09:40","slug":"stiftung-feiert-mit-musikalischem-abend-2","status":"publish","type":"post","link":"https:\/\/lebenshilfe-dillenburg.de\/leicht\/stiftung-feiert-mit-musikalischem-abend-2\/","title":{"rendered":"Stiftung feiert mit musikalischem Abend"},"content":{"rendered":"<p>Mit einem Jahr Versp\u00e4tung hat die Stiftung Lebenshilfe Dillenburg am Freitagabend im Atrium der Wilhelm-von-Oranien-Schule Dillenburg ihr 25-j\u00e4hriges Bestehen gefeiert \u2013 mit einer musikalischen Zeitreise von Barock \u00fcber die 1920er Jahre bis hin zu zeitgen\u00f6ssischen Titeln.<!--more--><\/p>\n<figure id=\"attachment_4335\" aria-describedby=\"caption-attachment-4335\" style=\"width: 475px\" class=\"wp-caption alignleft\"><a href=\"https:\/\/lebenshilfe-dillenburg.de\/wp-content\/uploads\/klassische-gitarren-trio-konzertabend.jpg\"><img loading=\"lazy\" decoding=\"async\" class=\" wp-image-4335\" src=\"https:\/\/lebenshilfe-dillenburg.de\/wp-content\/uploads\/2023\/10\/img-0941-600x450.jpg\" alt=\"\" width=\"475\" height=\"356\" \/><\/a><figcaption id=\"caption-attachment-4335\" class=\"wp-caption-text\">Michael Simon, Heiner Dahlhaus und Michael Dahlhaus verzauberten mit \u201eBarockmusik vom Feinsten\u201c.<\/figcaption><\/figure>\n<p>F\u00fcr einen gelungenen Auftakt sorgten vor mehr als 100 G\u00e4sten Heiner und Michael Dahlhaus sowie Michael Simon, die auf ihren Gitarren mit sanften Kl\u00e4ngen \u201eBarockmusik vom Feinsten\u201c darboten. Mit \u201eCiacona a-Moll\u201c (Silvius Leopold Weiss) und der \u201eTrisonate E-Dur\u201c (Georg Philipp Telemann) spielten die drei Musiker \u201eMeisterwerke der Epoche\u201c, wie Stiftungsratsmitglied Dr. Horst Heinzel betonte, der durch den Abend f\u00fchrte.<\/p>\n<p>Zeitgen\u00f6ssisch und multikulturell zeigten sich die darauffolgenden musikalischen Beitr\u00e4ge der Lebenshilfe-Band \u201eAlles inklusive\u201c unter Leitung von Horst Hartmann (Sozialer Dienst der Lebenshilfe Dillenburg). \u201eLiebe ist\u201c (im Original von Namika und Zaz) sowie das t\u00fcrkische St\u00fcck \u201eG\u00fcnah\u201c von Eren Karayilan demonstrierten die Vielseitigkeit der Band, die sich nach der Pandemie in teils neuer Konstellation wiedergefunden hat.<\/p>\n<p>Mit starken Worten \u00fcberzeugten \u201eStimmgeber\u201c Sascha Kirchhoff und Jan Bernhardt, ein von der Lebenshilfe Dillenburg betreuter junger Mann mit Down-Syndrom. Poetry-Slammer Kirchhoff schilderte am Beispiel eines Klienten auf gleicherma\u00dfen am\u00fcsante und nachdenkliche Weise den wechselseitigen Wert von Betreuungsarbeit, und Bernhardt \u00e4u\u00dferte in seinem Text seinen Unmut zum Fortschreiten von Inklusion: \u201eIrgendwie habe ich nur halbe Rechte.\u201c<\/p>\n<figure id=\"attachment_4336\" aria-describedby=\"caption-attachment-4336\" style=\"width: 305px\" class=\"wp-caption alignright\"><a href=\"https:\/\/lebenshilfe-dillenburg.de\/wp-content\/uploads\/inklusion-rede-podium-sonnenblumen.jpg\"><img loading=\"lazy\" decoding=\"async\" class=\" wp-image-4336\" src=\"https:\/\/lebenshilfe-dillenburg.de\/wp-content\/uploads\/2023\/10\/img-0958-450x600.jpg\" alt=\"\" width=\"305\" height=\"407\" \/><\/a><figcaption id=\"caption-attachment-4336\" class=\"wp-caption-text\">Wortgewaltig in Sachen Inklusion: Sascha Kirchhoff (l.) und Jan Bernhardt.<\/figcaption><\/figure>\n<p>Nach der Pause entf\u00fchrte Bassbariton Andreas Balzer (begleitet von Regina Zimmermann-Emde am Klavier) in gewohnt unterhaltsamer Darbietung und mit einer beeindruckenden Stimme das Publikum in das \u201eBerlin der 20er Jahre\u201c. \u201eMein kleiner gr\u00fcner Kaktus\u201c, \u201eMein Bruder macht im Tonfilm die Ger\u00e4usche\u201c, \u201eIn der Bar zum Krokodil\u201c und \u201eK\u00fcssen kann man nicht alleine\u201c begeisterten und unterhielten die Anwesenden gleicherma\u00dfen. Nach der Zugabe \u201eLiebesleid, Liebesfreud\u201c (Fritz Kreisler) lie\u00df schlie\u00dflich das Gitarren-Trio den Abend mit \u201eDrei baskische Lieder\u201c von Jesus Guridi den gelungenen Abend ausklingen. Alle K\u00fcnstler des Abends verzichteten auf eine Gage, wof\u00fcr Stiftungsratsvorsitzender Vincenz Heiliger ihnen herzlich dankte.<\/p>\n<p>In einem kurzen R\u00fcckblick umriss er die nun bereits 26 Stiftungsjahre. Als die Stiftung Lebenshilfe Dillenburg 1997 gegr\u00fcndet wurde, war dies landesweit die erste ihrer Art. Die Idee dazu hatte der damalige Gesch\u00e4ftsf\u00fchrer des Vereins, Eugen Enseroth, da die Lebenshilfe Dillenburg in den 90er Jahren ein enormes Wachstum verzeichnete. Zur Umsetzung von Bauvorhaben und anderen Projekten muss die Lebenshilfe Dillenburg stets einen erheblichen Eigenanteil tragen. Hier unterst\u00fctzt die Stiftung \u2013 etwa durch Benefizveranstaltungen wie diese. 13 waren es insgesamt bis zum Jahre 2019. Danach folgte eine pandemiebedingte Pause, die auch daf\u00fcr sorgte, dass die Feier zum 25-j\u00e4hrigen Bestehen um ein Jahr verschoben werden musste. Fast 105.000 Euro hat die Stiftung dem Verein bereits zur Verf\u00fcgung gestellt, unter anderem f\u00fcr Umbau- und Sanierungsma\u00dfnahmen der Wohneinrichtungen, f\u00fcr den Ausbau der Tagesf\u00f6rderst\u00e4tte oder wie zuletzt f\u00fcr den Fortbestand der heilp\u00e4dagogischen F\u00f6rderung mit Pferd f\u00fcr die integrative Kindertagesst\u00e4tte Burg. \u201eWir sind stolz auf das Erreichte\u201c, betonte Heiliger. Denn besonders die Niedrigzinsphase habe die Arbeit der Stiftung erschwert. \u201eWir hoffen daher, jetzt wieder mehr Unterst\u00fctzung bieten zu k\u00f6nnen.\u201c<\/p>\n<p>Menschen mit Behinderungen eine lebenswerte Zukunft sichern und die Arbeit des Vereins Lebenshilfe Dillenburg nachhaltig f\u00f6rdern \u2013 das hat sich die Stiftung Lebenshilfe Dillenburg zum Ziel gesetzt. Sie ist eine selbstst\u00e4ndige Stiftung des b\u00fcrgerlichen Rechts und verfolgt ausschlie\u00dflich gemeinn\u00fctzige Zwecke zum Wohle der Menschen mit Behinderung im n\u00f6rdlichen Lahn-Dill-Kreis.<\/p>\n<figure id=\"attachment_4334\" aria-describedby=\"caption-attachment-4334\" style=\"width: 600px\" class=\"wp-caption aligncenter\"><a href=\"https:\/\/lebenshilfe-dillenburg.de\/wp-content\/uploads\/lebenshilfe-band-alles-inklusive-probe.jpg\"><img loading=\"lazy\" decoding=\"async\" class=\"size-medium wp-image-4334\" src=\"https:\/\/lebenshilfe-dillenburg.de\/wp-content\/uploads\/2023\/10\/img-4924-600x400.jpg\" alt=\"\" width=\"600\" height=\"400\" \/><\/a><figcaption id=\"caption-attachment-4334\" class=\"wp-caption-text\">Wieder im Einsatz: die Lebenshilfe-Band \u201eAlles inklusive\u201c.<\/figcaption><\/figure>\n","protected":false},"excerpt":{"rendered":"<p>Mit einem Jahr Versp\u00e4tung hat die Stiftung Lebenshilfe Dillenburg am Freitagabend im Atrium der Wilhelm-von-Oranien-Schule Dillenburg ihr 25-j\u00e4hriges Bestehen gefeiert \u2013 mit einer musikalischen Zeitreise von Barock \u00fcber die 1920er Jahre bis hin zu zeitgen\u00f6ssischen Titeln.<\/p>\n","protected":false},"author":4,"featured_media":7380,"comment_status":"closed","ping_status":"closed","sticky":false,"template":"","format":"standard","meta":{"_acf_changed":false,"_gspb_post_css":"","_kad_blocks_custom_css":"","_kad_blocks_head_custom_js":"","_kad_blocks_body_custom_js":"","_kad_blocks_footer_custom_js":"","_kad_post_transparent":"","_kad_post_title":"","_kad_post_layout":"","_kad_post_sidebar_id":"","_kad_post_content_style":"","_kad_post_vertical_padding":"","_kad_post_feature":"","_kad_post_feature_position":"","_kad_post_header":false,"_kad_post_footer":false,"_kad_post_classname":"","footnotes":""},"categories":[53],"tags":[],"class_list":["post-7347","post","type-post","status-publish","format-standard","has-post-thumbnail","hentry","category-meldungen"],"acf":[],"yoast_head":"<!-- This site is optimized with the Yoast SEO plugin v27.5 - https:\/\/yoast.com\/product\/yoast-seo-wordpress\/ -->\n<title>Stiftung feiert mit musikalischem Abend - Lebenshilfe Dillenburg e.V.<\/title>\n<meta name=\"robots\" content=\"index, follow, max-snippet:-1, max-image-preview:large, max-video-preview:-1\" \/>\n<link rel=\"canonical\" href=\"https:\/\/lebenshilfe-dillenburg.de\/leicht\/stiftung-feiert-mit-musikalischem-abend-2\/\" \/>\n<meta property=\"og:locale\" content=\"de_DE\" \/>\n<meta property=\"og:type\" content=\"article\" \/>\n<meta property=\"og:title\" content=\"Stiftung feiert mit musikalischem Abend - Lebenshilfe Dillenburg e.V.\" \/>\n<meta property=\"og:description\" content=\"Mit einem Jahr Versp\u00e4tung hat die Stiftung Lebenshilfe Dillenburg am Freitagabend im Atrium der Wilhelm-von-Oranien-Schule Dillenburg ihr 25-j\u00e4hriges Bestehen gefeiert \u2013 mit einer musikalischen Zeitreise von Barock \u00fcber die 1920er Jahre bis hin zu zeitgen\u00f6ssischen Titeln.\" \/>\n<meta property=\"og:url\" content=\"https:\/\/lebenshilfe-dillenburg.de\/leicht\/stiftung-feiert-mit-musikalischem-abend-2\/\" \/>\n<meta property=\"og:site_name\" content=\"Lebenshilfe Dillenburg e.V.\" \/>\n<meta property=\"article:publisher\" content=\"https:\/\/www.facebook.com\/lebenshilfedillenburg\/\" \/>\n<meta property=\"article:published_time\" content=\"2023-10-05T06:50:20+00:00\" \/>\n<meta property=\"article:modified_time\" content=\"2026-01-30T11:09:40+00:00\" \/>\n<meta property=\"og:image\" content=\"https:\/\/lebenshilfe-dillenburg.de\/wp-content\/uploads\/img-0977-scaled-1.jpg\" \/>\n\t<meta property=\"og:image:width\" content=\"2560\" \/>\n\t<meta property=\"og:image:height\" content=\"1920\" \/>\n\t<meta property=\"og:image:type\" content=\"image\/jpeg\" \/>\n<meta name=\"author\" content=\"Conny Holtfoth\" \/>\n<meta name=\"twitter:card\" content=\"summary_large_image\" \/>\n<meta name=\"twitter:label1\" content=\"Geschrieben von\" \/>\n\t<meta name=\"twitter:data1\" content=\"Conny Holtfoth\" \/>\n\t<meta name=\"twitter:label2\" content=\"Gesch\u00e4tzte Lesezeit\" \/>\n\t<meta name=\"twitter:data2\" content=\"3\u00a0Minuten\" \/>\n<script type=\"application\/ld+json\" class=\"yoast-schema-graph\">{\"@context\":\"https:\\\/\\\/schema.org\",\"@graph\":[{\"@type\":\"Article\",\"@id\":\"https:\\\/\\\/lebenshilfe-dillenburg.de\\\/leicht\\\/stiftung-feiert-mit-musikalischem-abend-2\\\/#article\",\"isPartOf\":{\"@id\":\"https:\\\/\\\/lebenshilfe-dillenburg.de\\\/leicht\\\/stiftung-feiert-mit-musikalischem-abend-2\\\/\"},\"author\":{\"name\":\"Conny Holtfoth\",\"@id\":\"https:\\\/\\\/lebenshilfe-dillenburg.de\\\/leicht\\\/#\\\/schema\\\/person\\\/b6c52dad8d881b49213c3345a7cd5efe\"},\"headline\":\"Stiftung feiert mit musikalischem Abend\",\"datePublished\":\"2023-10-05T06:50:20+00:00\",\"dateModified\":\"2026-01-30T11:09:40+00:00\",\"mainEntityOfPage\":{\"@id\":\"https:\\\/\\\/lebenshilfe-dillenburg.de\\\/leicht\\\/stiftung-feiert-mit-musikalischem-abend-2\\\/\"},\"wordCount\":620,\"publisher\":{\"@id\":\"https:\\\/\\\/lebenshilfe-dillenburg.de\\\/leicht\\\/#organization\"},\"image\":{\"@id\":\"https:\\\/\\\/lebenshilfe-dillenburg.de\\\/leicht\\\/stiftung-feiert-mit-musikalischem-abend-2\\\/#primaryimage\"},\"thumbnailUrl\":\"https:\\\/\\\/lebenshilfe-dillenburg.de\\\/wp-content\\\/uploads\\\/andreas-balzer-regina-zimmermann-emde-klavierabend.jpg\",\"articleSection\":[\"Meldungen\"],\"inLanguage\":\"de\"},{\"@type\":\"WebPage\",\"@id\":\"https:\\\/\\\/lebenshilfe-dillenburg.de\\\/leicht\\\/stiftung-feiert-mit-musikalischem-abend-2\\\/\",\"url\":\"https:\\\/\\\/lebenshilfe-dillenburg.de\\\/leicht\\\/stiftung-feiert-mit-musikalischem-abend-2\\\/\",\"name\":\"Stiftung feiert mit musikalischem Abend - Lebenshilfe Dillenburg e.V.\",\"isPartOf\":{\"@id\":\"https:\\\/\\\/lebenshilfe-dillenburg.de\\\/leicht\\\/#website\"},\"primaryImageOfPage\":{\"@id\":\"https:\\\/\\\/lebenshilfe-dillenburg.de\\\/leicht\\\/stiftung-feiert-mit-musikalischem-abend-2\\\/#primaryimage\"},\"image\":{\"@id\":\"https:\\\/\\\/lebenshilfe-dillenburg.de\\\/leicht\\\/stiftung-feiert-mit-musikalischem-abend-2\\\/#primaryimage\"},\"thumbnailUrl\":\"https:\\\/\\\/lebenshilfe-dillenburg.de\\\/wp-content\\\/uploads\\\/andreas-balzer-regina-zimmermann-emde-klavierabend.jpg\",\"datePublished\":\"2023-10-05T06:50:20+00:00\",\"dateModified\":\"2026-01-30T11:09:40+00:00\",\"breadcrumb\":{\"@id\":\"https:\\\/\\\/lebenshilfe-dillenburg.de\\\/leicht\\\/stiftung-feiert-mit-musikalischem-abend-2\\\/#breadcrumb\"},\"inLanguage\":\"de\",\"potentialAction\":[{\"@type\":\"ReadAction\",\"target\":[\"https:\\\/\\\/lebenshilfe-dillenburg.de\\\/leicht\\\/stiftung-feiert-mit-musikalischem-abend-2\\\/\"]}]},{\"@type\":\"ImageObject\",\"inLanguage\":\"de\",\"@id\":\"https:\\\/\\\/lebenshilfe-dillenburg.de\\\/leicht\\\/stiftung-feiert-mit-musikalischem-abend-2\\\/#primaryimage\",\"url\":\"https:\\\/\\\/lebenshilfe-dillenburg.de\\\/wp-content\\\/uploads\\\/andreas-balzer-regina-zimmermann-emde-klavierabend.jpg\",\"contentUrl\":\"https:\\\/\\\/lebenshilfe-dillenburg.de\\\/wp-content\\\/uploads\\\/andreas-balzer-regina-zimmermann-emde-klavierabend.jpg\",\"width\":1440,\"height\":1080,\"caption\":\"Unterhaltsam und stimmgewaltig: Andreas Balzer, begleitet von Regina Zimmermann-Emde. (Fotos: Holtfoth)\"},{\"@type\":\"BreadcrumbList\",\"@id\":\"https:\\\/\\\/lebenshilfe-dillenburg.de\\\/leicht\\\/stiftung-feiert-mit-musikalischem-abend-2\\\/#breadcrumb\",\"itemListElement\":[{\"@type\":\"ListItem\",\"position\":1,\"name\":\"Startseite der Lebenshilfe Dillenburg\",\"item\":\"https:\\\/\\\/lebenshilfe-dillenburg.de\\\/leicht\\\/\"},{\"@type\":\"ListItem\",\"position\":2,\"name\":\"Stiftung feiert mit musikalischem Abend\"}]},{\"@type\":\"WebSite\",\"@id\":\"https:\\\/\\\/lebenshilfe-dillenburg.de\\\/leicht\\\/#website\",\"url\":\"https:\\\/\\\/lebenshilfe-dillenburg.de\\\/leicht\\\/\",\"name\":\"Lebenshilfe Dillenburg \u2013 Teilhabe & Unterst\u00fctzung im Lahn-Dill-Kreis\",\"description\":\"\",\"publisher\":{\"@id\":\"https:\\\/\\\/lebenshilfe-dillenburg.de\\\/leicht\\\/#organization\"},\"potentialAction\":[{\"@type\":\"SearchAction\",\"target\":{\"@type\":\"EntryPoint\",\"urlTemplate\":\"https:\\\/\\\/lebenshilfe-dillenburg.de\\\/leicht\\\/?s={search_term_string}\"},\"query-input\":{\"@type\":\"PropertyValueSpecification\",\"valueRequired\":true,\"valueName\":\"search_term_string\"}}],\"inLanguage\":\"de\"},{\"@type\":\"Organization\",\"@id\":\"https:\\\/\\\/lebenshilfe-dillenburg.de\\\/leicht\\\/#organization\",\"name\":\"Lebenshilfe Dillenburg e.V.\",\"url\":\"https:\\\/\\\/lebenshilfe-dillenburg.de\\\/leicht\\\/\",\"logo\":{\"@type\":\"ImageObject\",\"inLanguage\":\"de\",\"@id\":\"https:\\\/\\\/lebenshilfe-dillenburg.de\\\/leicht\\\/#\\\/schema\\\/logo\\\/image\\\/\",\"url\":\"https:\\\/\\\/lebenshilfe-dillenburg.de\\\/wp-content\\\/uploads\\\/lebenshilfe-dillenburg-desktop.webp\",\"contentUrl\":\"https:\\\/\\\/lebenshilfe-dillenburg.de\\\/wp-content\\\/uploads\\\/lebenshilfe-dillenburg-desktop.webp\",\"width\":461,\"height\":202,\"caption\":\"Lebenshilfe Dillenburg e.V.\"},\"image\":{\"@id\":\"https:\\\/\\\/lebenshilfe-dillenburg.de\\\/leicht\\\/#\\\/schema\\\/logo\\\/image\\\/\"},\"sameAs\":[\"https:\\\/\\\/www.facebook.com\\\/lebenshilfedillenburg\\\/\",\"https:\\\/\\\/www.instagram.com\\\/lebenshilfe_dillenburg\\\/\"]},{\"@type\":\"Person\",\"@id\":\"https:\\\/\\\/lebenshilfe-dillenburg.de\\\/leicht\\\/#\\\/schema\\\/person\\\/b6c52dad8d881b49213c3345a7cd5efe\",\"name\":\"Conny Holtfoth\",\"sameAs\":[\"http:\\\/\\\/lebenshilfe-dillenburg.de\"],\"url\":\"https:\\\/\\\/lebenshilfe-dillenburg.de\\\/leicht\\\/author\\\/conny\\\/\"}]}<\/script>\n<!-- \/ Yoast SEO plugin. -->","yoast_head_json":{"title":"Stiftung feiert mit musikalischem Abend - Lebenshilfe Dillenburg e.V.","robots":{"index":"index","follow":"follow","max-snippet":"max-snippet:-1","max-image-preview":"max-image-preview:large","max-video-preview":"max-video-preview:-1"},"canonical":"https:\/\/lebenshilfe-dillenburg.de\/leicht\/stiftung-feiert-mit-musikalischem-abend-2\/","og_locale":"de_DE","og_type":"article","og_title":"Stiftung feiert mit musikalischem Abend - Lebenshilfe Dillenburg e.V.","og_description":"Mit einem Jahr Versp\u00e4tung hat die Stiftung Lebenshilfe Dillenburg am Freitagabend im Atrium der Wilhelm-von-Oranien-Schule Dillenburg ihr 25-j\u00e4hriges Bestehen gefeiert \u2013 mit einer musikalischen Zeitreise von Barock \u00fcber die 1920er Jahre bis hin zu zeitgen\u00f6ssischen Titeln.","og_url":"https:\/\/lebenshilfe-dillenburg.de\/leicht\/stiftung-feiert-mit-musikalischem-abend-2\/","og_site_name":"Lebenshilfe Dillenburg e.V.","article_publisher":"https:\/\/www.facebook.com\/lebenshilfedillenburg\/","article_published_time":"2023-10-05T06:50:20+00:00","article_modified_time":"2026-01-30T11:09:40+00:00","og_image":[{"width":2560,"height":1920,"url":"https:\/\/lebenshilfe-dillenburg.de\/wp-content\/uploads\/img-0977-scaled-1.jpg","type":"image\/jpeg"}],"author":"Conny Holtfoth","twitter_card":"summary_large_image","twitter_misc":{"Geschrieben von":"Conny Holtfoth","Gesch\u00e4tzte Lesezeit":"3\u00a0Minuten"},"schema":{"@context":"https:\/\/schema.org","@graph":[{"@type":"Article","@id":"https:\/\/lebenshilfe-dillenburg.de\/leicht\/stiftung-feiert-mit-musikalischem-abend-2\/#article","isPartOf":{"@id":"https:\/\/lebenshilfe-dillenburg.de\/leicht\/stiftung-feiert-mit-musikalischem-abend-2\/"},"author":{"name":"Conny Holtfoth","@id":"https:\/\/lebenshilfe-dillenburg.de\/leicht\/#\/schema\/person\/b6c52dad8d881b49213c3345a7cd5efe"},"headline":"Stiftung feiert mit musikalischem Abend","datePublished":"2023-10-05T06:50:20+00:00","dateModified":"2026-01-30T11:09:40+00:00","mainEntityOfPage":{"@id":"https:\/\/lebenshilfe-dillenburg.de\/leicht\/stiftung-feiert-mit-musikalischem-abend-2\/"},"wordCount":620,"publisher":{"@id":"https:\/\/lebenshilfe-dillenburg.de\/leicht\/#organization"},"image":{"@id":"https:\/\/lebenshilfe-dillenburg.de\/leicht\/stiftung-feiert-mit-musikalischem-abend-2\/#primaryimage"},"thumbnailUrl":"https:\/\/lebenshilfe-dillenburg.de\/wp-content\/uploads\/andreas-balzer-regina-zimmermann-emde-klavierabend.jpg","articleSection":["Meldungen"],"inLanguage":"de"},{"@type":"WebPage","@id":"https:\/\/lebenshilfe-dillenburg.de\/leicht\/stiftung-feiert-mit-musikalischem-abend-2\/","url":"https:\/\/lebenshilfe-dillenburg.de\/leicht\/stiftung-feiert-mit-musikalischem-abend-2\/","name":"Stiftung feiert mit musikalischem Abend - Lebenshilfe Dillenburg e.V.","isPartOf":{"@id":"https:\/\/lebenshilfe-dillenburg.de\/leicht\/#website"},"primaryImageOfPage":{"@id":"https:\/\/lebenshilfe-dillenburg.de\/leicht\/stiftung-feiert-mit-musikalischem-abend-2\/#primaryimage"},"image":{"@id":"https:\/\/lebenshilfe-dillenburg.de\/leicht\/stiftung-feiert-mit-musikalischem-abend-2\/#primaryimage"},"thumbnailUrl":"https:\/\/lebenshilfe-dillenburg.de\/wp-content\/uploads\/andreas-balzer-regina-zimmermann-emde-klavierabend.jpg","datePublished":"2023-10-05T06:50:20+00:00","dateModified":"2026-01-30T11:09:40+00:00","breadcrumb":{"@id":"https:\/\/lebenshilfe-dillenburg.de\/leicht\/stiftung-feiert-mit-musikalischem-abend-2\/#breadcrumb"},"inLanguage":"de","potentialAction":[{"@type":"ReadAction","target":["https:\/\/lebenshilfe-dillenburg.de\/leicht\/stiftung-feiert-mit-musikalischem-abend-2\/"]}]},{"@type":"ImageObject","inLanguage":"de","@id":"https:\/\/lebenshilfe-dillenburg.de\/leicht\/stiftung-feiert-mit-musikalischem-abend-2\/#primaryimage","url":"https:\/\/lebenshilfe-dillenburg.de\/wp-content\/uploads\/andreas-balzer-regina-zimmermann-emde-klavierabend.jpg","contentUrl":"https:\/\/lebenshilfe-dillenburg.de\/wp-content\/uploads\/andreas-balzer-regina-zimmermann-emde-klavierabend.jpg","width":1440,"height":1080,"caption":"Unterhaltsam und stimmgewaltig: Andreas Balzer, begleitet von Regina Zimmermann-Emde. (Fotos: Holtfoth)"},{"@type":"BreadcrumbList","@id":"https:\/\/lebenshilfe-dillenburg.de\/leicht\/stiftung-feiert-mit-musikalischem-abend-2\/#breadcrumb","itemListElement":[{"@type":"ListItem","position":1,"name":"Startseite der Lebenshilfe Dillenburg","item":"https:\/\/lebenshilfe-dillenburg.de\/leicht\/"},{"@type":"ListItem","position":2,"name":"Stiftung feiert mit musikalischem Abend"}]},{"@type":"WebSite","@id":"https:\/\/lebenshilfe-dillenburg.de\/leicht\/#website","url":"https:\/\/lebenshilfe-dillenburg.de\/leicht\/","name":"Lebenshilfe Dillenburg \u2013 Teilhabe & Unterst\u00fctzung im Lahn-Dill-Kreis","description":"","publisher":{"@id":"https:\/\/lebenshilfe-dillenburg.de\/leicht\/#organization"},"potentialAction":[{"@type":"SearchAction","target":{"@type":"EntryPoint","urlTemplate":"https:\/\/lebenshilfe-dillenburg.de\/leicht\/?s={search_term_string}"},"query-input":{"@type":"PropertyValueSpecification","valueRequired":true,"valueName":"search_term_string"}}],"inLanguage":"de"},{"@type":"Organization","@id":"https:\/\/lebenshilfe-dillenburg.de\/leicht\/#organization","name":"Lebenshilfe Dillenburg e.V.","url":"https:\/\/lebenshilfe-dillenburg.de\/leicht\/","logo":{"@type":"ImageObject","inLanguage":"de","@id":"https:\/\/lebenshilfe-dillenburg.de\/leicht\/#\/schema\/logo\/image\/","url":"https:\/\/lebenshilfe-dillenburg.de\/wp-content\/uploads\/lebenshilfe-dillenburg-desktop.webp","contentUrl":"https:\/\/lebenshilfe-dillenburg.de\/wp-content\/uploads\/lebenshilfe-dillenburg-desktop.webp","width":461,"height":202,"caption":"Lebenshilfe Dillenburg e.V."},"image":{"@id":"https:\/\/lebenshilfe-dillenburg.de\/leicht\/#\/schema\/logo\/image\/"},"sameAs":["https:\/\/www.facebook.com\/lebenshilfedillenburg\/","https:\/\/www.instagram.com\/lebenshilfe_dillenburg\/"]},{"@type":"Person","@id":"https:\/\/lebenshilfe-dillenburg.de\/leicht\/#\/schema\/person\/b6c52dad8d881b49213c3345a7cd5efe","name":"Conny Holtfoth","sameAs":["http:\/\/lebenshilfe-dillenburg.de"],"url":"https:\/\/lebenshilfe-dillenburg.de\/leicht\/author\/conny\/"}]}},"taxonomy_info":{"category":[{"value":53,"label":"Meldungen"}]},"featured_image_src_large":["https:\/\/lebenshilfe-dillenburg.de\/wp-content\/uploads\/andreas-balzer-regina-zimmermann-emde-klavierabend-1920x1440.jpg",1366,1025,true],"author_info":{"display_name":"Conny Holtfoth","author_link":"https:\/\/lebenshilfe-dillenburg.de\/leicht\/author\/conny\/"},"comment_info":0,"category_info":[{"term_id":53,"name":"Meldungen","slug":"meldungen","term_group":0,"term_taxonomy_id":53,"taxonomy":"category","description":"","parent":0,"count":127,"filter":"raw","term_order":"5","cat_ID":53,"category_count":127,"category_description":"","cat_name":"Meldungen","category_nicename":"meldungen","category_parent":0}],"tag_info":false,"_links":{"self":[{"href":"https:\/\/lebenshilfe-dillenburg.de\/leicht\/wp-json\/wp\/v2\/posts\/7347","targetHints":{"allow":["GET"]}}],"collection":[{"href":"https:\/\/lebenshilfe-dillenburg.de\/leicht\/wp-json\/wp\/v2\/posts"}],"about":[{"href":"https:\/\/lebenshilfe-dillenburg.de\/leicht\/wp-json\/wp\/v2\/types\/post"}],"author":[{"embeddable":true,"href":"https:\/\/lebenshilfe-dillenburg.de\/leicht\/wp-json\/wp\/v2\/users\/4"}],"replies":[{"embeddable":true,"href":"https:\/\/lebenshilfe-dillenburg.de\/leicht\/wp-json\/wp\/v2\/comments?post=7347"}],"version-history":[{"count":0,"href":"https:\/\/lebenshilfe-dillenburg.de\/leicht\/wp-json\/wp\/v2\/posts\/7347\/revisions"}],"wp:featuredmedia":[{"embeddable":true,"href":"https:\/\/lebenshilfe-dillenburg.de\/leicht\/wp-json\/wp\/v2\/media\/7380"}],"wp:attachment":[{"href":"https:\/\/lebenshilfe-dillenburg.de\/leicht\/wp-json\/wp\/v2\/media?parent=7347"}],"wp:term":[{"taxonomy":"category","embeddable":true,"href":"https:\/\/lebenshilfe-dillenburg.de\/leicht\/wp-json\/wp\/v2\/categories?post=7347"},{"taxonomy":"post_tag","embeddable":true,"href":"https:\/\/lebenshilfe-dillenburg.de\/leicht\/wp-json\/wp\/v2\/tags?post=7347"}],"curies":[{"name":"wp","href":"https:\/\/api.w.org\/{rel}","templated":true}]}}