{"id":7384,"date":"2022-01-11T10:37:56","date_gmt":"2022-01-11T09:37:56","guid":{"rendered":"https:\/\/www.lebenshilfe-dillenburg.de\/?p=3526"},"modified":"2026-01-30T12:09:38","modified_gmt":"2026-01-30T11:09:38","slug":"auf-anita-groskurt-folgt-isabel-zint","status":"publish","type":"post","link":"https:\/\/lebenshilfe-dillenburg.de\/leicht\/auf-anita-groskurt-folgt-isabel-zint\/","title":{"rendered":"Auf Anita Groskurt folgt Isabel Zint"},"content":{"rendered":"\n<p>F\u00fchrungswechsel im Familienentlastenden Dienst (FeD): Anita Groskurt, unter deren Leitung der Bereich zur Gestaltung von Freizeitangeboten f\u00fcr Menschen mit Behinderung bei der Lebenshilfe Dillenburg vor elfeinhalb Jahren entstanden ist, geht Anfang des neuen Jahres in den Ruhestand. Ihre Nachfolgerin: die 31-j\u00e4hrige Isabel Zint aus Medenbach.<!--more--><\/p>\n\n\n\n<p><strong><em>Frau Groskurt, wie geht es Ihnen in Ihren letzten Arbeitstagen?<\/em><\/strong><\/p>\n\n\n\n<p><strong>Anita Groskurt:<\/strong> Noch habe ich keine Wehmut, weil Corona bedingt alles auf Abstand passiert. H\u00e4tte es eine Weihnachtsfeier mit pers\u00f6nlichem Abschied von unseren Leuten gegeben, h\u00e4tte ich ganz sicher geflennt. So hoffe ich auf eine M\u00f6glichkeit zum Abschiednehmen im Sommer. Im Moment ist es leichter, weil das alles noch nicht so richtig an mich herankommt. Es geschieht alles mit Verz\u00f6gerung. Ansonsten h\u00e4lt uns aktuell noch die \u00dcbergabe auf Trab.<\/p>\n\n\n\n<p><strong><em>Raucht Ihnen schon der Sch\u00e4del vor lauter \u00dcbergabe-Infos, Frau Zint? Und zun\u00e4chst mal: Willkommen bei der Lebenshilfe!<\/em><\/strong><\/p>\n\n\n\n<p><strong>Isabel Zint:<\/strong> Dankesch\u00f6n. Ich habe Anita schon mit vielen Fragen bombardiert in den vergangenen Wochen.\u00a0 Mein Vorteil ist, dass ich aus dem Bereich komme. Ich habe vorher vier Jahre lang den Familienentlastenden Dienst beim Deutschen Roten Kreuz Dillenburg koordiniert. Nat\u00fcrlich ist hier bei der Lebenshilfe einiges anders, Abl\u00e4ufe und Strukturen zum Beispiel. Daher ist jetzt erstmal das vorrangige Ziel, das Bestehende kennenzulernen. Die Pandemie erleichtert das nat\u00fcrlich nicht gerade. So habe ich zumindest alle FeD-Mitarbeiterinnen und Mitarbeiter in Kleingruppen an einem Tag kennengelernt, die Klientinnen und Klienten kenne ich jedoch noch gar nicht, was ich sehr schade finde, aber hoffentlich bald nachholen kann.<\/p>\n\n\n\n<p><strong><em>Die Pandemie macht also beides schwierig \u2013 den Abschied ebenso wie den Neubeginn. Frau Zint, wie werden die n\u00e4chsten Monate voraussichtlich f\u00fcr Sie aussehen?<\/em><\/strong><\/p>\n\n\n\n<p><strong>Isabel Zint:<\/strong> Wir werden \u2013 sofern die Pandemie es zul\u00e4sst \u2013 unsere Angebote zun\u00e4chst mal in kleinen Gruppen starten. Dann werde ich versuchen, einzelne Konzepte zu entwickeln. Langfristiges Ziel ist es f\u00fcr mich, Gruppenangebote auch f\u00fcr Kinder und Jugendliche zu etablieren.<\/p>\n\n\n\n<p><strong><em>Und Sie, Frau Groskurt? Was haben Sie geplant f\u00fcr den Ruhestand?<\/em><\/strong><\/p>\n\n\n\n<p><strong>Anita Groskurt:<\/strong> K\u00fcnftig m\u00f6chte ich Dinge tun, die in der Vergangenheit zu kurz gekommen sind \u2013 zum Beispiel die N\u00e4hmaschine rauszuholen. Ich bin ein Handarbeitsfreak, ich h\u00e4kle, stricke, n\u00e4he. Au\u00dferdem kann ich mich jetzt um aufgeschobene Sachen in Haus und Garten k\u00fcmmern. Mein Mann arbeitet noch, aber mit unserem Wohnmobil k\u00f6nnen wir zumindest Wochenenden jetzt flexibler gestalten.<\/p>\n\n\n\n<p><strong><em>Wieso haben Sie sich\u00a0 f\u00fcr die Stelle hier bei uns entschieden, Frau Zint?<\/em><\/strong><\/p>\n\n\n\n<p><strong>Isabel Zint:<\/strong> Ich wollte mich sowohl pers\u00f6nlich als auch beruflich weiterentwickeln, und diese Chance habe ich bei der Lebenshilfe gesehen. Hinzu kommt, dass ich die Lebenshilfe Dillenburg immer als positiven Tr\u00e4ger erlebt habe, \u00fcber den die Leute gut reden.<\/p>\n\n\n\n<p><strong><em>Was werden Sie am meisten vermissen, Frau Groskurt?<\/em><\/strong><\/p>\n\n\n\n<p><strong>Anita Groskurt:<\/strong> Nicht mehr in st\u00e4ndigem Austausch zu sein. Wenn man aufh\u00f6rt zu arbeiten, hat man die regelm\u00e4\u00dfigen Kontakte und den damit verbundenen Input nicht mehr. Dann liegt der Fokus woanders. Aber Ver\u00e4nderungen muss man aushalten. Ich wei\u00df unseren FeD in guten H\u00e4nden. Und wenn man wei\u00df, dass die Arbeit f\u00fcr unsere Klientinnen und Klienten gut ist und auch das Bild nach au\u00dfen ein gutes ist, dann ist unterm Strich alles in Ordnung. Ich habe die Arbeit immer gern gemacht. Ich habe es nie bereut und w\u00fcrde es immer wieder machen, aber mein K\u00f6rper hat mir jetzt mit 65 auch Grenzen aufgezeigt.<\/p>\n\n\n\n<p><strong><em>Wir w\u00fcnschen Ihnen alles Gute, liebe Frau Groskurt, und Ihnen, liebe Frau Zint, einen guten Start hier bei der Lebenshilfe!<\/em><\/strong><\/p>\n","protected":false},"excerpt":{"rendered":"<p>F\u00fchrungswechsel im Familienentlastenden Dienst (FeD): Anita Groskurt, unter deren Leitung der Bereich zur Gestaltung von Freizeitangeboten f\u00fcr Menschen mit Behinderung bei der Lebenshilfe Dillenburg vor elfeinhalb Jahren entstanden ist, geht Anfang des neuen Jahres in den Ruhestand. Ihre Nachfolgerin: die 31-j\u00e4hrige Isabel Zint aus Medenbach.<\/p>\n","protected":false},"author":4,"featured_media":7399,"comment_status":"closed","ping_status":"closed","sticky":false,"template":"","format":"standard","meta":{"_acf_changed":false,"_gspb_post_css":"","_kad_blocks_custom_css":"","_kad_blocks_head_custom_js":"","_kad_blocks_body_custom_js":"","_kad_blocks_footer_custom_js":"","_kad_post_transparent":"","_kad_post_title":"","_kad_post_layout":"","_kad_post_sidebar_id":"","_kad_post_content_style":"","_kad_post_vertical_padding":"","_kad_post_feature":"","_kad_post_feature_position":"","_kad_post_header":false,"_kad_post_footer":false,"_kad_post_classname":"","footnotes":""},"categories":[53],"tags":[],"class_list":["post-7384","post","type-post","status-publish","format-standard","has-post-thumbnail","hentry","category-meldungen"],"acf":[],"yoast_head":"<!-- This site is optimized with the Yoast SEO plugin v27.5 - https:\/\/yoast.com\/product\/yoast-seo-wordpress\/ -->\n<title>Auf Anita Groskurt folgt Isabel Zint - Lebenshilfe Dillenburg e.V.<\/title>\n<meta name=\"robots\" content=\"index, follow, max-snippet:-1, max-image-preview:large, max-video-preview:-1\" \/>\n<link rel=\"canonical\" href=\"https:\/\/lebenshilfe-dillenburg.de\/leicht\/auf-anita-groskurt-folgt-isabel-zint\/\" \/>\n<meta property=\"og:locale\" content=\"de_DE\" \/>\n<meta property=\"og:type\" content=\"article\" \/>\n<meta property=\"og:title\" content=\"Auf Anita Groskurt folgt Isabel Zint - Lebenshilfe Dillenburg e.V.\" \/>\n<meta property=\"og:description\" content=\"F\u00fchrungswechsel im Familienentlastenden Dienst (FeD): Anita Groskurt, unter deren Leitung der Bereich zur Gestaltung von Freizeitangeboten f\u00fcr Menschen mit Behinderung bei der Lebenshilfe Dillenburg vor elfeinhalb Jahren entstanden ist, geht Anfang des neuen Jahres in den Ruhestand. Ihre Nachfolgerin: die 31-j\u00e4hrige Isabel Zint aus Medenbach.\" \/>\n<meta property=\"og:url\" content=\"https:\/\/lebenshilfe-dillenburg.de\/leicht\/auf-anita-groskurt-folgt-isabel-zint\/\" \/>\n<meta property=\"og:site_name\" content=\"Lebenshilfe Dillenburg e.V.\" \/>\n<meta property=\"article:publisher\" content=\"https:\/\/www.facebook.com\/lebenshilfedillenburg\/\" \/>\n<meta property=\"article:published_time\" content=\"2022-01-11T09:37:56+00:00\" \/>\n<meta property=\"article:modified_time\" content=\"2026-01-30T11:09:38+00:00\" \/>\n<meta property=\"og:image\" content=\"https:\/\/lebenshilfe-dillenburg.de\/wp-content\/uploads\/fuehrungswechsel-beim-familienentlastenden-dienst-img-4260-2-768x455.png\" \/>\n\t<meta property=\"og:image:width\" content=\"768\" \/>\n\t<meta property=\"og:image:height\" content=\"455\" \/>\n\t<meta property=\"og:image:type\" content=\"image\/png\" \/>\n<meta name=\"author\" content=\"Conny Holtfoth\" \/>\n<meta name=\"twitter:card\" content=\"summary_large_image\" \/>\n<meta name=\"twitter:label1\" content=\"Geschrieben von\" \/>\n\t<meta name=\"twitter:data1\" content=\"Conny Holtfoth\" \/>\n\t<meta name=\"twitter:label2\" content=\"Gesch\u00e4tzte Lesezeit\" \/>\n\t<meta name=\"twitter:data2\" content=\"3\u00a0Minuten\" \/>\n<script type=\"application\/ld+json\" class=\"yoast-schema-graph\">{\"@context\":\"https:\\\/\\\/schema.org\",\"@graph\":[{\"@type\":\"Article\",\"@id\":\"https:\\\/\\\/lebenshilfe-dillenburg.de\\\/leicht\\\/auf-anita-groskurt-folgt-isabel-zint\\\/#article\",\"isPartOf\":{\"@id\":\"https:\\\/\\\/lebenshilfe-dillenburg.de\\\/leicht\\\/auf-anita-groskurt-folgt-isabel-zint\\\/\"},\"author\":{\"name\":\"Conny Holtfoth\",\"@id\":\"https:\\\/\\\/lebenshilfe-dillenburg.de\\\/leicht\\\/#\\\/schema\\\/person\\\/b6c52dad8d881b49213c3345a7cd5efe\"},\"headline\":\"Auf Anita Groskurt folgt Isabel Zint\",\"datePublished\":\"2022-01-11T09:37:56+00:00\",\"dateModified\":\"2026-01-30T11:09:38+00:00\",\"mainEntityOfPage\":{\"@id\":\"https:\\\/\\\/lebenshilfe-dillenburg.de\\\/leicht\\\/auf-anita-groskurt-folgt-isabel-zint\\\/\"},\"wordCount\":603,\"publisher\":{\"@id\":\"https:\\\/\\\/lebenshilfe-dillenburg.de\\\/leicht\\\/#organization\"},\"image\":{\"@id\":\"https:\\\/\\\/lebenshilfe-dillenburg.de\\\/leicht\\\/auf-anita-groskurt-folgt-isabel-zint\\\/#primaryimage\"},\"thumbnailUrl\":\"https:\\\/\\\/lebenshilfe-dillenburg.de\\\/wp-content\\\/uploads\\\/stabuebergabe-anita-groskurt-isabel-zint.png\",\"articleSection\":[\"Meldungen\"],\"inLanguage\":\"de\"},{\"@type\":\"WebPage\",\"@id\":\"https:\\\/\\\/lebenshilfe-dillenburg.de\\\/leicht\\\/auf-anita-groskurt-folgt-isabel-zint\\\/\",\"url\":\"https:\\\/\\\/lebenshilfe-dillenburg.de\\\/leicht\\\/auf-anita-groskurt-folgt-isabel-zint\\\/\",\"name\":\"Auf Anita Groskurt folgt Isabel Zint - Lebenshilfe Dillenburg e.V.\",\"isPartOf\":{\"@id\":\"https:\\\/\\\/lebenshilfe-dillenburg.de\\\/leicht\\\/#website\"},\"primaryImageOfPage\":{\"@id\":\"https:\\\/\\\/lebenshilfe-dillenburg.de\\\/leicht\\\/auf-anita-groskurt-folgt-isabel-zint\\\/#primaryimage\"},\"image\":{\"@id\":\"https:\\\/\\\/lebenshilfe-dillenburg.de\\\/leicht\\\/auf-anita-groskurt-folgt-isabel-zint\\\/#primaryimage\"},\"thumbnailUrl\":\"https:\\\/\\\/lebenshilfe-dillenburg.de\\\/wp-content\\\/uploads\\\/stabuebergabe-anita-groskurt-isabel-zint.png\",\"datePublished\":\"2022-01-11T09:37:56+00:00\",\"dateModified\":\"2026-01-30T11:09:38+00:00\",\"breadcrumb\":{\"@id\":\"https:\\\/\\\/lebenshilfe-dillenburg.de\\\/leicht\\\/auf-anita-groskurt-folgt-isabel-zint\\\/#breadcrumb\"},\"inLanguage\":\"de\",\"potentialAction\":[{\"@type\":\"ReadAction\",\"target\":[\"https:\\\/\\\/lebenshilfe-dillenburg.de\\\/leicht\\\/auf-anita-groskurt-folgt-isabel-zint\\\/\"]}]},{\"@type\":\"ImageObject\",\"inLanguage\":\"de\",\"@id\":\"https:\\\/\\\/lebenshilfe-dillenburg.de\\\/leicht\\\/auf-anita-groskurt-folgt-isabel-zint\\\/#primaryimage\",\"url\":\"https:\\\/\\\/lebenshilfe-dillenburg.de\\\/wp-content\\\/uploads\\\/stabuebergabe-anita-groskurt-isabel-zint.png\",\"contentUrl\":\"https:\\\/\\\/lebenshilfe-dillenburg.de\\\/wp-content\\\/uploads\\\/stabuebergabe-anita-groskurt-isabel-zint.png\",\"width\":1500,\"height\":888,\"caption\":\"Anita Groskurt (l.) verl\u00e4sst die Lebenshilfe in den Ruhestand und gibt ihren Bereich an Isabel Zint ab. (Foto: Holtfoth)\"},{\"@type\":\"BreadcrumbList\",\"@id\":\"https:\\\/\\\/lebenshilfe-dillenburg.de\\\/leicht\\\/auf-anita-groskurt-folgt-isabel-zint\\\/#breadcrumb\",\"itemListElement\":[{\"@type\":\"ListItem\",\"position\":1,\"name\":\"Startseite der Lebenshilfe Dillenburg\",\"item\":\"https:\\\/\\\/lebenshilfe-dillenburg.de\\\/leicht\\\/\"},{\"@type\":\"ListItem\",\"position\":2,\"name\":\"Auf Anita Groskurt folgt Isabel Zint\"}]},{\"@type\":\"WebSite\",\"@id\":\"https:\\\/\\\/lebenshilfe-dillenburg.de\\\/leicht\\\/#website\",\"url\":\"https:\\\/\\\/lebenshilfe-dillenburg.de\\\/leicht\\\/\",\"name\":\"Lebenshilfe Dillenburg \u2013 Teilhabe & Unterst\u00fctzung im Lahn-Dill-Kreis\",\"description\":\"\",\"publisher\":{\"@id\":\"https:\\\/\\\/lebenshilfe-dillenburg.de\\\/leicht\\\/#organization\"},\"potentialAction\":[{\"@type\":\"SearchAction\",\"target\":{\"@type\":\"EntryPoint\",\"urlTemplate\":\"https:\\\/\\\/lebenshilfe-dillenburg.de\\\/leicht\\\/?s={search_term_string}\"},\"query-input\":{\"@type\":\"PropertyValueSpecification\",\"valueRequired\":true,\"valueName\":\"search_term_string\"}}],\"inLanguage\":\"de\"},{\"@type\":\"Organization\",\"@id\":\"https:\\\/\\\/lebenshilfe-dillenburg.de\\\/leicht\\\/#organization\",\"name\":\"Lebenshilfe Dillenburg e.V.\",\"url\":\"https:\\\/\\\/lebenshilfe-dillenburg.de\\\/leicht\\\/\",\"logo\":{\"@type\":\"ImageObject\",\"inLanguage\":\"de\",\"@id\":\"https:\\\/\\\/lebenshilfe-dillenburg.de\\\/leicht\\\/#\\\/schema\\\/logo\\\/image\\\/\",\"url\":\"https:\\\/\\\/lebenshilfe-dillenburg.de\\\/wp-content\\\/uploads\\\/lebenshilfe-dillenburg-desktop.webp\",\"contentUrl\":\"https:\\\/\\\/lebenshilfe-dillenburg.de\\\/wp-content\\\/uploads\\\/lebenshilfe-dillenburg-desktop.webp\",\"width\":461,\"height\":202,\"caption\":\"Lebenshilfe Dillenburg e.V.\"},\"image\":{\"@id\":\"https:\\\/\\\/lebenshilfe-dillenburg.de\\\/leicht\\\/#\\\/schema\\\/logo\\\/image\\\/\"},\"sameAs\":[\"https:\\\/\\\/www.facebook.com\\\/lebenshilfedillenburg\\\/\",\"https:\\\/\\\/www.instagram.com\\\/lebenshilfe_dillenburg\\\/\"]},{\"@type\":\"Person\",\"@id\":\"https:\\\/\\\/lebenshilfe-dillenburg.de\\\/leicht\\\/#\\\/schema\\\/person\\\/b6c52dad8d881b49213c3345a7cd5efe\",\"name\":\"Conny Holtfoth\",\"sameAs\":[\"http:\\\/\\\/lebenshilfe-dillenburg.de\"],\"url\":\"https:\\\/\\\/lebenshilfe-dillenburg.de\\\/leicht\\\/author\\\/conny\\\/\"}]}<\/script>\n<!-- \/ Yoast SEO plugin. -->","yoast_head_json":{"title":"Auf Anita Groskurt folgt Isabel Zint - Lebenshilfe Dillenburg e.V.","robots":{"index":"index","follow":"follow","max-snippet":"max-snippet:-1","max-image-preview":"max-image-preview:large","max-video-preview":"max-video-preview:-1"},"canonical":"https:\/\/lebenshilfe-dillenburg.de\/leicht\/auf-anita-groskurt-folgt-isabel-zint\/","og_locale":"de_DE","og_type":"article","og_title":"Auf Anita Groskurt folgt Isabel Zint - Lebenshilfe Dillenburg e.V.","og_description":"F\u00fchrungswechsel im Familienentlastenden Dienst (FeD): Anita Groskurt, unter deren Leitung der Bereich zur Gestaltung von Freizeitangeboten f\u00fcr Menschen mit Behinderung bei der Lebenshilfe Dillenburg vor elfeinhalb Jahren entstanden ist, geht Anfang des neuen Jahres in den Ruhestand. Ihre Nachfolgerin: die 31-j\u00e4hrige Isabel Zint aus Medenbach.","og_url":"https:\/\/lebenshilfe-dillenburg.de\/leicht\/auf-anita-groskurt-folgt-isabel-zint\/","og_site_name":"Lebenshilfe Dillenburg e.V.","article_publisher":"https:\/\/www.facebook.com\/lebenshilfedillenburg\/","article_published_time":"2022-01-11T09:37:56+00:00","article_modified_time":"2026-01-30T11:09:38+00:00","og_image":[{"width":768,"height":455,"url":"https:\/\/lebenshilfe-dillenburg.de\/wp-content\/uploads\/fuehrungswechsel-beim-familienentlastenden-dienst-img-4260-2-768x455.png","type":"image\/png"}],"author":"Conny Holtfoth","twitter_card":"summary_large_image","twitter_misc":{"Geschrieben von":"Conny Holtfoth","Gesch\u00e4tzte Lesezeit":"3\u00a0Minuten"},"schema":{"@context":"https:\/\/schema.org","@graph":[{"@type":"Article","@id":"https:\/\/lebenshilfe-dillenburg.de\/leicht\/auf-anita-groskurt-folgt-isabel-zint\/#article","isPartOf":{"@id":"https:\/\/lebenshilfe-dillenburg.de\/leicht\/auf-anita-groskurt-folgt-isabel-zint\/"},"author":{"name":"Conny Holtfoth","@id":"https:\/\/lebenshilfe-dillenburg.de\/leicht\/#\/schema\/person\/b6c52dad8d881b49213c3345a7cd5efe"},"headline":"Auf Anita Groskurt folgt Isabel Zint","datePublished":"2022-01-11T09:37:56+00:00","dateModified":"2026-01-30T11:09:38+00:00","mainEntityOfPage":{"@id":"https:\/\/lebenshilfe-dillenburg.de\/leicht\/auf-anita-groskurt-folgt-isabel-zint\/"},"wordCount":603,"publisher":{"@id":"https:\/\/lebenshilfe-dillenburg.de\/leicht\/#organization"},"image":{"@id":"https:\/\/lebenshilfe-dillenburg.de\/leicht\/auf-anita-groskurt-folgt-isabel-zint\/#primaryimage"},"thumbnailUrl":"https:\/\/lebenshilfe-dillenburg.de\/wp-content\/uploads\/stabuebergabe-anita-groskurt-isabel-zint.png","articleSection":["Meldungen"],"inLanguage":"de"},{"@type":"WebPage","@id":"https:\/\/lebenshilfe-dillenburg.de\/leicht\/auf-anita-groskurt-folgt-isabel-zint\/","url":"https:\/\/lebenshilfe-dillenburg.de\/leicht\/auf-anita-groskurt-folgt-isabel-zint\/","name":"Auf Anita Groskurt folgt Isabel Zint - Lebenshilfe Dillenburg e.V.","isPartOf":{"@id":"https:\/\/lebenshilfe-dillenburg.de\/leicht\/#website"},"primaryImageOfPage":{"@id":"https:\/\/lebenshilfe-dillenburg.de\/leicht\/auf-anita-groskurt-folgt-isabel-zint\/#primaryimage"},"image":{"@id":"https:\/\/lebenshilfe-dillenburg.de\/leicht\/auf-anita-groskurt-folgt-isabel-zint\/#primaryimage"},"thumbnailUrl":"https:\/\/lebenshilfe-dillenburg.de\/wp-content\/uploads\/stabuebergabe-anita-groskurt-isabel-zint.png","datePublished":"2022-01-11T09:37:56+00:00","dateModified":"2026-01-30T11:09:38+00:00","breadcrumb":{"@id":"https:\/\/lebenshilfe-dillenburg.de\/leicht\/auf-anita-groskurt-folgt-isabel-zint\/#breadcrumb"},"inLanguage":"de","potentialAction":[{"@type":"ReadAction","target":["https:\/\/lebenshilfe-dillenburg.de\/leicht\/auf-anita-groskurt-folgt-isabel-zint\/"]}]},{"@type":"ImageObject","inLanguage":"de","@id":"https:\/\/lebenshilfe-dillenburg.de\/leicht\/auf-anita-groskurt-folgt-isabel-zint\/#primaryimage","url":"https:\/\/lebenshilfe-dillenburg.de\/wp-content\/uploads\/stabuebergabe-anita-groskurt-isabel-zint.png","contentUrl":"https:\/\/lebenshilfe-dillenburg.de\/wp-content\/uploads\/stabuebergabe-anita-groskurt-isabel-zint.png","width":1500,"height":888,"caption":"Anita Groskurt (l.) verl\u00e4sst die Lebenshilfe in den Ruhestand und gibt ihren Bereich an Isabel Zint ab. (Foto: Holtfoth)"},{"@type":"BreadcrumbList","@id":"https:\/\/lebenshilfe-dillenburg.de\/leicht\/auf-anita-groskurt-folgt-isabel-zint\/#breadcrumb","itemListElement":[{"@type":"ListItem","position":1,"name":"Startseite der Lebenshilfe Dillenburg","item":"https:\/\/lebenshilfe-dillenburg.de\/leicht\/"},{"@type":"ListItem","position":2,"name":"Auf Anita Groskurt folgt Isabel Zint"}]},{"@type":"WebSite","@id":"https:\/\/lebenshilfe-dillenburg.de\/leicht\/#website","url":"https:\/\/lebenshilfe-dillenburg.de\/leicht\/","name":"Lebenshilfe Dillenburg \u2013 Teilhabe & Unterst\u00fctzung im Lahn-Dill-Kreis","description":"","publisher":{"@id":"https:\/\/lebenshilfe-dillenburg.de\/leicht\/#organization"},"potentialAction":[{"@type":"SearchAction","target":{"@type":"EntryPoint","urlTemplate":"https:\/\/lebenshilfe-dillenburg.de\/leicht\/?s={search_term_string}"},"query-input":{"@type":"PropertyValueSpecification","valueRequired":true,"valueName":"search_term_string"}}],"inLanguage":"de"},{"@type":"Organization","@id":"https:\/\/lebenshilfe-dillenburg.de\/leicht\/#organization","name":"Lebenshilfe Dillenburg e.V.","url":"https:\/\/lebenshilfe-dillenburg.de\/leicht\/","logo":{"@type":"ImageObject","inLanguage":"de","@id":"https:\/\/lebenshilfe-dillenburg.de\/leicht\/#\/schema\/logo\/image\/","url":"https:\/\/lebenshilfe-dillenburg.de\/wp-content\/uploads\/lebenshilfe-dillenburg-desktop.webp","contentUrl":"https:\/\/lebenshilfe-dillenburg.de\/wp-content\/uploads\/lebenshilfe-dillenburg-desktop.webp","width":461,"height":202,"caption":"Lebenshilfe Dillenburg e.V."},"image":{"@id":"https:\/\/lebenshilfe-dillenburg.de\/leicht\/#\/schema\/logo\/image\/"},"sameAs":["https:\/\/www.facebook.com\/lebenshilfedillenburg\/","https:\/\/www.instagram.com\/lebenshilfe_dillenburg\/"]},{"@type":"Person","@id":"https:\/\/lebenshilfe-dillenburg.de\/leicht\/#\/schema\/person\/b6c52dad8d881b49213c3345a7cd5efe","name":"Conny Holtfoth","sameAs":["http:\/\/lebenshilfe-dillenburg.de"],"url":"https:\/\/lebenshilfe-dillenburg.de\/leicht\/author\/conny\/"}]}},"taxonomy_info":{"category":[{"value":53,"label":"Meldungen"}]},"featured_image_src_large":["https:\/\/lebenshilfe-dillenburg.de\/wp-content\/uploads\/stabuebergabe-anita-groskurt-isabel-zint-1920x1137.png",1366,809,true],"author_info":{"display_name":"Conny Holtfoth","author_link":"https:\/\/lebenshilfe-dillenburg.de\/leicht\/author\/conny\/"},"comment_info":0,"category_info":[{"term_id":53,"name":"Meldungen","slug":"meldungen","term_group":0,"term_taxonomy_id":53,"taxonomy":"category","description":"","parent":0,"count":127,"filter":"raw","term_order":"5","cat_ID":53,"category_count":127,"category_description":"","cat_name":"Meldungen","category_nicename":"meldungen","category_parent":0}],"tag_info":false,"_links":{"self":[{"href":"https:\/\/lebenshilfe-dillenburg.de\/leicht\/wp-json\/wp\/v2\/posts\/7384","targetHints":{"allow":["GET"]}}],"collection":[{"href":"https:\/\/lebenshilfe-dillenburg.de\/leicht\/wp-json\/wp\/v2\/posts"}],"about":[{"href":"https:\/\/lebenshilfe-dillenburg.de\/leicht\/wp-json\/wp\/v2\/types\/post"}],"author":[{"embeddable":true,"href":"https:\/\/lebenshilfe-dillenburg.de\/leicht\/wp-json\/wp\/v2\/users\/4"}],"replies":[{"embeddable":true,"href":"https:\/\/lebenshilfe-dillenburg.de\/leicht\/wp-json\/wp\/v2\/comments?post=7384"}],"version-history":[{"count":0,"href":"https:\/\/lebenshilfe-dillenburg.de\/leicht\/wp-json\/wp\/v2\/posts\/7384\/revisions"}],"wp:featuredmedia":[{"embeddable":true,"href":"https:\/\/lebenshilfe-dillenburg.de\/leicht\/wp-json\/wp\/v2\/media\/7399"}],"wp:attachment":[{"href":"https:\/\/lebenshilfe-dillenburg.de\/leicht\/wp-json\/wp\/v2\/media?parent=7384"}],"wp:term":[{"taxonomy":"category","embeddable":true,"href":"https:\/\/lebenshilfe-dillenburg.de\/leicht\/wp-json\/wp\/v2\/categories?post=7384"},{"taxonomy":"post_tag","embeddable":true,"href":"https:\/\/lebenshilfe-dillenburg.de\/leicht\/wp-json\/wp\/v2\/tags?post=7384"}],"curies":[{"name":"wp","href":"https:\/\/api.w.org\/{rel}","templated":true}]}}