{"id":7385,"date":"2022-01-19T10:32:01","date_gmt":"2022-01-19T09:32:01","guid":{"rendered":"https:\/\/www.lebenshilfe-dillenburg.de\/?p=3534"},"modified":"2026-01-30T12:09:38","modified_gmt":"2026-01-30T11:09:38","slug":"politik-reagiert-auf-bonus-forderungen","status":"publish","type":"post","link":"https:\/\/lebenshilfe-dillenburg.de\/leicht\/politik-reagiert-auf-bonus-forderungen\/","title":{"rendered":"Politik reagiert auf Bonus-Forderungen"},"content":{"rendered":"<p>Ende Dezember 2021 haben die Vorst\u00e4nde und Gesch\u00e4ftsf\u00fchrungen der mittelhessischen Lebenshilfen an die Bundespolitik appelliert, die Besch\u00e4ftigten der Eingliederungshilfe beim geplanten Corona-Bonus f\u00fcr Pflegekr\u00e4fte 2022 zu ber\u00fccksichtigen. 2020 und 2021 wurden die Besch\u00e4ftigten in Wohnst\u00e4tten, Werkst\u00e4tten, Tagesf\u00f6rderst\u00e4tten und Fr\u00fchf\u00f6rderstellen beim Corona-Pflege-Bonus vergessen.<!--more--><\/p>\n<p>\u201eWir wissen, was unser Personal tagt\u00e4glich leistet. Die vollstation\u00e4ren Wohnst\u00e4tten sind in jeder Hinsicht mit Altenpflegeheimen vergleichbar\u201c, hie\u00df es damals.<\/p>\n<p>Der \u00f6ffentliche Appell stie\u00df auf Resonanz. K\u00fcrzlich fand eine Videokonferenz statt, zu der die SPD-Bundestagsabgeordnete und stellvertretende Vorsitzende der SPD-Bundestagsfraktion, Dagmar Schmidt, eingeladen hatte. Sie ist in der SPD-Bundestagsfraktion zust\u00e4ndig f\u00fcr die Bereiche Arbeit und Soziales sowie Gesundheit. An der Videoschalte nahm auch Felix D\u00f6ring teil, der bei der letzten Bundestagswahl das Direktmandat f\u00fcr die SPD in Stadt und Landkreis Gie\u00dfen holte.<\/p>\n<p>\u201eDie Botschaft ist angekommen\u201c, sagte Dagmar Schmidt in der Videoschalte und fuhr fort: \u201eWir setzen uns als Mitglieder der regierungsverantwortlichen SPD daf\u00fcr ein, dass die Besch\u00e4ftigten der Eingliederungshilfe nicht durchs Raster fallen.\u201c Auch Felix D\u00f6ring bekr\u00e4ftigte, dass er sich f\u00fcr das Personal der Eingliederungshilfe \u2013 und damit f\u00fcr die besonderen Bed\u00fcrfnisse von Menschen mit Behinderung &#8211; einsetzen werde.<\/p>\n<p>\u201eIhr Appell kam genau zum richtigen Zeitpunkt\u201c, sagte Schmidt. Das Gesetz f\u00fcr die Zahlung des Corona-Bonus an Pflegekr\u00e4fte ist noch nicht beschlossen, so dass die Abgeordneten des Bundestages noch Einfluss nehmen k\u00f6nnen.<\/p>\n<p>Die Gesch\u00e4ftsf\u00fchrer der sechs Lebenshilfen, Dirk O\u00dfwald (Gie\u00dfen), Thomas Bauer (Wetzlar-Weilburg), Elisabeth Gerheim (Limburg Diez), Horst Viehl (Marburg), Dirk Botzon (Dillenburg) und Thomas M\u00e4chtle (Wetterau) dankten den Abgeordneten f\u00fcr ihren Einsatz und sagten zu, in ihrer Verantwortung als Arbeitgeber im Sinne der betroffenen Besch\u00e4ftigten weiter gemeinsam \u201eam Ball\u201c zu bleiben, \u201edenn diese Personengruppe ben\u00f6tigt endlich die notwendige \u00f6ffentliche und finanzielle Wertsch\u00e4tzung f\u00fcr ihren Einsatz rund um die Belange von Menschen mit Behinderung\u201c, hei\u00dft es abschlie\u00dfend in der Pressemitteilung.<\/p>\n","protected":false},"excerpt":{"rendered":"<p>Ende Dezember 2021 haben die Vorst\u00e4nde und Gesch\u00e4ftsf\u00fchrungen der mittelhessischen Lebenshilfen an die Bundespolitik appelliert, die Besch\u00e4ftigten der Eingliederungshilfe beim geplanten Corona-Bonus f\u00fcr Pflegekr\u00e4fte 2022 zu ber\u00fccksichtigen. 2020 und 2021 wurden die Besch\u00e4ftigten in Wohnst\u00e4tten, Werkst\u00e4tten, Tagesf\u00f6rderst\u00e4tten und Fr\u00fchf\u00f6rderstellen beim Corona-Pflege-Bonus vergessen.<\/p>\n","protected":false},"author":4,"featured_media":7400,"comment_status":"closed","ping_status":"closed","sticky":false,"template":"","format":"standard","meta":{"_acf_changed":false,"_gspb_post_css":"","_kad_blocks_custom_css":"","_kad_blocks_head_custom_js":"","_kad_blocks_body_custom_js":"","_kad_blocks_footer_custom_js":"","_kad_post_transparent":"","_kad_post_title":"","_kad_post_layout":"","_kad_post_sidebar_id":"","_kad_post_content_style":"","_kad_post_vertical_padding":"","_kad_post_feature":"","_kad_post_feature_position":"","_kad_post_header":false,"_kad_post_footer":false,"_kad_post_classname":"","footnotes":""},"categories":[52],"tags":[],"class_list":["post-7385","post","type-post","status-publish","format-standard","has-post-thumbnail","hentry","category-aktuelles"],"acf":[],"yoast_head":"<!-- This site is optimized with the Yoast SEO plugin v27.5 - https:\/\/yoast.com\/product\/yoast-seo-wordpress\/ -->\n<title>Politik reagiert auf Bonus-Forderungen - Lebenshilfe Dillenburg e.V.<\/title>\n<meta name=\"robots\" content=\"index, follow, max-snippet:-1, max-image-preview:large, max-video-preview:-1\" \/>\n<link rel=\"canonical\" href=\"https:\/\/lebenshilfe-dillenburg.de\/leicht\/politik-reagiert-auf-bonus-forderungen\/\" \/>\n<meta property=\"og:locale\" content=\"de_DE\" \/>\n<meta property=\"og:type\" content=\"article\" \/>\n<meta property=\"og:title\" content=\"Politik reagiert auf Bonus-Forderungen - Lebenshilfe Dillenburg e.V.\" \/>\n<meta property=\"og:description\" content=\"Ende Dezember 2021 haben die Vorst\u00e4nde und Gesch\u00e4ftsf\u00fchrungen der mittelhessischen Lebenshilfen an die Bundespolitik appelliert, die Besch\u00e4ftigten der Eingliederungshilfe beim geplanten Corona-Bonus f\u00fcr Pflegekr\u00e4fte 2022 zu ber\u00fccksichtigen. 2020 und 2021 wurden die Besch\u00e4ftigten in Wohnst\u00e4tten, Werkst\u00e4tten, Tagesf\u00f6rderst\u00e4tten und Fr\u00fchf\u00f6rderstellen beim Corona-Pflege-Bonus vergessen.\" \/>\n<meta property=\"og:url\" content=\"https:\/\/lebenshilfe-dillenburg.de\/leicht\/politik-reagiert-auf-bonus-forderungen\/\" \/>\n<meta property=\"og:site_name\" content=\"Lebenshilfe Dillenburg e.V.\" \/>\n<meta property=\"article:publisher\" content=\"https:\/\/www.facebook.com\/lebenshilfedillenburg\/\" \/>\n<meta property=\"article:published_time\" content=\"2022-01-19T09:32:01+00:00\" \/>\n<meta property=\"article:modified_time\" content=\"2026-01-30T11:09:38+00:00\" \/>\n<meta property=\"og:image\" content=\"https:\/\/lebenshilfe-dillenburg.de\/wp-content\/uploads\/img-9060-scaled-4.jpg\" \/>\n\t<meta property=\"og:image:width\" content=\"2560\" \/>\n\t<meta property=\"og:image:height\" content=\"1843\" \/>\n\t<meta property=\"og:image:type\" content=\"image\/jpeg\" \/>\n<meta name=\"author\" content=\"Conny Holtfoth\" \/>\n<meta name=\"twitter:card\" content=\"summary_large_image\" \/>\n<meta name=\"twitter:label1\" content=\"Geschrieben von\" \/>\n\t<meta name=\"twitter:data1\" content=\"Conny Holtfoth\" \/>\n\t<meta name=\"twitter:label2\" content=\"Gesch\u00e4tzte Lesezeit\" \/>\n\t<meta name=\"twitter:data2\" content=\"2\u00a0Minuten\" \/>\n<script type=\"application\/ld+json\" class=\"yoast-schema-graph\">{\"@context\":\"https:\\\/\\\/schema.org\",\"@graph\":[{\"@type\":\"Article\",\"@id\":\"https:\\\/\\\/lebenshilfe-dillenburg.de\\\/leicht\\\/politik-reagiert-auf-bonus-forderungen\\\/#article\",\"isPartOf\":{\"@id\":\"https:\\\/\\\/lebenshilfe-dillenburg.de\\\/leicht\\\/politik-reagiert-auf-bonus-forderungen\\\/\"},\"author\":{\"name\":\"Conny Holtfoth\",\"@id\":\"https:\\\/\\\/lebenshilfe-dillenburg.de\\\/leicht\\\/#\\\/schema\\\/person\\\/b6c52dad8d881b49213c3345a7cd5efe\"},\"headline\":\"Politik reagiert auf Bonus-Forderungen\",\"datePublished\":\"2022-01-19T09:32:01+00:00\",\"dateModified\":\"2026-01-30T11:09:38+00:00\",\"mainEntityOfPage\":{\"@id\":\"https:\\\/\\\/lebenshilfe-dillenburg.de\\\/leicht\\\/politik-reagiert-auf-bonus-forderungen\\\/\"},\"wordCount\":336,\"publisher\":{\"@id\":\"https:\\\/\\\/lebenshilfe-dillenburg.de\\\/leicht\\\/#organization\"},\"image\":{\"@id\":\"https:\\\/\\\/lebenshilfe-dillenburg.de\\\/leicht\\\/politik-reagiert-auf-bonus-forderungen\\\/#primaryimage\"},\"thumbnailUrl\":\"https:\\\/\\\/lebenshilfe-dillenburg.de\\\/wp-content\\\/uploads\\\/pandemie-anfaenge-schutzanzug-wohnheim-teamfoto.jpg\",\"articleSection\":[\"Aktuelles\"],\"inLanguage\":\"de\"},{\"@type\":\"WebPage\",\"@id\":\"https:\\\/\\\/lebenshilfe-dillenburg.de\\\/leicht\\\/politik-reagiert-auf-bonus-forderungen\\\/\",\"url\":\"https:\\\/\\\/lebenshilfe-dillenburg.de\\\/leicht\\\/politik-reagiert-auf-bonus-forderungen\\\/\",\"name\":\"Politik reagiert auf Bonus-Forderungen - Lebenshilfe Dillenburg e.V.\",\"isPartOf\":{\"@id\":\"https:\\\/\\\/lebenshilfe-dillenburg.de\\\/leicht\\\/#website\"},\"primaryImageOfPage\":{\"@id\":\"https:\\\/\\\/lebenshilfe-dillenburg.de\\\/leicht\\\/politik-reagiert-auf-bonus-forderungen\\\/#primaryimage\"},\"image\":{\"@id\":\"https:\\\/\\\/lebenshilfe-dillenburg.de\\\/leicht\\\/politik-reagiert-auf-bonus-forderungen\\\/#primaryimage\"},\"thumbnailUrl\":\"https:\\\/\\\/lebenshilfe-dillenburg.de\\\/wp-content\\\/uploads\\\/pandemie-anfaenge-schutzanzug-wohnheim-teamfoto.jpg\",\"datePublished\":\"2022-01-19T09:32:01+00:00\",\"dateModified\":\"2026-01-30T11:09:38+00:00\",\"breadcrumb\":{\"@id\":\"https:\\\/\\\/lebenshilfe-dillenburg.de\\\/leicht\\\/politik-reagiert-auf-bonus-forderungen\\\/#breadcrumb\"},\"inLanguage\":\"de\",\"potentialAction\":[{\"@type\":\"ReadAction\",\"target\":[\"https:\\\/\\\/lebenshilfe-dillenburg.de\\\/leicht\\\/politik-reagiert-auf-bonus-forderungen\\\/\"]}]},{\"@type\":\"ImageObject\",\"inLanguage\":\"de\",\"@id\":\"https:\\\/\\\/lebenshilfe-dillenburg.de\\\/leicht\\\/politik-reagiert-auf-bonus-forderungen\\\/#primaryimage\",\"url\":\"https:\\\/\\\/lebenshilfe-dillenburg.de\\\/wp-content\\\/uploads\\\/pandemie-anfaenge-schutzanzug-wohnheim-teamfoto.jpg\",\"contentUrl\":\"https:\\\/\\\/lebenshilfe-dillenburg.de\\\/wp-content\\\/uploads\\\/pandemie-anfaenge-schutzanzug-wohnheim-teamfoto.jpg\",\"width\":1500,\"height\":1080,\"caption\":\"Ein Bild aus den Anfangszeiten der Pandemie: Lebenshilfe-Hauptamtliche trugen damals nach dem Corona-Ausbruch im Wohnheim Niederscheld Ganzk\u00f6rperschutzmontur.\"},{\"@type\":\"BreadcrumbList\",\"@id\":\"https:\\\/\\\/lebenshilfe-dillenburg.de\\\/leicht\\\/politik-reagiert-auf-bonus-forderungen\\\/#breadcrumb\",\"itemListElement\":[{\"@type\":\"ListItem\",\"position\":1,\"name\":\"Startseite der Lebenshilfe Dillenburg\",\"item\":\"https:\\\/\\\/lebenshilfe-dillenburg.de\\\/leicht\\\/\"},{\"@type\":\"ListItem\",\"position\":2,\"name\":\"Politik reagiert auf Bonus-Forderungen\"}]},{\"@type\":\"WebSite\",\"@id\":\"https:\\\/\\\/lebenshilfe-dillenburg.de\\\/leicht\\\/#website\",\"url\":\"https:\\\/\\\/lebenshilfe-dillenburg.de\\\/leicht\\\/\",\"name\":\"Lebenshilfe Dillenburg \u2013 Teilhabe & Unterst\u00fctzung im Lahn-Dill-Kreis\",\"description\":\"\",\"publisher\":{\"@id\":\"https:\\\/\\\/lebenshilfe-dillenburg.de\\\/leicht\\\/#organization\"},\"potentialAction\":[{\"@type\":\"SearchAction\",\"target\":{\"@type\":\"EntryPoint\",\"urlTemplate\":\"https:\\\/\\\/lebenshilfe-dillenburg.de\\\/leicht\\\/?s={search_term_string}\"},\"query-input\":{\"@type\":\"PropertyValueSpecification\",\"valueRequired\":true,\"valueName\":\"search_term_string\"}}],\"inLanguage\":\"de\"},{\"@type\":\"Organization\",\"@id\":\"https:\\\/\\\/lebenshilfe-dillenburg.de\\\/leicht\\\/#organization\",\"name\":\"Lebenshilfe Dillenburg e.V.\",\"url\":\"https:\\\/\\\/lebenshilfe-dillenburg.de\\\/leicht\\\/\",\"logo\":{\"@type\":\"ImageObject\",\"inLanguage\":\"de\",\"@id\":\"https:\\\/\\\/lebenshilfe-dillenburg.de\\\/leicht\\\/#\\\/schema\\\/logo\\\/image\\\/\",\"url\":\"https:\\\/\\\/lebenshilfe-dillenburg.de\\\/wp-content\\\/uploads\\\/lebenshilfe-dillenburg-desktop.webp\",\"contentUrl\":\"https:\\\/\\\/lebenshilfe-dillenburg.de\\\/wp-content\\\/uploads\\\/lebenshilfe-dillenburg-desktop.webp\",\"width\":461,\"height\":202,\"caption\":\"Lebenshilfe Dillenburg e.V.\"},\"image\":{\"@id\":\"https:\\\/\\\/lebenshilfe-dillenburg.de\\\/leicht\\\/#\\\/schema\\\/logo\\\/image\\\/\"},\"sameAs\":[\"https:\\\/\\\/www.facebook.com\\\/lebenshilfedillenburg\\\/\",\"https:\\\/\\\/www.instagram.com\\\/lebenshilfe_dillenburg\\\/\"]},{\"@type\":\"Person\",\"@id\":\"https:\\\/\\\/lebenshilfe-dillenburg.de\\\/leicht\\\/#\\\/schema\\\/person\\\/b6c52dad8d881b49213c3345a7cd5efe\",\"name\":\"Conny Holtfoth\",\"sameAs\":[\"http:\\\/\\\/lebenshilfe-dillenburg.de\"],\"url\":\"https:\\\/\\\/lebenshilfe-dillenburg.de\\\/leicht\\\/author\\\/conny\\\/\"}]}<\/script>\n<!-- \/ Yoast SEO plugin. -->","yoast_head_json":{"title":"Politik reagiert auf Bonus-Forderungen - Lebenshilfe Dillenburg e.V.","robots":{"index":"index","follow":"follow","max-snippet":"max-snippet:-1","max-image-preview":"max-image-preview:large","max-video-preview":"max-video-preview:-1"},"canonical":"https:\/\/lebenshilfe-dillenburg.de\/leicht\/politik-reagiert-auf-bonus-forderungen\/","og_locale":"de_DE","og_type":"article","og_title":"Politik reagiert auf Bonus-Forderungen - Lebenshilfe Dillenburg e.V.","og_description":"Ende Dezember 2021 haben die Vorst\u00e4nde und Gesch\u00e4ftsf\u00fchrungen der mittelhessischen Lebenshilfen an die Bundespolitik appelliert, die Besch\u00e4ftigten der Eingliederungshilfe beim geplanten Corona-Bonus f\u00fcr Pflegekr\u00e4fte 2022 zu ber\u00fccksichtigen. 2020 und 2021 wurden die Besch\u00e4ftigten in Wohnst\u00e4tten, Werkst\u00e4tten, Tagesf\u00f6rderst\u00e4tten und Fr\u00fchf\u00f6rderstellen beim Corona-Pflege-Bonus vergessen.","og_url":"https:\/\/lebenshilfe-dillenburg.de\/leicht\/politik-reagiert-auf-bonus-forderungen\/","og_site_name":"Lebenshilfe Dillenburg e.V.","article_publisher":"https:\/\/www.facebook.com\/lebenshilfedillenburg\/","article_published_time":"2022-01-19T09:32:01+00:00","article_modified_time":"2026-01-30T11:09:38+00:00","og_image":[{"width":2560,"height":1843,"url":"https:\/\/lebenshilfe-dillenburg.de\/wp-content\/uploads\/img-9060-scaled-4.jpg","type":"image\/jpeg"}],"author":"Conny Holtfoth","twitter_card":"summary_large_image","twitter_misc":{"Geschrieben von":"Conny Holtfoth","Gesch\u00e4tzte Lesezeit":"2\u00a0Minuten"},"schema":{"@context":"https:\/\/schema.org","@graph":[{"@type":"Article","@id":"https:\/\/lebenshilfe-dillenburg.de\/leicht\/politik-reagiert-auf-bonus-forderungen\/#article","isPartOf":{"@id":"https:\/\/lebenshilfe-dillenburg.de\/leicht\/politik-reagiert-auf-bonus-forderungen\/"},"author":{"name":"Conny Holtfoth","@id":"https:\/\/lebenshilfe-dillenburg.de\/leicht\/#\/schema\/person\/b6c52dad8d881b49213c3345a7cd5efe"},"headline":"Politik reagiert auf Bonus-Forderungen","datePublished":"2022-01-19T09:32:01+00:00","dateModified":"2026-01-30T11:09:38+00:00","mainEntityOfPage":{"@id":"https:\/\/lebenshilfe-dillenburg.de\/leicht\/politik-reagiert-auf-bonus-forderungen\/"},"wordCount":336,"publisher":{"@id":"https:\/\/lebenshilfe-dillenburg.de\/leicht\/#organization"},"image":{"@id":"https:\/\/lebenshilfe-dillenburg.de\/leicht\/politik-reagiert-auf-bonus-forderungen\/#primaryimage"},"thumbnailUrl":"https:\/\/lebenshilfe-dillenburg.de\/wp-content\/uploads\/pandemie-anfaenge-schutzanzug-wohnheim-teamfoto.jpg","articleSection":["Aktuelles"],"inLanguage":"de"},{"@type":"WebPage","@id":"https:\/\/lebenshilfe-dillenburg.de\/leicht\/politik-reagiert-auf-bonus-forderungen\/","url":"https:\/\/lebenshilfe-dillenburg.de\/leicht\/politik-reagiert-auf-bonus-forderungen\/","name":"Politik reagiert auf Bonus-Forderungen - Lebenshilfe Dillenburg e.V.","isPartOf":{"@id":"https:\/\/lebenshilfe-dillenburg.de\/leicht\/#website"},"primaryImageOfPage":{"@id":"https:\/\/lebenshilfe-dillenburg.de\/leicht\/politik-reagiert-auf-bonus-forderungen\/#primaryimage"},"image":{"@id":"https:\/\/lebenshilfe-dillenburg.de\/leicht\/politik-reagiert-auf-bonus-forderungen\/#primaryimage"},"thumbnailUrl":"https:\/\/lebenshilfe-dillenburg.de\/wp-content\/uploads\/pandemie-anfaenge-schutzanzug-wohnheim-teamfoto.jpg","datePublished":"2022-01-19T09:32:01+00:00","dateModified":"2026-01-30T11:09:38+00:00","breadcrumb":{"@id":"https:\/\/lebenshilfe-dillenburg.de\/leicht\/politik-reagiert-auf-bonus-forderungen\/#breadcrumb"},"inLanguage":"de","potentialAction":[{"@type":"ReadAction","target":["https:\/\/lebenshilfe-dillenburg.de\/leicht\/politik-reagiert-auf-bonus-forderungen\/"]}]},{"@type":"ImageObject","inLanguage":"de","@id":"https:\/\/lebenshilfe-dillenburg.de\/leicht\/politik-reagiert-auf-bonus-forderungen\/#primaryimage","url":"https:\/\/lebenshilfe-dillenburg.de\/wp-content\/uploads\/pandemie-anfaenge-schutzanzug-wohnheim-teamfoto.jpg","contentUrl":"https:\/\/lebenshilfe-dillenburg.de\/wp-content\/uploads\/pandemie-anfaenge-schutzanzug-wohnheim-teamfoto.jpg","width":1500,"height":1080,"caption":"Ein Bild aus den Anfangszeiten der Pandemie: Lebenshilfe-Hauptamtliche trugen damals nach dem Corona-Ausbruch im Wohnheim Niederscheld Ganzk\u00f6rperschutzmontur."},{"@type":"BreadcrumbList","@id":"https:\/\/lebenshilfe-dillenburg.de\/leicht\/politik-reagiert-auf-bonus-forderungen\/#breadcrumb","itemListElement":[{"@type":"ListItem","position":1,"name":"Startseite der Lebenshilfe Dillenburg","item":"https:\/\/lebenshilfe-dillenburg.de\/leicht\/"},{"@type":"ListItem","position":2,"name":"Politik reagiert auf Bonus-Forderungen"}]},{"@type":"WebSite","@id":"https:\/\/lebenshilfe-dillenburg.de\/leicht\/#website","url":"https:\/\/lebenshilfe-dillenburg.de\/leicht\/","name":"Lebenshilfe Dillenburg \u2013 Teilhabe & Unterst\u00fctzung im Lahn-Dill-Kreis","description":"","publisher":{"@id":"https:\/\/lebenshilfe-dillenburg.de\/leicht\/#organization"},"potentialAction":[{"@type":"SearchAction","target":{"@type":"EntryPoint","urlTemplate":"https:\/\/lebenshilfe-dillenburg.de\/leicht\/?s={search_term_string}"},"query-input":{"@type":"PropertyValueSpecification","valueRequired":true,"valueName":"search_term_string"}}],"inLanguage":"de"},{"@type":"Organization","@id":"https:\/\/lebenshilfe-dillenburg.de\/leicht\/#organization","name":"Lebenshilfe Dillenburg e.V.","url":"https:\/\/lebenshilfe-dillenburg.de\/leicht\/","logo":{"@type":"ImageObject","inLanguage":"de","@id":"https:\/\/lebenshilfe-dillenburg.de\/leicht\/#\/schema\/logo\/image\/","url":"https:\/\/lebenshilfe-dillenburg.de\/wp-content\/uploads\/lebenshilfe-dillenburg-desktop.webp","contentUrl":"https:\/\/lebenshilfe-dillenburg.de\/wp-content\/uploads\/lebenshilfe-dillenburg-desktop.webp","width":461,"height":202,"caption":"Lebenshilfe Dillenburg e.V."},"image":{"@id":"https:\/\/lebenshilfe-dillenburg.de\/leicht\/#\/schema\/logo\/image\/"},"sameAs":["https:\/\/www.facebook.com\/lebenshilfedillenburg\/","https:\/\/www.instagram.com\/lebenshilfe_dillenburg\/"]},{"@type":"Person","@id":"https:\/\/lebenshilfe-dillenburg.de\/leicht\/#\/schema\/person\/b6c52dad8d881b49213c3345a7cd5efe","name":"Conny Holtfoth","sameAs":["http:\/\/lebenshilfe-dillenburg.de"],"url":"https:\/\/lebenshilfe-dillenburg.de\/leicht\/author\/conny\/"}]}},"taxonomy_info":{"category":[{"value":52,"label":"Aktuelles"}]},"featured_image_src_large":["https:\/\/lebenshilfe-dillenburg.de\/wp-content\/uploads\/pandemie-anfaenge-schutzanzug-wohnheim-teamfoto-1920x1382.jpg",1366,983,true],"author_info":{"display_name":"Conny Holtfoth","author_link":"https:\/\/lebenshilfe-dillenburg.de\/leicht\/author\/conny\/"},"comment_info":0,"category_info":[{"term_id":52,"name":"Aktuelles","slug":"aktuelles","term_group":0,"term_taxonomy_id":52,"taxonomy":"category","description":"","parent":0,"count":22,"filter":"raw","term_order":"4","cat_ID":52,"category_count":22,"category_description":"","cat_name":"Aktuelles","category_nicename":"aktuelles","category_parent":0}],"tag_info":false,"_links":{"self":[{"href":"https:\/\/lebenshilfe-dillenburg.de\/leicht\/wp-json\/wp\/v2\/posts\/7385","targetHints":{"allow":["GET"]}}],"collection":[{"href":"https:\/\/lebenshilfe-dillenburg.de\/leicht\/wp-json\/wp\/v2\/posts"}],"about":[{"href":"https:\/\/lebenshilfe-dillenburg.de\/leicht\/wp-json\/wp\/v2\/types\/post"}],"author":[{"embeddable":true,"href":"https:\/\/lebenshilfe-dillenburg.de\/leicht\/wp-json\/wp\/v2\/users\/4"}],"replies":[{"embeddable":true,"href":"https:\/\/lebenshilfe-dillenburg.de\/leicht\/wp-json\/wp\/v2\/comments?post=7385"}],"version-history":[{"count":0,"href":"https:\/\/lebenshilfe-dillenburg.de\/leicht\/wp-json\/wp\/v2\/posts\/7385\/revisions"}],"wp:featuredmedia":[{"embeddable":true,"href":"https:\/\/lebenshilfe-dillenburg.de\/leicht\/wp-json\/wp\/v2\/media\/7400"}],"wp:attachment":[{"href":"https:\/\/lebenshilfe-dillenburg.de\/leicht\/wp-json\/wp\/v2\/media?parent=7385"}],"wp:term":[{"taxonomy":"category","embeddable":true,"href":"https:\/\/lebenshilfe-dillenburg.de\/leicht\/wp-json\/wp\/v2\/categories?post=7385"},{"taxonomy":"post_tag","embeddable":true,"href":"https:\/\/lebenshilfe-dillenburg.de\/leicht\/wp-json\/wp\/v2\/tags?post=7385"}],"curies":[{"name":"wp","href":"https:\/\/api.w.org\/{rel}","templated":true}]}}