{"id":7386,"date":"2022-02-21T10:42:18","date_gmt":"2022-02-21T09:42:18","guid":{"rendered":"https:\/\/www.lebenshilfe-dillenburg.de\/?p=3563"},"modified":"2026-01-30T12:09:38","modified_gmt":"2026-01-30T11:09:38","slug":"40-jahre-lang-daheim-in-niederscheld","status":"publish","type":"post","link":"https:\/\/lebenshilfe-dillenburg.de\/leicht\/40-jahre-lang-daheim-in-niederscheld\/","title":{"rendered":"40 Jahre lang daheim in Niederscheld"},"content":{"rendered":"<p>\u201eHans, das warst du! Schau mal.\u201c Hans Kessler blickt auf den Zeitungsausschnitt, strahlt \u00fcber das ganze Gesicht und deutet mit der rechten Hand auf sich. Dann zeigt er auf eine andere Person auf dem Schwarz-Wei\u00df-Foto. \u201eDiddi.\u201c Damit ist Grita Strathmann gemeint. Beide leben nun schon seit 40 Jahren im Lebenshilfe-Wohnhaus in Niederscheld.<!--more--><\/p>\n<p>Der 17. Februar 1982: Er\u00f6ffnung der ersten station\u00e4ren Wohneinrichtung der Lebenshilfe Dillenburg am Standort Niederscheld. Zwei Bewohner der ersten Stunde: der heute 77-j\u00e4hrige Hans Kessler und die heute 60-j\u00e4hrige Grita Strathmann. \u201eEs ist schon etwas Besonderes f\u00fcr uns, dass wir Menschen mit Behinderungen \u00fcber einen so langen Zeitraum ein Zuhause sein k\u00f6nnen\u201c, sagt Einrichtungsleiter Bernd Kaiser w\u00e4hrend einer kleinen Feier zu diesem Anlass.<\/p>\n<p>Luftballons mit der 40 zieren den gedeckten Kaffeetisch, die 40 prangt auch auf den Ketten, die Hans Kessler und Grita Strathmann um den Hals tragen. Dazu gibt es noch Geschenke: ein gerahmtes Foto der beiden aus alten Zeiten und einen Strau\u00df Blumen f\u00fcr beide. Und Waffeln f\u00fcr alle Bewohnerinnen und Bewohner. Ausgelegte Fotob\u00fccher erinnern an die gemeinsame Geschichte der beiden Menschen mit Behinderung, die gleichzeitig f\u00fcr die Geschichte des Wohnbereichs der Lebenshilfe Dillenburg steht.<\/p>\n<p>Den Anfang machte damals das Wohnhaus Niederscheld, es folgten die Standorte Manderbach, In den Thalen, Simmersbach und Haiger. Heute betreut die Lebenshilfe im station\u00e4ren Wohnbereich 121 Menschen mit Behinderung, dar\u00fcber hinaus 13 Menschen in der Wohnform des station\u00e4r begleiteten Wohnens und 120 im Betreuten Wohnen. Weitere f\u00fcnf Personen werden im Rahmen des sogenannten Begleiteten Wohnens in Familien betreut. Hans Kessler und Grita Strathmann sind auf station\u00e4re Betreuung angewiesen. Kessler war einst ein drahtiger Kerl, h\u00e4ufig sehr impulsiv, heute ist er \u201eein Sonnenschein\u201c im Rollstuhl. Kesslers Wortschatz besteht seit jeher aus Fantasiew\u00f6rtern, zu deren \u00dcbersetzung eine Mitarbeiterin einst ein eigenes W\u00f6rterbuch erstellt hat. Auch Strathmann sitzt im Rollstuhl. Sie ist geh\u00f6rlos und hat eine angeborene Verk\u00fcrzung der Arme. Kessler und Strathmann verbindet seit jeher eine enge Freundschaft.<\/p>\n<div id='gallery-1' class='gallery galleryid-7386 gallery-columns-3 gallery-size-thumbnail'><figure class='gallery-item'>\n\t\t\t<div class='gallery-icon portrait'>\n\t\t\t\t<a href='https:\/\/lebenshilfe-dillenburg.de\/leicht\/40-jahre-lang-daheim-in-niederscheld\/img-4266\/'><img loading=\"lazy\" decoding=\"async\" width=\"150\" height=\"150\" src=\"https:\/\/lebenshilfe-dillenburg.de\/wp-content\/uploads\/pflegeheim-erinnerungen-fotoalbum-maske-150x150.jpg\" class=\"attachment-thumbnail size-thumbnail\" alt=\"Bewohner im Pflegeheim schaut mit Besuchern ins Fotoalbum, gemeinsame Erinnerungen trotz Maske.\" \/><\/a>\n\t\t\t<\/div><\/figure><figure class='gallery-item'>\n\t\t\t<div class='gallery-icon landscape'>\n\t\t\t\t<a href='https:\/\/lebenshilfe-dillenburg.de\/leicht\/40-jahre-lang-daheim-in-niederscheld\/img-4268\/'><img loading=\"lazy\" decoding=\"async\" width=\"150\" height=\"150\" src=\"https:\/\/lebenshilfe-dillenburg.de\/wp-content\/uploads\/senior-und-pflegekraft-fotoalbum-am-tisch-150x150.jpg\" class=\"attachment-thumbnail size-thumbnail\" alt=\"Pflegekraft zeigt Senior im Fotoalbum Erinnerungen am Tisch im Pflegeheim.\" \/><\/a>\n\t\t\t<\/div><\/figure><figure class='gallery-item'>\n\t\t\t<div class='gallery-icon landscape'>\n\t\t\t\t<a href='https:\/\/lebenshilfe-dillenburg.de\/leicht\/40-jahre-lang-daheim-in-niederscheld\/img-4273\/'><img loading=\"lazy\" decoding=\"async\" width=\"150\" height=\"150\" src=\"https:\/\/lebenshilfe-dillenburg.de\/wp-content\/uploads\/pflegeheim-bewohner-lachen-mit-pflegerin-am-tisch-150x150.jpg\" class=\"attachment-thumbnail size-thumbnail\" alt=\"Lachende Senioren im Pflegeheim am Tisch mit Pflegerin und Fr\u00fchlingsblumen.\" \/><\/a>\n\t\t\t<\/div><\/figure><figure class='gallery-item'>\n\t\t\t<div class='gallery-icon portrait'>\n\t\t\t\t<a href='https:\/\/lebenshilfe-dillenburg.de\/leicht\/40-jahre-lang-daheim-in-niederscheld\/img-4291-2\/'><img loading=\"lazy\" decoding=\"async\" width=\"150\" height=\"150\" src=\"https:\/\/lebenshilfe-dillenburg.de\/wp-content\/uploads\/90-geburtstag-waffel-mit-sahne-und-fruchtsosse-150x150.jpg\" class=\"attachment-thumbnail size-thumbnail\" alt=\"Fr\u00f6hlicher Mann mit 90er-Badge isst Waffel mit Sahne und Fruchtso\u00dfe am Tisch.\" \/><\/a>\n\t\t\t<\/div><\/figure>\n\t\t<\/div>\n\n","protected":false},"excerpt":{"rendered":"<p>\u201eHans, das warst du! Schau mal.\u201c Hans Kessler blickt auf den Zeitungsausschnitt, strahlt \u00fcber das ganze Gesicht und deutet mit der rechten Hand auf sich. Dann zeigt er auf eine andere Person auf dem Schwarz-Wei\u00df-Foto. \u201eDiddi.\u201c Damit ist Grita Strathmann gemeint. Beide leben nun schon seit 40 Jahren im Lebenshilfe-Wohnhaus in Niederscheld.<\/p>\n","protected":false},"author":4,"featured_media":7402,"comment_status":"closed","ping_status":"closed","sticky":false,"template":"","format":"standard","meta":{"_acf_changed":false,"_gspb_post_css":"","_kad_blocks_custom_css":"","_kad_blocks_head_custom_js":"","_kad_blocks_body_custom_js":"","_kad_blocks_footer_custom_js":"","_kad_post_transparent":"","_kad_post_title":"","_kad_post_layout":"","_kad_post_sidebar_id":"","_kad_post_content_style":"","_kad_post_vertical_padding":"","_kad_post_feature":"","_kad_post_feature_position":"","_kad_post_header":false,"_kad_post_footer":false,"_kad_post_classname":"","footnotes":""},"categories":[53],"tags":[],"class_list":["post-7386","post","type-post","status-publish","format-standard","has-post-thumbnail","hentry","category-meldungen"],"acf":[],"yoast_head":"<!-- This site is optimized with the Yoast SEO plugin v27.5 - https:\/\/yoast.com\/product\/yoast-seo-wordpress\/ -->\n<title>40 Jahre lang daheim in Niederscheld - Lebenshilfe Dillenburg e.V.<\/title>\n<meta name=\"robots\" content=\"index, follow, max-snippet:-1, max-image-preview:large, max-video-preview:-1\" \/>\n<link rel=\"canonical\" href=\"https:\/\/lebenshilfe-dillenburg.de\/leicht\/40-jahre-lang-daheim-in-niederscheld\/\" \/>\n<meta property=\"og:locale\" content=\"de_DE\" \/>\n<meta property=\"og:type\" content=\"article\" \/>\n<meta property=\"og:title\" content=\"40 Jahre lang daheim in Niederscheld - Lebenshilfe Dillenburg e.V.\" \/>\n<meta property=\"og:description\" content=\"\u201eHans, das warst du! Schau mal.\u201c Hans Kessler blickt auf den Zeitungsausschnitt, strahlt \u00fcber das ganze Gesicht und deutet mit der rechten Hand auf sich. Dann zeigt er auf eine andere Person auf dem Schwarz-Wei\u00df-Foto. \u201eDiddi.\u201c Damit ist Grita Strathmann gemeint. Beide leben nun schon seit 40 Jahren im Lebenshilfe-Wohnhaus in Niederscheld.\" \/>\n<meta property=\"og:url\" content=\"https:\/\/lebenshilfe-dillenburg.de\/leicht\/40-jahre-lang-daheim-in-niederscheld\/\" \/>\n<meta property=\"og:site_name\" content=\"Lebenshilfe Dillenburg e.V.\" \/>\n<meta property=\"article:publisher\" content=\"https:\/\/www.facebook.com\/lebenshilfedillenburg\/\" \/>\n<meta property=\"article:published_time\" content=\"2022-02-21T09:42:18+00:00\" \/>\n<meta property=\"article:modified_time\" content=\"2026-01-30T11:09:38+00:00\" \/>\n<meta property=\"og:image\" content=\"https:\/\/lebenshilfe-dillenburg.de\/wp-content\/uploads\/40-jahre-lang-daheim-in-niederscheld-img-4286-scaled-3.jpg\" \/>\n\t<meta property=\"og:image:width\" content=\"2560\" \/>\n\t<meta property=\"og:image:height\" content=\"1707\" \/>\n\t<meta property=\"og:image:type\" content=\"image\/jpeg\" \/>\n<meta name=\"author\" content=\"Conny Holtfoth\" \/>\n<meta name=\"twitter:card\" content=\"summary_large_image\" \/>\n<meta name=\"twitter:label1\" content=\"Geschrieben von\" \/>\n\t<meta name=\"twitter:data1\" content=\"Conny Holtfoth\" \/>\n\t<meta name=\"twitter:label2\" content=\"Gesch\u00e4tzte Lesezeit\" \/>\n\t<meta name=\"twitter:data2\" content=\"2\u00a0Minuten\" \/>\n<script type=\"application\/ld+json\" class=\"yoast-schema-graph\">{\"@context\":\"https:\\\/\\\/schema.org\",\"@graph\":[{\"@type\":\"Article\",\"@id\":\"https:\\\/\\\/lebenshilfe-dillenburg.de\\\/leicht\\\/40-jahre-lang-daheim-in-niederscheld\\\/#article\",\"isPartOf\":{\"@id\":\"https:\\\/\\\/lebenshilfe-dillenburg.de\\\/leicht\\\/40-jahre-lang-daheim-in-niederscheld\\\/\"},\"author\":{\"name\":\"Conny Holtfoth\",\"@id\":\"https:\\\/\\\/lebenshilfe-dillenburg.de\\\/leicht\\\/#\\\/schema\\\/person\\\/b6c52dad8d881b49213c3345a7cd5efe\"},\"headline\":\"40 Jahre lang daheim in Niederscheld\",\"datePublished\":\"2022-02-21T09:42:18+00:00\",\"dateModified\":\"2026-01-30T11:09:38+00:00\",\"mainEntityOfPage\":{\"@id\":\"https:\\\/\\\/lebenshilfe-dillenburg.de\\\/leicht\\\/40-jahre-lang-daheim-in-niederscheld\\\/\"},\"wordCount\":336,\"publisher\":{\"@id\":\"https:\\\/\\\/lebenshilfe-dillenburg.de\\\/leicht\\\/#organization\"},\"image\":{\"@id\":\"https:\\\/\\\/lebenshilfe-dillenburg.de\\\/leicht\\\/40-jahre-lang-daheim-in-niederscheld\\\/#primaryimage\"},\"thumbnailUrl\":\"https:\\\/\\\/lebenshilfe-dillenburg.de\\\/wp-content\\\/uploads\\\/jubilaeum-senioren-geschenke-feier.jpg\",\"articleSection\":[\"Meldungen\"],\"inLanguage\":\"de\"},{\"@type\":\"WebPage\",\"@id\":\"https:\\\/\\\/lebenshilfe-dillenburg.de\\\/leicht\\\/40-jahre-lang-daheim-in-niederscheld\\\/\",\"url\":\"https:\\\/\\\/lebenshilfe-dillenburg.de\\\/leicht\\\/40-jahre-lang-daheim-in-niederscheld\\\/\",\"name\":\"40 Jahre lang daheim in Niederscheld - Lebenshilfe Dillenburg e.V.\",\"isPartOf\":{\"@id\":\"https:\\\/\\\/lebenshilfe-dillenburg.de\\\/leicht\\\/#website\"},\"primaryImageOfPage\":{\"@id\":\"https:\\\/\\\/lebenshilfe-dillenburg.de\\\/leicht\\\/40-jahre-lang-daheim-in-niederscheld\\\/#primaryimage\"},\"image\":{\"@id\":\"https:\\\/\\\/lebenshilfe-dillenburg.de\\\/leicht\\\/40-jahre-lang-daheim-in-niederscheld\\\/#primaryimage\"},\"thumbnailUrl\":\"https:\\\/\\\/lebenshilfe-dillenburg.de\\\/wp-content\\\/uploads\\\/jubilaeum-senioren-geschenke-feier.jpg\",\"datePublished\":\"2022-02-21T09:42:18+00:00\",\"dateModified\":\"2026-01-30T11:09:38+00:00\",\"breadcrumb\":{\"@id\":\"https:\\\/\\\/lebenshilfe-dillenburg.de\\\/leicht\\\/40-jahre-lang-daheim-in-niederscheld\\\/#breadcrumb\"},\"inLanguage\":\"de\",\"potentialAction\":[{\"@type\":\"ReadAction\",\"target\":[\"https:\\\/\\\/lebenshilfe-dillenburg.de\\\/leicht\\\/40-jahre-lang-daheim-in-niederscheld\\\/\"]}]},{\"@type\":\"ImageObject\",\"inLanguage\":\"de\",\"@id\":\"https:\\\/\\\/lebenshilfe-dillenburg.de\\\/leicht\\\/40-jahre-lang-daheim-in-niederscheld\\\/#primaryimage\",\"url\":\"https:\\\/\\\/lebenshilfe-dillenburg.de\\\/wp-content\\\/uploads\\\/jubilaeum-senioren-geschenke-feier.jpg\",\"contentUrl\":\"https:\\\/\\\/lebenshilfe-dillenburg.de\\\/wp-content\\\/uploads\\\/jubilaeum-senioren-geschenke-feier.jpg\",\"width\":1500,\"height\":1000,\"caption\":\"Grita Strathmann (vorne links) und Hans Kessler (vorne rechts) erhalten Geschenke von Einrichtungsleiter Bernd Kaiser und Wohnbereichsleitung Tanja Rockens\u00fc\u00df. (Foto: Holtfoth)\"},{\"@type\":\"BreadcrumbList\",\"@id\":\"https:\\\/\\\/lebenshilfe-dillenburg.de\\\/leicht\\\/40-jahre-lang-daheim-in-niederscheld\\\/#breadcrumb\",\"itemListElement\":[{\"@type\":\"ListItem\",\"position\":1,\"name\":\"Startseite der Lebenshilfe Dillenburg\",\"item\":\"https:\\\/\\\/lebenshilfe-dillenburg.de\\\/leicht\\\/\"},{\"@type\":\"ListItem\",\"position\":2,\"name\":\"40 Jahre lang daheim in Niederscheld\"}]},{\"@type\":\"WebSite\",\"@id\":\"https:\\\/\\\/lebenshilfe-dillenburg.de\\\/leicht\\\/#website\",\"url\":\"https:\\\/\\\/lebenshilfe-dillenburg.de\\\/leicht\\\/\",\"name\":\"Lebenshilfe Dillenburg \u2013 Teilhabe & Unterst\u00fctzung im Lahn-Dill-Kreis\",\"description\":\"\",\"publisher\":{\"@id\":\"https:\\\/\\\/lebenshilfe-dillenburg.de\\\/leicht\\\/#organization\"},\"potentialAction\":[{\"@type\":\"SearchAction\",\"target\":{\"@type\":\"EntryPoint\",\"urlTemplate\":\"https:\\\/\\\/lebenshilfe-dillenburg.de\\\/leicht\\\/?s={search_term_string}\"},\"query-input\":{\"@type\":\"PropertyValueSpecification\",\"valueRequired\":true,\"valueName\":\"search_term_string\"}}],\"inLanguage\":\"de\"},{\"@type\":\"Organization\",\"@id\":\"https:\\\/\\\/lebenshilfe-dillenburg.de\\\/leicht\\\/#organization\",\"name\":\"Lebenshilfe Dillenburg e.V.\",\"url\":\"https:\\\/\\\/lebenshilfe-dillenburg.de\\\/leicht\\\/\",\"logo\":{\"@type\":\"ImageObject\",\"inLanguage\":\"de\",\"@id\":\"https:\\\/\\\/lebenshilfe-dillenburg.de\\\/leicht\\\/#\\\/schema\\\/logo\\\/image\\\/\",\"url\":\"https:\\\/\\\/lebenshilfe-dillenburg.de\\\/wp-content\\\/uploads\\\/lebenshilfe-dillenburg-desktop.webp\",\"contentUrl\":\"https:\\\/\\\/lebenshilfe-dillenburg.de\\\/wp-content\\\/uploads\\\/lebenshilfe-dillenburg-desktop.webp\",\"width\":461,\"height\":202,\"caption\":\"Lebenshilfe Dillenburg e.V.\"},\"image\":{\"@id\":\"https:\\\/\\\/lebenshilfe-dillenburg.de\\\/leicht\\\/#\\\/schema\\\/logo\\\/image\\\/\"},\"sameAs\":[\"https:\\\/\\\/www.facebook.com\\\/lebenshilfedillenburg\\\/\",\"https:\\\/\\\/www.instagram.com\\\/lebenshilfe_dillenburg\\\/\"]},{\"@type\":\"Person\",\"@id\":\"https:\\\/\\\/lebenshilfe-dillenburg.de\\\/leicht\\\/#\\\/schema\\\/person\\\/b6c52dad8d881b49213c3345a7cd5efe\",\"name\":\"Conny Holtfoth\",\"sameAs\":[\"http:\\\/\\\/lebenshilfe-dillenburg.de\"],\"url\":\"https:\\\/\\\/lebenshilfe-dillenburg.de\\\/leicht\\\/author\\\/conny\\\/\"}]}<\/script>\n<!-- \/ Yoast SEO plugin. -->","yoast_head_json":{"title":"40 Jahre lang daheim in Niederscheld - Lebenshilfe Dillenburg e.V.","robots":{"index":"index","follow":"follow","max-snippet":"max-snippet:-1","max-image-preview":"max-image-preview:large","max-video-preview":"max-video-preview:-1"},"canonical":"https:\/\/lebenshilfe-dillenburg.de\/leicht\/40-jahre-lang-daheim-in-niederscheld\/","og_locale":"de_DE","og_type":"article","og_title":"40 Jahre lang daheim in Niederscheld - Lebenshilfe Dillenburg e.V.","og_description":"\u201eHans, das warst du! Schau mal.\u201c Hans Kessler blickt auf den Zeitungsausschnitt, strahlt \u00fcber das ganze Gesicht und deutet mit der rechten Hand auf sich. Dann zeigt er auf eine andere Person auf dem Schwarz-Wei\u00df-Foto. \u201eDiddi.\u201c Damit ist Grita Strathmann gemeint. Beide leben nun schon seit 40 Jahren im Lebenshilfe-Wohnhaus in Niederscheld.","og_url":"https:\/\/lebenshilfe-dillenburg.de\/leicht\/40-jahre-lang-daheim-in-niederscheld\/","og_site_name":"Lebenshilfe Dillenburg e.V.","article_publisher":"https:\/\/www.facebook.com\/lebenshilfedillenburg\/","article_published_time":"2022-02-21T09:42:18+00:00","article_modified_time":"2026-01-30T11:09:38+00:00","og_image":[{"width":2560,"height":1707,"url":"https:\/\/lebenshilfe-dillenburg.de\/wp-content\/uploads\/40-jahre-lang-daheim-in-niederscheld-img-4286-scaled-3.jpg","type":"image\/jpeg"}],"author":"Conny Holtfoth","twitter_card":"summary_large_image","twitter_misc":{"Geschrieben von":"Conny Holtfoth","Gesch\u00e4tzte Lesezeit":"2\u00a0Minuten"},"schema":{"@context":"https:\/\/schema.org","@graph":[{"@type":"Article","@id":"https:\/\/lebenshilfe-dillenburg.de\/leicht\/40-jahre-lang-daheim-in-niederscheld\/#article","isPartOf":{"@id":"https:\/\/lebenshilfe-dillenburg.de\/leicht\/40-jahre-lang-daheim-in-niederscheld\/"},"author":{"name":"Conny Holtfoth","@id":"https:\/\/lebenshilfe-dillenburg.de\/leicht\/#\/schema\/person\/b6c52dad8d881b49213c3345a7cd5efe"},"headline":"40 Jahre lang daheim in Niederscheld","datePublished":"2022-02-21T09:42:18+00:00","dateModified":"2026-01-30T11:09:38+00:00","mainEntityOfPage":{"@id":"https:\/\/lebenshilfe-dillenburg.de\/leicht\/40-jahre-lang-daheim-in-niederscheld\/"},"wordCount":336,"publisher":{"@id":"https:\/\/lebenshilfe-dillenburg.de\/leicht\/#organization"},"image":{"@id":"https:\/\/lebenshilfe-dillenburg.de\/leicht\/40-jahre-lang-daheim-in-niederscheld\/#primaryimage"},"thumbnailUrl":"https:\/\/lebenshilfe-dillenburg.de\/wp-content\/uploads\/jubilaeum-senioren-geschenke-feier.jpg","articleSection":["Meldungen"],"inLanguage":"de"},{"@type":"WebPage","@id":"https:\/\/lebenshilfe-dillenburg.de\/leicht\/40-jahre-lang-daheim-in-niederscheld\/","url":"https:\/\/lebenshilfe-dillenburg.de\/leicht\/40-jahre-lang-daheim-in-niederscheld\/","name":"40 Jahre lang daheim in Niederscheld - Lebenshilfe Dillenburg e.V.","isPartOf":{"@id":"https:\/\/lebenshilfe-dillenburg.de\/leicht\/#website"},"primaryImageOfPage":{"@id":"https:\/\/lebenshilfe-dillenburg.de\/leicht\/40-jahre-lang-daheim-in-niederscheld\/#primaryimage"},"image":{"@id":"https:\/\/lebenshilfe-dillenburg.de\/leicht\/40-jahre-lang-daheim-in-niederscheld\/#primaryimage"},"thumbnailUrl":"https:\/\/lebenshilfe-dillenburg.de\/wp-content\/uploads\/jubilaeum-senioren-geschenke-feier.jpg","datePublished":"2022-02-21T09:42:18+00:00","dateModified":"2026-01-30T11:09:38+00:00","breadcrumb":{"@id":"https:\/\/lebenshilfe-dillenburg.de\/leicht\/40-jahre-lang-daheim-in-niederscheld\/#breadcrumb"},"inLanguage":"de","potentialAction":[{"@type":"ReadAction","target":["https:\/\/lebenshilfe-dillenburg.de\/leicht\/40-jahre-lang-daheim-in-niederscheld\/"]}]},{"@type":"ImageObject","inLanguage":"de","@id":"https:\/\/lebenshilfe-dillenburg.de\/leicht\/40-jahre-lang-daheim-in-niederscheld\/#primaryimage","url":"https:\/\/lebenshilfe-dillenburg.de\/wp-content\/uploads\/jubilaeum-senioren-geschenke-feier.jpg","contentUrl":"https:\/\/lebenshilfe-dillenburg.de\/wp-content\/uploads\/jubilaeum-senioren-geschenke-feier.jpg","width":1500,"height":1000,"caption":"Grita Strathmann (vorne links) und Hans Kessler (vorne rechts) erhalten Geschenke von Einrichtungsleiter Bernd Kaiser und Wohnbereichsleitung Tanja Rockens\u00fc\u00df. (Foto: Holtfoth)"},{"@type":"BreadcrumbList","@id":"https:\/\/lebenshilfe-dillenburg.de\/leicht\/40-jahre-lang-daheim-in-niederscheld\/#breadcrumb","itemListElement":[{"@type":"ListItem","position":1,"name":"Startseite der Lebenshilfe Dillenburg","item":"https:\/\/lebenshilfe-dillenburg.de\/leicht\/"},{"@type":"ListItem","position":2,"name":"40 Jahre lang daheim in Niederscheld"}]},{"@type":"WebSite","@id":"https:\/\/lebenshilfe-dillenburg.de\/leicht\/#website","url":"https:\/\/lebenshilfe-dillenburg.de\/leicht\/","name":"Lebenshilfe Dillenburg \u2013 Teilhabe & Unterst\u00fctzung im Lahn-Dill-Kreis","description":"","publisher":{"@id":"https:\/\/lebenshilfe-dillenburg.de\/leicht\/#organization"},"potentialAction":[{"@type":"SearchAction","target":{"@type":"EntryPoint","urlTemplate":"https:\/\/lebenshilfe-dillenburg.de\/leicht\/?s={search_term_string}"},"query-input":{"@type":"PropertyValueSpecification","valueRequired":true,"valueName":"search_term_string"}}],"inLanguage":"de"},{"@type":"Organization","@id":"https:\/\/lebenshilfe-dillenburg.de\/leicht\/#organization","name":"Lebenshilfe Dillenburg e.V.","url":"https:\/\/lebenshilfe-dillenburg.de\/leicht\/","logo":{"@type":"ImageObject","inLanguage":"de","@id":"https:\/\/lebenshilfe-dillenburg.de\/leicht\/#\/schema\/logo\/image\/","url":"https:\/\/lebenshilfe-dillenburg.de\/wp-content\/uploads\/lebenshilfe-dillenburg-desktop.webp","contentUrl":"https:\/\/lebenshilfe-dillenburg.de\/wp-content\/uploads\/lebenshilfe-dillenburg-desktop.webp","width":461,"height":202,"caption":"Lebenshilfe Dillenburg e.V."},"image":{"@id":"https:\/\/lebenshilfe-dillenburg.de\/leicht\/#\/schema\/logo\/image\/"},"sameAs":["https:\/\/www.facebook.com\/lebenshilfedillenburg\/","https:\/\/www.instagram.com\/lebenshilfe_dillenburg\/"]},{"@type":"Person","@id":"https:\/\/lebenshilfe-dillenburg.de\/leicht\/#\/schema\/person\/b6c52dad8d881b49213c3345a7cd5efe","name":"Conny Holtfoth","sameAs":["http:\/\/lebenshilfe-dillenburg.de"],"url":"https:\/\/lebenshilfe-dillenburg.de\/leicht\/author\/conny\/"}]}},"taxonomy_info":{"category":[{"value":53,"label":"Meldungen"}]},"featured_image_src_large":["https:\/\/lebenshilfe-dillenburg.de\/wp-content\/uploads\/jubilaeum-senioren-geschenke-feier-1920x1280.jpg",1366,911,true],"author_info":{"display_name":"Conny Holtfoth","author_link":"https:\/\/lebenshilfe-dillenburg.de\/leicht\/author\/conny\/"},"comment_info":0,"category_info":[{"term_id":53,"name":"Meldungen","slug":"meldungen","term_group":0,"term_taxonomy_id":53,"taxonomy":"category","description":"","parent":0,"count":127,"filter":"raw","term_order":"5","cat_ID":53,"category_count":127,"category_description":"","cat_name":"Meldungen","category_nicename":"meldungen","category_parent":0}],"tag_info":false,"_links":{"self":[{"href":"https:\/\/lebenshilfe-dillenburg.de\/leicht\/wp-json\/wp\/v2\/posts\/7386","targetHints":{"allow":["GET"]}}],"collection":[{"href":"https:\/\/lebenshilfe-dillenburg.de\/leicht\/wp-json\/wp\/v2\/posts"}],"about":[{"href":"https:\/\/lebenshilfe-dillenburg.de\/leicht\/wp-json\/wp\/v2\/types\/post"}],"author":[{"embeddable":true,"href":"https:\/\/lebenshilfe-dillenburg.de\/leicht\/wp-json\/wp\/v2\/users\/4"}],"replies":[{"embeddable":true,"href":"https:\/\/lebenshilfe-dillenburg.de\/leicht\/wp-json\/wp\/v2\/comments?post=7386"}],"version-history":[{"count":0,"href":"https:\/\/lebenshilfe-dillenburg.de\/leicht\/wp-json\/wp\/v2\/posts\/7386\/revisions"}],"wp:featuredmedia":[{"embeddable":true,"href":"https:\/\/lebenshilfe-dillenburg.de\/leicht\/wp-json\/wp\/v2\/media\/7402"}],"wp:attachment":[{"href":"https:\/\/lebenshilfe-dillenburg.de\/leicht\/wp-json\/wp\/v2\/media?parent=7386"}],"wp:term":[{"taxonomy":"category","embeddable":true,"href":"https:\/\/lebenshilfe-dillenburg.de\/leicht\/wp-json\/wp\/v2\/categories?post=7386"},{"taxonomy":"post_tag","embeddable":true,"href":"https:\/\/lebenshilfe-dillenburg.de\/leicht\/wp-json\/wp\/v2\/tags?post=7386"}],"curies":[{"name":"wp","href":"https:\/\/api.w.org\/{rel}","templated":true}]}}