{"id":7389,"date":"2022-04-28T16:02:05","date_gmt":"2022-04-28T14:02:05","guid":{"rendered":"https:\/\/www.lebenshilfe-dillenburg.de\/?p=3652"},"modified":"2026-01-30T12:09:38","modified_gmt":"2026-01-30T11:09:38","slug":"arbeiten-wo-andere-auch-arbeiten","status":"publish","type":"post","link":"https:\/\/lebenshilfe-dillenburg.de\/leicht\/arbeiten-wo-andere-auch-arbeiten\/","title":{"rendered":"Arbeiten, wo andere auch arbeiten"},"content":{"rendered":"<p>\u201eArbeiten, wo andere auch arbeiten \u2013 Barrierefrei zum Ziel\u201c \u2013 unter dem Motto steht das Fotoprojekt, das die Lebenshilfe Dillenburg zum 5. Mai, dem Europ\u00e4ischen Protesttag zur Gleichstellung von Menschen mit Behinderung, gemeinsam mit dem Profi-Fotografen Marvin Ruppert aus K\u00f6ln umsetzt.<!--more--><\/p>\n<p>\u201eMenschen mit Behinderung sind ein wichtiger Teil der Gesellschaft, und zum gesellschaftlichen Leben geh\u00f6rt auch die Arbeitswelt\u201c, erl\u00e4utert Sascha Kirchhoff, Kulturreferent der Lebenshilfe Dillenburg, den Hintergrund des Projekts. Denn dieses zeigt Menschen mit Behinderung, die in den unterschiedlichsten Bereichen auf dem ersten Arbeitsmarkt besch\u00e4ftigt sind \u2013 \u00fcber die sogenannte Betriebsintegrierte Besch\u00e4ftigung (BiB). Dabei behalten Besch\u00e4ftigte der Dillenburger Werkst\u00e4tten ihren Status als Werkstatt-Mitarbeiter, welcher ihnen die individuelle Beratung und Unterst\u00fctzung des BiB-Teams sichert, sind aber komplett in ihrem Arbeitsalltag in die Abl\u00e4ufe des jeweiligen Au\u00dfenbetriebs eingebunden.<\/p>\n<p>&nbsp;<\/p>\n<p>Einer der insgesamt 49 BiB-Besch\u00e4ftigten ist Jan Maiwald. Er hat einen Au\u00dfenarbeitsplatz bei der Stadt Haiger im Bereich der Stabsstelle Brand-\/Zivilschutz, die im Feuerwehrhaus angesiedelt ist. Seit 2019 arbeitet er dort, unterst\u00fctzt in den feuerwehrtechnischen Werkst\u00e4tten bei der Reinigung und Pflege von Fahrzeugen, Schl\u00e4uchen sowie bei der Kontrolle der Schutzkleidung. \u201eDas hier ist mein Traumjob\u201c, sagt der 32-J\u00e4hrige. Diese Begeisterung zeigt sich auch in den Fotos, mit denen Marvin Ruppert seine Arbeit dokumentiert. Ruppert hat in seinem Beruf h\u00e4ufig namhafte Comedians und Bands vor der Linse. Mit der Lebenshilfe Dillenburg hatte er im vergangenen Jahr bereits schon mal ein Fotoshooting. \u201eMenschen mit Behinderung zu fotografieren macht richtig viel Spa\u00df, weil sie von vornherein bei der Sache sind und Freude daran haben\u201c, betont er.<\/p>\n<figure id=\"attachment_3655\" aria-describedby=\"caption-attachment-3655\" style=\"width: 600px\" class=\"wp-caption alignnone\"><img loading=\"lazy\" decoding=\"async\" class=\"wp-image-3655 size-medium\" src=\"https:\/\/lebenshilfe-dillenburg.de\/wp-content\/uploads\/2022\/04\/a-img-4383-600x400.jpg\" alt=\"\" width=\"600\" height=\"400\" \/><figcaption id=\"caption-attachment-3655\" class=\"wp-caption-text\">Die entstandenen Fotos im k\u00fcnstlerischen Look werden in den Sparkassen-Filialen in Dillenburg und Herborn ausgestellt.<\/figcaption><\/figure>\n<p>Neben der Feuerwehr Haiger sucht Ruppert mit seinem Kollegen Sebastian B\u00e4nsch an zwei Tagen insgesamt acht BiB-Au\u00dfenarbeitspl\u00e4tze auf. Insgesamt hat die Lebenshilfe Dillenburg mittlerweile 38 heimische Besch\u00e4ftigungsgeber als BiB-Partner gewinnen k\u00f6nnen \u2013 aus den unterschiedlichsten Bereichen. Dazu z\u00e4hlen Industrie, soziale Einrichtungen, Einzelhandel, Brauerei, Dienstleister und Handwerk. \u201eOft arbeiten Menschen mit Behinderung separiert\u201c, sagt Lisa Sieber vom Sozialen Dienst der Betriebsintegrierten Besch\u00e4ftigung. \u201eAber durch die BiB-Pl\u00e4tze leisten bereits an einigen Stellen in der Region Menschen mit Behinderung einen wichtigen Beitrag zur t\u00e4glichen Arbeit und zur Verbesserung des Betriebsklimas.\u201c<\/p>\n<p>Acht Fotos des Shootings in einem einheitlichen, k\u00fcnstlerischen Look werden ab dem 5. Mai ausgestellt. \u201eDurch die entstandenen Bilder wollen wir die gute Zusammenarbeit zwischen den Betrieben der Region, der Lebenshilfe und unseren Besch\u00e4ftigten zeigen\u201c, erkl\u00e4rt Sieber. \u201eWir hoffen, in Zukunft weitere Besch\u00e4ftigungsgeberinnen und Besch\u00e4ftigungsgeber f\u00fcr BiB begeistern zu k\u00f6nnen. Denn es geh\u00f6ren noch viel mehr Menschen mit Behinderung auf den ersten Arbeitsmarkt.\u201c Ausstellungsort ist die Sparkasse Dillenburg, die das Projekt ebenso wie die Rittal-Foundation finanziell unterst\u00fctzt. Rittal-Foundation-Gesch\u00e4ftsf\u00fchrer Rainer Reissner findet das Motto des Projekts sehr unterst\u00fctzendwert: \u201eEs ist einem oft gar nicht bewusst, wie exklusiv und wenig inklusiv unsere Gesellschaft ist. Gerade von der Leistungsf\u00e4higkeit von Menschen mit Behinderung existiert h\u00e4ufig ein falsches Bild, das durch die Fotos nun widerlegt wird.\u201c<\/p>\n<p><strong>INFO-BOX:<\/strong> Die Betriebsintegrierte Besch\u00e4ftigung ist eine Abteilung der Dillenburger Werkst\u00e4tten. In den Werkst\u00e4tten arbeiten mehr als 580 Menschen mit Behinderungen an f\u00fcnf verschiedenen Standorten: in Dillenburg, Eibelshausen, Oberscheld, Flammersbach und Haiger. Die Werkst\u00e4tten sind ein gefragter industrieller Dienstleister und bieten ihren Besch\u00e4ftigten M\u00f6glichkeiten zur beruflichen Wiedereingliederung, Bildung und Teilhabe sowie zur Pers\u00f6nlichkeitsentwicklung.<\/p>\n","protected":false},"excerpt":{"rendered":"<p>\u201eArbeiten, wo andere auch arbeiten \u2013 Barrierefrei zum Ziel\u201c \u2013 unter dem Motto steht das Fotoprojekt, das die Lebenshilfe Dillenburg zum 5. Mai, dem Europ\u00e4ischen Protesttag zur Gleichstellung von Menschen mit Behinderung, gemeinsam mit dem Profi-Fotografen Marvin Ruppert aus K\u00f6ln umsetzt.<\/p>\n","protected":false},"author":4,"featured_media":7420,"comment_status":"closed","ping_status":"closed","sticky":false,"template":"","format":"standard","meta":{"_acf_changed":false,"_gspb_post_css":"","_kad_blocks_custom_css":"","_kad_blocks_head_custom_js":"","_kad_blocks_body_custom_js":"","_kad_blocks_footer_custom_js":"","_kad_post_transparent":"","_kad_post_title":"","_kad_post_layout":"","_kad_post_sidebar_id":"","_kad_post_content_style":"","_kad_post_vertical_padding":"","_kad_post_feature":"","_kad_post_feature_position":"","_kad_post_header":false,"_kad_post_footer":false,"_kad_post_classname":"","footnotes":""},"categories":[53],"tags":[],"class_list":["post-7389","post","type-post","status-publish","format-standard","has-post-thumbnail","hentry","category-meldungen"],"acf":[],"yoast_head":"<!-- This site is optimized with the Yoast SEO plugin v27.5 - https:\/\/yoast.com\/product\/yoast-seo-wordpress\/ -->\n<title>Arbeiten, wo andere auch arbeiten - Lebenshilfe Dillenburg e.V.<\/title>\n<meta name=\"robots\" content=\"index, follow, max-snippet:-1, max-image-preview:large, max-video-preview:-1\" \/>\n<link rel=\"canonical\" href=\"https:\/\/lebenshilfe-dillenburg.de\/leicht\/arbeiten-wo-andere-auch-arbeiten\/\" \/>\n<meta property=\"og:locale\" content=\"de_DE\" \/>\n<meta property=\"og:type\" content=\"article\" \/>\n<meta property=\"og:title\" content=\"Arbeiten, wo andere auch arbeiten - Lebenshilfe Dillenburg e.V.\" \/>\n<meta property=\"og:description\" content=\"\u201eArbeiten, wo andere auch arbeiten \u2013 Barrierefrei zum Ziel\u201c \u2013 unter dem Motto steht das Fotoprojekt, das die Lebenshilfe Dillenburg zum 5. Mai, dem Europ\u00e4ischen Protesttag zur Gleichstellung von Menschen mit Behinderung, gemeinsam mit dem Profi-Fotografen Marvin Ruppert aus K\u00f6ln umsetzt.\" \/>\n<meta property=\"og:url\" content=\"https:\/\/lebenshilfe-dillenburg.de\/leicht\/arbeiten-wo-andere-auch-arbeiten\/\" \/>\n<meta property=\"og:site_name\" content=\"Lebenshilfe Dillenburg e.V.\" \/>\n<meta property=\"article:publisher\" content=\"https:\/\/www.facebook.com\/lebenshilfedillenburg\/\" \/>\n<meta property=\"article:published_time\" content=\"2022-04-28T14:02:05+00:00\" \/>\n<meta property=\"article:modified_time\" content=\"2026-01-30T11:09:38+00:00\" \/>\n<meta property=\"og:image\" content=\"https:\/\/lebenshilfe-dillenburg.de\/wp-content\/uploads\/a-img-4375-scaled-3.jpg\" \/>\n\t<meta property=\"og:image:width\" content=\"2560\" \/>\n\t<meta property=\"og:image:height\" content=\"1643\" \/>\n\t<meta property=\"og:image:type\" content=\"image\/jpeg\" \/>\n<meta name=\"author\" content=\"Conny Holtfoth\" \/>\n<meta name=\"twitter:card\" content=\"summary_large_image\" \/>\n<meta name=\"twitter:label1\" content=\"Geschrieben von\" \/>\n\t<meta name=\"twitter:data1\" content=\"Conny Holtfoth\" \/>\n\t<meta name=\"twitter:label2\" content=\"Gesch\u00e4tzte Lesezeit\" \/>\n\t<meta name=\"twitter:data2\" content=\"3\u00a0Minuten\" \/>\n<script type=\"application\/ld+json\" class=\"yoast-schema-graph\">{\"@context\":\"https:\\\/\\\/schema.org\",\"@graph\":[{\"@type\":\"Article\",\"@id\":\"https:\\\/\\\/lebenshilfe-dillenburg.de\\\/leicht\\\/arbeiten-wo-andere-auch-arbeiten\\\/#article\",\"isPartOf\":{\"@id\":\"https:\\\/\\\/lebenshilfe-dillenburg.de\\\/leicht\\\/arbeiten-wo-andere-auch-arbeiten\\\/\"},\"author\":{\"name\":\"Conny Holtfoth\",\"@id\":\"https:\\\/\\\/lebenshilfe-dillenburg.de\\\/leicht\\\/#\\\/schema\\\/person\\\/b6c52dad8d881b49213c3345a7cd5efe\"},\"headline\":\"Arbeiten, wo andere auch arbeiten\",\"datePublished\":\"2022-04-28T14:02:05+00:00\",\"dateModified\":\"2026-01-30T11:09:38+00:00\",\"mainEntityOfPage\":{\"@id\":\"https:\\\/\\\/lebenshilfe-dillenburg.de\\\/leicht\\\/arbeiten-wo-andere-auch-arbeiten\\\/\"},\"wordCount\":579,\"publisher\":{\"@id\":\"https:\\\/\\\/lebenshilfe-dillenburg.de\\\/leicht\\\/#organization\"},\"image\":{\"@id\":\"https:\\\/\\\/lebenshilfe-dillenburg.de\\\/leicht\\\/arbeiten-wo-andere-auch-arbeiten\\\/#primaryimage\"},\"thumbnailUrl\":\"https:\\\/\\\/lebenshilfe-dillenburg.de\\\/wp-content\\\/uploads\\\/feuerwehr-fototermin-in-geraeteraum.jpg\",\"articleSection\":[\"Meldungen\"],\"inLanguage\":\"de\"},{\"@type\":\"WebPage\",\"@id\":\"https:\\\/\\\/lebenshilfe-dillenburg.de\\\/leicht\\\/arbeiten-wo-andere-auch-arbeiten\\\/\",\"url\":\"https:\\\/\\\/lebenshilfe-dillenburg.de\\\/leicht\\\/arbeiten-wo-andere-auch-arbeiten\\\/\",\"name\":\"Arbeiten, wo andere auch arbeiten - Lebenshilfe Dillenburg e.V.\",\"isPartOf\":{\"@id\":\"https:\\\/\\\/lebenshilfe-dillenburg.de\\\/leicht\\\/#website\"},\"primaryImageOfPage\":{\"@id\":\"https:\\\/\\\/lebenshilfe-dillenburg.de\\\/leicht\\\/arbeiten-wo-andere-auch-arbeiten\\\/#primaryimage\"},\"image\":{\"@id\":\"https:\\\/\\\/lebenshilfe-dillenburg.de\\\/leicht\\\/arbeiten-wo-andere-auch-arbeiten\\\/#primaryimage\"},\"thumbnailUrl\":\"https:\\\/\\\/lebenshilfe-dillenburg.de\\\/wp-content\\\/uploads\\\/feuerwehr-fototermin-in-geraeteraum.jpg\",\"datePublished\":\"2022-04-28T14:02:05+00:00\",\"dateModified\":\"2026-01-30T11:09:38+00:00\",\"breadcrumb\":{\"@id\":\"https:\\\/\\\/lebenshilfe-dillenburg.de\\\/leicht\\\/arbeiten-wo-andere-auch-arbeiten\\\/#breadcrumb\"},\"inLanguage\":\"de\",\"potentialAction\":[{\"@type\":\"ReadAction\",\"target\":[\"https:\\\/\\\/lebenshilfe-dillenburg.de\\\/leicht\\\/arbeiten-wo-andere-auch-arbeiten\\\/\"]}]},{\"@type\":\"ImageObject\",\"inLanguage\":\"de\",\"@id\":\"https:\\\/\\\/lebenshilfe-dillenburg.de\\\/leicht\\\/arbeiten-wo-andere-auch-arbeiten\\\/#primaryimage\",\"url\":\"https:\\\/\\\/lebenshilfe-dillenburg.de\\\/wp-content\\\/uploads\\\/feuerwehr-fototermin-in-geraeteraum.jpg\",\"contentUrl\":\"https:\\\/\\\/lebenshilfe-dillenburg.de\\\/wp-content\\\/uploads\\\/feuerwehr-fototermin-in-geraeteraum.jpg\",\"width\":1500,\"height\":963,\"caption\":\"Einblick ins Shooting: Jan Maiwald zeigt Fotograf Marvin Ruppert seinen Arbeitsalltag bei der Feuerwehr in Haiger. (Foto: Holtfoth)\"},{\"@type\":\"BreadcrumbList\",\"@id\":\"https:\\\/\\\/lebenshilfe-dillenburg.de\\\/leicht\\\/arbeiten-wo-andere-auch-arbeiten\\\/#breadcrumb\",\"itemListElement\":[{\"@type\":\"ListItem\",\"position\":1,\"name\":\"Startseite der Lebenshilfe Dillenburg\",\"item\":\"https:\\\/\\\/lebenshilfe-dillenburg.de\\\/leicht\\\/\"},{\"@type\":\"ListItem\",\"position\":2,\"name\":\"Arbeiten, wo andere auch arbeiten\"}]},{\"@type\":\"WebSite\",\"@id\":\"https:\\\/\\\/lebenshilfe-dillenburg.de\\\/leicht\\\/#website\",\"url\":\"https:\\\/\\\/lebenshilfe-dillenburg.de\\\/leicht\\\/\",\"name\":\"Lebenshilfe Dillenburg \u2013 Teilhabe & Unterst\u00fctzung im Lahn-Dill-Kreis\",\"description\":\"\",\"publisher\":{\"@id\":\"https:\\\/\\\/lebenshilfe-dillenburg.de\\\/leicht\\\/#organization\"},\"potentialAction\":[{\"@type\":\"SearchAction\",\"target\":{\"@type\":\"EntryPoint\",\"urlTemplate\":\"https:\\\/\\\/lebenshilfe-dillenburg.de\\\/leicht\\\/?s={search_term_string}\"},\"query-input\":{\"@type\":\"PropertyValueSpecification\",\"valueRequired\":true,\"valueName\":\"search_term_string\"}}],\"inLanguage\":\"de\"},{\"@type\":\"Organization\",\"@id\":\"https:\\\/\\\/lebenshilfe-dillenburg.de\\\/leicht\\\/#organization\",\"name\":\"Lebenshilfe Dillenburg e.V.\",\"url\":\"https:\\\/\\\/lebenshilfe-dillenburg.de\\\/leicht\\\/\",\"logo\":{\"@type\":\"ImageObject\",\"inLanguage\":\"de\",\"@id\":\"https:\\\/\\\/lebenshilfe-dillenburg.de\\\/leicht\\\/#\\\/schema\\\/logo\\\/image\\\/\",\"url\":\"https:\\\/\\\/lebenshilfe-dillenburg.de\\\/wp-content\\\/uploads\\\/lebenshilfe-dillenburg-desktop.webp\",\"contentUrl\":\"https:\\\/\\\/lebenshilfe-dillenburg.de\\\/wp-content\\\/uploads\\\/lebenshilfe-dillenburg-desktop.webp\",\"width\":461,\"height\":202,\"caption\":\"Lebenshilfe Dillenburg e.V.\"},\"image\":{\"@id\":\"https:\\\/\\\/lebenshilfe-dillenburg.de\\\/leicht\\\/#\\\/schema\\\/logo\\\/image\\\/\"},\"sameAs\":[\"https:\\\/\\\/www.facebook.com\\\/lebenshilfedillenburg\\\/\",\"https:\\\/\\\/www.instagram.com\\\/lebenshilfe_dillenburg\\\/\"]},{\"@type\":\"Person\",\"@id\":\"https:\\\/\\\/lebenshilfe-dillenburg.de\\\/leicht\\\/#\\\/schema\\\/person\\\/b6c52dad8d881b49213c3345a7cd5efe\",\"name\":\"Conny Holtfoth\",\"sameAs\":[\"http:\\\/\\\/lebenshilfe-dillenburg.de\"],\"url\":\"https:\\\/\\\/lebenshilfe-dillenburg.de\\\/leicht\\\/author\\\/conny\\\/\"}]}<\/script>\n<!-- \/ Yoast SEO plugin. -->","yoast_head_json":{"title":"Arbeiten, wo andere auch arbeiten - Lebenshilfe Dillenburg e.V.","robots":{"index":"index","follow":"follow","max-snippet":"max-snippet:-1","max-image-preview":"max-image-preview:large","max-video-preview":"max-video-preview:-1"},"canonical":"https:\/\/lebenshilfe-dillenburg.de\/leicht\/arbeiten-wo-andere-auch-arbeiten\/","og_locale":"de_DE","og_type":"article","og_title":"Arbeiten, wo andere auch arbeiten - Lebenshilfe Dillenburg e.V.","og_description":"\u201eArbeiten, wo andere auch arbeiten \u2013 Barrierefrei zum Ziel\u201c \u2013 unter dem Motto steht das Fotoprojekt, das die Lebenshilfe Dillenburg zum 5. Mai, dem Europ\u00e4ischen Protesttag zur Gleichstellung von Menschen mit Behinderung, gemeinsam mit dem Profi-Fotografen Marvin Ruppert aus K\u00f6ln umsetzt.","og_url":"https:\/\/lebenshilfe-dillenburg.de\/leicht\/arbeiten-wo-andere-auch-arbeiten\/","og_site_name":"Lebenshilfe Dillenburg e.V.","article_publisher":"https:\/\/www.facebook.com\/lebenshilfedillenburg\/","article_published_time":"2022-04-28T14:02:05+00:00","article_modified_time":"2026-01-30T11:09:38+00:00","og_image":[{"width":2560,"height":1643,"url":"https:\/\/lebenshilfe-dillenburg.de\/wp-content\/uploads\/a-img-4375-scaled-3.jpg","type":"image\/jpeg"}],"author":"Conny Holtfoth","twitter_card":"summary_large_image","twitter_misc":{"Geschrieben von":"Conny Holtfoth","Gesch\u00e4tzte Lesezeit":"3\u00a0Minuten"},"schema":{"@context":"https:\/\/schema.org","@graph":[{"@type":"Article","@id":"https:\/\/lebenshilfe-dillenburg.de\/leicht\/arbeiten-wo-andere-auch-arbeiten\/#article","isPartOf":{"@id":"https:\/\/lebenshilfe-dillenburg.de\/leicht\/arbeiten-wo-andere-auch-arbeiten\/"},"author":{"name":"Conny Holtfoth","@id":"https:\/\/lebenshilfe-dillenburg.de\/leicht\/#\/schema\/person\/b6c52dad8d881b49213c3345a7cd5efe"},"headline":"Arbeiten, wo andere auch arbeiten","datePublished":"2022-04-28T14:02:05+00:00","dateModified":"2026-01-30T11:09:38+00:00","mainEntityOfPage":{"@id":"https:\/\/lebenshilfe-dillenburg.de\/leicht\/arbeiten-wo-andere-auch-arbeiten\/"},"wordCount":579,"publisher":{"@id":"https:\/\/lebenshilfe-dillenburg.de\/leicht\/#organization"},"image":{"@id":"https:\/\/lebenshilfe-dillenburg.de\/leicht\/arbeiten-wo-andere-auch-arbeiten\/#primaryimage"},"thumbnailUrl":"https:\/\/lebenshilfe-dillenburg.de\/wp-content\/uploads\/feuerwehr-fototermin-in-geraeteraum.jpg","articleSection":["Meldungen"],"inLanguage":"de"},{"@type":"WebPage","@id":"https:\/\/lebenshilfe-dillenburg.de\/leicht\/arbeiten-wo-andere-auch-arbeiten\/","url":"https:\/\/lebenshilfe-dillenburg.de\/leicht\/arbeiten-wo-andere-auch-arbeiten\/","name":"Arbeiten, wo andere auch arbeiten - Lebenshilfe Dillenburg e.V.","isPartOf":{"@id":"https:\/\/lebenshilfe-dillenburg.de\/leicht\/#website"},"primaryImageOfPage":{"@id":"https:\/\/lebenshilfe-dillenburg.de\/leicht\/arbeiten-wo-andere-auch-arbeiten\/#primaryimage"},"image":{"@id":"https:\/\/lebenshilfe-dillenburg.de\/leicht\/arbeiten-wo-andere-auch-arbeiten\/#primaryimage"},"thumbnailUrl":"https:\/\/lebenshilfe-dillenburg.de\/wp-content\/uploads\/feuerwehr-fototermin-in-geraeteraum.jpg","datePublished":"2022-04-28T14:02:05+00:00","dateModified":"2026-01-30T11:09:38+00:00","breadcrumb":{"@id":"https:\/\/lebenshilfe-dillenburg.de\/leicht\/arbeiten-wo-andere-auch-arbeiten\/#breadcrumb"},"inLanguage":"de","potentialAction":[{"@type":"ReadAction","target":["https:\/\/lebenshilfe-dillenburg.de\/leicht\/arbeiten-wo-andere-auch-arbeiten\/"]}]},{"@type":"ImageObject","inLanguage":"de","@id":"https:\/\/lebenshilfe-dillenburg.de\/leicht\/arbeiten-wo-andere-auch-arbeiten\/#primaryimage","url":"https:\/\/lebenshilfe-dillenburg.de\/wp-content\/uploads\/feuerwehr-fototermin-in-geraeteraum.jpg","contentUrl":"https:\/\/lebenshilfe-dillenburg.de\/wp-content\/uploads\/feuerwehr-fototermin-in-geraeteraum.jpg","width":1500,"height":963,"caption":"Einblick ins Shooting: Jan Maiwald zeigt Fotograf Marvin Ruppert seinen Arbeitsalltag bei der Feuerwehr in Haiger. (Foto: Holtfoth)"},{"@type":"BreadcrumbList","@id":"https:\/\/lebenshilfe-dillenburg.de\/leicht\/arbeiten-wo-andere-auch-arbeiten\/#breadcrumb","itemListElement":[{"@type":"ListItem","position":1,"name":"Startseite der Lebenshilfe Dillenburg","item":"https:\/\/lebenshilfe-dillenburg.de\/leicht\/"},{"@type":"ListItem","position":2,"name":"Arbeiten, wo andere auch arbeiten"}]},{"@type":"WebSite","@id":"https:\/\/lebenshilfe-dillenburg.de\/leicht\/#website","url":"https:\/\/lebenshilfe-dillenburg.de\/leicht\/","name":"Lebenshilfe Dillenburg \u2013 Teilhabe & Unterst\u00fctzung im Lahn-Dill-Kreis","description":"","publisher":{"@id":"https:\/\/lebenshilfe-dillenburg.de\/leicht\/#organization"},"potentialAction":[{"@type":"SearchAction","target":{"@type":"EntryPoint","urlTemplate":"https:\/\/lebenshilfe-dillenburg.de\/leicht\/?s={search_term_string}"},"query-input":{"@type":"PropertyValueSpecification","valueRequired":true,"valueName":"search_term_string"}}],"inLanguage":"de"},{"@type":"Organization","@id":"https:\/\/lebenshilfe-dillenburg.de\/leicht\/#organization","name":"Lebenshilfe Dillenburg e.V.","url":"https:\/\/lebenshilfe-dillenburg.de\/leicht\/","logo":{"@type":"ImageObject","inLanguage":"de","@id":"https:\/\/lebenshilfe-dillenburg.de\/leicht\/#\/schema\/logo\/image\/","url":"https:\/\/lebenshilfe-dillenburg.de\/wp-content\/uploads\/lebenshilfe-dillenburg-desktop.webp","contentUrl":"https:\/\/lebenshilfe-dillenburg.de\/wp-content\/uploads\/lebenshilfe-dillenburg-desktop.webp","width":461,"height":202,"caption":"Lebenshilfe Dillenburg e.V."},"image":{"@id":"https:\/\/lebenshilfe-dillenburg.de\/leicht\/#\/schema\/logo\/image\/"},"sameAs":["https:\/\/www.facebook.com\/lebenshilfedillenburg\/","https:\/\/www.instagram.com\/lebenshilfe_dillenburg\/"]},{"@type":"Person","@id":"https:\/\/lebenshilfe-dillenburg.de\/leicht\/#\/schema\/person\/b6c52dad8d881b49213c3345a7cd5efe","name":"Conny Holtfoth","sameAs":["http:\/\/lebenshilfe-dillenburg.de"],"url":"https:\/\/lebenshilfe-dillenburg.de\/leicht\/author\/conny\/"}]}},"taxonomy_info":{"category":[{"value":53,"label":"Meldungen"}]},"featured_image_src_large":["https:\/\/lebenshilfe-dillenburg.de\/wp-content\/uploads\/feuerwehr-fototermin-in-geraeteraum-1920x1232.jpg",1366,877,true],"author_info":{"display_name":"Conny Holtfoth","author_link":"https:\/\/lebenshilfe-dillenburg.de\/leicht\/author\/conny\/"},"comment_info":0,"category_info":[{"term_id":53,"name":"Meldungen","slug":"meldungen","term_group":0,"term_taxonomy_id":53,"taxonomy":"category","description":"","parent":0,"count":127,"filter":"raw","term_order":"5","cat_ID":53,"category_count":127,"category_description":"","cat_name":"Meldungen","category_nicename":"meldungen","category_parent":0}],"tag_info":false,"_links":{"self":[{"href":"https:\/\/lebenshilfe-dillenburg.de\/leicht\/wp-json\/wp\/v2\/posts\/7389","targetHints":{"allow":["GET"]}}],"collection":[{"href":"https:\/\/lebenshilfe-dillenburg.de\/leicht\/wp-json\/wp\/v2\/posts"}],"about":[{"href":"https:\/\/lebenshilfe-dillenburg.de\/leicht\/wp-json\/wp\/v2\/types\/post"}],"author":[{"embeddable":true,"href":"https:\/\/lebenshilfe-dillenburg.de\/leicht\/wp-json\/wp\/v2\/users\/4"}],"replies":[{"embeddable":true,"href":"https:\/\/lebenshilfe-dillenburg.de\/leicht\/wp-json\/wp\/v2\/comments?post=7389"}],"version-history":[{"count":0,"href":"https:\/\/lebenshilfe-dillenburg.de\/leicht\/wp-json\/wp\/v2\/posts\/7389\/revisions"}],"wp:featuredmedia":[{"embeddable":true,"href":"https:\/\/lebenshilfe-dillenburg.de\/leicht\/wp-json\/wp\/v2\/media\/7420"}],"wp:attachment":[{"href":"https:\/\/lebenshilfe-dillenburg.de\/leicht\/wp-json\/wp\/v2\/media?parent=7389"}],"wp:term":[{"taxonomy":"category","embeddable":true,"href":"https:\/\/lebenshilfe-dillenburg.de\/leicht\/wp-json\/wp\/v2\/categories?post=7389"},{"taxonomy":"post_tag","embeddable":true,"href":"https:\/\/lebenshilfe-dillenburg.de\/leicht\/wp-json\/wp\/v2\/tags?post=7389"}],"curies":[{"name":"wp","href":"https:\/\/api.w.org\/{rel}","templated":true}]}}