{"id":7390,"date":"2022-05-05T15:33:19","date_gmt":"2022-05-05T13:33:19","guid":{"rendered":"https:\/\/www.lebenshilfe-dillenburg.de\/?p=3663"},"modified":"2026-01-30T12:09:38","modified_gmt":"2026-01-30T11:09:38","slug":"ausstellung-verbindet-arbeitswelt-und-inklusion","status":"publish","type":"post","link":"https:\/\/lebenshilfe-dillenburg.de\/leicht\/ausstellung-verbindet-arbeitswelt-und-inklusion\/","title":{"rendered":"Ausstellung verbindet Arbeitswelt und Inklusion"},"content":{"rendered":"<p>F\u00fcr ihn ist das \u201eHobby zum Beruf\u201c geworden. Sie ist die \u201egute Seele\u201c des Hauses. Zuverl\u00e4ssig, hilfsbereit, freundlich \u2013 so werden die Besch\u00e4ftigten der Betriebsintegrierten Besch\u00e4ftigung (BiB) w\u00e4hrend der Vernissage am Mittwochmittag in der Sparkasse in Dillenburg beschrieben. Menschen mit Behinderung, die \u201earbeiten, wo andere auch arbeiten\u201c. So lautet auch der Titel der Foto-Ausstellung, die zun\u00e4chst in Dillenburg und dann in Herborn zu sehen ist.<!--more--><\/p>\n<p>Acht Fotos, acht Menschen mit Behinderung, acht unterschiedliche Au\u00dfenarbeitspl\u00e4tze. Feuerwehr, Altenpflegeheim, Metallverarbeitung, Elektroservice, Torbauer, Hotel, Schule, Tagespflege \u2013 so vielseitig wie die Arbeitspl\u00e4tze sind auch die Menschen, die auf diesen Pl\u00e4tzen eine neue berufliche Heimat gefunden haben.<\/p>\n<p>Bei ihrer T\u00e4tigkeit begleitet hat sie der bekannte Fotograf Marvin Ruppert. \u201eEr hat auf k\u00fcnstlerische Weise dazu beigetragen, dass wahrgenommen wird, wie wertvoll Menschen mit Behinderung f\u00fcr die Betriebe sind, in denen sie arbeiten\u201c, erl\u00e4uterte Lebenshilfe-Kulturreferent Sascha Kirchhoff, der gemeinsam mit Lisa Sieber vom Sozialen Dienst der Betriebsintegrierten Besch\u00e4ftigung der Lebenshilfe Dillenburg das Projekt geplant und umgesetzt hat.<\/p>\n<p>Finanziell unterst\u00fctzt wurde das Foto-Projekt von der Rittal Foundation und der Sparkasse Dillenburg. \u201eDie letzte Ausstellung in unserem Haus liegt schon etwas l\u00e4nger zur\u00fcck\u201c, so Sparkassen-Vorstand Michael Lehr. \u201eDaher freue ich mich sehr, dieses Projekt zu unterst\u00fctzen und mal wieder viele G\u00e4ste hier begr\u00fc\u00dfen zu d\u00fcrfen.\u201c So fanden sich bei der Vernissage neben den Fotomodellen auch Vertreter der Besch\u00e4ftigungsgeber ein.<\/p>\n<figure id=\"attachment_3665\" aria-describedby=\"caption-attachment-3665\" style=\"width: 600px\" class=\"wp-caption alignnone\"><a href=\"https:\/\/lebenshilfe-dillenburg.de\/wp-content\/uploads\/spendenuebergabe-sparkasse-dillenburg-1000-euro.jpg\"><img loading=\"lazy\" decoding=\"async\" class=\"size-medium wp-image-3665\" src=\"https:\/\/lebenshilfe-dillenburg.de\/wp-content\/uploads\/2022\/05\/ausstellung-verbindet-arbeitswelt-und-inklusion-img-4405-1-600x409.jpg\" alt=\"\" width=\"600\" height=\"409\" \/><\/a><figcaption id=\"caption-attachment-3665\" class=\"wp-caption-text\">Ein Fotoprojekt, erm\u00f6glicht durch finanzielle Unterst\u00fctzung: Lebenshilfe-Vorstand Dirk Botzon (l.) dankt Sparkassen-Vorstand Michael Lehr und Angela Zutt (Stiftungsmanagerin Rittal Foundation).<\/figcaption><\/figure>\n<p>\u201eDie Betriebsintegrierte Besch\u00e4ftigung ist ein hessenweites Erfolgsprojekt, das sich vor allem in unserer Region dank der Unterst\u00fctzung der vielen Betriebe so gut entwickelt hat\u201c, betonte Lebenshilfe-Vorstand Dirk Botzon. Knapp zehn Prozent der Besch\u00e4ftigten der Dillenburger Werkst\u00e4tten sind in Betrieben des ersten Arbeitsmarkts: 49 BiB-Besch\u00e4ftigte, die in 38 heimischen Betrieben arbeiten. \u201eWir freuen uns, dass dieser Bereich nun durch so ausdrucksstarke Bilder, die das Thema Arbeitswelt und Inklusion perfekt verbinden, Aufmerksamkeit erh\u00e4lt. Danke an alle Beteiligten und f\u00fcr die finanzielle Unterst\u00fctzung. Ohne solche Unterst\u00fctzung sind solche Projekte nicht m\u00f6glich.\u201c<\/p>\n<p>Die Ausstellung ist bis zum 24. Mai in der Sparkasse in Dillenburg. Danach wandert sie f\u00fcr vier Wochen zur Sparkasse in Herborn.<\/p>\n","protected":false},"excerpt":{"rendered":"<p>F\u00fcr ihn ist das \u201eHobby zum Beruf\u201c geworden. Sie ist die \u201egute Seele\u201c des Hauses. Zuverl\u00e4ssig, hilfsbereit, freundlich \u2013 so werden die Besch\u00e4ftigten der Betriebsintegrierten Besch\u00e4ftigung (BiB) w\u00e4hrend der Vernissage am Mittwochmittag in der Sparkasse in Dillenburg beschrieben. Menschen mit Behinderung, die \u201earbeiten, wo andere auch arbeiten\u201c. So lautet auch der Titel der Foto-Ausstellung, die&#8230;<\/p>\n","protected":false},"author":4,"featured_media":7422,"comment_status":"closed","ping_status":"closed","sticky":false,"template":"","format":"standard","meta":{"_acf_changed":false,"_gspb_post_css":"","_kad_blocks_custom_css":"","_kad_blocks_head_custom_js":"","_kad_blocks_body_custom_js":"","_kad_blocks_footer_custom_js":"","_kad_post_transparent":"","_kad_post_title":"","_kad_post_layout":"","_kad_post_sidebar_id":"","_kad_post_content_style":"","_kad_post_vertical_padding":"","_kad_post_feature":"","_kad_post_feature_position":"","_kad_post_header":false,"_kad_post_footer":false,"_kad_post_classname":"","footnotes":""},"categories":[53],"tags":[],"class_list":["post-7390","post","type-post","status-publish","format-standard","has-post-thumbnail","hentry","category-meldungen"],"acf":[],"yoast_head":"<!-- This site is optimized with the Yoast SEO plugin v27.5 - https:\/\/yoast.com\/product\/yoast-seo-wordpress\/ -->\n<title>Ausstellung verbindet Arbeitswelt und Inklusion - Lebenshilfe Dillenburg e.V.<\/title>\n<meta name=\"robots\" content=\"index, follow, max-snippet:-1, max-image-preview:large, max-video-preview:-1\" \/>\n<link rel=\"canonical\" href=\"https:\/\/lebenshilfe-dillenburg.de\/leicht\/ausstellung-verbindet-arbeitswelt-und-inklusion\/\" \/>\n<meta property=\"og:locale\" content=\"de_DE\" \/>\n<meta property=\"og:type\" content=\"article\" \/>\n<meta property=\"og:title\" content=\"Ausstellung verbindet Arbeitswelt und Inklusion - Lebenshilfe Dillenburg e.V.\" \/>\n<meta property=\"og:description\" content=\"F\u00fcr ihn ist das \u201eHobby zum Beruf\u201c geworden. Sie ist die \u201egute Seele\u201c des Hauses. Zuverl\u00e4ssig, hilfsbereit, freundlich \u2013 so werden die Besch\u00e4ftigten der Betriebsintegrierten Besch\u00e4ftigung (BiB) w\u00e4hrend der Vernissage am Mittwochmittag in der Sparkasse in Dillenburg beschrieben. Menschen mit Behinderung, die \u201earbeiten, wo andere auch arbeiten\u201c. So lautet auch der Titel der Foto-Ausstellung, die...\" \/>\n<meta property=\"og:url\" content=\"https:\/\/lebenshilfe-dillenburg.de\/leicht\/ausstellung-verbindet-arbeitswelt-und-inklusion\/\" \/>\n<meta property=\"og:site_name\" content=\"Lebenshilfe Dillenburg e.V.\" \/>\n<meta property=\"article:publisher\" content=\"https:\/\/www.facebook.com\/lebenshilfedillenburg\/\" \/>\n<meta property=\"article:published_time\" content=\"2022-05-05T13:33:19+00:00\" \/>\n<meta property=\"article:modified_time\" content=\"2026-01-30T11:09:38+00:00\" \/>\n<meta property=\"og:image\" content=\"https:\/\/lebenshilfe-dillenburg.de\/wp-content\/uploads\/ausstellung-verbindet-arbeitswelt-und-inklusion-img-4398-scaled-3.jpg\" \/>\n\t<meta property=\"og:image:width\" content=\"2560\" \/>\n\t<meta property=\"og:image:height\" content=\"1808\" \/>\n\t<meta property=\"og:image:type\" content=\"image\/jpeg\" \/>\n<meta name=\"author\" content=\"Conny Holtfoth\" \/>\n<meta name=\"twitter:card\" content=\"summary_large_image\" \/>\n<meta name=\"twitter:label1\" content=\"Geschrieben von\" \/>\n\t<meta name=\"twitter:data1\" content=\"Conny Holtfoth\" \/>\n\t<meta name=\"twitter:label2\" content=\"Gesch\u00e4tzte Lesezeit\" \/>\n\t<meta name=\"twitter:data2\" content=\"2\u00a0Minuten\" \/>\n<script type=\"application\/ld+json\" class=\"yoast-schema-graph\">{\"@context\":\"https:\\\/\\\/schema.org\",\"@graph\":[{\"@type\":\"Article\",\"@id\":\"https:\\\/\\\/lebenshilfe-dillenburg.de\\\/leicht\\\/ausstellung-verbindet-arbeitswelt-und-inklusion\\\/#article\",\"isPartOf\":{\"@id\":\"https:\\\/\\\/lebenshilfe-dillenburg.de\\\/leicht\\\/ausstellung-verbindet-arbeitswelt-und-inklusion\\\/\"},\"author\":{\"name\":\"Conny Holtfoth\",\"@id\":\"https:\\\/\\\/lebenshilfe-dillenburg.de\\\/leicht\\\/#\\\/schema\\\/person\\\/b6c52dad8d881b49213c3345a7cd5efe\"},\"headline\":\"Ausstellung verbindet Arbeitswelt und Inklusion\",\"datePublished\":\"2022-05-05T13:33:19+00:00\",\"dateModified\":\"2026-01-30T11:09:38+00:00\",\"mainEntityOfPage\":{\"@id\":\"https:\\\/\\\/lebenshilfe-dillenburg.de\\\/leicht\\\/ausstellung-verbindet-arbeitswelt-und-inklusion\\\/\"},\"wordCount\":393,\"publisher\":{\"@id\":\"https:\\\/\\\/lebenshilfe-dillenburg.de\\\/leicht\\\/#organization\"},\"image\":{\"@id\":\"https:\\\/\\\/lebenshilfe-dillenburg.de\\\/leicht\\\/ausstellung-verbindet-arbeitswelt-und-inklusion\\\/#primaryimage\"},\"thumbnailUrl\":\"https:\\\/\\\/lebenshilfe-dillenburg.de\\\/wp-content\\\/uploads\\\/fotoausstellung-gruppe-vor-sparkasse.jpg\",\"articleSection\":[\"Meldungen\"],\"inLanguage\":\"de\"},{\"@type\":\"WebPage\",\"@id\":\"https:\\\/\\\/lebenshilfe-dillenburg.de\\\/leicht\\\/ausstellung-verbindet-arbeitswelt-und-inklusion\\\/\",\"url\":\"https:\\\/\\\/lebenshilfe-dillenburg.de\\\/leicht\\\/ausstellung-verbindet-arbeitswelt-und-inklusion\\\/\",\"name\":\"Ausstellung verbindet Arbeitswelt und Inklusion - Lebenshilfe Dillenburg e.V.\",\"isPartOf\":{\"@id\":\"https:\\\/\\\/lebenshilfe-dillenburg.de\\\/leicht\\\/#website\"},\"primaryImageOfPage\":{\"@id\":\"https:\\\/\\\/lebenshilfe-dillenburg.de\\\/leicht\\\/ausstellung-verbindet-arbeitswelt-und-inklusion\\\/#primaryimage\"},\"image\":{\"@id\":\"https:\\\/\\\/lebenshilfe-dillenburg.de\\\/leicht\\\/ausstellung-verbindet-arbeitswelt-und-inklusion\\\/#primaryimage\"},\"thumbnailUrl\":\"https:\\\/\\\/lebenshilfe-dillenburg.de\\\/wp-content\\\/uploads\\\/fotoausstellung-gruppe-vor-sparkasse.jpg\",\"datePublished\":\"2022-05-05T13:33:19+00:00\",\"dateModified\":\"2026-01-30T11:09:38+00:00\",\"breadcrumb\":{\"@id\":\"https:\\\/\\\/lebenshilfe-dillenburg.de\\\/leicht\\\/ausstellung-verbindet-arbeitswelt-und-inklusion\\\/#breadcrumb\"},\"inLanguage\":\"de\",\"potentialAction\":[{\"@type\":\"ReadAction\",\"target\":[\"https:\\\/\\\/lebenshilfe-dillenburg.de\\\/leicht\\\/ausstellung-verbindet-arbeitswelt-und-inklusion\\\/\"]}]},{\"@type\":\"ImageObject\",\"inLanguage\":\"de\",\"@id\":\"https:\\\/\\\/lebenshilfe-dillenburg.de\\\/leicht\\\/ausstellung-verbindet-arbeitswelt-und-inklusion\\\/#primaryimage\",\"url\":\"https:\\\/\\\/lebenshilfe-dillenburg.de\\\/wp-content\\\/uploads\\\/fotoausstellung-gruppe-vor-sparkasse.jpg\",\"contentUrl\":\"https:\\\/\\\/lebenshilfe-dillenburg.de\\\/wp-content\\\/uploads\\\/fotoausstellung-gruppe-vor-sparkasse.jpg\",\"width\":1500,\"height\":1059,\"caption\":\"Stolz auf die Fotos ihrer Arbeit: (v.l.) Nadine Franz, Manuela Schneider, Achim Becker (stellvertretend f\u00fcr Marcel Walter), Lena Nasartschuk, Bennett Kinner, Jan Maiwald, Stephan Hick und Steffen Hofmann.\"},{\"@type\":\"BreadcrumbList\",\"@id\":\"https:\\\/\\\/lebenshilfe-dillenburg.de\\\/leicht\\\/ausstellung-verbindet-arbeitswelt-und-inklusion\\\/#breadcrumb\",\"itemListElement\":[{\"@type\":\"ListItem\",\"position\":1,\"name\":\"Startseite der Lebenshilfe Dillenburg\",\"item\":\"https:\\\/\\\/lebenshilfe-dillenburg.de\\\/leicht\\\/\"},{\"@type\":\"ListItem\",\"position\":2,\"name\":\"Ausstellung verbindet Arbeitswelt und Inklusion\"}]},{\"@type\":\"WebSite\",\"@id\":\"https:\\\/\\\/lebenshilfe-dillenburg.de\\\/leicht\\\/#website\",\"url\":\"https:\\\/\\\/lebenshilfe-dillenburg.de\\\/leicht\\\/\",\"name\":\"Lebenshilfe Dillenburg \u2013 Teilhabe & Unterst\u00fctzung im Lahn-Dill-Kreis\",\"description\":\"\",\"publisher\":{\"@id\":\"https:\\\/\\\/lebenshilfe-dillenburg.de\\\/leicht\\\/#organization\"},\"potentialAction\":[{\"@type\":\"SearchAction\",\"target\":{\"@type\":\"EntryPoint\",\"urlTemplate\":\"https:\\\/\\\/lebenshilfe-dillenburg.de\\\/leicht\\\/?s={search_term_string}\"},\"query-input\":{\"@type\":\"PropertyValueSpecification\",\"valueRequired\":true,\"valueName\":\"search_term_string\"}}],\"inLanguage\":\"de\"},{\"@type\":\"Organization\",\"@id\":\"https:\\\/\\\/lebenshilfe-dillenburg.de\\\/leicht\\\/#organization\",\"name\":\"Lebenshilfe Dillenburg e.V.\",\"url\":\"https:\\\/\\\/lebenshilfe-dillenburg.de\\\/leicht\\\/\",\"logo\":{\"@type\":\"ImageObject\",\"inLanguage\":\"de\",\"@id\":\"https:\\\/\\\/lebenshilfe-dillenburg.de\\\/leicht\\\/#\\\/schema\\\/logo\\\/image\\\/\",\"url\":\"https:\\\/\\\/lebenshilfe-dillenburg.de\\\/wp-content\\\/uploads\\\/lebenshilfe-dillenburg-desktop.webp\",\"contentUrl\":\"https:\\\/\\\/lebenshilfe-dillenburg.de\\\/wp-content\\\/uploads\\\/lebenshilfe-dillenburg-desktop.webp\",\"width\":461,\"height\":202,\"caption\":\"Lebenshilfe Dillenburg e.V.\"},\"image\":{\"@id\":\"https:\\\/\\\/lebenshilfe-dillenburg.de\\\/leicht\\\/#\\\/schema\\\/logo\\\/image\\\/\"},\"sameAs\":[\"https:\\\/\\\/www.facebook.com\\\/lebenshilfedillenburg\\\/\",\"https:\\\/\\\/www.instagram.com\\\/lebenshilfe_dillenburg\\\/\"]},{\"@type\":\"Person\",\"@id\":\"https:\\\/\\\/lebenshilfe-dillenburg.de\\\/leicht\\\/#\\\/schema\\\/person\\\/b6c52dad8d881b49213c3345a7cd5efe\",\"name\":\"Conny Holtfoth\",\"sameAs\":[\"http:\\\/\\\/lebenshilfe-dillenburg.de\"],\"url\":\"https:\\\/\\\/lebenshilfe-dillenburg.de\\\/leicht\\\/author\\\/conny\\\/\"}]}<\/script>\n<!-- \/ Yoast SEO plugin. -->","yoast_head_json":{"title":"Ausstellung verbindet Arbeitswelt und Inklusion - Lebenshilfe Dillenburg e.V.","robots":{"index":"index","follow":"follow","max-snippet":"max-snippet:-1","max-image-preview":"max-image-preview:large","max-video-preview":"max-video-preview:-1"},"canonical":"https:\/\/lebenshilfe-dillenburg.de\/leicht\/ausstellung-verbindet-arbeitswelt-und-inklusion\/","og_locale":"de_DE","og_type":"article","og_title":"Ausstellung verbindet Arbeitswelt und Inklusion - Lebenshilfe Dillenburg e.V.","og_description":"F\u00fcr ihn ist das \u201eHobby zum Beruf\u201c geworden. Sie ist die \u201egute Seele\u201c des Hauses. Zuverl\u00e4ssig, hilfsbereit, freundlich \u2013 so werden die Besch\u00e4ftigten der Betriebsintegrierten Besch\u00e4ftigung (BiB) w\u00e4hrend der Vernissage am Mittwochmittag in der Sparkasse in Dillenburg beschrieben. Menschen mit Behinderung, die \u201earbeiten, wo andere auch arbeiten\u201c. So lautet auch der Titel der Foto-Ausstellung, die...","og_url":"https:\/\/lebenshilfe-dillenburg.de\/leicht\/ausstellung-verbindet-arbeitswelt-und-inklusion\/","og_site_name":"Lebenshilfe Dillenburg e.V.","article_publisher":"https:\/\/www.facebook.com\/lebenshilfedillenburg\/","article_published_time":"2022-05-05T13:33:19+00:00","article_modified_time":"2026-01-30T11:09:38+00:00","og_image":[{"width":2560,"height":1808,"url":"https:\/\/lebenshilfe-dillenburg.de\/wp-content\/uploads\/ausstellung-verbindet-arbeitswelt-und-inklusion-img-4398-scaled-3.jpg","type":"image\/jpeg"}],"author":"Conny Holtfoth","twitter_card":"summary_large_image","twitter_misc":{"Geschrieben von":"Conny Holtfoth","Gesch\u00e4tzte Lesezeit":"2\u00a0Minuten"},"schema":{"@context":"https:\/\/schema.org","@graph":[{"@type":"Article","@id":"https:\/\/lebenshilfe-dillenburg.de\/leicht\/ausstellung-verbindet-arbeitswelt-und-inklusion\/#article","isPartOf":{"@id":"https:\/\/lebenshilfe-dillenburg.de\/leicht\/ausstellung-verbindet-arbeitswelt-und-inklusion\/"},"author":{"name":"Conny Holtfoth","@id":"https:\/\/lebenshilfe-dillenburg.de\/leicht\/#\/schema\/person\/b6c52dad8d881b49213c3345a7cd5efe"},"headline":"Ausstellung verbindet Arbeitswelt und Inklusion","datePublished":"2022-05-05T13:33:19+00:00","dateModified":"2026-01-30T11:09:38+00:00","mainEntityOfPage":{"@id":"https:\/\/lebenshilfe-dillenburg.de\/leicht\/ausstellung-verbindet-arbeitswelt-und-inklusion\/"},"wordCount":393,"publisher":{"@id":"https:\/\/lebenshilfe-dillenburg.de\/leicht\/#organization"},"image":{"@id":"https:\/\/lebenshilfe-dillenburg.de\/leicht\/ausstellung-verbindet-arbeitswelt-und-inklusion\/#primaryimage"},"thumbnailUrl":"https:\/\/lebenshilfe-dillenburg.de\/wp-content\/uploads\/fotoausstellung-gruppe-vor-sparkasse.jpg","articleSection":["Meldungen"],"inLanguage":"de"},{"@type":"WebPage","@id":"https:\/\/lebenshilfe-dillenburg.de\/leicht\/ausstellung-verbindet-arbeitswelt-und-inklusion\/","url":"https:\/\/lebenshilfe-dillenburg.de\/leicht\/ausstellung-verbindet-arbeitswelt-und-inklusion\/","name":"Ausstellung verbindet Arbeitswelt und Inklusion - Lebenshilfe Dillenburg e.V.","isPartOf":{"@id":"https:\/\/lebenshilfe-dillenburg.de\/leicht\/#website"},"primaryImageOfPage":{"@id":"https:\/\/lebenshilfe-dillenburg.de\/leicht\/ausstellung-verbindet-arbeitswelt-und-inklusion\/#primaryimage"},"image":{"@id":"https:\/\/lebenshilfe-dillenburg.de\/leicht\/ausstellung-verbindet-arbeitswelt-und-inklusion\/#primaryimage"},"thumbnailUrl":"https:\/\/lebenshilfe-dillenburg.de\/wp-content\/uploads\/fotoausstellung-gruppe-vor-sparkasse.jpg","datePublished":"2022-05-05T13:33:19+00:00","dateModified":"2026-01-30T11:09:38+00:00","breadcrumb":{"@id":"https:\/\/lebenshilfe-dillenburg.de\/leicht\/ausstellung-verbindet-arbeitswelt-und-inklusion\/#breadcrumb"},"inLanguage":"de","potentialAction":[{"@type":"ReadAction","target":["https:\/\/lebenshilfe-dillenburg.de\/leicht\/ausstellung-verbindet-arbeitswelt-und-inklusion\/"]}]},{"@type":"ImageObject","inLanguage":"de","@id":"https:\/\/lebenshilfe-dillenburg.de\/leicht\/ausstellung-verbindet-arbeitswelt-und-inklusion\/#primaryimage","url":"https:\/\/lebenshilfe-dillenburg.de\/wp-content\/uploads\/fotoausstellung-gruppe-vor-sparkasse.jpg","contentUrl":"https:\/\/lebenshilfe-dillenburg.de\/wp-content\/uploads\/fotoausstellung-gruppe-vor-sparkasse.jpg","width":1500,"height":1059,"caption":"Stolz auf die Fotos ihrer Arbeit: (v.l.) Nadine Franz, Manuela Schneider, Achim Becker (stellvertretend f\u00fcr Marcel Walter), Lena Nasartschuk, Bennett Kinner, Jan Maiwald, Stephan Hick und Steffen Hofmann."},{"@type":"BreadcrumbList","@id":"https:\/\/lebenshilfe-dillenburg.de\/leicht\/ausstellung-verbindet-arbeitswelt-und-inklusion\/#breadcrumb","itemListElement":[{"@type":"ListItem","position":1,"name":"Startseite der Lebenshilfe Dillenburg","item":"https:\/\/lebenshilfe-dillenburg.de\/leicht\/"},{"@type":"ListItem","position":2,"name":"Ausstellung verbindet Arbeitswelt und Inklusion"}]},{"@type":"WebSite","@id":"https:\/\/lebenshilfe-dillenburg.de\/leicht\/#website","url":"https:\/\/lebenshilfe-dillenburg.de\/leicht\/","name":"Lebenshilfe Dillenburg \u2013 Teilhabe & Unterst\u00fctzung im Lahn-Dill-Kreis","description":"","publisher":{"@id":"https:\/\/lebenshilfe-dillenburg.de\/leicht\/#organization"},"potentialAction":[{"@type":"SearchAction","target":{"@type":"EntryPoint","urlTemplate":"https:\/\/lebenshilfe-dillenburg.de\/leicht\/?s={search_term_string}"},"query-input":{"@type":"PropertyValueSpecification","valueRequired":true,"valueName":"search_term_string"}}],"inLanguage":"de"},{"@type":"Organization","@id":"https:\/\/lebenshilfe-dillenburg.de\/leicht\/#organization","name":"Lebenshilfe Dillenburg e.V.","url":"https:\/\/lebenshilfe-dillenburg.de\/leicht\/","logo":{"@type":"ImageObject","inLanguage":"de","@id":"https:\/\/lebenshilfe-dillenburg.de\/leicht\/#\/schema\/logo\/image\/","url":"https:\/\/lebenshilfe-dillenburg.de\/wp-content\/uploads\/lebenshilfe-dillenburg-desktop.webp","contentUrl":"https:\/\/lebenshilfe-dillenburg.de\/wp-content\/uploads\/lebenshilfe-dillenburg-desktop.webp","width":461,"height":202,"caption":"Lebenshilfe Dillenburg e.V."},"image":{"@id":"https:\/\/lebenshilfe-dillenburg.de\/leicht\/#\/schema\/logo\/image\/"},"sameAs":["https:\/\/www.facebook.com\/lebenshilfedillenburg\/","https:\/\/www.instagram.com\/lebenshilfe_dillenburg\/"]},{"@type":"Person","@id":"https:\/\/lebenshilfe-dillenburg.de\/leicht\/#\/schema\/person\/b6c52dad8d881b49213c3345a7cd5efe","name":"Conny Holtfoth","sameAs":["http:\/\/lebenshilfe-dillenburg.de"],"url":"https:\/\/lebenshilfe-dillenburg.de\/leicht\/author\/conny\/"}]}},"taxonomy_info":{"category":[{"value":53,"label":"Meldungen"}]},"featured_image_src_large":["https:\/\/lebenshilfe-dillenburg.de\/wp-content\/uploads\/fotoausstellung-gruppe-vor-sparkasse-1920x1356.jpg",1366,965,true],"author_info":{"display_name":"Conny Holtfoth","author_link":"https:\/\/lebenshilfe-dillenburg.de\/leicht\/author\/conny\/"},"comment_info":0,"category_info":[{"term_id":53,"name":"Meldungen","slug":"meldungen","term_group":0,"term_taxonomy_id":53,"taxonomy":"category","description":"","parent":0,"count":127,"filter":"raw","term_order":"5","cat_ID":53,"category_count":127,"category_description":"","cat_name":"Meldungen","category_nicename":"meldungen","category_parent":0}],"tag_info":false,"_links":{"self":[{"href":"https:\/\/lebenshilfe-dillenburg.de\/leicht\/wp-json\/wp\/v2\/posts\/7390","targetHints":{"allow":["GET"]}}],"collection":[{"href":"https:\/\/lebenshilfe-dillenburg.de\/leicht\/wp-json\/wp\/v2\/posts"}],"about":[{"href":"https:\/\/lebenshilfe-dillenburg.de\/leicht\/wp-json\/wp\/v2\/types\/post"}],"author":[{"embeddable":true,"href":"https:\/\/lebenshilfe-dillenburg.de\/leicht\/wp-json\/wp\/v2\/users\/4"}],"replies":[{"embeddable":true,"href":"https:\/\/lebenshilfe-dillenburg.de\/leicht\/wp-json\/wp\/v2\/comments?post=7390"}],"version-history":[{"count":0,"href":"https:\/\/lebenshilfe-dillenburg.de\/leicht\/wp-json\/wp\/v2\/posts\/7390\/revisions"}],"wp:featuredmedia":[{"embeddable":true,"href":"https:\/\/lebenshilfe-dillenburg.de\/leicht\/wp-json\/wp\/v2\/media\/7422"}],"wp:attachment":[{"href":"https:\/\/lebenshilfe-dillenburg.de\/leicht\/wp-json\/wp\/v2\/media?parent=7390"}],"wp:term":[{"taxonomy":"category","embeddable":true,"href":"https:\/\/lebenshilfe-dillenburg.de\/leicht\/wp-json\/wp\/v2\/categories?post=7390"},{"taxonomy":"post_tag","embeddable":true,"href":"https:\/\/lebenshilfe-dillenburg.de\/leicht\/wp-json\/wp\/v2\/tags?post=7390"}],"curies":[{"name":"wp","href":"https:\/\/api.w.org\/{rel}","templated":true}]}}