{"id":7392,"date":"2022-05-30T11:37:29","date_gmt":"2022-05-30T09:37:29","guid":{"rendered":"https:\/\/www.lebenshilfe-dillenburg.de\/?p=3678"},"modified":"2026-01-30T12:09:38","modified_gmt":"2026-01-30T11:09:38","slug":"lebenshilfen-fordern-corona-bonus-vom-land","status":"publish","type":"post","link":"https:\/\/lebenshilfe-dillenburg.de\/leicht\/lebenshilfen-fordern-corona-bonus-vom-land\/","title":{"rendered":"Lebenshilfen fordern Corona-Bonus vom Land"},"content":{"rendered":"<p>Die mittelhessischen Lebenshilfen stellen in einer gemeinsamen Presseerkl\u00e4rung noch einmal klar, dass Besch\u00e4ftigte der Behindertenhilfe bei der Vergabe einer Corona-Pr\u00e4mie nicht ein weiteres Mal \u00fcbergangen werden d\u00fcrfen. Diesmal richtet sich die Forderung an das Land Hessen.<!--more--><\/p>\n<p>\u201eEs gibt keinen Grund, warum Besch\u00e4ftigte der Behindertenhilfe erneut keine Corona-Pr\u00e4mie erhalten sollen\u201c, hei\u00dft es darin etwa. \u201eSie wurden von der Politik schon 2020 schlicht vergessen, nun soll sich das wiederholen. Das ist ein Skandal, auf den wir als\u00a0 jetzt erneut gemeinsam aufmerksam machen und nach dem Bund nun das Land Hessen zum Einlenken auffordern.\u201c<\/p>\n<p>Die Pressemeldung verfassten die Vorst\u00e4nde und Gesch\u00e4ftsf\u00fchrungen der Lebenshilfen aus Gie\u00dfen (Dirk O\u00dfwald), Marburg (Roland Wagner und Horst Viehl), Dillenburg (Dr. Oliver Schmitzer und Dirk Botzon), Limburg (Elisabeth Gerheim und Frank Strotmann), Wetzlar-Weilburg (Thomas Bauer) sowie Wetterau (Thomas M\u00e4chtle) gemeinsam. Die Sprecherinnen und Sprecher der sechs Lebenshilfen vertreten \u00fcber 4000 betroffene Hauptamtliche und betreuen \u00fcber 7000 Menschen mit Behinderung in der Region, viele davon rund um die Uhr.<\/p>\n<p>Ihren Appell richteten die Chefs der Sozialverb\u00e4nde bereits im Januar an die Bundespolitik, die k\u00fcrzlich erneut eine Corona-Pr\u00e4mie als Pflege-Bonus in H\u00f6he von bis zu 3000 Euro nur f\u00fcr Mitarbeitende in Krankenh\u00e4usern und Altenpflegeheimen beschlossen hat. \u201eTats\u00e4chlich hatte unser Appell und der anderer Verb\u00e4nde gefruchtet: Kabinett und Koalition in Berlin haben sich mit dem Thema besch\u00e4ftigt und politischen Willen gezeigt. Es stellte sich aber heraus, dass f\u00fcr die Finanzierung der Behindertenhilfe die Bundesl\u00e4nder zust\u00e4ndig sind\u201c, hei\u00dft es weiter in der Pressemitteilung. Deshalb richtet sich die Forderung nun gezielt an Ministerpr\u00e4sident Volker Bouffier (CDU), Sozialminister Kai Klose (B\u00fcndnis 90\/Die Gr\u00fcnen) und die Fraktionen im hessischen Landtag, damit den vielen Tausend Besch\u00e4ftigten der Behindertenhilfe in Hessen analog der Bundesregelungen ein Corona-Bonus zukommt.<\/p>\n<p>Die Corona-Pandemie habe die Besch\u00e4ftigten in der Behindertenhilfe mindestens so stark belastet wie deren Kollegen in der Alten- und Krankenpflege, weil ihre Klientel vielfach die Ma\u00dfnahmen und Einschr\u00e4nkungen oft nicht verstehen und entsprechend reagiere. F\u00fcr Wohnst\u00e4tten, Werkst\u00e4tten, Tagesf\u00f6rderst\u00e4tten und Fr\u00fchf\u00f6rderstellen gelten bis heute zudem extreme Einschr\u00e4nkungen, die die Arbeit zus\u00e4tzlich k\u00f6rperlich und psychisch belasten.<\/p>\n<p>\u201eUnser Personal war und ist auch in der vierten Welle maximal gefordert. Zus\u00e4tzlich zur Pandemie ist dieser Bereich extrem durch den Fachkr\u00e4ftemangel betroffen. Viele Stellen sind unbesetzt. Viele Kolleginnen und Kollegen sind k\u00f6rperlich und psychisch am oder \u00fcber dem Limit.\u201c<\/p>\n<p>F\u00fcr die Vorst\u00e4nde der mittelhessischen Lebenshilfen besteht kein Zweifel: \u201eWir wissen, was unser Personal tagt\u00e4glich leistet. Unsere Einrichtungen und Dienste sind in jeder Hinsicht mit Altenpflegeheimen vergleichbar, deshalb fordern wir die gleiche Anerkennung durch die Politik.\u201c<\/p>\n","protected":false},"excerpt":{"rendered":"<p>Die mittelhessischen Lebenshilfen stellen in einer gemeinsamen Presseerkl\u00e4rung noch einmal klar, dass Besch\u00e4ftigte der Behindertenhilfe bei der Vergabe einer Corona-Pr\u00e4mie nicht ein weiteres Mal \u00fcbergangen werden d\u00fcrfen. Diesmal richtet sich die Forderung an das Land Hessen.<\/p>\n","protected":false},"author":4,"featured_media":7427,"comment_status":"closed","ping_status":"closed","sticky":false,"template":"","format":"standard","meta":{"_acf_changed":false,"_gspb_post_css":"","_kad_blocks_custom_css":"","_kad_blocks_head_custom_js":"","_kad_blocks_body_custom_js":"","_kad_blocks_footer_custom_js":"","_kad_post_transparent":"","_kad_post_title":"","_kad_post_layout":"","_kad_post_sidebar_id":"","_kad_post_content_style":"","_kad_post_vertical_padding":"","_kad_post_feature":"","_kad_post_feature_position":"","_kad_post_header":false,"_kad_post_footer":false,"_kad_post_classname":"","footnotes":""},"categories":[53],"tags":[],"class_list":["post-7392","post","type-post","status-publish","format-standard","has-post-thumbnail","hentry","category-meldungen"],"acf":[],"yoast_head":"<!-- This site is optimized with the Yoast SEO plugin v27.5 - https:\/\/yoast.com\/product\/yoast-seo-wordpress\/ -->\n<title>Lebenshilfen fordern Corona-Bonus vom Land - Lebenshilfe Dillenburg e.V.<\/title>\n<meta name=\"robots\" content=\"index, follow, max-snippet:-1, max-image-preview:large, max-video-preview:-1\" \/>\n<link rel=\"canonical\" href=\"https:\/\/lebenshilfe-dillenburg.de\/leicht\/lebenshilfen-fordern-corona-bonus-vom-land\/\" \/>\n<meta property=\"og:locale\" content=\"de_DE\" \/>\n<meta property=\"og:type\" content=\"article\" \/>\n<meta property=\"og:title\" content=\"Lebenshilfen fordern Corona-Bonus vom Land - Lebenshilfe Dillenburg e.V.\" \/>\n<meta property=\"og:description\" content=\"Die mittelhessischen Lebenshilfen stellen in einer gemeinsamen Presseerkl\u00e4rung noch einmal klar, dass Besch\u00e4ftigte der Behindertenhilfe bei der Vergabe einer Corona-Pr\u00e4mie nicht ein weiteres Mal \u00fcbergangen werden d\u00fcrfen. Diesmal richtet sich die Forderung an das Land Hessen.\" \/>\n<meta property=\"og:url\" content=\"https:\/\/lebenshilfe-dillenburg.de\/leicht\/lebenshilfen-fordern-corona-bonus-vom-land\/\" \/>\n<meta property=\"og:site_name\" content=\"Lebenshilfe Dillenburg e.V.\" \/>\n<meta property=\"article:publisher\" content=\"https:\/\/www.facebook.com\/lebenshilfedillenburg\/\" \/>\n<meta property=\"article:published_time\" content=\"2022-05-30T09:37:29+00:00\" \/>\n<meta property=\"article:modified_time\" content=\"2026-01-30T11:09:38+00:00\" \/>\n<meta property=\"og:image\" content=\"https:\/\/lebenshilfe-dillenburg.de\/wp-content\/uploads\/lebenshilfen-fordern-corona-praemie-img-2713-scaled-3.jpg\" \/>\n\t<meta property=\"og:image:width\" content=\"2560\" \/>\n\t<meta property=\"og:image:height\" content=\"1707\" \/>\n\t<meta property=\"og:image:type\" content=\"image\/jpeg\" \/>\n<meta name=\"author\" content=\"Conny Holtfoth\" \/>\n<meta name=\"twitter:card\" content=\"summary_large_image\" \/>\n<meta name=\"twitter:label1\" content=\"Geschrieben von\" \/>\n\t<meta name=\"twitter:data1\" content=\"Conny Holtfoth\" \/>\n\t<meta name=\"twitter:label2\" content=\"Gesch\u00e4tzte Lesezeit\" \/>\n\t<meta name=\"twitter:data2\" content=\"2\u00a0Minuten\" \/>\n<script type=\"application\/ld+json\" class=\"yoast-schema-graph\">{\"@context\":\"https:\\\/\\\/schema.org\",\"@graph\":[{\"@type\":\"Article\",\"@id\":\"https:\\\/\\\/lebenshilfe-dillenburg.de\\\/leicht\\\/lebenshilfen-fordern-corona-bonus-vom-land\\\/#article\",\"isPartOf\":{\"@id\":\"https:\\\/\\\/lebenshilfe-dillenburg.de\\\/leicht\\\/lebenshilfen-fordern-corona-bonus-vom-land\\\/\"},\"author\":{\"name\":\"Conny Holtfoth\",\"@id\":\"https:\\\/\\\/lebenshilfe-dillenburg.de\\\/leicht\\\/#\\\/schema\\\/person\\\/b6c52dad8d881b49213c3345a7cd5efe\"},\"headline\":\"Lebenshilfen fordern Corona-Bonus vom Land\",\"datePublished\":\"2022-05-30T09:37:29+00:00\",\"dateModified\":\"2026-01-30T11:09:38+00:00\",\"mainEntityOfPage\":{\"@id\":\"https:\\\/\\\/lebenshilfe-dillenburg.de\\\/leicht\\\/lebenshilfen-fordern-corona-bonus-vom-land\\\/\"},\"wordCount\":459,\"publisher\":{\"@id\":\"https:\\\/\\\/lebenshilfe-dillenburg.de\\\/leicht\\\/#organization\"},\"image\":{\"@id\":\"https:\\\/\\\/lebenshilfe-dillenburg.de\\\/leicht\\\/lebenshilfen-fordern-corona-bonus-vom-land\\\/#primaryimage\"},\"thumbnailUrl\":\"https:\\\/\\\/lebenshilfe-dillenburg.de\\\/wp-content\\\/uploads\\\/covid-19-schnelltest-vials-holder.jpg\",\"articleSection\":[\"Meldungen\"],\"inLanguage\":\"de\"},{\"@type\":\"WebPage\",\"@id\":\"https:\\\/\\\/lebenshilfe-dillenburg.de\\\/leicht\\\/lebenshilfen-fordern-corona-bonus-vom-land\\\/\",\"url\":\"https:\\\/\\\/lebenshilfe-dillenburg.de\\\/leicht\\\/lebenshilfen-fordern-corona-bonus-vom-land\\\/\",\"name\":\"Lebenshilfen fordern Corona-Bonus vom Land - Lebenshilfe Dillenburg e.V.\",\"isPartOf\":{\"@id\":\"https:\\\/\\\/lebenshilfe-dillenburg.de\\\/leicht\\\/#website\"},\"primaryImageOfPage\":{\"@id\":\"https:\\\/\\\/lebenshilfe-dillenburg.de\\\/leicht\\\/lebenshilfen-fordern-corona-bonus-vom-land\\\/#primaryimage\"},\"image\":{\"@id\":\"https:\\\/\\\/lebenshilfe-dillenburg.de\\\/leicht\\\/lebenshilfen-fordern-corona-bonus-vom-land\\\/#primaryimage\"},\"thumbnailUrl\":\"https:\\\/\\\/lebenshilfe-dillenburg.de\\\/wp-content\\\/uploads\\\/covid-19-schnelltest-vials-holder.jpg\",\"datePublished\":\"2022-05-30T09:37:29+00:00\",\"dateModified\":\"2026-01-30T11:09:38+00:00\",\"breadcrumb\":{\"@id\":\"https:\\\/\\\/lebenshilfe-dillenburg.de\\\/leicht\\\/lebenshilfen-fordern-corona-bonus-vom-land\\\/#breadcrumb\"},\"inLanguage\":\"de\",\"potentialAction\":[{\"@type\":\"ReadAction\",\"target\":[\"https:\\\/\\\/lebenshilfe-dillenburg.de\\\/leicht\\\/lebenshilfen-fordern-corona-bonus-vom-land\\\/\"]}]},{\"@type\":\"ImageObject\",\"inLanguage\":\"de\",\"@id\":\"https:\\\/\\\/lebenshilfe-dillenburg.de\\\/leicht\\\/lebenshilfen-fordern-corona-bonus-vom-land\\\/#primaryimage\",\"url\":\"https:\\\/\\\/lebenshilfe-dillenburg.de\\\/wp-content\\\/uploads\\\/covid-19-schnelltest-vials-holder.jpg\",\"contentUrl\":\"https:\\\/\\\/lebenshilfe-dillenburg.de\\\/wp-content\\\/uploads\\\/covid-19-schnelltest-vials-holder.jpg\",\"width\":1500,\"height\":1000,\"caption\":\"Die Corona-Pandemie hat die Besch\u00e4ftigten der Lebenshilfen vor gro\u00dfe Herausforderungen gestellt. (Foto: Holtfoth)\"},{\"@type\":\"BreadcrumbList\",\"@id\":\"https:\\\/\\\/lebenshilfe-dillenburg.de\\\/leicht\\\/lebenshilfen-fordern-corona-bonus-vom-land\\\/#breadcrumb\",\"itemListElement\":[{\"@type\":\"ListItem\",\"position\":1,\"name\":\"Startseite der Lebenshilfe Dillenburg\",\"item\":\"https:\\\/\\\/lebenshilfe-dillenburg.de\\\/leicht\\\/\"},{\"@type\":\"ListItem\",\"position\":2,\"name\":\"Lebenshilfen fordern Corona-Bonus vom Land\"}]},{\"@type\":\"WebSite\",\"@id\":\"https:\\\/\\\/lebenshilfe-dillenburg.de\\\/leicht\\\/#website\",\"url\":\"https:\\\/\\\/lebenshilfe-dillenburg.de\\\/leicht\\\/\",\"name\":\"Lebenshilfe Dillenburg \u2013 Teilhabe & Unterst\u00fctzung im Lahn-Dill-Kreis\",\"description\":\"\",\"publisher\":{\"@id\":\"https:\\\/\\\/lebenshilfe-dillenburg.de\\\/leicht\\\/#organization\"},\"potentialAction\":[{\"@type\":\"SearchAction\",\"target\":{\"@type\":\"EntryPoint\",\"urlTemplate\":\"https:\\\/\\\/lebenshilfe-dillenburg.de\\\/leicht\\\/?s={search_term_string}\"},\"query-input\":{\"@type\":\"PropertyValueSpecification\",\"valueRequired\":true,\"valueName\":\"search_term_string\"}}],\"inLanguage\":\"de\"},{\"@type\":\"Organization\",\"@id\":\"https:\\\/\\\/lebenshilfe-dillenburg.de\\\/leicht\\\/#organization\",\"name\":\"Lebenshilfe Dillenburg e.V.\",\"url\":\"https:\\\/\\\/lebenshilfe-dillenburg.de\\\/leicht\\\/\",\"logo\":{\"@type\":\"ImageObject\",\"inLanguage\":\"de\",\"@id\":\"https:\\\/\\\/lebenshilfe-dillenburg.de\\\/leicht\\\/#\\\/schema\\\/logo\\\/image\\\/\",\"url\":\"https:\\\/\\\/lebenshilfe-dillenburg.de\\\/wp-content\\\/uploads\\\/lebenshilfe-dillenburg-desktop.webp\",\"contentUrl\":\"https:\\\/\\\/lebenshilfe-dillenburg.de\\\/wp-content\\\/uploads\\\/lebenshilfe-dillenburg-desktop.webp\",\"width\":461,\"height\":202,\"caption\":\"Lebenshilfe Dillenburg e.V.\"},\"image\":{\"@id\":\"https:\\\/\\\/lebenshilfe-dillenburg.de\\\/leicht\\\/#\\\/schema\\\/logo\\\/image\\\/\"},\"sameAs\":[\"https:\\\/\\\/www.facebook.com\\\/lebenshilfedillenburg\\\/\",\"https:\\\/\\\/www.instagram.com\\\/lebenshilfe_dillenburg\\\/\"]},{\"@type\":\"Person\",\"@id\":\"https:\\\/\\\/lebenshilfe-dillenburg.de\\\/leicht\\\/#\\\/schema\\\/person\\\/b6c52dad8d881b49213c3345a7cd5efe\",\"name\":\"Conny Holtfoth\",\"sameAs\":[\"http:\\\/\\\/lebenshilfe-dillenburg.de\"],\"url\":\"https:\\\/\\\/lebenshilfe-dillenburg.de\\\/leicht\\\/author\\\/conny\\\/\"}]}<\/script>\n<!-- \/ Yoast SEO plugin. -->","yoast_head_json":{"title":"Lebenshilfen fordern Corona-Bonus vom Land - Lebenshilfe Dillenburg e.V.","robots":{"index":"index","follow":"follow","max-snippet":"max-snippet:-1","max-image-preview":"max-image-preview:large","max-video-preview":"max-video-preview:-1"},"canonical":"https:\/\/lebenshilfe-dillenburg.de\/leicht\/lebenshilfen-fordern-corona-bonus-vom-land\/","og_locale":"de_DE","og_type":"article","og_title":"Lebenshilfen fordern Corona-Bonus vom Land - Lebenshilfe Dillenburg e.V.","og_description":"Die mittelhessischen Lebenshilfen stellen in einer gemeinsamen Presseerkl\u00e4rung noch einmal klar, dass Besch\u00e4ftigte der Behindertenhilfe bei der Vergabe einer Corona-Pr\u00e4mie nicht ein weiteres Mal \u00fcbergangen werden d\u00fcrfen. Diesmal richtet sich die Forderung an das Land Hessen.","og_url":"https:\/\/lebenshilfe-dillenburg.de\/leicht\/lebenshilfen-fordern-corona-bonus-vom-land\/","og_site_name":"Lebenshilfe Dillenburg e.V.","article_publisher":"https:\/\/www.facebook.com\/lebenshilfedillenburg\/","article_published_time":"2022-05-30T09:37:29+00:00","article_modified_time":"2026-01-30T11:09:38+00:00","og_image":[{"width":2560,"height":1707,"url":"https:\/\/lebenshilfe-dillenburg.de\/wp-content\/uploads\/lebenshilfen-fordern-corona-praemie-img-2713-scaled-3.jpg","type":"image\/jpeg"}],"author":"Conny Holtfoth","twitter_card":"summary_large_image","twitter_misc":{"Geschrieben von":"Conny Holtfoth","Gesch\u00e4tzte Lesezeit":"2\u00a0Minuten"},"schema":{"@context":"https:\/\/schema.org","@graph":[{"@type":"Article","@id":"https:\/\/lebenshilfe-dillenburg.de\/leicht\/lebenshilfen-fordern-corona-bonus-vom-land\/#article","isPartOf":{"@id":"https:\/\/lebenshilfe-dillenburg.de\/leicht\/lebenshilfen-fordern-corona-bonus-vom-land\/"},"author":{"name":"Conny Holtfoth","@id":"https:\/\/lebenshilfe-dillenburg.de\/leicht\/#\/schema\/person\/b6c52dad8d881b49213c3345a7cd5efe"},"headline":"Lebenshilfen fordern Corona-Bonus vom Land","datePublished":"2022-05-30T09:37:29+00:00","dateModified":"2026-01-30T11:09:38+00:00","mainEntityOfPage":{"@id":"https:\/\/lebenshilfe-dillenburg.de\/leicht\/lebenshilfen-fordern-corona-bonus-vom-land\/"},"wordCount":459,"publisher":{"@id":"https:\/\/lebenshilfe-dillenburg.de\/leicht\/#organization"},"image":{"@id":"https:\/\/lebenshilfe-dillenburg.de\/leicht\/lebenshilfen-fordern-corona-bonus-vom-land\/#primaryimage"},"thumbnailUrl":"https:\/\/lebenshilfe-dillenburg.de\/wp-content\/uploads\/covid-19-schnelltest-vials-holder.jpg","articleSection":["Meldungen"],"inLanguage":"de"},{"@type":"WebPage","@id":"https:\/\/lebenshilfe-dillenburg.de\/leicht\/lebenshilfen-fordern-corona-bonus-vom-land\/","url":"https:\/\/lebenshilfe-dillenburg.de\/leicht\/lebenshilfen-fordern-corona-bonus-vom-land\/","name":"Lebenshilfen fordern Corona-Bonus vom Land - Lebenshilfe Dillenburg e.V.","isPartOf":{"@id":"https:\/\/lebenshilfe-dillenburg.de\/leicht\/#website"},"primaryImageOfPage":{"@id":"https:\/\/lebenshilfe-dillenburg.de\/leicht\/lebenshilfen-fordern-corona-bonus-vom-land\/#primaryimage"},"image":{"@id":"https:\/\/lebenshilfe-dillenburg.de\/leicht\/lebenshilfen-fordern-corona-bonus-vom-land\/#primaryimage"},"thumbnailUrl":"https:\/\/lebenshilfe-dillenburg.de\/wp-content\/uploads\/covid-19-schnelltest-vials-holder.jpg","datePublished":"2022-05-30T09:37:29+00:00","dateModified":"2026-01-30T11:09:38+00:00","breadcrumb":{"@id":"https:\/\/lebenshilfe-dillenburg.de\/leicht\/lebenshilfen-fordern-corona-bonus-vom-land\/#breadcrumb"},"inLanguage":"de","potentialAction":[{"@type":"ReadAction","target":["https:\/\/lebenshilfe-dillenburg.de\/leicht\/lebenshilfen-fordern-corona-bonus-vom-land\/"]}]},{"@type":"ImageObject","inLanguage":"de","@id":"https:\/\/lebenshilfe-dillenburg.de\/leicht\/lebenshilfen-fordern-corona-bonus-vom-land\/#primaryimage","url":"https:\/\/lebenshilfe-dillenburg.de\/wp-content\/uploads\/covid-19-schnelltest-vials-holder.jpg","contentUrl":"https:\/\/lebenshilfe-dillenburg.de\/wp-content\/uploads\/covid-19-schnelltest-vials-holder.jpg","width":1500,"height":1000,"caption":"Die Corona-Pandemie hat die Besch\u00e4ftigten der Lebenshilfen vor gro\u00dfe Herausforderungen gestellt. (Foto: Holtfoth)"},{"@type":"BreadcrumbList","@id":"https:\/\/lebenshilfe-dillenburg.de\/leicht\/lebenshilfen-fordern-corona-bonus-vom-land\/#breadcrumb","itemListElement":[{"@type":"ListItem","position":1,"name":"Startseite der Lebenshilfe Dillenburg","item":"https:\/\/lebenshilfe-dillenburg.de\/leicht\/"},{"@type":"ListItem","position":2,"name":"Lebenshilfen fordern Corona-Bonus vom Land"}]},{"@type":"WebSite","@id":"https:\/\/lebenshilfe-dillenburg.de\/leicht\/#website","url":"https:\/\/lebenshilfe-dillenburg.de\/leicht\/","name":"Lebenshilfe Dillenburg \u2013 Teilhabe & Unterst\u00fctzung im Lahn-Dill-Kreis","description":"","publisher":{"@id":"https:\/\/lebenshilfe-dillenburg.de\/leicht\/#organization"},"potentialAction":[{"@type":"SearchAction","target":{"@type":"EntryPoint","urlTemplate":"https:\/\/lebenshilfe-dillenburg.de\/leicht\/?s={search_term_string}"},"query-input":{"@type":"PropertyValueSpecification","valueRequired":true,"valueName":"search_term_string"}}],"inLanguage":"de"},{"@type":"Organization","@id":"https:\/\/lebenshilfe-dillenburg.de\/leicht\/#organization","name":"Lebenshilfe Dillenburg e.V.","url":"https:\/\/lebenshilfe-dillenburg.de\/leicht\/","logo":{"@type":"ImageObject","inLanguage":"de","@id":"https:\/\/lebenshilfe-dillenburg.de\/leicht\/#\/schema\/logo\/image\/","url":"https:\/\/lebenshilfe-dillenburg.de\/wp-content\/uploads\/lebenshilfe-dillenburg-desktop.webp","contentUrl":"https:\/\/lebenshilfe-dillenburg.de\/wp-content\/uploads\/lebenshilfe-dillenburg-desktop.webp","width":461,"height":202,"caption":"Lebenshilfe Dillenburg e.V."},"image":{"@id":"https:\/\/lebenshilfe-dillenburg.de\/leicht\/#\/schema\/logo\/image\/"},"sameAs":["https:\/\/www.facebook.com\/lebenshilfedillenburg\/","https:\/\/www.instagram.com\/lebenshilfe_dillenburg\/"]},{"@type":"Person","@id":"https:\/\/lebenshilfe-dillenburg.de\/leicht\/#\/schema\/person\/b6c52dad8d881b49213c3345a7cd5efe","name":"Conny Holtfoth","sameAs":["http:\/\/lebenshilfe-dillenburg.de"],"url":"https:\/\/lebenshilfe-dillenburg.de\/leicht\/author\/conny\/"}]}},"taxonomy_info":{"category":[{"value":53,"label":"Meldungen"}]},"featured_image_src_large":["https:\/\/lebenshilfe-dillenburg.de\/wp-content\/uploads\/covid-19-schnelltest-vials-holder-1920x1280.jpg",1366,911,true],"author_info":{"display_name":"Conny Holtfoth","author_link":"https:\/\/lebenshilfe-dillenburg.de\/leicht\/author\/conny\/"},"comment_info":0,"category_info":[{"term_id":53,"name":"Meldungen","slug":"meldungen","term_group":0,"term_taxonomy_id":53,"taxonomy":"category","description":"","parent":0,"count":127,"filter":"raw","term_order":"5","cat_ID":53,"category_count":127,"category_description":"","cat_name":"Meldungen","category_nicename":"meldungen","category_parent":0}],"tag_info":false,"_links":{"self":[{"href":"https:\/\/lebenshilfe-dillenburg.de\/leicht\/wp-json\/wp\/v2\/posts\/7392","targetHints":{"allow":["GET"]}}],"collection":[{"href":"https:\/\/lebenshilfe-dillenburg.de\/leicht\/wp-json\/wp\/v2\/posts"}],"about":[{"href":"https:\/\/lebenshilfe-dillenburg.de\/leicht\/wp-json\/wp\/v2\/types\/post"}],"author":[{"embeddable":true,"href":"https:\/\/lebenshilfe-dillenburg.de\/leicht\/wp-json\/wp\/v2\/users\/4"}],"replies":[{"embeddable":true,"href":"https:\/\/lebenshilfe-dillenburg.de\/leicht\/wp-json\/wp\/v2\/comments?post=7392"}],"version-history":[{"count":0,"href":"https:\/\/lebenshilfe-dillenburg.de\/leicht\/wp-json\/wp\/v2\/posts\/7392\/revisions"}],"wp:featuredmedia":[{"embeddable":true,"href":"https:\/\/lebenshilfe-dillenburg.de\/leicht\/wp-json\/wp\/v2\/media\/7427"}],"wp:attachment":[{"href":"https:\/\/lebenshilfe-dillenburg.de\/leicht\/wp-json\/wp\/v2\/media?parent=7392"}],"wp:term":[{"taxonomy":"category","embeddable":true,"href":"https:\/\/lebenshilfe-dillenburg.de\/leicht\/wp-json\/wp\/v2\/categories?post=7392"},{"taxonomy":"post_tag","embeddable":true,"href":"https:\/\/lebenshilfe-dillenburg.de\/leicht\/wp-json\/wp\/v2\/tags?post=7392"}],"curies":[{"name":"wp","href":"https:\/\/api.w.org\/{rel}","templated":true}]}}