{"id":7393,"date":"2022-05-30T12:56:23","date_gmt":"2022-05-30T10:56:23","guid":{"rendered":"https:\/\/www.lebenshilfe-dillenburg.de\/?p=3682"},"modified":"2026-01-30T12:09:39","modified_gmt":"2026-01-30T11:09:39","slug":"eintoepfe-ab-jetzt-auch-bei-edeka","status":"publish","type":"post","link":"https:\/\/lebenshilfe-dillenburg.de\/leicht\/eintoepfe-ab-jetzt-auch-bei-edeka\/","title":{"rendered":"Eint\u00f6pfe ab jetzt auch bei Edeka"},"content":{"rendered":"<p>Edeka Mitsch in Dillenburg verkauft seit vergangener Woche die beliebten Eint\u00f6pfe der Lebenshilfe Dillenburg. Sechs Sorten zum Preis zwischen vier und f\u00fcnf Euro gibt es dort zurzeit zur Auswahl.<!--more--><\/p>\n<p>\u201eWir freuen uns sehr, dass die Marktleitung direkt begeistert von unserem Vorschlag war, unsere Suppen hier zu verkaufen\u201c, sagt Lebenshilfe-K\u00fcchenchef J\u00f6rg Bastian. \u201eUnd dann auch noch an einem so prominenten Platz.\u201c Im Holzregal direkt im Eingangsbereich stehen die verschiedenen Eint\u00f6pfe: Chili con carne, Erbsen- und Linseneintopf, H\u00fchnerfrikassee sowie Woscht im Pott gibt es zur Auswahl. Das Sortiment soll k\u00fcnftig noch erweitert werden.<\/p>\n<p>\u201eEdeka Mitsch war insbesondere von unserem inklusiven, regionalen und nachhaltigen Konzept angetan\u201c, erl\u00e4utert Bastian. In der Gro\u00dfk\u00fcche der Dillenburger Werkst\u00e4tten in Flammersbach arbeitet ein 15-k\u00f6pfiges Team aus Menschen mit und ohne Behinderung. Seit 2019 ist sie zertifizierter Partner des Bioland-Verbands. Die Eint\u00f6pfe werden im umweltfreundlichen Einweckglas verkauft. Auch dar\u00fcber hinaus setzt die Gro\u00dfk\u00fcche etwa an ihrem Imbissstand in der Siemensstra\u00dfe 2 in Flammersbach auf recyclef\u00e4higes Verpackungsmaterial.<\/p>\n<p>Vor Ausbruch der Pandemie war die Lebenshilfe stets mit ihren Eint\u00f6pfen auf den Wochenm\u00e4rkten in Dillenburg und Haiger vertreten gewesen. \u201eDaher freuen wir uns, den Leuten unsere Suppen jetzt auch auf anderen Wegen anbieten zu k\u00f6nnen.\u201c<\/p>\n<p>Die Kooperation zwischen Edeka Mitsch und der Lebenshilfe Dillenburg besteht schon lange. Der Markt veranstaltete in der Vergangenheit bereits verschiedene Spendenaktionen f\u00fcr den Verein, der sich f\u00fcr die Belange von Menschen mit Behinderung stark macht. Auch kann die Edeka-Kundschaft regelm\u00e4\u00dfig die Arbeit der Lebenshilfe durch Pfandbon-Spenden unterst\u00fctzen.<\/p>\n<p>\u201eWir w\u00fcrden uns freuen, wenn sich weitere L\u00e4den dazu bereiterkl\u00e4ren w\u00fcrden, unsere Eint\u00f6pfe in ihr Verkaufssortiment aufzunehmen\u201c, betont Bastian.<\/p>\n","protected":false},"excerpt":{"rendered":"<p>Edeka Mitsch in Dillenburg verkauft seit vergangener Woche die beliebten Eint\u00f6pfe der Lebenshilfe Dillenburg. Sechs Sorten zum Preis zwischen vier und f\u00fcnf Euro gibt es dort zurzeit zur Auswahl.<\/p>\n","protected":false},"author":4,"featured_media":3683,"comment_status":"closed","ping_status":"closed","sticky":false,"template":"","format":"standard","meta":{"_acf_changed":false,"_gspb_post_css":"","_kad_blocks_custom_css":"","_kad_blocks_head_custom_js":"","_kad_blocks_body_custom_js":"","_kad_blocks_footer_custom_js":"","_kad_post_transparent":"","_kad_post_title":"","_kad_post_layout":"","_kad_post_sidebar_id":"","_kad_post_content_style":"","_kad_post_vertical_padding":"","_kad_post_feature":"","_kad_post_feature_position":"","_kad_post_header":false,"_kad_post_footer":false,"_kad_post_classname":"","footnotes":""},"categories":[53],"tags":[],"class_list":["post-7393","post","type-post","status-publish","format-standard","has-post-thumbnail","hentry","category-meldungen"],"acf":[],"yoast_head":"<!-- This site is optimized with the Yoast SEO plugin v27.5 - https:\/\/yoast.com\/product\/yoast-seo-wordpress\/ -->\n<title>Eint\u00f6pfe ab jetzt auch bei Edeka - Lebenshilfe Dillenburg e.V.<\/title>\n<meta name=\"robots\" content=\"index, follow, max-snippet:-1, max-image-preview:large, max-video-preview:-1\" \/>\n<link rel=\"canonical\" href=\"https:\/\/lebenshilfe-dillenburg.de\/leicht\/eintoepfe-ab-jetzt-auch-bei-edeka\/\" \/>\n<meta property=\"og:locale\" content=\"de_DE\" \/>\n<meta property=\"og:type\" content=\"article\" \/>\n<meta property=\"og:title\" content=\"Eint\u00f6pfe ab jetzt auch bei Edeka - Lebenshilfe Dillenburg e.V.\" \/>\n<meta property=\"og:description\" content=\"Edeka Mitsch in Dillenburg verkauft seit vergangener Woche die beliebten Eint\u00f6pfe der Lebenshilfe Dillenburg. Sechs Sorten zum Preis zwischen vier und f\u00fcnf Euro gibt es dort zurzeit zur Auswahl.\" \/>\n<meta property=\"og:url\" content=\"https:\/\/lebenshilfe-dillenburg.de\/leicht\/eintoepfe-ab-jetzt-auch-bei-edeka\/\" \/>\n<meta property=\"og:site_name\" content=\"Lebenshilfe Dillenburg e.V.\" \/>\n<meta property=\"article:publisher\" content=\"https:\/\/www.facebook.com\/lebenshilfedillenburg\/\" \/>\n<meta property=\"article:published_time\" content=\"2022-05-30T10:56:23+00:00\" \/>\n<meta property=\"article:modified_time\" content=\"2026-01-30T11:09:39+00:00\" \/>\n<meta property=\"og:image\" content=\"https:\/\/lebenshilfe-dillenburg.de\/wp-content\/uploads\/img-4424-scaled-3.jpg\" \/>\n\t<meta property=\"og:image:width\" content=\"2560\" \/>\n\t<meta property=\"og:image:height\" content=\"1730\" \/>\n\t<meta property=\"og:image:type\" content=\"image\/jpeg\" \/>\n<meta name=\"author\" content=\"Conny Holtfoth\" \/>\n<meta name=\"twitter:card\" content=\"summary_large_image\" \/>\n<meta name=\"twitter:label1\" content=\"Geschrieben von\" \/>\n\t<meta name=\"twitter:data1\" content=\"Conny Holtfoth\" \/>\n\t<meta name=\"twitter:label2\" content=\"Gesch\u00e4tzte Lesezeit\" \/>\n\t<meta name=\"twitter:data2\" content=\"1\u00a0Minute\" \/>\n<script type=\"application\/ld+json\" class=\"yoast-schema-graph\">{\"@context\":\"https:\\\/\\\/schema.org\",\"@graph\":[{\"@type\":\"Article\",\"@id\":\"https:\\\/\\\/lebenshilfe-dillenburg.de\\\/leicht\\\/eintoepfe-ab-jetzt-auch-bei-edeka\\\/#article\",\"isPartOf\":{\"@id\":\"https:\\\/\\\/lebenshilfe-dillenburg.de\\\/leicht\\\/eintoepfe-ab-jetzt-auch-bei-edeka\\\/\"},\"author\":{\"name\":\"Conny Holtfoth\",\"@id\":\"https:\\\/\\\/lebenshilfe-dillenburg.de\\\/leicht\\\/#\\\/schema\\\/person\\\/b6c52dad8d881b49213c3345a7cd5efe\"},\"headline\":\"Eint\u00f6pfe ab jetzt auch bei Edeka\",\"datePublished\":\"2022-05-30T10:56:23+00:00\",\"dateModified\":\"2026-01-30T11:09:39+00:00\",\"mainEntityOfPage\":{\"@id\":\"https:\\\/\\\/lebenshilfe-dillenburg.de\\\/leicht\\\/eintoepfe-ab-jetzt-auch-bei-edeka\\\/\"},\"wordCount\":294,\"publisher\":{\"@id\":\"https:\\\/\\\/lebenshilfe-dillenburg.de\\\/leicht\\\/#organization\"},\"image\":{\"@id\":\"https:\\\/\\\/lebenshilfe-dillenburg.de\\\/leicht\\\/eintoepfe-ab-jetzt-auch-bei-edeka\\\/#primaryimage\"},\"thumbnailUrl\":\"https:\\\/\\\/lebenshilfe-dillenburg.de\\\/wp-content\\\/uploads\\\/joerg-bastian-robin-rohn-praesentieren-verkaufsregal.jpg\",\"articleSection\":[\"Meldungen\"],\"inLanguage\":\"de\"},{\"@type\":\"WebPage\",\"@id\":\"https:\\\/\\\/lebenshilfe-dillenburg.de\\\/leicht\\\/eintoepfe-ab-jetzt-auch-bei-edeka\\\/\",\"url\":\"https:\\\/\\\/lebenshilfe-dillenburg.de\\\/leicht\\\/eintoepfe-ab-jetzt-auch-bei-edeka\\\/\",\"name\":\"Eint\u00f6pfe ab jetzt auch bei Edeka - Lebenshilfe Dillenburg e.V.\",\"isPartOf\":{\"@id\":\"https:\\\/\\\/lebenshilfe-dillenburg.de\\\/leicht\\\/#website\"},\"primaryImageOfPage\":{\"@id\":\"https:\\\/\\\/lebenshilfe-dillenburg.de\\\/leicht\\\/eintoepfe-ab-jetzt-auch-bei-edeka\\\/#primaryimage\"},\"image\":{\"@id\":\"https:\\\/\\\/lebenshilfe-dillenburg.de\\\/leicht\\\/eintoepfe-ab-jetzt-auch-bei-edeka\\\/#primaryimage\"},\"thumbnailUrl\":\"https:\\\/\\\/lebenshilfe-dillenburg.de\\\/wp-content\\\/uploads\\\/joerg-bastian-robin-rohn-praesentieren-verkaufsregal.jpg\",\"datePublished\":\"2022-05-30T10:56:23+00:00\",\"dateModified\":\"2026-01-30T11:09:39+00:00\",\"breadcrumb\":{\"@id\":\"https:\\\/\\\/lebenshilfe-dillenburg.de\\\/leicht\\\/eintoepfe-ab-jetzt-auch-bei-edeka\\\/#breadcrumb\"},\"inLanguage\":\"de\",\"potentialAction\":[{\"@type\":\"ReadAction\",\"target\":[\"https:\\\/\\\/lebenshilfe-dillenburg.de\\\/leicht\\\/eintoepfe-ab-jetzt-auch-bei-edeka\\\/\"]}]},{\"@type\":\"ImageObject\",\"inLanguage\":\"de\",\"@id\":\"https:\\\/\\\/lebenshilfe-dillenburg.de\\\/leicht\\\/eintoepfe-ab-jetzt-auch-bei-edeka\\\/#primaryimage\",\"url\":\"https:\\\/\\\/lebenshilfe-dillenburg.de\\\/wp-content\\\/uploads\\\/joerg-bastian-robin-rohn-praesentieren-verkaufsregal.jpg\",\"contentUrl\":\"https:\\\/\\\/lebenshilfe-dillenburg.de\\\/wp-content\\\/uploads\\\/joerg-bastian-robin-rohn-praesentieren-verkaufsregal.jpg\",\"width\":1500,\"height\":1014,\"caption\":\"J\u00f6rg Bastian (l.) und Robin Rohn von Edeka-Mitsch pr\u00e4sentieren das Verkaufsregal. (Foto: Holtfoth)\"},{\"@type\":\"BreadcrumbList\",\"@id\":\"https:\\\/\\\/lebenshilfe-dillenburg.de\\\/leicht\\\/eintoepfe-ab-jetzt-auch-bei-edeka\\\/#breadcrumb\",\"itemListElement\":[{\"@type\":\"ListItem\",\"position\":1,\"name\":\"Startseite der Lebenshilfe Dillenburg\",\"item\":\"https:\\\/\\\/lebenshilfe-dillenburg.de\\\/leicht\\\/\"},{\"@type\":\"ListItem\",\"position\":2,\"name\":\"Eint\u00f6pfe ab jetzt auch bei Edeka\"}]},{\"@type\":\"WebSite\",\"@id\":\"https:\\\/\\\/lebenshilfe-dillenburg.de\\\/leicht\\\/#website\",\"url\":\"https:\\\/\\\/lebenshilfe-dillenburg.de\\\/leicht\\\/\",\"name\":\"Lebenshilfe Dillenburg \u2013 Teilhabe & Unterst\u00fctzung im Lahn-Dill-Kreis\",\"description\":\"\",\"publisher\":{\"@id\":\"https:\\\/\\\/lebenshilfe-dillenburg.de\\\/leicht\\\/#organization\"},\"potentialAction\":[{\"@type\":\"SearchAction\",\"target\":{\"@type\":\"EntryPoint\",\"urlTemplate\":\"https:\\\/\\\/lebenshilfe-dillenburg.de\\\/leicht\\\/?s={search_term_string}\"},\"query-input\":{\"@type\":\"PropertyValueSpecification\",\"valueRequired\":true,\"valueName\":\"search_term_string\"}}],\"inLanguage\":\"de\"},{\"@type\":\"Organization\",\"@id\":\"https:\\\/\\\/lebenshilfe-dillenburg.de\\\/leicht\\\/#organization\",\"name\":\"Lebenshilfe Dillenburg e.V.\",\"url\":\"https:\\\/\\\/lebenshilfe-dillenburg.de\\\/leicht\\\/\",\"logo\":{\"@type\":\"ImageObject\",\"inLanguage\":\"de\",\"@id\":\"https:\\\/\\\/lebenshilfe-dillenburg.de\\\/leicht\\\/#\\\/schema\\\/logo\\\/image\\\/\",\"url\":\"https:\\\/\\\/lebenshilfe-dillenburg.de\\\/wp-content\\\/uploads\\\/lebenshilfe-dillenburg-desktop.webp\",\"contentUrl\":\"https:\\\/\\\/lebenshilfe-dillenburg.de\\\/wp-content\\\/uploads\\\/lebenshilfe-dillenburg-desktop.webp\",\"width\":461,\"height\":202,\"caption\":\"Lebenshilfe Dillenburg e.V.\"},\"image\":{\"@id\":\"https:\\\/\\\/lebenshilfe-dillenburg.de\\\/leicht\\\/#\\\/schema\\\/logo\\\/image\\\/\"},\"sameAs\":[\"https:\\\/\\\/www.facebook.com\\\/lebenshilfedillenburg\\\/\",\"https:\\\/\\\/www.instagram.com\\\/lebenshilfe_dillenburg\\\/\"]},{\"@type\":\"Person\",\"@id\":\"https:\\\/\\\/lebenshilfe-dillenburg.de\\\/leicht\\\/#\\\/schema\\\/person\\\/b6c52dad8d881b49213c3345a7cd5efe\",\"name\":\"Conny Holtfoth\",\"sameAs\":[\"http:\\\/\\\/lebenshilfe-dillenburg.de\"],\"url\":\"https:\\\/\\\/lebenshilfe-dillenburg.de\\\/leicht\\\/author\\\/conny\\\/\"}]}<\/script>\n<!-- \/ Yoast SEO plugin. -->","yoast_head_json":{"title":"Eint\u00f6pfe ab jetzt auch bei Edeka - Lebenshilfe Dillenburg e.V.","robots":{"index":"index","follow":"follow","max-snippet":"max-snippet:-1","max-image-preview":"max-image-preview:large","max-video-preview":"max-video-preview:-1"},"canonical":"https:\/\/lebenshilfe-dillenburg.de\/leicht\/eintoepfe-ab-jetzt-auch-bei-edeka\/","og_locale":"de_DE","og_type":"article","og_title":"Eint\u00f6pfe ab jetzt auch bei Edeka - Lebenshilfe Dillenburg e.V.","og_description":"Edeka Mitsch in Dillenburg verkauft seit vergangener Woche die beliebten Eint\u00f6pfe der Lebenshilfe Dillenburg. Sechs Sorten zum Preis zwischen vier und f\u00fcnf Euro gibt es dort zurzeit zur Auswahl.","og_url":"https:\/\/lebenshilfe-dillenburg.de\/leicht\/eintoepfe-ab-jetzt-auch-bei-edeka\/","og_site_name":"Lebenshilfe Dillenburg e.V.","article_publisher":"https:\/\/www.facebook.com\/lebenshilfedillenburg\/","article_published_time":"2022-05-30T10:56:23+00:00","article_modified_time":"2026-01-30T11:09:39+00:00","og_image":[{"width":2560,"height":1730,"url":"https:\/\/lebenshilfe-dillenburg.de\/wp-content\/uploads\/img-4424-scaled-3.jpg","type":"image\/jpeg"}],"author":"Conny Holtfoth","twitter_card":"summary_large_image","twitter_misc":{"Geschrieben von":"Conny Holtfoth","Gesch\u00e4tzte Lesezeit":"1\u00a0Minute"},"schema":{"@context":"https:\/\/schema.org","@graph":[{"@type":"Article","@id":"https:\/\/lebenshilfe-dillenburg.de\/leicht\/eintoepfe-ab-jetzt-auch-bei-edeka\/#article","isPartOf":{"@id":"https:\/\/lebenshilfe-dillenburg.de\/leicht\/eintoepfe-ab-jetzt-auch-bei-edeka\/"},"author":{"name":"Conny Holtfoth","@id":"https:\/\/lebenshilfe-dillenburg.de\/leicht\/#\/schema\/person\/b6c52dad8d881b49213c3345a7cd5efe"},"headline":"Eint\u00f6pfe ab jetzt auch bei Edeka","datePublished":"2022-05-30T10:56:23+00:00","dateModified":"2026-01-30T11:09:39+00:00","mainEntityOfPage":{"@id":"https:\/\/lebenshilfe-dillenburg.de\/leicht\/eintoepfe-ab-jetzt-auch-bei-edeka\/"},"wordCount":294,"publisher":{"@id":"https:\/\/lebenshilfe-dillenburg.de\/leicht\/#organization"},"image":{"@id":"https:\/\/lebenshilfe-dillenburg.de\/leicht\/eintoepfe-ab-jetzt-auch-bei-edeka\/#primaryimage"},"thumbnailUrl":"https:\/\/lebenshilfe-dillenburg.de\/wp-content\/uploads\/joerg-bastian-robin-rohn-praesentieren-verkaufsregal.jpg","articleSection":["Meldungen"],"inLanguage":"de"},{"@type":"WebPage","@id":"https:\/\/lebenshilfe-dillenburg.de\/leicht\/eintoepfe-ab-jetzt-auch-bei-edeka\/","url":"https:\/\/lebenshilfe-dillenburg.de\/leicht\/eintoepfe-ab-jetzt-auch-bei-edeka\/","name":"Eint\u00f6pfe ab jetzt auch bei Edeka - Lebenshilfe Dillenburg e.V.","isPartOf":{"@id":"https:\/\/lebenshilfe-dillenburg.de\/leicht\/#website"},"primaryImageOfPage":{"@id":"https:\/\/lebenshilfe-dillenburg.de\/leicht\/eintoepfe-ab-jetzt-auch-bei-edeka\/#primaryimage"},"image":{"@id":"https:\/\/lebenshilfe-dillenburg.de\/leicht\/eintoepfe-ab-jetzt-auch-bei-edeka\/#primaryimage"},"thumbnailUrl":"https:\/\/lebenshilfe-dillenburg.de\/wp-content\/uploads\/joerg-bastian-robin-rohn-praesentieren-verkaufsregal.jpg","datePublished":"2022-05-30T10:56:23+00:00","dateModified":"2026-01-30T11:09:39+00:00","breadcrumb":{"@id":"https:\/\/lebenshilfe-dillenburg.de\/leicht\/eintoepfe-ab-jetzt-auch-bei-edeka\/#breadcrumb"},"inLanguage":"de","potentialAction":[{"@type":"ReadAction","target":["https:\/\/lebenshilfe-dillenburg.de\/leicht\/eintoepfe-ab-jetzt-auch-bei-edeka\/"]}]},{"@type":"ImageObject","inLanguage":"de","@id":"https:\/\/lebenshilfe-dillenburg.de\/leicht\/eintoepfe-ab-jetzt-auch-bei-edeka\/#primaryimage","url":"https:\/\/lebenshilfe-dillenburg.de\/wp-content\/uploads\/joerg-bastian-robin-rohn-praesentieren-verkaufsregal.jpg","contentUrl":"https:\/\/lebenshilfe-dillenburg.de\/wp-content\/uploads\/joerg-bastian-robin-rohn-praesentieren-verkaufsregal.jpg","width":1500,"height":1014,"caption":"J\u00f6rg Bastian (l.) und Robin Rohn von Edeka-Mitsch pr\u00e4sentieren das Verkaufsregal. (Foto: Holtfoth)"},{"@type":"BreadcrumbList","@id":"https:\/\/lebenshilfe-dillenburg.de\/leicht\/eintoepfe-ab-jetzt-auch-bei-edeka\/#breadcrumb","itemListElement":[{"@type":"ListItem","position":1,"name":"Startseite der Lebenshilfe Dillenburg","item":"https:\/\/lebenshilfe-dillenburg.de\/leicht\/"},{"@type":"ListItem","position":2,"name":"Eint\u00f6pfe ab jetzt auch bei Edeka"}]},{"@type":"WebSite","@id":"https:\/\/lebenshilfe-dillenburg.de\/leicht\/#website","url":"https:\/\/lebenshilfe-dillenburg.de\/leicht\/","name":"Lebenshilfe Dillenburg \u2013 Teilhabe & Unterst\u00fctzung im Lahn-Dill-Kreis","description":"","publisher":{"@id":"https:\/\/lebenshilfe-dillenburg.de\/leicht\/#organization"},"potentialAction":[{"@type":"SearchAction","target":{"@type":"EntryPoint","urlTemplate":"https:\/\/lebenshilfe-dillenburg.de\/leicht\/?s={search_term_string}"},"query-input":{"@type":"PropertyValueSpecification","valueRequired":true,"valueName":"search_term_string"}}],"inLanguage":"de"},{"@type":"Organization","@id":"https:\/\/lebenshilfe-dillenburg.de\/leicht\/#organization","name":"Lebenshilfe Dillenburg e.V.","url":"https:\/\/lebenshilfe-dillenburg.de\/leicht\/","logo":{"@type":"ImageObject","inLanguage":"de","@id":"https:\/\/lebenshilfe-dillenburg.de\/leicht\/#\/schema\/logo\/image\/","url":"https:\/\/lebenshilfe-dillenburg.de\/wp-content\/uploads\/lebenshilfe-dillenburg-desktop.webp","contentUrl":"https:\/\/lebenshilfe-dillenburg.de\/wp-content\/uploads\/lebenshilfe-dillenburg-desktop.webp","width":461,"height":202,"caption":"Lebenshilfe Dillenburg e.V."},"image":{"@id":"https:\/\/lebenshilfe-dillenburg.de\/leicht\/#\/schema\/logo\/image\/"},"sameAs":["https:\/\/www.facebook.com\/lebenshilfedillenburg\/","https:\/\/www.instagram.com\/lebenshilfe_dillenburg\/"]},{"@type":"Person","@id":"https:\/\/lebenshilfe-dillenburg.de\/leicht\/#\/schema\/person\/b6c52dad8d881b49213c3345a7cd5efe","name":"Conny Holtfoth","sameAs":["http:\/\/lebenshilfe-dillenburg.de"],"url":"https:\/\/lebenshilfe-dillenburg.de\/leicht\/author\/conny\/"}]}},"taxonomy_info":{"category":[{"value":53,"label":"Meldungen"}]},"featured_image_src_large":["https:\/\/lebenshilfe-dillenburg.de\/wp-content\/uploads\/joerg-bastian-robin-rohn-praesentieren-verkaufsregal-1920x1298.jpg",1366,923,true],"author_info":{"display_name":"Conny Holtfoth","author_link":"https:\/\/lebenshilfe-dillenburg.de\/leicht\/author\/conny\/"},"comment_info":0,"category_info":[{"term_id":53,"name":"Meldungen","slug":"meldungen","term_group":0,"term_taxonomy_id":53,"taxonomy":"category","description":"","parent":0,"count":127,"filter":"raw","term_order":"5","cat_ID":53,"category_count":127,"category_description":"","cat_name":"Meldungen","category_nicename":"meldungen","category_parent":0}],"tag_info":false,"_links":{"self":[{"href":"https:\/\/lebenshilfe-dillenburg.de\/leicht\/wp-json\/wp\/v2\/posts\/7393","targetHints":{"allow":["GET"]}}],"collection":[{"href":"https:\/\/lebenshilfe-dillenburg.de\/leicht\/wp-json\/wp\/v2\/posts"}],"about":[{"href":"https:\/\/lebenshilfe-dillenburg.de\/leicht\/wp-json\/wp\/v2\/types\/post"}],"author":[{"embeddable":true,"href":"https:\/\/lebenshilfe-dillenburg.de\/leicht\/wp-json\/wp\/v2\/users\/4"}],"replies":[{"embeddable":true,"href":"https:\/\/lebenshilfe-dillenburg.de\/leicht\/wp-json\/wp\/v2\/comments?post=7393"}],"version-history":[{"count":0,"href":"https:\/\/lebenshilfe-dillenburg.de\/leicht\/wp-json\/wp\/v2\/posts\/7393\/revisions"}],"wp:featuredmedia":[{"embeddable":true,"href":"https:\/\/lebenshilfe-dillenburg.de\/leicht\/wp-json\/wp\/v2\/media\/3683"}],"wp:attachment":[{"href":"https:\/\/lebenshilfe-dillenburg.de\/leicht\/wp-json\/wp\/v2\/media?parent=7393"}],"wp:term":[{"taxonomy":"category","embeddable":true,"href":"https:\/\/lebenshilfe-dillenburg.de\/leicht\/wp-json\/wp\/v2\/categories?post=7393"},{"taxonomy":"post_tag","embeddable":true,"href":"https:\/\/lebenshilfe-dillenburg.de\/leicht\/wp-json\/wp\/v2\/tags?post=7393"}],"curies":[{"name":"wp","href":"https:\/\/api.w.org\/{rel}","templated":true}]}}