{"id":7394,"date":"2022-07-04T14:14:00","date_gmt":"2022-07-04T12:14:00","guid":{"rendered":"https:\/\/www.lebenshilfe-dillenburg.de\/?p=3716"},"modified":"2026-01-30T12:09:39","modified_gmt":"2026-01-30T11:09:39","slug":"ausbildungs-traum-wird-wirklichkeit","status":"publish","type":"post","link":"https:\/\/lebenshilfe-dillenburg.de\/leicht\/ausbildungs-traum-wird-wirklichkeit\/","title":{"rendered":"Ausbildungs-Traum wird Wirklichkeit"},"content":{"rendered":"<p>Ein Mann der ersten Stunde. Als der Lebenshilfe-Dorfladen in Donsbach 2018 er\u00f6ffnet wurde, stand er bereits hinter der Theke und kassierte: Simon Farago, Besch\u00e4ftigter der Reha-Werkstatt in Haiger. Ab dem 1. September bricht f\u00fcr den 37-J\u00e4hrigen eine neue Zeit an: Er beginnt eine Ausbildung zum Verk\u00e4ufer.<!--more--><\/p>\n<p>Ein Traum, der in Erf\u00fcllung geht. Schon w\u00e4hrend seiner Schulzeit hatte der Herborner Praktika im kaufm\u00e4nnischen Bereich absolviert. Als er am 2. Mai 2013 im Berufsbildungsbereich der Reha-Werkstatt anfing, war schnell klar: Ziel sollte es sein, Farago mit seinen F\u00e4higkeiten auf den ersten Arbeitsmarkt zu bringen \u2013 sofern alle Faktoren stimmen. Denn aufgrund seiner psychischen Erkrankung ist er auf Unterst\u00fctzung angewiesen. \u201eManchmal verliere ich den Faden\u201c, erkl\u00e4rt er. \u201eWenn viele Sachen auf einmal kommen, kann ich sie mir nicht so gut merken.\u201c \u00c4hnlich wie mit den Konzentrationsschw\u00e4chen verhalte es sich mit dem Kopfrechnen. \u201eAn manchen Tagen habe ich einen richtigen Lauf, an anderen Tagen stehe ich auf dem Schlauch. Ich brauche immer klare Strukturen.\u201c<\/p>\n<p>Diese Schwierigkeiten kennt sein neuer Arbeitgeber, Edeka G\u00f6bel in Haiger. Marktleiter Kai G\u00f6bel kennt aber auch seine St\u00e4rken. Im Februar hat Farago dort ein vierw\u00f6chiges Praktikum absolviert. \u201eDurch meine Arbeit im Dorfladen konnte ich bereits einiges an Wissen zu Produkten, Barcodes Sortierung und Zuordnung mitbringen\u201c, sagt Farago. Das und seine stets freundliche Art machten ihn schnell zu einer wertvollen Bereicherung im Edeka-Team. \u201eAls ich gerade Tiefk\u00fchlprodukte einr\u00e4umte, kam Herr G\u00f6bel zu mir. Er sagte, er habe einen sehr guten Eindruck von mir, ich sei sehr flei\u00dfig und habe eine Chance verdient.\u201c Nach gemeinsamen Absprachen mit Farago, dem Dorfladen und dem Sozialen Dienst der Lebenshilfe setzte G\u00f6bel den Ausbildungsvertrag auf. Farago ist nicht der erste Besch\u00e4ftigte der Lebenshilfe, der bei Edeka G\u00f6bel eine neue berufliche Heimat gefunden hat. Ein weiterer Besch\u00e4ftigter der Werkst\u00e4tten arbeitet dort bereits auf einem Au\u00dfenarbeitsplatz der Betriebsintegrierten Besch\u00e4ftigung.<\/p>\n<p><strong>\u201eSimon ist jemand, der sich an alles heranwagt und der immer ein Teamplayer ist\u201c<\/strong><\/p>\n<p>\u201eWir wissen, dass Simon bei G\u00f6bel in guten H\u00e4nden ist\u201c, sagt Eileen Fahrenbach, hauptamtliche Kraft im Dorfladen-Team. \u201eWir sind sehr stolz und freuen uns f\u00fcr Simon, auch wenn er uns hier im Dorfladen an allen Ecken und Enden fehlen wird. Er ist einfach ein Teil von hier.\u201c So sind im Team auch schon ein paar Tr\u00e4nen geflossen. Farago dazu: \u201eKlar werde ich das hier vermissen. Aber ich bin ja nicht aus der Welt. Und ich wei\u00df, dass ich mich hier immer melden kann, wenn ich Probleme habe.\u201c<\/p>\n<p>Neben aller Vorfreude hat Farago auch ein wenig Bammel vor der neuen Aufgabe. Insbesondere vor der Berufsschule. \u201eEs ist schlie\u00dflich 20 Jahre her, dass ich zuletzt in der Schule war. Ich hoffe, dass ich mit meinen Mitsch\u00fclern gut klarkomme und mich auf den Schulstoff konzentrieren kann. Ich muss mich einfach dazu zwingen, mich auf den Hosenboden zu setzen und zu lernen.\u201c<\/p>\n<p>Und dass Farago zielstrebig ist, hat er bereits mehrfach unter Beweis gestellt. So hat er etwa vor zweieinhalb Jahren seinen F\u00fchrerschein gemacht, um nicht zu abh\u00e4ngig von Bus- und Zugverbindungen zu sein. \u201eSimon ist jemand, der sich an alles heranwagt und der immer ein Teamplayer ist. Das zeichnet ihn besonders aus. Und ich w\u00fcnsche ihm einfach, dass er bleibt, wie er ist. Dann kann er all das erreichen, was er sich w\u00fcnscht\u201c, so Fahrenbach.<\/p>\n<figure id=\"attachment_3718\" aria-describedby=\"caption-attachment-3718\" style=\"width: 600px\" class=\"wp-caption alignnone\"><a href=\"https:\/\/lebenshilfe-dillenburg.de\/wp-content\/uploads\/donsbacher-dorfladen-team-vor-dem-laden.jpg\"><img loading=\"lazy\" decoding=\"async\" class=\"wp-image-3718 size-medium\" src=\"https:\/\/lebenshilfe-dillenburg.de\/wp-content\/uploads\/2022\/07\/ausbildungs-traum-wird-wirklichkeit-img-4434-600x400.jpg\" alt=\"\" width=\"600\" height=\"400\" \/><\/a><figcaption id=\"caption-attachment-3718\" class=\"wp-caption-text\">Abschied vom Dorfladen-Team &#8211; hier mit Eileen Fahrenbach (links) und Martina Gro\u00dfe. (Foto: Holtfoth)<\/figcaption><\/figure>\n<p>&nbsp;<\/p>\n","protected":false},"excerpt":{"rendered":"<p>Ein Mann der ersten Stunde. Als der Lebenshilfe-Dorfladen in Donsbach 2018 er\u00f6ffnet wurde, stand er bereits hinter der Theke und kassierte: Simon Farago, Besch\u00e4ftigter der Reha-Werkstatt in Haiger. Ab dem 1. September bricht f\u00fcr den 37-J\u00e4hrigen eine neue Zeit an: Er beginnt eine Ausbildung zum Verk\u00e4ufer.<\/p>\n","protected":false},"author":4,"featured_media":3717,"comment_status":"closed","ping_status":"closed","sticky":false,"template":"","format":"standard","meta":{"_acf_changed":false,"_gspb_post_css":"","_kad_blocks_custom_css":"","_kad_blocks_head_custom_js":"","_kad_blocks_body_custom_js":"","_kad_blocks_footer_custom_js":"","_kad_post_transparent":"","_kad_post_title":"","_kad_post_layout":"","_kad_post_sidebar_id":"","_kad_post_content_style":"","_kad_post_vertical_padding":"","_kad_post_feature":"","_kad_post_feature_position":"","_kad_post_header":false,"_kad_post_footer":false,"_kad_post_classname":"","footnotes":""},"categories":[53],"tags":[],"class_list":["post-7394","post","type-post","status-publish","format-standard","has-post-thumbnail","hentry","category-meldungen"],"acf":[],"yoast_head":"<!-- This site is optimized with the Yoast SEO plugin v27.5 - https:\/\/yoast.com\/product\/yoast-seo-wordpress\/ -->\n<title>Ausbildungs-Traum wird Wirklichkeit - Lebenshilfe Dillenburg e.V.<\/title>\n<meta name=\"robots\" content=\"index, follow, max-snippet:-1, max-image-preview:large, max-video-preview:-1\" \/>\n<link rel=\"canonical\" href=\"https:\/\/lebenshilfe-dillenburg.de\/leicht\/ausbildungs-traum-wird-wirklichkeit\/\" \/>\n<meta property=\"og:locale\" content=\"de_DE\" \/>\n<meta property=\"og:type\" content=\"article\" \/>\n<meta property=\"og:title\" content=\"Ausbildungs-Traum wird Wirklichkeit - Lebenshilfe Dillenburg e.V.\" \/>\n<meta property=\"og:description\" content=\"Ein Mann der ersten Stunde. Als der Lebenshilfe-Dorfladen in Donsbach 2018 er\u00f6ffnet wurde, stand er bereits hinter der Theke und kassierte: Simon Farago, Besch\u00e4ftigter der Reha-Werkstatt in Haiger. Ab dem 1. September bricht f\u00fcr den 37-J\u00e4hrigen eine neue Zeit an: Er beginnt eine Ausbildung zum Verk\u00e4ufer.\" \/>\n<meta property=\"og:url\" content=\"https:\/\/lebenshilfe-dillenburg.de\/leicht\/ausbildungs-traum-wird-wirklichkeit\/\" \/>\n<meta property=\"og:site_name\" content=\"Lebenshilfe Dillenburg e.V.\" \/>\n<meta property=\"article:publisher\" content=\"https:\/\/www.facebook.com\/lebenshilfedillenburg\/\" \/>\n<meta property=\"article:published_time\" content=\"2022-07-04T12:14:00+00:00\" \/>\n<meta property=\"article:modified_time\" content=\"2026-01-30T11:09:39+00:00\" \/>\n<meta property=\"og:image\" content=\"https:\/\/lebenshilfe-dillenburg.de\/wp-content\/uploads\/ausbildungs-traum-wird-wirklichkeit-img-4430-scaled-3.jpg\" \/>\n\t<meta property=\"og:image:width\" content=\"2560\" \/>\n\t<meta property=\"og:image:height\" content=\"1655\" \/>\n\t<meta property=\"og:image:type\" content=\"image\/jpeg\" \/>\n<meta name=\"author\" content=\"Conny Holtfoth\" \/>\n<meta name=\"twitter:card\" content=\"summary_large_image\" \/>\n<meta name=\"twitter:label1\" content=\"Geschrieben von\" \/>\n\t<meta name=\"twitter:data1\" content=\"Conny Holtfoth\" \/>\n\t<meta name=\"twitter:label2\" content=\"Gesch\u00e4tzte Lesezeit\" \/>\n\t<meta name=\"twitter:data2\" content=\"3\u00a0Minuten\" \/>\n<script type=\"application\/ld+json\" class=\"yoast-schema-graph\">{\"@context\":\"https:\\\/\\\/schema.org\",\"@graph\":[{\"@type\":\"Article\",\"@id\":\"https:\\\/\\\/lebenshilfe-dillenburg.de\\\/leicht\\\/ausbildungs-traum-wird-wirklichkeit\\\/#article\",\"isPartOf\":{\"@id\":\"https:\\\/\\\/lebenshilfe-dillenburg.de\\\/leicht\\\/ausbildungs-traum-wird-wirklichkeit\\\/\"},\"author\":{\"name\":\"Conny Holtfoth\",\"@id\":\"https:\\\/\\\/lebenshilfe-dillenburg.de\\\/leicht\\\/#\\\/schema\\\/person\\\/b6c52dad8d881b49213c3345a7cd5efe\"},\"headline\":\"Ausbildungs-Traum wird Wirklichkeit\",\"datePublished\":\"2022-07-04T12:14:00+00:00\",\"dateModified\":\"2026-01-30T11:09:39+00:00\",\"mainEntityOfPage\":{\"@id\":\"https:\\\/\\\/lebenshilfe-dillenburg.de\\\/leicht\\\/ausbildungs-traum-wird-wirklichkeit\\\/\"},\"wordCount\":594,\"publisher\":{\"@id\":\"https:\\\/\\\/lebenshilfe-dillenburg.de\\\/leicht\\\/#organization\"},\"image\":{\"@id\":\"https:\\\/\\\/lebenshilfe-dillenburg.de\\\/leicht\\\/ausbildungs-traum-wird-wirklichkeit\\\/#primaryimage\"},\"thumbnailUrl\":\"https:\\\/\\\/lebenshilfe-dillenburg.de\\\/wp-content\\\/uploads\\\/simon-farago-dorfladen-apron-portrait.jpg\",\"articleSection\":[\"Meldungen\"],\"inLanguage\":\"de\"},{\"@type\":\"WebPage\",\"@id\":\"https:\\\/\\\/lebenshilfe-dillenburg.de\\\/leicht\\\/ausbildungs-traum-wird-wirklichkeit\\\/\",\"url\":\"https:\\\/\\\/lebenshilfe-dillenburg.de\\\/leicht\\\/ausbildungs-traum-wird-wirklichkeit\\\/\",\"name\":\"Ausbildungs-Traum wird Wirklichkeit - Lebenshilfe Dillenburg e.V.\",\"isPartOf\":{\"@id\":\"https:\\\/\\\/lebenshilfe-dillenburg.de\\\/leicht\\\/#website\"},\"primaryImageOfPage\":{\"@id\":\"https:\\\/\\\/lebenshilfe-dillenburg.de\\\/leicht\\\/ausbildungs-traum-wird-wirklichkeit\\\/#primaryimage\"},\"image\":{\"@id\":\"https:\\\/\\\/lebenshilfe-dillenburg.de\\\/leicht\\\/ausbildungs-traum-wird-wirklichkeit\\\/#primaryimage\"},\"thumbnailUrl\":\"https:\\\/\\\/lebenshilfe-dillenburg.de\\\/wp-content\\\/uploads\\\/simon-farago-dorfladen-apron-portrait.jpg\",\"datePublished\":\"2022-07-04T12:14:00+00:00\",\"dateModified\":\"2026-01-30T11:09:39+00:00\",\"breadcrumb\":{\"@id\":\"https:\\\/\\\/lebenshilfe-dillenburg.de\\\/leicht\\\/ausbildungs-traum-wird-wirklichkeit\\\/#breadcrumb\"},\"inLanguage\":\"de\",\"potentialAction\":[{\"@type\":\"ReadAction\",\"target\":[\"https:\\\/\\\/lebenshilfe-dillenburg.de\\\/leicht\\\/ausbildungs-traum-wird-wirklichkeit\\\/\"]}]},{\"@type\":\"ImageObject\",\"inLanguage\":\"de\",\"@id\":\"https:\\\/\\\/lebenshilfe-dillenburg.de\\\/leicht\\\/ausbildungs-traum-wird-wirklichkeit\\\/#primaryimage\",\"url\":\"https:\\\/\\\/lebenshilfe-dillenburg.de\\\/wp-content\\\/uploads\\\/simon-farago-dorfladen-apron-portrait.jpg\",\"contentUrl\":\"https:\\\/\\\/lebenshilfe-dillenburg.de\\\/wp-content\\\/uploads\\\/simon-farago-dorfladen-apron-portrait.jpg\",\"width\":1500,\"height\":970,\"caption\":\"Aufbruch zu neuen Ufern: Simon Farago verl\u00e4sst den Lebenshilfe-Dorfladen und beginnt eine Ausbildung zum Verk\u00e4ufer. (Foto: Holtfoth)\"},{\"@type\":\"BreadcrumbList\",\"@id\":\"https:\\\/\\\/lebenshilfe-dillenburg.de\\\/leicht\\\/ausbildungs-traum-wird-wirklichkeit\\\/#breadcrumb\",\"itemListElement\":[{\"@type\":\"ListItem\",\"position\":1,\"name\":\"Startseite der Lebenshilfe Dillenburg\",\"item\":\"https:\\\/\\\/lebenshilfe-dillenburg.de\\\/leicht\\\/\"},{\"@type\":\"ListItem\",\"position\":2,\"name\":\"Ausbildungs-Traum wird Wirklichkeit\"}]},{\"@type\":\"WebSite\",\"@id\":\"https:\\\/\\\/lebenshilfe-dillenburg.de\\\/leicht\\\/#website\",\"url\":\"https:\\\/\\\/lebenshilfe-dillenburg.de\\\/leicht\\\/\",\"name\":\"Lebenshilfe Dillenburg \u2013 Teilhabe & Unterst\u00fctzung im Lahn-Dill-Kreis\",\"description\":\"\",\"publisher\":{\"@id\":\"https:\\\/\\\/lebenshilfe-dillenburg.de\\\/leicht\\\/#organization\"},\"potentialAction\":[{\"@type\":\"SearchAction\",\"target\":{\"@type\":\"EntryPoint\",\"urlTemplate\":\"https:\\\/\\\/lebenshilfe-dillenburg.de\\\/leicht\\\/?s={search_term_string}\"},\"query-input\":{\"@type\":\"PropertyValueSpecification\",\"valueRequired\":true,\"valueName\":\"search_term_string\"}}],\"inLanguage\":\"de\"},{\"@type\":\"Organization\",\"@id\":\"https:\\\/\\\/lebenshilfe-dillenburg.de\\\/leicht\\\/#organization\",\"name\":\"Lebenshilfe Dillenburg e.V.\",\"url\":\"https:\\\/\\\/lebenshilfe-dillenburg.de\\\/leicht\\\/\",\"logo\":{\"@type\":\"ImageObject\",\"inLanguage\":\"de\",\"@id\":\"https:\\\/\\\/lebenshilfe-dillenburg.de\\\/leicht\\\/#\\\/schema\\\/logo\\\/image\\\/\",\"url\":\"https:\\\/\\\/lebenshilfe-dillenburg.de\\\/wp-content\\\/uploads\\\/lebenshilfe-dillenburg-desktop.webp\",\"contentUrl\":\"https:\\\/\\\/lebenshilfe-dillenburg.de\\\/wp-content\\\/uploads\\\/lebenshilfe-dillenburg-desktop.webp\",\"width\":461,\"height\":202,\"caption\":\"Lebenshilfe Dillenburg e.V.\"},\"image\":{\"@id\":\"https:\\\/\\\/lebenshilfe-dillenburg.de\\\/leicht\\\/#\\\/schema\\\/logo\\\/image\\\/\"},\"sameAs\":[\"https:\\\/\\\/www.facebook.com\\\/lebenshilfedillenburg\\\/\",\"https:\\\/\\\/www.instagram.com\\\/lebenshilfe_dillenburg\\\/\"]},{\"@type\":\"Person\",\"@id\":\"https:\\\/\\\/lebenshilfe-dillenburg.de\\\/leicht\\\/#\\\/schema\\\/person\\\/b6c52dad8d881b49213c3345a7cd5efe\",\"name\":\"Conny Holtfoth\",\"sameAs\":[\"http:\\\/\\\/lebenshilfe-dillenburg.de\"],\"url\":\"https:\\\/\\\/lebenshilfe-dillenburg.de\\\/leicht\\\/author\\\/conny\\\/\"}]}<\/script>\n<!-- \/ Yoast SEO plugin. -->","yoast_head_json":{"title":"Ausbildungs-Traum wird Wirklichkeit - Lebenshilfe Dillenburg e.V.","robots":{"index":"index","follow":"follow","max-snippet":"max-snippet:-1","max-image-preview":"max-image-preview:large","max-video-preview":"max-video-preview:-1"},"canonical":"https:\/\/lebenshilfe-dillenburg.de\/leicht\/ausbildungs-traum-wird-wirklichkeit\/","og_locale":"de_DE","og_type":"article","og_title":"Ausbildungs-Traum wird Wirklichkeit - Lebenshilfe Dillenburg e.V.","og_description":"Ein Mann der ersten Stunde. Als der Lebenshilfe-Dorfladen in Donsbach 2018 er\u00f6ffnet wurde, stand er bereits hinter der Theke und kassierte: Simon Farago, Besch\u00e4ftigter der Reha-Werkstatt in Haiger. Ab dem 1. September bricht f\u00fcr den 37-J\u00e4hrigen eine neue Zeit an: Er beginnt eine Ausbildung zum Verk\u00e4ufer.","og_url":"https:\/\/lebenshilfe-dillenburg.de\/leicht\/ausbildungs-traum-wird-wirklichkeit\/","og_site_name":"Lebenshilfe Dillenburg e.V.","article_publisher":"https:\/\/www.facebook.com\/lebenshilfedillenburg\/","article_published_time":"2022-07-04T12:14:00+00:00","article_modified_time":"2026-01-30T11:09:39+00:00","og_image":[{"width":2560,"height":1655,"url":"https:\/\/lebenshilfe-dillenburg.de\/wp-content\/uploads\/ausbildungs-traum-wird-wirklichkeit-img-4430-scaled-3.jpg","type":"image\/jpeg"}],"author":"Conny Holtfoth","twitter_card":"summary_large_image","twitter_misc":{"Geschrieben von":"Conny Holtfoth","Gesch\u00e4tzte Lesezeit":"3\u00a0Minuten"},"schema":{"@context":"https:\/\/schema.org","@graph":[{"@type":"Article","@id":"https:\/\/lebenshilfe-dillenburg.de\/leicht\/ausbildungs-traum-wird-wirklichkeit\/#article","isPartOf":{"@id":"https:\/\/lebenshilfe-dillenburg.de\/leicht\/ausbildungs-traum-wird-wirklichkeit\/"},"author":{"name":"Conny Holtfoth","@id":"https:\/\/lebenshilfe-dillenburg.de\/leicht\/#\/schema\/person\/b6c52dad8d881b49213c3345a7cd5efe"},"headline":"Ausbildungs-Traum wird Wirklichkeit","datePublished":"2022-07-04T12:14:00+00:00","dateModified":"2026-01-30T11:09:39+00:00","mainEntityOfPage":{"@id":"https:\/\/lebenshilfe-dillenburg.de\/leicht\/ausbildungs-traum-wird-wirklichkeit\/"},"wordCount":594,"publisher":{"@id":"https:\/\/lebenshilfe-dillenburg.de\/leicht\/#organization"},"image":{"@id":"https:\/\/lebenshilfe-dillenburg.de\/leicht\/ausbildungs-traum-wird-wirklichkeit\/#primaryimage"},"thumbnailUrl":"https:\/\/lebenshilfe-dillenburg.de\/wp-content\/uploads\/simon-farago-dorfladen-apron-portrait.jpg","articleSection":["Meldungen"],"inLanguage":"de"},{"@type":"WebPage","@id":"https:\/\/lebenshilfe-dillenburg.de\/leicht\/ausbildungs-traum-wird-wirklichkeit\/","url":"https:\/\/lebenshilfe-dillenburg.de\/leicht\/ausbildungs-traum-wird-wirklichkeit\/","name":"Ausbildungs-Traum wird Wirklichkeit - Lebenshilfe Dillenburg e.V.","isPartOf":{"@id":"https:\/\/lebenshilfe-dillenburg.de\/leicht\/#website"},"primaryImageOfPage":{"@id":"https:\/\/lebenshilfe-dillenburg.de\/leicht\/ausbildungs-traum-wird-wirklichkeit\/#primaryimage"},"image":{"@id":"https:\/\/lebenshilfe-dillenburg.de\/leicht\/ausbildungs-traum-wird-wirklichkeit\/#primaryimage"},"thumbnailUrl":"https:\/\/lebenshilfe-dillenburg.de\/wp-content\/uploads\/simon-farago-dorfladen-apron-portrait.jpg","datePublished":"2022-07-04T12:14:00+00:00","dateModified":"2026-01-30T11:09:39+00:00","breadcrumb":{"@id":"https:\/\/lebenshilfe-dillenburg.de\/leicht\/ausbildungs-traum-wird-wirklichkeit\/#breadcrumb"},"inLanguage":"de","potentialAction":[{"@type":"ReadAction","target":["https:\/\/lebenshilfe-dillenburg.de\/leicht\/ausbildungs-traum-wird-wirklichkeit\/"]}]},{"@type":"ImageObject","inLanguage":"de","@id":"https:\/\/lebenshilfe-dillenburg.de\/leicht\/ausbildungs-traum-wird-wirklichkeit\/#primaryimage","url":"https:\/\/lebenshilfe-dillenburg.de\/wp-content\/uploads\/simon-farago-dorfladen-apron-portrait.jpg","contentUrl":"https:\/\/lebenshilfe-dillenburg.de\/wp-content\/uploads\/simon-farago-dorfladen-apron-portrait.jpg","width":1500,"height":970,"caption":"Aufbruch zu neuen Ufern: Simon Farago verl\u00e4sst den Lebenshilfe-Dorfladen und beginnt eine Ausbildung zum Verk\u00e4ufer. (Foto: Holtfoth)"},{"@type":"BreadcrumbList","@id":"https:\/\/lebenshilfe-dillenburg.de\/leicht\/ausbildungs-traum-wird-wirklichkeit\/#breadcrumb","itemListElement":[{"@type":"ListItem","position":1,"name":"Startseite der Lebenshilfe Dillenburg","item":"https:\/\/lebenshilfe-dillenburg.de\/leicht\/"},{"@type":"ListItem","position":2,"name":"Ausbildungs-Traum wird Wirklichkeit"}]},{"@type":"WebSite","@id":"https:\/\/lebenshilfe-dillenburg.de\/leicht\/#website","url":"https:\/\/lebenshilfe-dillenburg.de\/leicht\/","name":"Lebenshilfe Dillenburg \u2013 Teilhabe & Unterst\u00fctzung im Lahn-Dill-Kreis","description":"","publisher":{"@id":"https:\/\/lebenshilfe-dillenburg.de\/leicht\/#organization"},"potentialAction":[{"@type":"SearchAction","target":{"@type":"EntryPoint","urlTemplate":"https:\/\/lebenshilfe-dillenburg.de\/leicht\/?s={search_term_string}"},"query-input":{"@type":"PropertyValueSpecification","valueRequired":true,"valueName":"search_term_string"}}],"inLanguage":"de"},{"@type":"Organization","@id":"https:\/\/lebenshilfe-dillenburg.de\/leicht\/#organization","name":"Lebenshilfe Dillenburg e.V.","url":"https:\/\/lebenshilfe-dillenburg.de\/leicht\/","logo":{"@type":"ImageObject","inLanguage":"de","@id":"https:\/\/lebenshilfe-dillenburg.de\/leicht\/#\/schema\/logo\/image\/","url":"https:\/\/lebenshilfe-dillenburg.de\/wp-content\/uploads\/lebenshilfe-dillenburg-desktop.webp","contentUrl":"https:\/\/lebenshilfe-dillenburg.de\/wp-content\/uploads\/lebenshilfe-dillenburg-desktop.webp","width":461,"height":202,"caption":"Lebenshilfe Dillenburg e.V."},"image":{"@id":"https:\/\/lebenshilfe-dillenburg.de\/leicht\/#\/schema\/logo\/image\/"},"sameAs":["https:\/\/www.facebook.com\/lebenshilfedillenburg\/","https:\/\/www.instagram.com\/lebenshilfe_dillenburg\/"]},{"@type":"Person","@id":"https:\/\/lebenshilfe-dillenburg.de\/leicht\/#\/schema\/person\/b6c52dad8d881b49213c3345a7cd5efe","name":"Conny Holtfoth","sameAs":["http:\/\/lebenshilfe-dillenburg.de"],"url":"https:\/\/lebenshilfe-dillenburg.de\/leicht\/author\/conny\/"}]}},"taxonomy_info":{"category":[{"value":53,"label":"Meldungen"}]},"featured_image_src_large":["https:\/\/lebenshilfe-dillenburg.de\/wp-content\/uploads\/simon-farago-dorfladen-apron-portrait-1920x1241.jpg",1366,883,true],"author_info":{"display_name":"Conny Holtfoth","author_link":"https:\/\/lebenshilfe-dillenburg.de\/leicht\/author\/conny\/"},"comment_info":0,"category_info":[{"term_id":53,"name":"Meldungen","slug":"meldungen","term_group":0,"term_taxonomy_id":53,"taxonomy":"category","description":"","parent":0,"count":127,"filter":"raw","term_order":"5","cat_ID":53,"category_count":127,"category_description":"","cat_name":"Meldungen","category_nicename":"meldungen","category_parent":0}],"tag_info":false,"_links":{"self":[{"href":"https:\/\/lebenshilfe-dillenburg.de\/leicht\/wp-json\/wp\/v2\/posts\/7394","targetHints":{"allow":["GET"]}}],"collection":[{"href":"https:\/\/lebenshilfe-dillenburg.de\/leicht\/wp-json\/wp\/v2\/posts"}],"about":[{"href":"https:\/\/lebenshilfe-dillenburg.de\/leicht\/wp-json\/wp\/v2\/types\/post"}],"author":[{"embeddable":true,"href":"https:\/\/lebenshilfe-dillenburg.de\/leicht\/wp-json\/wp\/v2\/users\/4"}],"replies":[{"embeddable":true,"href":"https:\/\/lebenshilfe-dillenburg.de\/leicht\/wp-json\/wp\/v2\/comments?post=7394"}],"version-history":[{"count":0,"href":"https:\/\/lebenshilfe-dillenburg.de\/leicht\/wp-json\/wp\/v2\/posts\/7394\/revisions"}],"wp:featuredmedia":[{"embeddable":true,"href":"https:\/\/lebenshilfe-dillenburg.de\/leicht\/wp-json\/wp\/v2\/media\/3717"}],"wp:attachment":[{"href":"https:\/\/lebenshilfe-dillenburg.de\/leicht\/wp-json\/wp\/v2\/media?parent=7394"}],"wp:term":[{"taxonomy":"category","embeddable":true,"href":"https:\/\/lebenshilfe-dillenburg.de\/leicht\/wp-json\/wp\/v2\/categories?post=7394"},{"taxonomy":"post_tag","embeddable":true,"href":"https:\/\/lebenshilfe-dillenburg.de\/leicht\/wp-json\/wp\/v2\/tags?post=7394"}],"curies":[{"name":"wp","href":"https:\/\/api.w.org\/{rel}","templated":true}]}}