{"id":7397,"date":"2022-07-15T12:49:43","date_gmt":"2022-07-15T10:49:43","guid":{"rendered":"https:\/\/www.lebenshilfe-dillenburg.de\/?p=3756"},"modified":"2026-01-30T12:09:39","modified_gmt":"2026-01-30T11:09:39","slug":"michael-koch-fuehrt-den-aufsichtsrat-an","status":"publish","type":"post","link":"https:\/\/lebenshilfe-dillenburg.de\/leicht\/michael-koch-fuehrt-den-aufsichtsrat-an\/","title":{"rendered":"Michael Koch f\u00fchrt den Aufsichtsrat an"},"content":{"rendered":"<p class=\"xmsonormal\">40 Jahre ehrenamtliche T\u00e4tigkeit im Vorstand und Aufsichtsrat der Lebenshilfe Dillenburg, 25 davon als Aufsichtsratsvorsitzender: J\u00fcrgen Raab ist am Donnerstagabend im Rahmen der Jahreshauptversammlung von seinem Amt zur\u00fcckgetreten.\u00a0 Nachfolger ist sein bisheriger Stellvertreter Michael Koch.<!--more--><\/p>\n<p class=\"xmsonormal\">\u201eNach so einer langen Amtszeit bin ich der Meinung, dass ein personeller Wechsel unserem Verein guttun wird und viele neue Chancen und Impulse bringen kann\u201c, begr\u00fcndete der Driedorfer seine Entscheidung vor den Mitgliedern im Wohnhaus Manderbach. \u201eMan soll gehen, wenn es am sch\u00f6nsten ist.\u201c<\/p>\n<p class=\"xmsonormal\">Raabs Nachfolger Michael Koch dankte den Anwesenden f\u00fcr seine einstimmige Ernennung. Der 68-J\u00e4hrige ist selbst auch bereits seit 40 Jahren mit der Lebenshilfe Dillenburg verbunden, in den ersten Jahren noch als zust\u00e4ndiger Arbeitsmediziner f\u00fcr die Mitarbeiterschaft. \u201eJ\u00fcrgen Raab und ich, das hat immer gepasst\u201c, verabschiedete er seinen Vorg\u00e4nger. \u201eAuch wenn wir manchmal unterschiedliche Gedanken und Ideen hatten, haben wir uns dabei stets erg\u00e4nzt.\u201c<\/p>\n<p class=\"xmsonormal\">Lebenshilfe-Vorstandsmitglied Dirk Botzon schloss sich an und beschrieb Raab als einen Vorsitzenden, der sein Amt nicht nur als Rolle gesehen habe, sondern immer die Anliegen der Menschen mit Behinderung zu seinen eigenen gemacht habe. \u201eJ\u00fcrgen Raab vereinigt Herzblut und Kompetenz.\u201c<\/p>\n<figure id=\"attachment_3760\" aria-describedby=\"caption-attachment-3760\" style=\"width: 215px\" class=\"wp-caption alignleft\"><a href=\"https:\/\/lebenshilfe-dillenburg.de\/wp-content\/uploads\/mann-am-rednerpult-mit-mikrofonen-vortrag.jpg\"><img loading=\"lazy\" decoding=\"async\" class=\"wp-image-3760\" src=\"https:\/\/lebenshilfe-dillenburg.de\/wp-content\/uploads\/2022\/07\/michael-koch-fuehrt-den-aufsichtsrat-an-img-4563-434x600.jpg\" alt=\"\" width=\"215\" height=\"297\" \/><\/a><figcaption id=\"caption-attachment-3760\" class=\"wp-caption-text\">Christoph Heinigk<\/figcaption><\/figure>\n<figure id=\"attachment_3758\" aria-describedby=\"caption-attachment-3758\" style=\"width: 214px\" class=\"wp-caption alignright\"><a href=\"https:\/\/lebenshilfe-dillenburg.de\/wp-content\/uploads\/2022\/07\/michael-koch-fuehrt-den-aufsichtsrat-an-img-4557-scaled.jpg\"><img loading=\"lazy\" decoding=\"async\" class=\"wp-image-3758\" src=\"https:\/\/lebenshilfe-dillenburg.de\/wp-content\/uploads\/2022\/07\/michael-koch-fuehrt-den-aufsichtsrat-an-img-4557-430x600.jpg\" alt=\"\" width=\"214\" height=\"298\" \/><\/a><figcaption id=\"caption-attachment-3758\" class=\"wp-caption-text\">Uwe Rompf<\/figcaption><\/figure>\n<p class=\"xmsonormal\">Zum neuen zweiten Vorsitzenden w\u00e4hlten die Anwesenden den 57-j\u00e4hrigen Christoph Heinigk, der seit 2019 zum Aufsichtsrat der Lebenshilfe Dillenburg z\u00e4hlt. Neu hinzu kam Uwe Rompf auf Gusternhain. Der 60-J\u00e4hrige, dessen Adoptivtochter in der Werkstatt in Flammersbach besch\u00e4ftigt ist, wurde ebenfalls einstimmig in das Gremium gew\u00e4hlt.<\/p>\n<p class=\"xmsonormal\">Die Lebenshilfe Dillenburg ist vor 56 Jahren gegr\u00fcndet worden. Heute bietet sie 1250 Betreuungspl\u00e4tze f\u00fcr Menschen mit Behinderung, z\u00e4hlt 528 Mitglieder und besch\u00e4ftigt 414 hauptamtliche Mitarbeiterinnen und Mitarbeiter. \u201eDas wichtigste Ziel bleibt es, in allen Lebensphasen eine m\u00f6glichst normale und selbstbestimmte Teilhabe am gesellschaftlichen Leben zu erm\u00f6glichen\u201c, so Raab.<\/p>\n<p class=\"xmsonormal\">Gerade seit Beginn der Pandemie ist diese Aufgabe noch einmal herausfordernder geworden. St\u00e4ndige Anpassung von Schutz- und Hygienekonzepten, aufwendige Testverfahren und -strategien sowie gro\u00dfangelegte Impfkampagnen mit dem mobilen Team des Lahn-Dill-Kreises pr\u00e4gten das vergangene Jahr. Der Einsatz und die Hilfsbereitschaft der Mitarbeiterschaft sei \u00fcberw\u00e4ltigend gro\u00df und beispielhaft gewesen, lobte Raab.<\/p>\n<p class=\"xmsonormal\">Trotz der Pandemie sind einige der geplanten Brandschutz- und Umbauma\u00dfnahmen in der Werkstatt Dillenburg, in der Werkstatt Flammersbach in der Werkstatt Eibelshausen sowie in den Wohnh\u00e4usern in Simmersbach, Niederscheld und In den Thalen fortgef\u00fchrt und zum gro\u00dfen Teil abgeschlossen worden. Der Bereich Bauen und Instandhaltung wird die Lebenshilfe Dillenburg auch weiterhin besch\u00e4ftigen. So werden die Verhandlungen f\u00fcr einen Ersatzneubau der Werkstatt Eibelshausen auch im laufenden Jahr fortschreiten. \u201eWir hoffen, dass diese Verhandlungen im Jahr 2022 zu einem guten Ende kommen und 2023 mit dem Bau begonnen werden kann\u201c, so Botzon.<\/p>\n<p class=\"xmsonormal\">Dar\u00fcber hinaus steht im Wohnheim Manderbach immer noch eine sehr grundlegende und umfangreiche Sanierungsma\u00dfnahme oder ein Ersatzneubau an. \u201eEs ist absehbar, dass wie schon in den letzten Jahren auch in Zukunft Jahr f\u00fcr Jahr gro\u00dfe Betr\u00e4ge f\u00fcr die Sanierung und Instandhaltung der Geb\u00e4ude und Einrichtungen aufgewendet werden m\u00fcssen\u201c, betonte Raab. \u201eDie j\u00e4hrlichen inflationsbedingten Kostensteigerungen bei Bau und Instandhaltung sind immens.\u201c<\/p>\n<p class=\"xmsonormal\">Aus diesem Grund ist es der Lebenshilfe Dillenburg ein wesentliches Anliegen, gut zu wirtschaften. Dies ist ihr im vergangenen Jahr auch gelungen. So fiel das Jahresergebnis trotz Pandemie positiv aus.<\/p>\n<p class=\"xmsonormal\">Ein weiteres Anliegen der Lebenshilfe Dillenburg ist es, bestm\u00f6gliche Betreuung durch qualifiziertes Personal zu gew\u00e4hrleisten. \u201eIm Personalgewinnungsprozess sind wir sehr gefordert\u201c, teilte Vorstandsmitglied Dr. Oliver Schmitzer mit. In den vergangenen zwei Jahre habe es gro\u00dfe Ver\u00e4nderungen gegeben, was die Schl\u00fcsselstellen angeht. \u201eWir konnten alle Stellen gut besetzen und marschieren jetzt mit einer neuen Generation in die Zukunft.\u201c<\/p>\n<p><strong>Jubilare: <\/strong><\/p>\n<p>25 Jahre:<\/p>\n<p>Annelie Geyer, Volkmar Triesch, Joachim Spahn, Pia Graf, Karola Hartmann, Iris Freischlad, Gabriele Weyl, Dr. Roland Mader, Rolf Jakob, Meriam Pfeiffer, Heinz Lipser, Annette Hering, Marlies Schmidt<\/p>\n<p>40 Jahre:<\/p>\n<p>Paul Winter, Regina Moos, Ursula Diehl, Kurt Herpel, Ursel Klaffenbach, Elisabeth M\u00fcller, Adolf Wagner.<\/p>\n<figure style=\"width: 600px\" class=\"wp-caption alignnone\"><a href=\"https:\/\/lebenshilfe-dillenburg.de\/wp-content\/uploads\/gruppenfoto-masken-zertifikate-event.jpg\"><img loading=\"lazy\" decoding=\"async\" class=\"wp-image-3761 size-medium\" src=\"https:\/\/lebenshilfe-dillenburg.de\/wp-content\/uploads\/2022\/07\/michael-koch-fuehrt-den-aufsichtsrat-an-img-4567-600x400.jpg\" alt=\"\" width=\"600\" height=\"400\" \/><\/a><figcaption class=\"wp-caption-text\">Michael Koch (l.) sowie Dr. Oliver Schmitzer (r.) und Dirk Botzon (2.v.r.) gratulieren den Jubilaren: (v.l.) Pia Graf, Gabriele Weyl, Annette Hering, Dr. Roland Mader und Adolf Wagner.<\/figcaption><\/figure>\n<p>&nbsp;<\/p>\n<\/div>\n<figure id=\"attachment_3757\" aria-describedby=\"caption-attachment-3757\" style=\"width: 389px\" class=\"wp-caption alignnone\"><a href=\"https:\/\/lebenshilfe-dillenburg.de\/wp-content\/uploads\/senioren-gespraech-am-podium.jpg\"><img loading=\"lazy\" decoding=\"async\" class=\"wp-image-3757 \" src=\"https:\/\/lebenshilfe-dillenburg.de\/wp-content\/uploads\/2022\/07\/img-4553-600x400.jpg\" alt=\"\" width=\"389\" height=\"259\" \/><\/a><figcaption id=\"caption-attachment-3757\" class=\"wp-caption-text\">Paul Winter (r.) wurde von J\u00fcrgen Raab im Vorfeld der Veranstaltung f\u00fcr 40 Jahre Lebenshilfe Dillenburg ausgezeichnet.<\/figcaption><\/figure>\n","protected":false},"excerpt":{"rendered":"<p>40 Jahre ehrenamtliche T\u00e4tigkeit im Vorstand und Aufsichtsrat der Lebenshilfe Dillenburg, 25 davon als Aufsichtsratsvorsitzender: J\u00fcrgen Raab ist am Donnerstagabend im Rahmen der Jahreshauptversammlung von seinem Amt zur\u00fcckgetreten.\u00a0 Nachfolger ist sein bisheriger Stellvertreter Michael Koch.<\/p>\n","protected":false},"author":4,"featured_media":7431,"comment_status":"closed","ping_status":"closed","sticky":false,"template":"","format":"standard","meta":{"_acf_changed":false,"_gspb_post_css":"","_kad_blocks_custom_css":"","_kad_blocks_head_custom_js":"","_kad_blocks_body_custom_js":"","_kad_blocks_footer_custom_js":"","_kad_post_transparent":"","_kad_post_title":"","_kad_post_layout":"","_kad_post_sidebar_id":"","_kad_post_content_style":"","_kad_post_vertical_padding":"","_kad_post_feature":"","_kad_post_feature_position":"","_kad_post_header":false,"_kad_post_footer":false,"_kad_post_classname":"","footnotes":""},"categories":[53],"tags":[],"class_list":["post-7397","post","type-post","status-publish","format-standard","has-post-thumbnail","hentry","category-meldungen"],"acf":[],"yoast_head":"<!-- This site is optimized with the Yoast SEO plugin v27.5 - https:\/\/yoast.com\/product\/yoast-seo-wordpress\/ -->\n<title>Michael Koch f\u00fchrt den Aufsichtsrat an - Lebenshilfe Dillenburg e.V.<\/title>\n<meta name=\"robots\" content=\"index, follow, max-snippet:-1, max-image-preview:large, max-video-preview:-1\" \/>\n<link rel=\"canonical\" href=\"https:\/\/lebenshilfe-dillenburg.de\/leicht\/michael-koch-fuehrt-den-aufsichtsrat-an\/\" \/>\n<meta property=\"og:locale\" content=\"de_DE\" \/>\n<meta property=\"og:type\" content=\"article\" \/>\n<meta property=\"og:title\" content=\"Michael Koch f\u00fchrt den Aufsichtsrat an - Lebenshilfe Dillenburg e.V.\" \/>\n<meta property=\"og:description\" content=\"40 Jahre ehrenamtliche T\u00e4tigkeit im Vorstand und Aufsichtsrat der Lebenshilfe Dillenburg, 25 davon als Aufsichtsratsvorsitzender: J\u00fcrgen Raab ist am Donnerstagabend im Rahmen der Jahreshauptversammlung von seinem Amt zur\u00fcckgetreten.\u00a0 Nachfolger ist sein bisheriger Stellvertreter Michael Koch.\" \/>\n<meta property=\"og:url\" content=\"https:\/\/lebenshilfe-dillenburg.de\/leicht\/michael-koch-fuehrt-den-aufsichtsrat-an\/\" \/>\n<meta property=\"og:site_name\" content=\"Lebenshilfe Dillenburg e.V.\" \/>\n<meta property=\"article:publisher\" content=\"https:\/\/www.facebook.com\/lebenshilfedillenburg\/\" \/>\n<meta property=\"article:published_time\" content=\"2022-07-15T10:49:43+00:00\" \/>\n<meta property=\"article:modified_time\" content=\"2026-01-30T11:09:39+00:00\" \/>\n<meta property=\"og:image\" content=\"https:\/\/lebenshilfe-dillenburg.de\/wp-content\/uploads\/michael-koch-fuehrt-den-aufsichtsrat-an-img-4560-scaled-3.jpg\" \/>\n\t<meta property=\"og:image:width\" content=\"2560\" \/>\n\t<meta property=\"og:image:height\" content=\"1707\" \/>\n\t<meta property=\"og:image:type\" content=\"image\/jpeg\" \/>\n<meta name=\"author\" content=\"Conny Holtfoth\" \/>\n<meta name=\"twitter:card\" content=\"summary_large_image\" \/>\n<meta name=\"twitter:label1\" content=\"Geschrieben von\" \/>\n\t<meta name=\"twitter:data1\" content=\"Conny Holtfoth\" \/>\n\t<meta name=\"twitter:label2\" content=\"Gesch\u00e4tzte Lesezeit\" \/>\n\t<meta name=\"twitter:data2\" content=\"4\u00a0Minuten\" \/>\n<script type=\"application\/ld+json\" class=\"yoast-schema-graph\">{\"@context\":\"https:\\\/\\\/schema.org\",\"@graph\":[{\"@type\":\"Article\",\"@id\":\"https:\\\/\\\/lebenshilfe-dillenburg.de\\\/leicht\\\/michael-koch-fuehrt-den-aufsichtsrat-an\\\/#article\",\"isPartOf\":{\"@id\":\"https:\\\/\\\/lebenshilfe-dillenburg.de\\\/leicht\\\/michael-koch-fuehrt-den-aufsichtsrat-an\\\/\"},\"author\":{\"name\":\"Conny Holtfoth\",\"@id\":\"https:\\\/\\\/lebenshilfe-dillenburg.de\\\/leicht\\\/#\\\/schema\\\/person\\\/b6c52dad8d881b49213c3345a7cd5efe\"},\"headline\":\"Michael Koch f\u00fchrt den Aufsichtsrat an\",\"datePublished\":\"2022-07-15T10:49:43+00:00\",\"dateModified\":\"2026-01-30T11:09:39+00:00\",\"mainEntityOfPage\":{\"@id\":\"https:\\\/\\\/lebenshilfe-dillenburg.de\\\/leicht\\\/michael-koch-fuehrt-den-aufsichtsrat-an\\\/\"},\"wordCount\":735,\"publisher\":{\"@id\":\"https:\\\/\\\/lebenshilfe-dillenburg.de\\\/leicht\\\/#organization\"},\"image\":{\"@id\":\"https:\\\/\\\/lebenshilfe-dillenburg.de\\\/leicht\\\/michael-koch-fuehrt-den-aufsichtsrat-an\\\/#primaryimage\"},\"thumbnailUrl\":\"https:\\\/\\\/lebenshilfe-dillenburg.de\\\/wp-content\\\/uploads\\\/michael-koch-verabschiedet-juergen-raab-img_4560-scaled-3.jpg\",\"articleSection\":[\"Meldungen\"],\"inLanguage\":\"de\"},{\"@type\":\"WebPage\",\"@id\":\"https:\\\/\\\/lebenshilfe-dillenburg.de\\\/leicht\\\/michael-koch-fuehrt-den-aufsichtsrat-an\\\/\",\"url\":\"https:\\\/\\\/lebenshilfe-dillenburg.de\\\/leicht\\\/michael-koch-fuehrt-den-aufsichtsrat-an\\\/\",\"name\":\"Michael Koch f\u00fchrt den Aufsichtsrat an - Lebenshilfe Dillenburg e.V.\",\"isPartOf\":{\"@id\":\"https:\\\/\\\/lebenshilfe-dillenburg.de\\\/leicht\\\/#website\"},\"primaryImageOfPage\":{\"@id\":\"https:\\\/\\\/lebenshilfe-dillenburg.de\\\/leicht\\\/michael-koch-fuehrt-den-aufsichtsrat-an\\\/#primaryimage\"},\"image\":{\"@id\":\"https:\\\/\\\/lebenshilfe-dillenburg.de\\\/leicht\\\/michael-koch-fuehrt-den-aufsichtsrat-an\\\/#primaryimage\"},\"thumbnailUrl\":\"https:\\\/\\\/lebenshilfe-dillenburg.de\\\/wp-content\\\/uploads\\\/michael-koch-verabschiedet-juergen-raab-img_4560-scaled-3.jpg\",\"datePublished\":\"2022-07-15T10:49:43+00:00\",\"dateModified\":\"2026-01-30T11:09:39+00:00\",\"breadcrumb\":{\"@id\":\"https:\\\/\\\/lebenshilfe-dillenburg.de\\\/leicht\\\/michael-koch-fuehrt-den-aufsichtsrat-an\\\/#breadcrumb\"},\"inLanguage\":\"de\",\"potentialAction\":[{\"@type\":\"ReadAction\",\"target\":[\"https:\\\/\\\/lebenshilfe-dillenburg.de\\\/leicht\\\/michael-koch-fuehrt-den-aufsichtsrat-an\\\/\"]}]},{\"@type\":\"ImageObject\",\"inLanguage\":\"de\",\"@id\":\"https:\\\/\\\/lebenshilfe-dillenburg.de\\\/leicht\\\/michael-koch-fuehrt-den-aufsichtsrat-an\\\/#primaryimage\",\"url\":\"https:\\\/\\\/lebenshilfe-dillenburg.de\\\/wp-content\\\/uploads\\\/michael-koch-verabschiedet-juergen-raab-img_4560-scaled-3.jpg\",\"contentUrl\":\"https:\\\/\\\/lebenshilfe-dillenburg.de\\\/wp-content\\\/uploads\\\/michael-koch-verabschiedet-juergen-raab-img_4560-scaled-3.jpg\",\"width\":1500,\"height\":1000,\"caption\":\"Der neue und der vorherige Aufsichtsratsvorsitzende: Michael Koch (l.) verabschiedet J\u00fcrgen Raab. (Foto: Holtfoth)\"},{\"@type\":\"BreadcrumbList\",\"@id\":\"https:\\\/\\\/lebenshilfe-dillenburg.de\\\/leicht\\\/michael-koch-fuehrt-den-aufsichtsrat-an\\\/#breadcrumb\",\"itemListElement\":[{\"@type\":\"ListItem\",\"position\":1,\"name\":\"Startseite der Lebenshilfe Dillenburg\",\"item\":\"https:\\\/\\\/lebenshilfe-dillenburg.de\\\/leicht\\\/\"},{\"@type\":\"ListItem\",\"position\":2,\"name\":\"Michael Koch f\u00fchrt den Aufsichtsrat an\"}]},{\"@type\":\"WebSite\",\"@id\":\"https:\\\/\\\/lebenshilfe-dillenburg.de\\\/leicht\\\/#website\",\"url\":\"https:\\\/\\\/lebenshilfe-dillenburg.de\\\/leicht\\\/\",\"name\":\"Lebenshilfe Dillenburg \u2013 Teilhabe & Unterst\u00fctzung im Lahn-Dill-Kreis\",\"description\":\"\",\"publisher\":{\"@id\":\"https:\\\/\\\/lebenshilfe-dillenburg.de\\\/leicht\\\/#organization\"},\"potentialAction\":[{\"@type\":\"SearchAction\",\"target\":{\"@type\":\"EntryPoint\",\"urlTemplate\":\"https:\\\/\\\/lebenshilfe-dillenburg.de\\\/leicht\\\/?s={search_term_string}\"},\"query-input\":{\"@type\":\"PropertyValueSpecification\",\"valueRequired\":true,\"valueName\":\"search_term_string\"}}],\"inLanguage\":\"de\"},{\"@type\":\"Organization\",\"@id\":\"https:\\\/\\\/lebenshilfe-dillenburg.de\\\/leicht\\\/#organization\",\"name\":\"Lebenshilfe Dillenburg e.V.\",\"url\":\"https:\\\/\\\/lebenshilfe-dillenburg.de\\\/leicht\\\/\",\"logo\":{\"@type\":\"ImageObject\",\"inLanguage\":\"de\",\"@id\":\"https:\\\/\\\/lebenshilfe-dillenburg.de\\\/leicht\\\/#\\\/schema\\\/logo\\\/image\\\/\",\"url\":\"https:\\\/\\\/lebenshilfe-dillenburg.de\\\/wp-content\\\/uploads\\\/lebenshilfe-dillenburg-desktop.webp\",\"contentUrl\":\"https:\\\/\\\/lebenshilfe-dillenburg.de\\\/wp-content\\\/uploads\\\/lebenshilfe-dillenburg-desktop.webp\",\"width\":461,\"height\":202,\"caption\":\"Lebenshilfe Dillenburg e.V.\"},\"image\":{\"@id\":\"https:\\\/\\\/lebenshilfe-dillenburg.de\\\/leicht\\\/#\\\/schema\\\/logo\\\/image\\\/\"},\"sameAs\":[\"https:\\\/\\\/www.facebook.com\\\/lebenshilfedillenburg\\\/\",\"https:\\\/\\\/www.instagram.com\\\/lebenshilfe_dillenburg\\\/\"]},{\"@type\":\"Person\",\"@id\":\"https:\\\/\\\/lebenshilfe-dillenburg.de\\\/leicht\\\/#\\\/schema\\\/person\\\/b6c52dad8d881b49213c3345a7cd5efe\",\"name\":\"Conny Holtfoth\",\"sameAs\":[\"http:\\\/\\\/lebenshilfe-dillenburg.de\"],\"url\":\"https:\\\/\\\/lebenshilfe-dillenburg.de\\\/leicht\\\/author\\\/conny\\\/\"}]}<\/script>\n<!-- \/ Yoast SEO plugin. -->","yoast_head_json":{"title":"Michael Koch f\u00fchrt den Aufsichtsrat an - Lebenshilfe Dillenburg e.V.","robots":{"index":"index","follow":"follow","max-snippet":"max-snippet:-1","max-image-preview":"max-image-preview:large","max-video-preview":"max-video-preview:-1"},"canonical":"https:\/\/lebenshilfe-dillenburg.de\/leicht\/michael-koch-fuehrt-den-aufsichtsrat-an\/","og_locale":"de_DE","og_type":"article","og_title":"Michael Koch f\u00fchrt den Aufsichtsrat an - Lebenshilfe Dillenburg e.V.","og_description":"40 Jahre ehrenamtliche T\u00e4tigkeit im Vorstand und Aufsichtsrat der Lebenshilfe Dillenburg, 25 davon als Aufsichtsratsvorsitzender: J\u00fcrgen Raab ist am Donnerstagabend im Rahmen der Jahreshauptversammlung von seinem Amt zur\u00fcckgetreten.\u00a0 Nachfolger ist sein bisheriger Stellvertreter Michael Koch.","og_url":"https:\/\/lebenshilfe-dillenburg.de\/leicht\/michael-koch-fuehrt-den-aufsichtsrat-an\/","og_site_name":"Lebenshilfe Dillenburg e.V.","article_publisher":"https:\/\/www.facebook.com\/lebenshilfedillenburg\/","article_published_time":"2022-07-15T10:49:43+00:00","article_modified_time":"2026-01-30T11:09:39+00:00","og_image":[{"width":2560,"height":1707,"url":"https:\/\/lebenshilfe-dillenburg.de\/wp-content\/uploads\/michael-koch-fuehrt-den-aufsichtsrat-an-img-4560-scaled-3.jpg","type":"image\/jpeg"}],"author":"Conny Holtfoth","twitter_card":"summary_large_image","twitter_misc":{"Geschrieben von":"Conny Holtfoth","Gesch\u00e4tzte Lesezeit":"4\u00a0Minuten"},"schema":{"@context":"https:\/\/schema.org","@graph":[{"@type":"Article","@id":"https:\/\/lebenshilfe-dillenburg.de\/leicht\/michael-koch-fuehrt-den-aufsichtsrat-an\/#article","isPartOf":{"@id":"https:\/\/lebenshilfe-dillenburg.de\/leicht\/michael-koch-fuehrt-den-aufsichtsrat-an\/"},"author":{"name":"Conny Holtfoth","@id":"https:\/\/lebenshilfe-dillenburg.de\/leicht\/#\/schema\/person\/b6c52dad8d881b49213c3345a7cd5efe"},"headline":"Michael Koch f\u00fchrt den Aufsichtsrat an","datePublished":"2022-07-15T10:49:43+00:00","dateModified":"2026-01-30T11:09:39+00:00","mainEntityOfPage":{"@id":"https:\/\/lebenshilfe-dillenburg.de\/leicht\/michael-koch-fuehrt-den-aufsichtsrat-an\/"},"wordCount":735,"publisher":{"@id":"https:\/\/lebenshilfe-dillenburg.de\/leicht\/#organization"},"image":{"@id":"https:\/\/lebenshilfe-dillenburg.de\/leicht\/michael-koch-fuehrt-den-aufsichtsrat-an\/#primaryimage"},"thumbnailUrl":"https:\/\/lebenshilfe-dillenburg.de\/wp-content\/uploads\/michael-koch-verabschiedet-juergen-raab-img_4560-scaled-3.jpg","articleSection":["Meldungen"],"inLanguage":"de"},{"@type":"WebPage","@id":"https:\/\/lebenshilfe-dillenburg.de\/leicht\/michael-koch-fuehrt-den-aufsichtsrat-an\/","url":"https:\/\/lebenshilfe-dillenburg.de\/leicht\/michael-koch-fuehrt-den-aufsichtsrat-an\/","name":"Michael Koch f\u00fchrt den Aufsichtsrat an - Lebenshilfe Dillenburg e.V.","isPartOf":{"@id":"https:\/\/lebenshilfe-dillenburg.de\/leicht\/#website"},"primaryImageOfPage":{"@id":"https:\/\/lebenshilfe-dillenburg.de\/leicht\/michael-koch-fuehrt-den-aufsichtsrat-an\/#primaryimage"},"image":{"@id":"https:\/\/lebenshilfe-dillenburg.de\/leicht\/michael-koch-fuehrt-den-aufsichtsrat-an\/#primaryimage"},"thumbnailUrl":"https:\/\/lebenshilfe-dillenburg.de\/wp-content\/uploads\/michael-koch-verabschiedet-juergen-raab-img_4560-scaled-3.jpg","datePublished":"2022-07-15T10:49:43+00:00","dateModified":"2026-01-30T11:09:39+00:00","breadcrumb":{"@id":"https:\/\/lebenshilfe-dillenburg.de\/leicht\/michael-koch-fuehrt-den-aufsichtsrat-an\/#breadcrumb"},"inLanguage":"de","potentialAction":[{"@type":"ReadAction","target":["https:\/\/lebenshilfe-dillenburg.de\/leicht\/michael-koch-fuehrt-den-aufsichtsrat-an\/"]}]},{"@type":"ImageObject","inLanguage":"de","@id":"https:\/\/lebenshilfe-dillenburg.de\/leicht\/michael-koch-fuehrt-den-aufsichtsrat-an\/#primaryimage","url":"https:\/\/lebenshilfe-dillenburg.de\/wp-content\/uploads\/michael-koch-verabschiedet-juergen-raab-img_4560-scaled-3.jpg","contentUrl":"https:\/\/lebenshilfe-dillenburg.de\/wp-content\/uploads\/michael-koch-verabschiedet-juergen-raab-img_4560-scaled-3.jpg","width":1500,"height":1000,"caption":"Der neue und der vorherige Aufsichtsratsvorsitzende: Michael Koch (l.) verabschiedet J\u00fcrgen Raab. (Foto: Holtfoth)"},{"@type":"BreadcrumbList","@id":"https:\/\/lebenshilfe-dillenburg.de\/leicht\/michael-koch-fuehrt-den-aufsichtsrat-an\/#breadcrumb","itemListElement":[{"@type":"ListItem","position":1,"name":"Startseite der Lebenshilfe Dillenburg","item":"https:\/\/lebenshilfe-dillenburg.de\/leicht\/"},{"@type":"ListItem","position":2,"name":"Michael Koch f\u00fchrt den Aufsichtsrat an"}]},{"@type":"WebSite","@id":"https:\/\/lebenshilfe-dillenburg.de\/leicht\/#website","url":"https:\/\/lebenshilfe-dillenburg.de\/leicht\/","name":"Lebenshilfe Dillenburg \u2013 Teilhabe & Unterst\u00fctzung im Lahn-Dill-Kreis","description":"","publisher":{"@id":"https:\/\/lebenshilfe-dillenburg.de\/leicht\/#organization"},"potentialAction":[{"@type":"SearchAction","target":{"@type":"EntryPoint","urlTemplate":"https:\/\/lebenshilfe-dillenburg.de\/leicht\/?s={search_term_string}"},"query-input":{"@type":"PropertyValueSpecification","valueRequired":true,"valueName":"search_term_string"}}],"inLanguage":"de"},{"@type":"Organization","@id":"https:\/\/lebenshilfe-dillenburg.de\/leicht\/#organization","name":"Lebenshilfe Dillenburg e.V.","url":"https:\/\/lebenshilfe-dillenburg.de\/leicht\/","logo":{"@type":"ImageObject","inLanguage":"de","@id":"https:\/\/lebenshilfe-dillenburg.de\/leicht\/#\/schema\/logo\/image\/","url":"https:\/\/lebenshilfe-dillenburg.de\/wp-content\/uploads\/lebenshilfe-dillenburg-desktop.webp","contentUrl":"https:\/\/lebenshilfe-dillenburg.de\/wp-content\/uploads\/lebenshilfe-dillenburg-desktop.webp","width":461,"height":202,"caption":"Lebenshilfe Dillenburg e.V."},"image":{"@id":"https:\/\/lebenshilfe-dillenburg.de\/leicht\/#\/schema\/logo\/image\/"},"sameAs":["https:\/\/www.facebook.com\/lebenshilfedillenburg\/","https:\/\/www.instagram.com\/lebenshilfe_dillenburg\/"]},{"@type":"Person","@id":"https:\/\/lebenshilfe-dillenburg.de\/leicht\/#\/schema\/person\/b6c52dad8d881b49213c3345a7cd5efe","name":"Conny Holtfoth","sameAs":["http:\/\/lebenshilfe-dillenburg.de"],"url":"https:\/\/lebenshilfe-dillenburg.de\/leicht\/author\/conny\/"}]}},"taxonomy_info":{"category":[{"value":53,"label":"Meldungen"}]},"featured_image_src_large":["https:\/\/lebenshilfe-dillenburg.de\/wp-content\/uploads\/michael-koch-verabschiedet-juergen-raab-img_4560-scaled-3-1920x1280.jpg",1366,911,true],"author_info":{"display_name":"Conny Holtfoth","author_link":"https:\/\/lebenshilfe-dillenburg.de\/leicht\/author\/conny\/"},"comment_info":0,"category_info":[{"term_id":53,"name":"Meldungen","slug":"meldungen","term_group":0,"term_taxonomy_id":53,"taxonomy":"category","description":"","parent":0,"count":127,"filter":"raw","term_order":"5","cat_ID":53,"category_count":127,"category_description":"","cat_name":"Meldungen","category_nicename":"meldungen","category_parent":0}],"tag_info":false,"_links":{"self":[{"href":"https:\/\/lebenshilfe-dillenburg.de\/leicht\/wp-json\/wp\/v2\/posts\/7397","targetHints":{"allow":["GET"]}}],"collection":[{"href":"https:\/\/lebenshilfe-dillenburg.de\/leicht\/wp-json\/wp\/v2\/posts"}],"about":[{"href":"https:\/\/lebenshilfe-dillenburg.de\/leicht\/wp-json\/wp\/v2\/types\/post"}],"author":[{"embeddable":true,"href":"https:\/\/lebenshilfe-dillenburg.de\/leicht\/wp-json\/wp\/v2\/users\/4"}],"replies":[{"embeddable":true,"href":"https:\/\/lebenshilfe-dillenburg.de\/leicht\/wp-json\/wp\/v2\/comments?post=7397"}],"version-history":[{"count":0,"href":"https:\/\/lebenshilfe-dillenburg.de\/leicht\/wp-json\/wp\/v2\/posts\/7397\/revisions"}],"wp:featuredmedia":[{"embeddable":true,"href":"https:\/\/lebenshilfe-dillenburg.de\/leicht\/wp-json\/wp\/v2\/media\/7431"}],"wp:attachment":[{"href":"https:\/\/lebenshilfe-dillenburg.de\/leicht\/wp-json\/wp\/v2\/media?parent=7397"}],"wp:term":[{"taxonomy":"category","embeddable":true,"href":"https:\/\/lebenshilfe-dillenburg.de\/leicht\/wp-json\/wp\/v2\/categories?post=7397"},{"taxonomy":"post_tag","embeddable":true,"href":"https:\/\/lebenshilfe-dillenburg.de\/leicht\/wp-json\/wp\/v2\/tags?post=7397"}],"curies":[{"name":"wp","href":"https:\/\/api.w.org\/{rel}","templated":true}]}}