{"id":7409,"date":"2022-10-24T13:56:25","date_gmt":"2022-10-24T11:56:25","guid":{"rendered":"https:\/\/www.lebenshilfe-dillenburg.de\/?p=3810"},"modified":"2026-01-30T12:09:38","modified_gmt":"2026-01-30T11:09:38","slug":"jochen-mueller-fuehrt-stiftungsvorstand-an","status":"publish","type":"post","link":"https:\/\/lebenshilfe-dillenburg.de\/leicht\/jochen-mueller-fuehrt-stiftungsvorstand-an\/","title":{"rendered":"Jochen M\u00fcller f\u00fchrt Stiftungsvorstand an"},"content":{"rendered":"<p>Die Stiftung der Lebenshilfe Dillenburg, die dieser Tage auf ihr 25-j\u00e4hriges Bestehen zur\u00fcckblicken kann, hat ihren Vorstand neu aufgestellt. Das langj\u00e4hrige Vorstandsmitglied J\u00fcrgen Raab hat den Vorsitz im Vorstand an seinen bisherigen Stellvertreter, Jochen M\u00fcller, \u00fcbergeben.<!--more--><\/p>\n<p>Raab hatte bereits im Sommer beim Verein der Lebenshilfe &#8211; nach insgesamt 40 Jahren ehrenamtlicher T\u00e4tigkeit in Vorstand und Aufsichtsrat &#8211; den dortigen Aufsichtsratsvorsitz abgegeben. M\u00fcller bedankte sich bei Raab f\u00fcr dessen engagiertes und erfolgreiches Wirken in der Stiftung und w\u00fcnschte ihm im Namen des gesamten Stiftungsrates und -vorstandes alles Gute.<\/p>\n<p>Komplettiert wird der dreik\u00f6pfige Stiftungsvorstand neu durch den Gusternhainer Uwe Rompf, der die Arbeit der Stiftung k\u00fcnftig als stellvertretender Stiftungsvorstandsvorsitzender unterst\u00fctzen wird. Weiteres Vorstandsmitglied bleibt Karlheinz Welsch.<\/p>\n<p>Menschen mit Behinderungen eine lebenswerte Zukunft sichern und die Arbeit des Vereins der Lebenshilfe nachhaltig zu f\u00f6rdern \u2013 das hat sich die Stiftung der Lebenshilfe Dillenburg zum Ziel gesetzt. Sie verfolgt ausschlie\u00dflich gemeinn\u00fctzige Zwecke zum Wohle der Menschen mit Behinderung im n\u00f6rdlichen Lahn-Dill-Kreis.<br \/>\n\u201eF\u00fcr alle, die eine langfristige und andauernde F\u00f6rderung der Lebenshilfe-Arbeit anstreben, ist eine Zustiftung zum Stiftungsverm\u00f6gen der richtige Weg\u201c, betonte M\u00fcller bei der Amts\u00fcbergabe.<br \/>\nIn diesen Tagen wollte die Stiftung eigentlich ihr 25-j\u00e4hriges Bestehen mit einer kleinen Feierstunde begehen, aufgrund der aktuellen Corona-Infektionszahlen hat die Stiftung sich jedoch entschieden, diese Veranstaltung in den Sommer 2023 zu verschieben.<\/p>\n","protected":false},"excerpt":{"rendered":"<p>Die Stiftung der Lebenshilfe Dillenburg, die dieser Tage auf ihr 25-j\u00e4hriges Bestehen zur\u00fcckblicken kann, hat ihren Vorstand neu aufgestellt. Das langj\u00e4hrige Vorstandsmitglied J\u00fcrgen Raab hat den Vorsitz im Vorstand an seinen bisherigen Stellvertreter, Jochen M\u00fcller, \u00fcbergeben.<\/p>\n","protected":false},"author":4,"featured_media":7435,"comment_status":"closed","ping_status":"closed","sticky":false,"template":"","format":"standard","meta":{"_acf_changed":false,"_gspb_post_css":"","_kad_blocks_custom_css":"","_kad_blocks_head_custom_js":"","_kad_blocks_body_custom_js":"","_kad_blocks_footer_custom_js":"","_kad_post_transparent":"","_kad_post_title":"","_kad_post_layout":"","_kad_post_sidebar_id":"","_kad_post_content_style":"","_kad_post_vertical_padding":"","_kad_post_feature":"","_kad_post_feature_position":"","_kad_post_header":false,"_kad_post_footer":false,"_kad_post_classname":"","footnotes":""},"categories":[52,53],"tags":[],"class_list":["post-7409","post","type-post","status-publish","format-standard","has-post-thumbnail","hentry","category-aktuelles","category-meldungen"],"acf":[],"yoast_head":"<!-- This site is optimized with the Yoast SEO plugin v27.5 - https:\/\/yoast.com\/product\/yoast-seo-wordpress\/ -->\n<title>Jochen M\u00fcller f\u00fchrt Stiftungsvorstand an - Lebenshilfe Dillenburg e.V.<\/title>\n<meta name=\"robots\" content=\"index, follow, max-snippet:-1, max-image-preview:large, max-video-preview:-1\" \/>\n<link rel=\"canonical\" href=\"https:\/\/lebenshilfe-dillenburg.de\/leicht\/jochen-mueller-fuehrt-stiftungsvorstand-an\/\" \/>\n<meta property=\"og:locale\" content=\"de_DE\" \/>\n<meta property=\"og:type\" content=\"article\" \/>\n<meta property=\"og:title\" content=\"Jochen M\u00fcller f\u00fchrt Stiftungsvorstand an - Lebenshilfe Dillenburg e.V.\" \/>\n<meta property=\"og:description\" content=\"Die Stiftung der Lebenshilfe Dillenburg, die dieser Tage auf ihr 25-j\u00e4hriges Bestehen zur\u00fcckblicken kann, hat ihren Vorstand neu aufgestellt. Das langj\u00e4hrige Vorstandsmitglied J\u00fcrgen Raab hat den Vorsitz im Vorstand an seinen bisherigen Stellvertreter, Jochen M\u00fcller, \u00fcbergeben.\" \/>\n<meta property=\"og:url\" content=\"https:\/\/lebenshilfe-dillenburg.de\/leicht\/jochen-mueller-fuehrt-stiftungsvorstand-an\/\" \/>\n<meta property=\"og:site_name\" content=\"Lebenshilfe Dillenburg e.V.\" \/>\n<meta property=\"article:publisher\" content=\"https:\/\/www.facebook.com\/lebenshilfedillenburg\/\" \/>\n<meta property=\"article:published_time\" content=\"2022-10-24T11:56:25+00:00\" \/>\n<meta property=\"article:modified_time\" content=\"2026-01-30T11:09:38+00:00\" \/>\n<meta property=\"og:image\" content=\"https:\/\/lebenshilfe-dillenburg.de\/wp-content\/uploads\/jochen-mueller-uebernimmt-stiftungs-vorsitz-stiftung-scaled-3.jpg\" \/>\n\t<meta property=\"og:image:width\" content=\"2560\" \/>\n\t<meta property=\"og:image:height\" content=\"1985\" \/>\n\t<meta property=\"og:image:type\" content=\"image\/jpeg\" \/>\n<meta name=\"author\" content=\"Conny Holtfoth\" \/>\n<meta name=\"twitter:card\" content=\"summary_large_image\" \/>\n<meta name=\"twitter:label1\" content=\"Geschrieben von\" \/>\n\t<meta name=\"twitter:data1\" content=\"Conny Holtfoth\" \/>\n\t<meta name=\"twitter:label2\" content=\"Gesch\u00e4tzte Lesezeit\" \/>\n\t<meta name=\"twitter:data2\" content=\"1\u00a0Minute\" \/>\n<script type=\"application\/ld+json\" class=\"yoast-schema-graph\">{\"@context\":\"https:\\\/\\\/schema.org\",\"@graph\":[{\"@type\":\"Article\",\"@id\":\"https:\\\/\\\/lebenshilfe-dillenburg.de\\\/leicht\\\/jochen-mueller-fuehrt-stiftungsvorstand-an\\\/#article\",\"isPartOf\":{\"@id\":\"https:\\\/\\\/lebenshilfe-dillenburg.de\\\/leicht\\\/jochen-mueller-fuehrt-stiftungsvorstand-an\\\/\"},\"author\":{\"name\":\"Conny Holtfoth\",\"@id\":\"https:\\\/\\\/lebenshilfe-dillenburg.de\\\/leicht\\\/#\\\/schema\\\/person\\\/b6c52dad8d881b49213c3345a7cd5efe\"},\"headline\":\"Jochen M\u00fcller f\u00fchrt Stiftungsvorstand an\",\"datePublished\":\"2022-10-24T11:56:25+00:00\",\"dateModified\":\"2026-01-30T11:09:38+00:00\",\"mainEntityOfPage\":{\"@id\":\"https:\\\/\\\/lebenshilfe-dillenburg.de\\\/leicht\\\/jochen-mueller-fuehrt-stiftungsvorstand-an\\\/\"},\"wordCount\":240,\"publisher\":{\"@id\":\"https:\\\/\\\/lebenshilfe-dillenburg.de\\\/leicht\\\/#organization\"},\"image\":{\"@id\":\"https:\\\/\\\/lebenshilfe-dillenburg.de\\\/leicht\\\/jochen-mueller-fuehrt-stiftungsvorstand-an\\\/#primaryimage\"},\"thumbnailUrl\":\"https:\\\/\\\/lebenshilfe-dillenburg.de\\\/wp-content\\\/uploads\\\/mueller-rompf-raab-handover-stiftung.jpg\",\"articleSection\":[\"Aktuelles\",\"Meldungen\"],\"inLanguage\":\"de\"},{\"@type\":\"WebPage\",\"@id\":\"https:\\\/\\\/lebenshilfe-dillenburg.de\\\/leicht\\\/jochen-mueller-fuehrt-stiftungsvorstand-an\\\/\",\"url\":\"https:\\\/\\\/lebenshilfe-dillenburg.de\\\/leicht\\\/jochen-mueller-fuehrt-stiftungsvorstand-an\\\/\",\"name\":\"Jochen M\u00fcller f\u00fchrt Stiftungsvorstand an - Lebenshilfe Dillenburg e.V.\",\"isPartOf\":{\"@id\":\"https:\\\/\\\/lebenshilfe-dillenburg.de\\\/leicht\\\/#website\"},\"primaryImageOfPage\":{\"@id\":\"https:\\\/\\\/lebenshilfe-dillenburg.de\\\/leicht\\\/jochen-mueller-fuehrt-stiftungsvorstand-an\\\/#primaryimage\"},\"image\":{\"@id\":\"https:\\\/\\\/lebenshilfe-dillenburg.de\\\/leicht\\\/jochen-mueller-fuehrt-stiftungsvorstand-an\\\/#primaryimage\"},\"thumbnailUrl\":\"https:\\\/\\\/lebenshilfe-dillenburg.de\\\/wp-content\\\/uploads\\\/mueller-rompf-raab-handover-stiftung.jpg\",\"datePublished\":\"2022-10-24T11:56:25+00:00\",\"dateModified\":\"2026-01-30T11:09:38+00:00\",\"breadcrumb\":{\"@id\":\"https:\\\/\\\/lebenshilfe-dillenburg.de\\\/leicht\\\/jochen-mueller-fuehrt-stiftungsvorstand-an\\\/#breadcrumb\"},\"inLanguage\":\"de\",\"potentialAction\":[{\"@type\":\"ReadAction\",\"target\":[\"https:\\\/\\\/lebenshilfe-dillenburg.de\\\/leicht\\\/jochen-mueller-fuehrt-stiftungsvorstand-an\\\/\"]}]},{\"@type\":\"ImageObject\",\"inLanguage\":\"de\",\"@id\":\"https:\\\/\\\/lebenshilfe-dillenburg.de\\\/leicht\\\/jochen-mueller-fuehrt-stiftungsvorstand-an\\\/#primaryimage\",\"url\":\"https:\\\/\\\/lebenshilfe-dillenburg.de\\\/wp-content\\\/uploads\\\/mueller-rompf-raab-handover-stiftung.jpg\",\"contentUrl\":\"https:\\\/\\\/lebenshilfe-dillenburg.de\\\/wp-content\\\/uploads\\\/mueller-rompf-raab-handover-stiftung.jpg\",\"width\":1393,\"height\":1080,\"caption\":\"Jochen M\u00fcller (neuer Stiftungsvorstandsvorsitzender, l.) und sein neuer Stellvertreter Uwe Rompf (r.) verabschieden J\u00fcrgen Raab. (Foto: St\u00f6cklein)\"},{\"@type\":\"BreadcrumbList\",\"@id\":\"https:\\\/\\\/lebenshilfe-dillenburg.de\\\/leicht\\\/jochen-mueller-fuehrt-stiftungsvorstand-an\\\/#breadcrumb\",\"itemListElement\":[{\"@type\":\"ListItem\",\"position\":1,\"name\":\"Startseite der Lebenshilfe Dillenburg\",\"item\":\"https:\\\/\\\/lebenshilfe-dillenburg.de\\\/leicht\\\/\"},{\"@type\":\"ListItem\",\"position\":2,\"name\":\"Jochen M\u00fcller f\u00fchrt Stiftungsvorstand an\"}]},{\"@type\":\"WebSite\",\"@id\":\"https:\\\/\\\/lebenshilfe-dillenburg.de\\\/leicht\\\/#website\",\"url\":\"https:\\\/\\\/lebenshilfe-dillenburg.de\\\/leicht\\\/\",\"name\":\"Lebenshilfe Dillenburg \u2013 Teilhabe & Unterst\u00fctzung im Lahn-Dill-Kreis\",\"description\":\"\",\"publisher\":{\"@id\":\"https:\\\/\\\/lebenshilfe-dillenburg.de\\\/leicht\\\/#organization\"},\"potentialAction\":[{\"@type\":\"SearchAction\",\"target\":{\"@type\":\"EntryPoint\",\"urlTemplate\":\"https:\\\/\\\/lebenshilfe-dillenburg.de\\\/leicht\\\/?s={search_term_string}\"},\"query-input\":{\"@type\":\"PropertyValueSpecification\",\"valueRequired\":true,\"valueName\":\"search_term_string\"}}],\"inLanguage\":\"de\"},{\"@type\":\"Organization\",\"@id\":\"https:\\\/\\\/lebenshilfe-dillenburg.de\\\/leicht\\\/#organization\",\"name\":\"Lebenshilfe Dillenburg e.V.\",\"url\":\"https:\\\/\\\/lebenshilfe-dillenburg.de\\\/leicht\\\/\",\"logo\":{\"@type\":\"ImageObject\",\"inLanguage\":\"de\",\"@id\":\"https:\\\/\\\/lebenshilfe-dillenburg.de\\\/leicht\\\/#\\\/schema\\\/logo\\\/image\\\/\",\"url\":\"https:\\\/\\\/lebenshilfe-dillenburg.de\\\/wp-content\\\/uploads\\\/lebenshilfe-dillenburg-desktop.webp\",\"contentUrl\":\"https:\\\/\\\/lebenshilfe-dillenburg.de\\\/wp-content\\\/uploads\\\/lebenshilfe-dillenburg-desktop.webp\",\"width\":461,\"height\":202,\"caption\":\"Lebenshilfe Dillenburg e.V.\"},\"image\":{\"@id\":\"https:\\\/\\\/lebenshilfe-dillenburg.de\\\/leicht\\\/#\\\/schema\\\/logo\\\/image\\\/\"},\"sameAs\":[\"https:\\\/\\\/www.facebook.com\\\/lebenshilfedillenburg\\\/\",\"https:\\\/\\\/www.instagram.com\\\/lebenshilfe_dillenburg\\\/\"]},{\"@type\":\"Person\",\"@id\":\"https:\\\/\\\/lebenshilfe-dillenburg.de\\\/leicht\\\/#\\\/schema\\\/person\\\/b6c52dad8d881b49213c3345a7cd5efe\",\"name\":\"Conny Holtfoth\",\"sameAs\":[\"http:\\\/\\\/lebenshilfe-dillenburg.de\"],\"url\":\"https:\\\/\\\/lebenshilfe-dillenburg.de\\\/leicht\\\/author\\\/conny\\\/\"}]}<\/script>\n<!-- \/ Yoast SEO plugin. -->","yoast_head_json":{"title":"Jochen M\u00fcller f\u00fchrt Stiftungsvorstand an - Lebenshilfe Dillenburg e.V.","robots":{"index":"index","follow":"follow","max-snippet":"max-snippet:-1","max-image-preview":"max-image-preview:large","max-video-preview":"max-video-preview:-1"},"canonical":"https:\/\/lebenshilfe-dillenburg.de\/leicht\/jochen-mueller-fuehrt-stiftungsvorstand-an\/","og_locale":"de_DE","og_type":"article","og_title":"Jochen M\u00fcller f\u00fchrt Stiftungsvorstand an - Lebenshilfe Dillenburg e.V.","og_description":"Die Stiftung der Lebenshilfe Dillenburg, die dieser Tage auf ihr 25-j\u00e4hriges Bestehen zur\u00fcckblicken kann, hat ihren Vorstand neu aufgestellt. Das langj\u00e4hrige Vorstandsmitglied J\u00fcrgen Raab hat den Vorsitz im Vorstand an seinen bisherigen Stellvertreter, Jochen M\u00fcller, \u00fcbergeben.","og_url":"https:\/\/lebenshilfe-dillenburg.de\/leicht\/jochen-mueller-fuehrt-stiftungsvorstand-an\/","og_site_name":"Lebenshilfe Dillenburg e.V.","article_publisher":"https:\/\/www.facebook.com\/lebenshilfedillenburg\/","article_published_time":"2022-10-24T11:56:25+00:00","article_modified_time":"2026-01-30T11:09:38+00:00","og_image":[{"width":2560,"height":1985,"url":"https:\/\/lebenshilfe-dillenburg.de\/wp-content\/uploads\/jochen-mueller-uebernimmt-stiftungs-vorsitz-stiftung-scaled-3.jpg","type":"image\/jpeg"}],"author":"Conny Holtfoth","twitter_card":"summary_large_image","twitter_misc":{"Geschrieben von":"Conny Holtfoth","Gesch\u00e4tzte Lesezeit":"1\u00a0Minute"},"schema":{"@context":"https:\/\/schema.org","@graph":[{"@type":"Article","@id":"https:\/\/lebenshilfe-dillenburg.de\/leicht\/jochen-mueller-fuehrt-stiftungsvorstand-an\/#article","isPartOf":{"@id":"https:\/\/lebenshilfe-dillenburg.de\/leicht\/jochen-mueller-fuehrt-stiftungsvorstand-an\/"},"author":{"name":"Conny Holtfoth","@id":"https:\/\/lebenshilfe-dillenburg.de\/leicht\/#\/schema\/person\/b6c52dad8d881b49213c3345a7cd5efe"},"headline":"Jochen M\u00fcller f\u00fchrt Stiftungsvorstand an","datePublished":"2022-10-24T11:56:25+00:00","dateModified":"2026-01-30T11:09:38+00:00","mainEntityOfPage":{"@id":"https:\/\/lebenshilfe-dillenburg.de\/leicht\/jochen-mueller-fuehrt-stiftungsvorstand-an\/"},"wordCount":240,"publisher":{"@id":"https:\/\/lebenshilfe-dillenburg.de\/leicht\/#organization"},"image":{"@id":"https:\/\/lebenshilfe-dillenburg.de\/leicht\/jochen-mueller-fuehrt-stiftungsvorstand-an\/#primaryimage"},"thumbnailUrl":"https:\/\/lebenshilfe-dillenburg.de\/wp-content\/uploads\/mueller-rompf-raab-handover-stiftung.jpg","articleSection":["Aktuelles","Meldungen"],"inLanguage":"de"},{"@type":"WebPage","@id":"https:\/\/lebenshilfe-dillenburg.de\/leicht\/jochen-mueller-fuehrt-stiftungsvorstand-an\/","url":"https:\/\/lebenshilfe-dillenburg.de\/leicht\/jochen-mueller-fuehrt-stiftungsvorstand-an\/","name":"Jochen M\u00fcller f\u00fchrt Stiftungsvorstand an - Lebenshilfe Dillenburg e.V.","isPartOf":{"@id":"https:\/\/lebenshilfe-dillenburg.de\/leicht\/#website"},"primaryImageOfPage":{"@id":"https:\/\/lebenshilfe-dillenburg.de\/leicht\/jochen-mueller-fuehrt-stiftungsvorstand-an\/#primaryimage"},"image":{"@id":"https:\/\/lebenshilfe-dillenburg.de\/leicht\/jochen-mueller-fuehrt-stiftungsvorstand-an\/#primaryimage"},"thumbnailUrl":"https:\/\/lebenshilfe-dillenburg.de\/wp-content\/uploads\/mueller-rompf-raab-handover-stiftung.jpg","datePublished":"2022-10-24T11:56:25+00:00","dateModified":"2026-01-30T11:09:38+00:00","breadcrumb":{"@id":"https:\/\/lebenshilfe-dillenburg.de\/leicht\/jochen-mueller-fuehrt-stiftungsvorstand-an\/#breadcrumb"},"inLanguage":"de","potentialAction":[{"@type":"ReadAction","target":["https:\/\/lebenshilfe-dillenburg.de\/leicht\/jochen-mueller-fuehrt-stiftungsvorstand-an\/"]}]},{"@type":"ImageObject","inLanguage":"de","@id":"https:\/\/lebenshilfe-dillenburg.de\/leicht\/jochen-mueller-fuehrt-stiftungsvorstand-an\/#primaryimage","url":"https:\/\/lebenshilfe-dillenburg.de\/wp-content\/uploads\/mueller-rompf-raab-handover-stiftung.jpg","contentUrl":"https:\/\/lebenshilfe-dillenburg.de\/wp-content\/uploads\/mueller-rompf-raab-handover-stiftung.jpg","width":1393,"height":1080,"caption":"Jochen M\u00fcller (neuer Stiftungsvorstandsvorsitzender, l.) und sein neuer Stellvertreter Uwe Rompf (r.) verabschieden J\u00fcrgen Raab. (Foto: St\u00f6cklein)"},{"@type":"BreadcrumbList","@id":"https:\/\/lebenshilfe-dillenburg.de\/leicht\/jochen-mueller-fuehrt-stiftungsvorstand-an\/#breadcrumb","itemListElement":[{"@type":"ListItem","position":1,"name":"Startseite der Lebenshilfe Dillenburg","item":"https:\/\/lebenshilfe-dillenburg.de\/leicht\/"},{"@type":"ListItem","position":2,"name":"Jochen M\u00fcller f\u00fchrt Stiftungsvorstand an"}]},{"@type":"WebSite","@id":"https:\/\/lebenshilfe-dillenburg.de\/leicht\/#website","url":"https:\/\/lebenshilfe-dillenburg.de\/leicht\/","name":"Lebenshilfe Dillenburg \u2013 Teilhabe & Unterst\u00fctzung im Lahn-Dill-Kreis","description":"","publisher":{"@id":"https:\/\/lebenshilfe-dillenburg.de\/leicht\/#organization"},"potentialAction":[{"@type":"SearchAction","target":{"@type":"EntryPoint","urlTemplate":"https:\/\/lebenshilfe-dillenburg.de\/leicht\/?s={search_term_string}"},"query-input":{"@type":"PropertyValueSpecification","valueRequired":true,"valueName":"search_term_string"}}],"inLanguage":"de"},{"@type":"Organization","@id":"https:\/\/lebenshilfe-dillenburg.de\/leicht\/#organization","name":"Lebenshilfe Dillenburg e.V.","url":"https:\/\/lebenshilfe-dillenburg.de\/leicht\/","logo":{"@type":"ImageObject","inLanguage":"de","@id":"https:\/\/lebenshilfe-dillenburg.de\/leicht\/#\/schema\/logo\/image\/","url":"https:\/\/lebenshilfe-dillenburg.de\/wp-content\/uploads\/lebenshilfe-dillenburg-desktop.webp","contentUrl":"https:\/\/lebenshilfe-dillenburg.de\/wp-content\/uploads\/lebenshilfe-dillenburg-desktop.webp","width":461,"height":202,"caption":"Lebenshilfe Dillenburg e.V."},"image":{"@id":"https:\/\/lebenshilfe-dillenburg.de\/leicht\/#\/schema\/logo\/image\/"},"sameAs":["https:\/\/www.facebook.com\/lebenshilfedillenburg\/","https:\/\/www.instagram.com\/lebenshilfe_dillenburg\/"]},{"@type":"Person","@id":"https:\/\/lebenshilfe-dillenburg.de\/leicht\/#\/schema\/person\/b6c52dad8d881b49213c3345a7cd5efe","name":"Conny Holtfoth","sameAs":["http:\/\/lebenshilfe-dillenburg.de"],"url":"https:\/\/lebenshilfe-dillenburg.de\/leicht\/author\/conny\/"}]}},"taxonomy_info":{"category":[{"value":52,"label":"Aktuelles"},{"value":53,"label":"Meldungen"}]},"featured_image_src_large":["https:\/\/lebenshilfe-dillenburg.de\/wp-content\/uploads\/mueller-rompf-raab-handover-stiftung-1920x1489.jpg",1366,1059,true],"author_info":{"display_name":"Conny Holtfoth","author_link":"https:\/\/lebenshilfe-dillenburg.de\/leicht\/author\/conny\/"},"comment_info":0,"category_info":[{"term_id":52,"name":"Aktuelles","slug":"aktuelles","term_group":0,"term_taxonomy_id":52,"taxonomy":"category","description":"","parent":0,"count":22,"filter":"raw","term_order":"4","cat_ID":52,"category_count":22,"category_description":"","cat_name":"Aktuelles","category_nicename":"aktuelles","category_parent":0},{"term_id":53,"name":"Meldungen","slug":"meldungen","term_group":0,"term_taxonomy_id":53,"taxonomy":"category","description":"","parent":0,"count":127,"filter":"raw","term_order":"5","cat_ID":53,"category_count":127,"category_description":"","cat_name":"Meldungen","category_nicename":"meldungen","category_parent":0}],"tag_info":false,"_links":{"self":[{"href":"https:\/\/lebenshilfe-dillenburg.de\/leicht\/wp-json\/wp\/v2\/posts\/7409","targetHints":{"allow":["GET"]}}],"collection":[{"href":"https:\/\/lebenshilfe-dillenburg.de\/leicht\/wp-json\/wp\/v2\/posts"}],"about":[{"href":"https:\/\/lebenshilfe-dillenburg.de\/leicht\/wp-json\/wp\/v2\/types\/post"}],"author":[{"embeddable":true,"href":"https:\/\/lebenshilfe-dillenburg.de\/leicht\/wp-json\/wp\/v2\/users\/4"}],"replies":[{"embeddable":true,"href":"https:\/\/lebenshilfe-dillenburg.de\/leicht\/wp-json\/wp\/v2\/comments?post=7409"}],"version-history":[{"count":0,"href":"https:\/\/lebenshilfe-dillenburg.de\/leicht\/wp-json\/wp\/v2\/posts\/7409\/revisions"}],"wp:featuredmedia":[{"embeddable":true,"href":"https:\/\/lebenshilfe-dillenburg.de\/leicht\/wp-json\/wp\/v2\/media\/7435"}],"wp:attachment":[{"href":"https:\/\/lebenshilfe-dillenburg.de\/leicht\/wp-json\/wp\/v2\/media?parent=7409"}],"wp:term":[{"taxonomy":"category","embeddable":true,"href":"https:\/\/lebenshilfe-dillenburg.de\/leicht\/wp-json\/wp\/v2\/categories?post=7409"},{"taxonomy":"post_tag","embeddable":true,"href":"https:\/\/lebenshilfe-dillenburg.de\/leicht\/wp-json\/wp\/v2\/tags?post=7409"}],"curies":[{"name":"wp","href":"https:\/\/api.w.org\/{rel}","templated":true}]}}