{"id":7411,"date":"2022-11-23T09:17:34","date_gmt":"2022-11-23T08:17:34","guid":{"rendered":"https:\/\/www.lebenshilfe-dillenburg.de\/?p=3854"},"modified":"2026-01-30T12:09:38","modified_gmt":"2026-01-30T11:09:38","slug":"kulturelles-highlight-lesestunde","status":"publish","type":"post","link":"https:\/\/lebenshilfe-dillenburg.de\/leicht\/kulturelles-highlight-lesestunde\/","title":{"rendered":"&#8222;Lesestunde&#8220; ist ein kulturelles Highlight"},"content":{"rendered":"<p>Lesestunde, Schreibwerkstatt, Kinofilm, Ausstellung, Themenwoche im Fernsehen \u2013 Menschen mit Behinderung sind in diesem Jahr kulturell in Mittelhessen oft in Erscheinung getreten. M\u00f6glich gemacht hat das unter anderem Lebenshilfe-Kulturreferent Sascha Kirchhoff, der in seinen Projekten Menschen mit Behinderung eine Stimme und ein Gesicht gegeben hat.<!--more--><\/p>\n<p><strong><em>Welches war das kulturelle Highlight in diesem Jahr? <\/em><\/strong><\/p>\n<p><strong>Sascha Kirchhoff:<\/strong> Ein Highlight war auf jeden Fall unsere Lesestunde in der Stadtb\u00fccherei Dillenburg, mit der wir das Konzept des \u201eShared Reading\u201c weiterentwickelt haben: \u00dcber Geschichten bauen wir Br\u00fccken und erm\u00f6glichen Menschen mit Behinderung niedrigschwellig \u00fcber sich selbst zu sprechen, ohne wirklich \u00fcber sich selbst zu sprechen. Gro\u00dfartig ist, dass wir f\u00fcr das Projekt, das die Loh Foundation gro\u00dfz\u00fcgig unterst\u00fctzt hat, Johanna Oechsle vom Kulturhaus Frankfurt als professionelle Begleitung gewinnen konnten.<\/p>\n<p><strong><em>Wie muss man sich die Lesestunde vorstellen?<\/em><\/strong><\/p>\n<p><strong>Sascha Kirchhoff:<\/strong> Menschen mit und ohne Behinderung treffen sich f\u00fcr jeweils anderthalb Stunden, um gemeinsam eine Geschichte aus dem Buch \u201eLies!\u201c in drei Abschnitten zu h\u00f6ren und dar\u00fcber zu sprechen. Bei uns geschieht das in leichter Sprache und bildgest\u00fctzt mit im Vorfeld erstellten Illustrationen. Nach jedem Abschnitt sprechen wir \u00fcber das Geh\u00f6rte:\u00a0 Ist mir schon mal etwas \u00c4hnliches passiert, wie w\u00fcrde ich mich in der Situation verhalten etc. \u00a0Aufgrund ihrer Behinderung sind diese Menschen oft nicht f\u00e4hig, ihre Gef\u00fchle ad\u00e4quat zu sortieren, zu verstehen oder zu \u00e4u\u00dfern. Durch unser Konzept flie\u00dfen ihre eigenen Gedanken mit ein, indem sie \u00fcber jemand anderen sprechen.<\/p>\n<p><strong><em>Wer kann teilnehmen?<\/em><\/strong><\/p>\n<p><strong>Sascha Kirchhoff:<\/strong> Alle. Wir sind h\u00e4ufig ein gleicher Kreis mit zehn bis zw\u00f6lf Personen, es gibt aber auch immer wieder neue Leute. Ob mit oder ohne Behinderung, macht keinen Unterschied. Das Ganze ist eine Veranstaltung, bei der Inklusion nicht nur draufsteht, sondern auch drinsteckt. Wichtig war uns, dass die Lesestunde an einem \u00f6ffentlichen, zentralen und barrierefreien Ort stattfindet.<\/p>\n<figure id=\"attachment_3855\" aria-describedby=\"caption-attachment-3855\" style=\"width: 279px\" class=\"wp-caption alignleft\"><a href=\"https:\/\/lebenshilfe-dillenburg.de\/wp-content\/uploads\/sascha-kirchhoff-schreibwerkstatt.jpg\"><img loading=\"lazy\" decoding=\"async\" class=\" wp-image-3855\" src=\"https:\/\/lebenshilfe-dillenburg.de\/wp-content\/uploads\/2022\/11\/image00097-400x600.jpg\" alt=\"\" width=\"279\" height=\"419\" \/><\/a><figcaption id=\"caption-attachment-3855\" class=\"wp-caption-text\">Sascha Kirchhoff macht \u00fcber die Kulturarbeit der Lebenshilfe Dillenburg Menschen mit Behinderung sichtbar in der Gesellschaft. (Foto: Sandy Haustein)<\/figcaption><\/figure>\n<p><strong><em>Nun war die Lesestunde eines der kulturellen Jahreshighlights der Lebenshilfe Dillenburg. Welche anderen gab es dar\u00fcber hinaus?<\/em><\/strong><\/p>\n<p><strong>Sascha Kirchhoff:<\/strong> Die Schreibwerkstatt, den Ursprung unserer Kulturarbeit, haben wir neu und effizienter aufgestellt mit vier festen Terminen, einem festen Ort und einer festen Gruppe. Aber auch dort kamen immer neue Leute hinzu \u2013 etwa ein junges M\u00e4dchen, das zuvor noch nie etwas mit Menschen mit Behinderung zu tun gehabt hat, aber teilgenommen hat, weil sie gern liest und sich mit ihren Ber\u00fchrungs\u00e4ngsten und der Angst, Texte vorzutragen, herausfordern wollte.<\/p>\n<p><strong><em>Die Kulturarbeit der Lebenshilfe Dillenburg war in diesem Jahr auch h\u00e4ufig im Fernsehen vertreten\u2026 <\/em><\/strong><\/p>\n<p><strong>Sascha Kirchhoff:<\/strong> Ja, das stimmt. Toll war, dass der Hessische Rundfunk sogar eine Themenwoche gesendet hat als Reaktion auf eine Fotoausstellung von uns und darin unsere Betriebsintegrierte Besch\u00e4ftigung \u2013 sprich: Menschen mit Behinderung auf dem ersten Arbeitsmarkt \u2013 gezeigt hat. Aus dem Projekt sind weitere neue Arbeitspl\u00e4tze entstanden, und wir freuen uns, mit unseren Aktionen h\u00e4ufig Vorreiter und auch Ideengeber f\u00fcr andere zu sein. Als namhaften Fotografen konnten wir Marvin Ruppert gewinnen. Etwas, was uns ausmacht: dass wir bei unseren Projekten mit Profis zusammenarbeiten.<\/p>\n<p><strong><em>Vorreiter war die Lebenshilfe Dillenburg ja zum Beispiel auch mit ihrem Podcast \u201eInklusivminuten\u201c?<\/em><\/strong><\/p>\n<p><strong>Sascha Kirchhoff:<\/strong> Das macht uns auch sehr stolz, dass inzwischen einige andere Einrichtungen ebenfalls inklusive Podcasts produzieren und Menschen mit Behinderung eine Stimme geben. Ebenso wie die Tatsache, wen wir schon alles als Gast dabeihatten. Angefangen bei Gesundheitsminister Karl Lauterbach bis hin zum Beatbox-Weltmeister, der mit unseren Betreuten einen Song aufgenommen hat.\u00a0 Unser Wunsch ist, Menschen mit Behinderung eine Plattform zu geben, so dass ihre Meinung geh\u00f6rt wird. Der Podcast entwickelt sich in seiner Form dabei st\u00e4ndig weiter.<\/p>\n<p><strong><em>Die Filmreihe \u201eA Police Adventure\u201c hat in diesem Jahr mit ihrem dritten Teil Premiere beim Herborner Open-Air-Kino gefeiert. War das der letzte Teil? <\/em><\/strong><\/p>\n<p><strong>Sascha Kirchhoff:<\/strong> Vorerst ja. F\u00fcr das kommende Jahr haben wir einen Ritterfilm \u00fcber die Geschichte der Stadt Dillenburg in Planung. F\u00fcr unsere Darsteller ist das deutlich mehr als ein Spa\u00dfprojekt: Sie werden in der Stadt erkannt und angesprochen mit \u201eIhr seid doch die Schauspieler\u201c. F\u00fcr Menschen, die nicht oft das Gef\u00fchl haben, im Mittelpunkt zu stehen und stolz auf sich sein zu k\u00f6nnen, ist das etwas ganz Wertvolles.<\/p>\n<p>&nbsp;<\/p>\n","protected":false},"excerpt":{"rendered":"<p>Lesestunde, Schreibwerkstatt, Kinofilm, Ausstellung, Themenwoche im Fernsehen \u2013 Menschen mit Behinderung sind in diesem Jahr kulturell in Mittelhessen oft in Erscheinung getreten. M\u00f6glich gemacht hat das unter anderem Lebenshilfe-Kulturreferent Sascha Kirchhoff, der in seinen Projekten Menschen mit Behinderung eine Stimme und ein Gesicht gegeben hat.<\/p>\n","protected":false},"author":4,"featured_media":7438,"comment_status":"closed","ping_status":"closed","sticky":false,"template":"","format":"standard","meta":{"_acf_changed":false,"_gspb_post_css":"","_kad_blocks_custom_css":"","_kad_blocks_head_custom_js":"","_kad_blocks_body_custom_js":"","_kad_blocks_footer_custom_js":"","_kad_post_transparent":"","_kad_post_title":"","_kad_post_layout":"","_kad_post_sidebar_id":"","_kad_post_content_style":"","_kad_post_vertical_padding":"","_kad_post_feature":"","_kad_post_feature_position":"","_kad_post_header":false,"_kad_post_footer":false,"_kad_post_classname":"","footnotes":""},"categories":[53],"tags":[],"class_list":["post-7411","post","type-post","status-publish","format-standard","has-post-thumbnail","hentry","category-meldungen"],"acf":[],"yoast_head":"<!-- This site is optimized with the Yoast SEO plugin v27.5 - https:\/\/yoast.com\/product\/yoast-seo-wordpress\/ -->\n<title>&quot;Lesestunde&quot; ist ein kulturelles Highlight - Lebenshilfe Dillenburg e.V.<\/title>\n<meta name=\"robots\" content=\"index, follow, max-snippet:-1, max-image-preview:large, max-video-preview:-1\" \/>\n<link rel=\"canonical\" href=\"https:\/\/lebenshilfe-dillenburg.de\/leicht\/kulturelles-highlight-lesestunde\/\" \/>\n<meta property=\"og:locale\" content=\"de_DE\" \/>\n<meta property=\"og:type\" content=\"article\" \/>\n<meta property=\"og:title\" content=\"&quot;Lesestunde&quot; ist ein kulturelles Highlight - Lebenshilfe Dillenburg e.V.\" \/>\n<meta property=\"og:description\" content=\"Lesestunde, Schreibwerkstatt, Kinofilm, Ausstellung, Themenwoche im Fernsehen \u2013 Menschen mit Behinderung sind in diesem Jahr kulturell in Mittelhessen oft in Erscheinung getreten. M\u00f6glich gemacht hat das unter anderem Lebenshilfe-Kulturreferent Sascha Kirchhoff, der in seinen Projekten Menschen mit Behinderung eine Stimme und ein Gesicht gegeben hat.\" \/>\n<meta property=\"og:url\" content=\"https:\/\/lebenshilfe-dillenburg.de\/leicht\/kulturelles-highlight-lesestunde\/\" \/>\n<meta property=\"og:site_name\" content=\"Lebenshilfe Dillenburg e.V.\" \/>\n<meta property=\"article:publisher\" content=\"https:\/\/www.facebook.com\/lebenshilfedillenburg\/\" \/>\n<meta property=\"article:published_time\" content=\"2022-11-23T08:17:34+00:00\" \/>\n<meta property=\"article:modified_time\" content=\"2026-01-30T11:09:38+00:00\" \/>\n<meta property=\"og:image\" content=\"https:\/\/lebenshilfe-dillenburg.de\/wp-content\/uploads\/image00383-scaled-3.jpg\" \/>\n\t<meta property=\"og:image:width\" content=\"2560\" \/>\n\t<meta property=\"og:image:height\" content=\"1707\" \/>\n\t<meta property=\"og:image:type\" content=\"image\/jpeg\" \/>\n<meta name=\"author\" content=\"Conny Holtfoth\" \/>\n<meta name=\"twitter:card\" content=\"summary_large_image\" \/>\n<meta name=\"twitter:label1\" content=\"Geschrieben von\" \/>\n\t<meta name=\"twitter:data1\" content=\"Conny Holtfoth\" \/>\n\t<meta name=\"twitter:label2\" content=\"Gesch\u00e4tzte Lesezeit\" \/>\n\t<meta name=\"twitter:data2\" content=\"4\u00a0Minuten\" \/>\n<script type=\"application\/ld+json\" class=\"yoast-schema-graph\">{\"@context\":\"https:\\\/\\\/schema.org\",\"@graph\":[{\"@type\":\"Article\",\"@id\":\"https:\\\/\\\/lebenshilfe-dillenburg.de\\\/leicht\\\/kulturelles-highlight-lesestunde\\\/#article\",\"isPartOf\":{\"@id\":\"https:\\\/\\\/lebenshilfe-dillenburg.de\\\/leicht\\\/kulturelles-highlight-lesestunde\\\/\"},\"author\":{\"name\":\"Conny Holtfoth\",\"@id\":\"https:\\\/\\\/lebenshilfe-dillenburg.de\\\/leicht\\\/#\\\/schema\\\/person\\\/b6c52dad8d881b49213c3345a7cd5efe\"},\"headline\":\"&#8222;Lesestunde&#8220; ist ein kulturelles Highlight\",\"datePublished\":\"2022-11-23T08:17:34+00:00\",\"dateModified\":\"2026-01-30T11:09:38+00:00\",\"mainEntityOfPage\":{\"@id\":\"https:\\\/\\\/lebenshilfe-dillenburg.de\\\/leicht\\\/kulturelles-highlight-lesestunde\\\/\"},\"wordCount\":728,\"publisher\":{\"@id\":\"https:\\\/\\\/lebenshilfe-dillenburg.de\\\/leicht\\\/#organization\"},\"image\":{\"@id\":\"https:\\\/\\\/lebenshilfe-dillenburg.de\\\/leicht\\\/kulturelles-highlight-lesestunde\\\/#primaryimage\"},\"thumbnailUrl\":\"https:\\\/\\\/lebenshilfe-dillenburg.de\\\/wp-content\\\/uploads\\\/lesestunde-lebenshilfe-dillenburg-gruppentreffen.jpg\",\"articleSection\":[\"Meldungen\"],\"inLanguage\":\"de\"},{\"@type\":\"WebPage\",\"@id\":\"https:\\\/\\\/lebenshilfe-dillenburg.de\\\/leicht\\\/kulturelles-highlight-lesestunde\\\/\",\"url\":\"https:\\\/\\\/lebenshilfe-dillenburg.de\\\/leicht\\\/kulturelles-highlight-lesestunde\\\/\",\"name\":\"\\\"Lesestunde\\\" ist ein kulturelles Highlight - Lebenshilfe Dillenburg e.V.\",\"isPartOf\":{\"@id\":\"https:\\\/\\\/lebenshilfe-dillenburg.de\\\/leicht\\\/#website\"},\"primaryImageOfPage\":{\"@id\":\"https:\\\/\\\/lebenshilfe-dillenburg.de\\\/leicht\\\/kulturelles-highlight-lesestunde\\\/#primaryimage\"},\"image\":{\"@id\":\"https:\\\/\\\/lebenshilfe-dillenburg.de\\\/leicht\\\/kulturelles-highlight-lesestunde\\\/#primaryimage\"},\"thumbnailUrl\":\"https:\\\/\\\/lebenshilfe-dillenburg.de\\\/wp-content\\\/uploads\\\/lesestunde-lebenshilfe-dillenburg-gruppentreffen.jpg\",\"datePublished\":\"2022-11-23T08:17:34+00:00\",\"dateModified\":\"2026-01-30T11:09:38+00:00\",\"breadcrumb\":{\"@id\":\"https:\\\/\\\/lebenshilfe-dillenburg.de\\\/leicht\\\/kulturelles-highlight-lesestunde\\\/#breadcrumb\"},\"inLanguage\":\"de\",\"potentialAction\":[{\"@type\":\"ReadAction\",\"target\":[\"https:\\\/\\\/lebenshilfe-dillenburg.de\\\/leicht\\\/kulturelles-highlight-lesestunde\\\/\"]}]},{\"@type\":\"ImageObject\",\"inLanguage\":\"de\",\"@id\":\"https:\\\/\\\/lebenshilfe-dillenburg.de\\\/leicht\\\/kulturelles-highlight-lesestunde\\\/#primaryimage\",\"url\":\"https:\\\/\\\/lebenshilfe-dillenburg.de\\\/wp-content\\\/uploads\\\/lesestunde-lebenshilfe-dillenburg-gruppentreffen.jpg\",\"contentUrl\":\"https:\\\/\\\/lebenshilfe-dillenburg.de\\\/wp-content\\\/uploads\\\/lesestunde-lebenshilfe-dillenburg-gruppentreffen.jpg\",\"width\":1500,\"height\":1000,\"caption\":\"\u00dcber sich sprechen, ohne bewusst \u00fcber sich zu sprechen \u2013 dieses Konzept verfolgt die Lesestunde der Lebenshilfe Dillenburg. (Fotos: Sandy Haustein)\"},{\"@type\":\"BreadcrumbList\",\"@id\":\"https:\\\/\\\/lebenshilfe-dillenburg.de\\\/leicht\\\/kulturelles-highlight-lesestunde\\\/#breadcrumb\",\"itemListElement\":[{\"@type\":\"ListItem\",\"position\":1,\"name\":\"Startseite der Lebenshilfe Dillenburg\",\"item\":\"https:\\\/\\\/lebenshilfe-dillenburg.de\\\/leicht\\\/\"},{\"@type\":\"ListItem\",\"position\":2,\"name\":\"&#8222;Lesestunde&#8220; ist ein kulturelles Highlight\"}]},{\"@type\":\"WebSite\",\"@id\":\"https:\\\/\\\/lebenshilfe-dillenburg.de\\\/leicht\\\/#website\",\"url\":\"https:\\\/\\\/lebenshilfe-dillenburg.de\\\/leicht\\\/\",\"name\":\"Lebenshilfe Dillenburg \u2013 Teilhabe & Unterst\u00fctzung im Lahn-Dill-Kreis\",\"description\":\"\",\"publisher\":{\"@id\":\"https:\\\/\\\/lebenshilfe-dillenburg.de\\\/leicht\\\/#organization\"},\"potentialAction\":[{\"@type\":\"SearchAction\",\"target\":{\"@type\":\"EntryPoint\",\"urlTemplate\":\"https:\\\/\\\/lebenshilfe-dillenburg.de\\\/leicht\\\/?s={search_term_string}\"},\"query-input\":{\"@type\":\"PropertyValueSpecification\",\"valueRequired\":true,\"valueName\":\"search_term_string\"}}],\"inLanguage\":\"de\"},{\"@type\":\"Organization\",\"@id\":\"https:\\\/\\\/lebenshilfe-dillenburg.de\\\/leicht\\\/#organization\",\"name\":\"Lebenshilfe Dillenburg e.V.\",\"url\":\"https:\\\/\\\/lebenshilfe-dillenburg.de\\\/leicht\\\/\",\"logo\":{\"@type\":\"ImageObject\",\"inLanguage\":\"de\",\"@id\":\"https:\\\/\\\/lebenshilfe-dillenburg.de\\\/leicht\\\/#\\\/schema\\\/logo\\\/image\\\/\",\"url\":\"https:\\\/\\\/lebenshilfe-dillenburg.de\\\/wp-content\\\/uploads\\\/lebenshilfe-dillenburg-desktop.webp\",\"contentUrl\":\"https:\\\/\\\/lebenshilfe-dillenburg.de\\\/wp-content\\\/uploads\\\/lebenshilfe-dillenburg-desktop.webp\",\"width\":461,\"height\":202,\"caption\":\"Lebenshilfe Dillenburg e.V.\"},\"image\":{\"@id\":\"https:\\\/\\\/lebenshilfe-dillenburg.de\\\/leicht\\\/#\\\/schema\\\/logo\\\/image\\\/\"},\"sameAs\":[\"https:\\\/\\\/www.facebook.com\\\/lebenshilfedillenburg\\\/\",\"https:\\\/\\\/www.instagram.com\\\/lebenshilfe_dillenburg\\\/\"]},{\"@type\":\"Person\",\"@id\":\"https:\\\/\\\/lebenshilfe-dillenburg.de\\\/leicht\\\/#\\\/schema\\\/person\\\/b6c52dad8d881b49213c3345a7cd5efe\",\"name\":\"Conny Holtfoth\",\"sameAs\":[\"http:\\\/\\\/lebenshilfe-dillenburg.de\"],\"url\":\"https:\\\/\\\/lebenshilfe-dillenburg.de\\\/leicht\\\/author\\\/conny\\\/\"}]}<\/script>\n<!-- \/ Yoast SEO plugin. -->","yoast_head_json":{"title":"\"Lesestunde\" ist ein kulturelles Highlight - Lebenshilfe Dillenburg e.V.","robots":{"index":"index","follow":"follow","max-snippet":"max-snippet:-1","max-image-preview":"max-image-preview:large","max-video-preview":"max-video-preview:-1"},"canonical":"https:\/\/lebenshilfe-dillenburg.de\/leicht\/kulturelles-highlight-lesestunde\/","og_locale":"de_DE","og_type":"article","og_title":"\"Lesestunde\" ist ein kulturelles Highlight - Lebenshilfe Dillenburg e.V.","og_description":"Lesestunde, Schreibwerkstatt, Kinofilm, Ausstellung, Themenwoche im Fernsehen \u2013 Menschen mit Behinderung sind in diesem Jahr kulturell in Mittelhessen oft in Erscheinung getreten. M\u00f6glich gemacht hat das unter anderem Lebenshilfe-Kulturreferent Sascha Kirchhoff, der in seinen Projekten Menschen mit Behinderung eine Stimme und ein Gesicht gegeben hat.","og_url":"https:\/\/lebenshilfe-dillenburg.de\/leicht\/kulturelles-highlight-lesestunde\/","og_site_name":"Lebenshilfe Dillenburg e.V.","article_publisher":"https:\/\/www.facebook.com\/lebenshilfedillenburg\/","article_published_time":"2022-11-23T08:17:34+00:00","article_modified_time":"2026-01-30T11:09:38+00:00","og_image":[{"width":2560,"height":1707,"url":"https:\/\/lebenshilfe-dillenburg.de\/wp-content\/uploads\/image00383-scaled-3.jpg","type":"image\/jpeg"}],"author":"Conny Holtfoth","twitter_card":"summary_large_image","twitter_misc":{"Geschrieben von":"Conny Holtfoth","Gesch\u00e4tzte Lesezeit":"4\u00a0Minuten"},"schema":{"@context":"https:\/\/schema.org","@graph":[{"@type":"Article","@id":"https:\/\/lebenshilfe-dillenburg.de\/leicht\/kulturelles-highlight-lesestunde\/#article","isPartOf":{"@id":"https:\/\/lebenshilfe-dillenburg.de\/leicht\/kulturelles-highlight-lesestunde\/"},"author":{"name":"Conny Holtfoth","@id":"https:\/\/lebenshilfe-dillenburg.de\/leicht\/#\/schema\/person\/b6c52dad8d881b49213c3345a7cd5efe"},"headline":"&#8222;Lesestunde&#8220; ist ein kulturelles Highlight","datePublished":"2022-11-23T08:17:34+00:00","dateModified":"2026-01-30T11:09:38+00:00","mainEntityOfPage":{"@id":"https:\/\/lebenshilfe-dillenburg.de\/leicht\/kulturelles-highlight-lesestunde\/"},"wordCount":728,"publisher":{"@id":"https:\/\/lebenshilfe-dillenburg.de\/leicht\/#organization"},"image":{"@id":"https:\/\/lebenshilfe-dillenburg.de\/leicht\/kulturelles-highlight-lesestunde\/#primaryimage"},"thumbnailUrl":"https:\/\/lebenshilfe-dillenburg.de\/wp-content\/uploads\/lesestunde-lebenshilfe-dillenburg-gruppentreffen.jpg","articleSection":["Meldungen"],"inLanguage":"de"},{"@type":"WebPage","@id":"https:\/\/lebenshilfe-dillenburg.de\/leicht\/kulturelles-highlight-lesestunde\/","url":"https:\/\/lebenshilfe-dillenburg.de\/leicht\/kulturelles-highlight-lesestunde\/","name":"\"Lesestunde\" ist ein kulturelles Highlight - Lebenshilfe Dillenburg e.V.","isPartOf":{"@id":"https:\/\/lebenshilfe-dillenburg.de\/leicht\/#website"},"primaryImageOfPage":{"@id":"https:\/\/lebenshilfe-dillenburg.de\/leicht\/kulturelles-highlight-lesestunde\/#primaryimage"},"image":{"@id":"https:\/\/lebenshilfe-dillenburg.de\/leicht\/kulturelles-highlight-lesestunde\/#primaryimage"},"thumbnailUrl":"https:\/\/lebenshilfe-dillenburg.de\/wp-content\/uploads\/lesestunde-lebenshilfe-dillenburg-gruppentreffen.jpg","datePublished":"2022-11-23T08:17:34+00:00","dateModified":"2026-01-30T11:09:38+00:00","breadcrumb":{"@id":"https:\/\/lebenshilfe-dillenburg.de\/leicht\/kulturelles-highlight-lesestunde\/#breadcrumb"},"inLanguage":"de","potentialAction":[{"@type":"ReadAction","target":["https:\/\/lebenshilfe-dillenburg.de\/leicht\/kulturelles-highlight-lesestunde\/"]}]},{"@type":"ImageObject","inLanguage":"de","@id":"https:\/\/lebenshilfe-dillenburg.de\/leicht\/kulturelles-highlight-lesestunde\/#primaryimage","url":"https:\/\/lebenshilfe-dillenburg.de\/wp-content\/uploads\/lesestunde-lebenshilfe-dillenburg-gruppentreffen.jpg","contentUrl":"https:\/\/lebenshilfe-dillenburg.de\/wp-content\/uploads\/lesestunde-lebenshilfe-dillenburg-gruppentreffen.jpg","width":1500,"height":1000,"caption":"\u00dcber sich sprechen, ohne bewusst \u00fcber sich zu sprechen \u2013 dieses Konzept verfolgt die Lesestunde der Lebenshilfe Dillenburg. (Fotos: Sandy Haustein)"},{"@type":"BreadcrumbList","@id":"https:\/\/lebenshilfe-dillenburg.de\/leicht\/kulturelles-highlight-lesestunde\/#breadcrumb","itemListElement":[{"@type":"ListItem","position":1,"name":"Startseite der Lebenshilfe Dillenburg","item":"https:\/\/lebenshilfe-dillenburg.de\/leicht\/"},{"@type":"ListItem","position":2,"name":"&#8222;Lesestunde&#8220; ist ein kulturelles Highlight"}]},{"@type":"WebSite","@id":"https:\/\/lebenshilfe-dillenburg.de\/leicht\/#website","url":"https:\/\/lebenshilfe-dillenburg.de\/leicht\/","name":"Lebenshilfe Dillenburg \u2013 Teilhabe & Unterst\u00fctzung im Lahn-Dill-Kreis","description":"","publisher":{"@id":"https:\/\/lebenshilfe-dillenburg.de\/leicht\/#organization"},"potentialAction":[{"@type":"SearchAction","target":{"@type":"EntryPoint","urlTemplate":"https:\/\/lebenshilfe-dillenburg.de\/leicht\/?s={search_term_string}"},"query-input":{"@type":"PropertyValueSpecification","valueRequired":true,"valueName":"search_term_string"}}],"inLanguage":"de"},{"@type":"Organization","@id":"https:\/\/lebenshilfe-dillenburg.de\/leicht\/#organization","name":"Lebenshilfe Dillenburg e.V.","url":"https:\/\/lebenshilfe-dillenburg.de\/leicht\/","logo":{"@type":"ImageObject","inLanguage":"de","@id":"https:\/\/lebenshilfe-dillenburg.de\/leicht\/#\/schema\/logo\/image\/","url":"https:\/\/lebenshilfe-dillenburg.de\/wp-content\/uploads\/lebenshilfe-dillenburg-desktop.webp","contentUrl":"https:\/\/lebenshilfe-dillenburg.de\/wp-content\/uploads\/lebenshilfe-dillenburg-desktop.webp","width":461,"height":202,"caption":"Lebenshilfe Dillenburg e.V."},"image":{"@id":"https:\/\/lebenshilfe-dillenburg.de\/leicht\/#\/schema\/logo\/image\/"},"sameAs":["https:\/\/www.facebook.com\/lebenshilfedillenburg\/","https:\/\/www.instagram.com\/lebenshilfe_dillenburg\/"]},{"@type":"Person","@id":"https:\/\/lebenshilfe-dillenburg.de\/leicht\/#\/schema\/person\/b6c52dad8d881b49213c3345a7cd5efe","name":"Conny Holtfoth","sameAs":["http:\/\/lebenshilfe-dillenburg.de"],"url":"https:\/\/lebenshilfe-dillenburg.de\/leicht\/author\/conny\/"}]}},"taxonomy_info":{"category":[{"value":53,"label":"Meldungen"}]},"featured_image_src_large":["https:\/\/lebenshilfe-dillenburg.de\/wp-content\/uploads\/lesestunde-lebenshilfe-dillenburg-gruppentreffen-1920x1280.jpg",1366,911,true],"author_info":{"display_name":"Conny Holtfoth","author_link":"https:\/\/lebenshilfe-dillenburg.de\/leicht\/author\/conny\/"},"comment_info":0,"category_info":[{"term_id":53,"name":"Meldungen","slug":"meldungen","term_group":0,"term_taxonomy_id":53,"taxonomy":"category","description":"","parent":0,"count":127,"filter":"raw","term_order":"5","cat_ID":53,"category_count":127,"category_description":"","cat_name":"Meldungen","category_nicename":"meldungen","category_parent":0}],"tag_info":false,"_links":{"self":[{"href":"https:\/\/lebenshilfe-dillenburg.de\/leicht\/wp-json\/wp\/v2\/posts\/7411","targetHints":{"allow":["GET"]}}],"collection":[{"href":"https:\/\/lebenshilfe-dillenburg.de\/leicht\/wp-json\/wp\/v2\/posts"}],"about":[{"href":"https:\/\/lebenshilfe-dillenburg.de\/leicht\/wp-json\/wp\/v2\/types\/post"}],"author":[{"embeddable":true,"href":"https:\/\/lebenshilfe-dillenburg.de\/leicht\/wp-json\/wp\/v2\/users\/4"}],"replies":[{"embeddable":true,"href":"https:\/\/lebenshilfe-dillenburg.de\/leicht\/wp-json\/wp\/v2\/comments?post=7411"}],"version-history":[{"count":0,"href":"https:\/\/lebenshilfe-dillenburg.de\/leicht\/wp-json\/wp\/v2\/posts\/7411\/revisions"}],"wp:featuredmedia":[{"embeddable":true,"href":"https:\/\/lebenshilfe-dillenburg.de\/leicht\/wp-json\/wp\/v2\/media\/7438"}],"wp:attachment":[{"href":"https:\/\/lebenshilfe-dillenburg.de\/leicht\/wp-json\/wp\/v2\/media?parent=7411"}],"wp:term":[{"taxonomy":"category","embeddable":true,"href":"https:\/\/lebenshilfe-dillenburg.de\/leicht\/wp-json\/wp\/v2\/categories?post=7411"},{"taxonomy":"post_tag","embeddable":true,"href":"https:\/\/lebenshilfe-dillenburg.de\/leicht\/wp-json\/wp\/v2\/tags?post=7411"}],"curies":[{"name":"wp","href":"https:\/\/api.w.org\/{rel}","templated":true}]}}