{"id":7412,"date":"2022-12-08T14:42:15","date_gmt":"2022-12-08T13:42:15","guid":{"rendered":"https:\/\/www.lebenshilfe-dillenburg.de\/?p=3877"},"modified":"2026-01-30T12:09:37","modified_gmt":"2026-01-30T11:09:37","slug":"mueller-schreibt-48-jahre-lebenshilfe-geschichte","status":"publish","type":"post","link":"https:\/\/lebenshilfe-dillenburg.de\/leicht\/mueller-schreibt-48-jahre-lebenshilfe-geschichte\/","title":{"rendered":"M\u00fcller schreibt 48 Jahre Lebenshilfe-Geschichte"},"content":{"rendered":"<p>Conny M\u00fcller hat Lebenshilfe-Geschichte geschrieben. 48 Jahre lang hat sie f\u00fcr die Lebenshilfe Dillenburg gearbeitet. Angefangen als Praktikantin 1974 im Haus \u201eSchauinsland\u201c in Haiger \u2013 damals zust\u00e4ndig f\u00fcr eine Gruppe von sieben Kindern mit Behinderung. Heute als Leiterin der Integrativen Kindertagesst\u00e4tte in Burg, in der inzwischen 87 Kinder mit und ohne Behinderung gemeinsam spielen und miteinander aufwachsen. Am 9. Dezember verabschiedet sich die 65-J\u00e4hrige in den Ruhestand.<!--more--><\/p>\n<p><strong><em>Frau M\u00fcller, wie geht es Ihnen?<\/em><\/strong><\/p>\n<p><strong>Conny M\u00fcller:\u00a0<\/strong>Ach, ganz gut eigentlich. Der Abschied ist ein Prozess, mit dem ich mich nach und nach auseinandersetze. Im September haben mich die Kolleginnen und Kollegen bereits ganz toll verabschiedet, und seit Oktober mache ich mit meiner Nachfolgerin Michelle Duschek die \u00dcbergabe. Ich werde das hier schon vermissen. Vor allem zu erleben, wie Kinder sich entwickeln.<\/p>\n<p><strong><em>Hatten Sie Lieblingskinder in all den Jahren?<\/em><\/strong><\/p>\n<p><strong>Conny M\u00fcller:\u00a0<\/strong>Lieblingskinder w\u00e4re zu viel gesagt. Ich hatte oft ein Herz f\u00fcr herausfordernde F\u00e4lle. Und ich freue mich, wenn man nach vielen Jahren mitbekommt, was aus den Kindern geworden ist. Ob es nun ein Roland mit Down-Syndrom ist, der eins meiner ersten Kita-Kinder war und nun in den \u201ePolice Adventure\u201c-Filmen die Hauptrolle gespielt hat, oder eine Nina mit Asperger-Syndrom, die ihr Studium mit Diplom abgeschlossen hat.<\/p>\n<p><strong><em>Apropos Studium, wegen der Lebenshilfe haben Sie sich ziemlich kurzfristig gegen ein Studium entschieden.<\/em><\/strong><\/p>\n<p><strong>Conny M\u00fcller:\u00a0<\/strong>Ja, das war 1978. Eigentlich wollte ich nach Darmstadt und Sonderp\u00e4dagogik studieren. Es war auch schon alles geplant. Als dann aber bei der Kita Not am Mann war, habe ich kurzfristig eine Gruppe in Dillenburg \u00fcbernommen.<\/p>\n<p><strong><em>Und einen Praktikanten\u2026<\/em><\/strong><\/p>\n<p><strong>Conny M\u00fcller:\u00a0<\/strong>Ja, der ehemalige Kita-Praktikant, der heute mein Ehemann ist. Ich habe also den Praktikanten quasi \u00fcbernommen\u00a0<em>(lacht)<\/em>. Dabei hatte uns in erster Linie die Musik verbunden und nicht die Arbeit.<\/p>\n<p><strong><em>Im Gegensatz zu Ihnen ist er ja auch nicht bei der Lebenshilfe geblieben. Wie erging es Ihnen denn in den darauffolgenden Jahren?<\/em><\/strong><\/p>\n<p><strong>Conny M\u00fcller:\u00a0<\/strong>1981 habe ich die Leitung der Kita \u00fcbernommen, und zehn Jahre sp\u00e4ter stand dann der Umzug nach Burg mit der Gr\u00fcndung des Kinderzentrums an.<\/p>\n<p><strong><em>Ein Umzug, der von Seiten der Burger Bev\u00f6lkerung nicht gerade gern gesehen wurde\u2026<\/em><\/strong><\/p>\n<p><strong>Conny M\u00fcller:\u00a0<\/strong>Das stimmt leider. Burg hatte sehr stark mit Rechtsextremismus zu tun in dieser Zeit. Es wurden schwarze Fahnen gehisst, unser Rohbau wurde mit Hakenkreuzen beschmiert. Die Bev\u00f6lkerung war verunsichert und hat sich gefragt: Machen die unsere Kinder jetzt auch behindert? Mit unserer integrativen Kita waren wir eine Modelleinrichtung und mussten anderthalb Jahre k\u00e4mpfen, bis wir im Ort akzeptiert wurden.<\/p>\n<p><strong><em>Wie hat sich Ihr allt\u00e4gliches Arbeiten im Lauf der Zeit ver\u00e4ndert?<\/em><\/strong><\/p>\n<p><strong>Conny M\u00fcller:\u00a0<\/strong>Kostentr\u00e4ger, Finanzierung, Rahmenvereinbarungen \u2013 meine Nachfolgerin hat jetzt die Aufgabe, all diese Dinge gleichzeitig verstehen und wuppen zu m\u00fcssen, w\u00e4hrend ich das Gl\u00fcck hatte, alle Entwicklungen nach und nach miterleben und mitgehen zu k\u00f6nnen. Ich hatte Zeit, in alles hineinzuwachsen. Fr\u00fcher haben wir auch Dinge getan, die heute unvorstellbar sind: Wir haben Kinder mit nach Hause genommen, um die Eltern zu entlasten. Und ich bin in Haiger herumgefahren, um Eltern von Kindern mit Behinderung zu ermutigen, ihr Kind zu uns in die Kita zu geben. Wir sind mit den Kindern zur Freizeit nach Cuxhaven gefahren. Heute absolut undenkbar. Wir hatten damals mehr Freiheiten, da es keine Regulatoren gab, aber auch deutlich weniger Unterst\u00fctzung als heute. Da sind wir vor allem als Lebenshilfe Dillenburg auf einem guten Weg.<\/p>\n<p><strong><em>Was ist Ihr Wunsch f\u00fcr die Zukunft der integrativen Kita in Burg?<\/em><\/strong><\/p>\n<p><strong>Conny M\u00fcller:<\/strong>\u00a0Dass unsere Kinder hier weiterhin die besten Unterst\u00fctzungsm\u00f6glichkeiten bekommen. Auch was Personal und Ausstattung angeht. Trotz all der Dinge, die in den n\u00e4chsten Jahren bundesweit finanziell zu schultern sind.<\/p>\n<p><strong><em>Was werden die Dinge sein, die Sie tun werden, wenn Sie Ihren letzten Arbeitstag hinter sich gebracht haben?<\/em><\/strong><\/p>\n<p><strong>Conny M\u00fcller:<\/strong>\u00a0Zun\u00e4chst mal werde ich meinen Wecker t\u00f6ten\u2026<\/p>\n<p><strong><em>Sie sind ein Morgenmuffel?<\/em><\/strong><\/p>\n<p><strong>Conny M\u00fcller:\u00a0<\/strong>Ja, tats\u00e4chlich. Zumindest genie\u00dfe ich es, morgens erst einmal in Ruhe zu fr\u00fchst\u00fccken und die Zeitung zu lesen. Dann habe ich vor, mich wieder mehr in der Gemeinde zu engagieren. Und ich \u00fcberlege auch, ob ich vielleicht Tierpsychologie studiere. Das hat mich immer gereizt. Wir werden sehen\u2026<\/p>\n<div id='gallery-1' class='gallery galleryid-7412 gallery-columns-3 gallery-size-thumbnail'><figure class='gallery-item'>\n\t\t\t<div class='gallery-icon landscape'>\n\t\t\t\t<a href='https:\/\/lebenshilfe-dillenburg.de\/leicht\/ueber-uns\/mission-vision\/img_6397-4\/'><img loading=\"lazy\" decoding=\"async\" width=\"150\" height=\"150\" src=\"https:\/\/lebenshilfe-dillenburg.de\/wp-content\/uploads\/maenner-highfive-freundschaft-150x150.webp\" class=\"attachment-thumbnail size-thumbnail\" alt=\"Zwei M\u00e4nner geben sich einen High-Five, echte Freundschaft und Inklusion in Schwarzwei\u00df.\" \/><\/a>\n\t\t\t<\/div><\/figure><figure class='gallery-item'>\n\t\t\t<div class='gallery-icon landscape'>\n\t\t\t\t<a href='https:\/\/lebenshilfe-dillenburg.de\/leicht\/mueller-schreibt-48-jahre-lebenshilfe-geschichte\/img_7437\/'><img loading=\"lazy\" decoding=\"async\" width=\"150\" height=\"150\" src=\"https:\/\/lebenshilfe-dillenburg.de\/wp-content\/uploads\/mann-frau-lachen-am-tisch-maritimes-dekor-150x150.jpg\" class=\"attachment-thumbnail size-thumbnail\" alt=\"Lachendes Paar am Tisch mit maritimem Dekor und Leuchtturm bei Feierlichkeit.\" \/><\/a>\n\t\t\t<\/div><\/figure>\n\t\t<\/div>\n\n<p>&nbsp;<\/p>\n","protected":false},"excerpt":{"rendered":"<p>Conny M\u00fcller hat Lebenshilfe-Geschichte geschrieben. 48 Jahre lang hat sie f\u00fcr die Lebenshilfe Dillenburg gearbeitet. Angefangen als Praktikantin 1974 im Haus \u201eSchauinsland\u201c in Haiger \u2013 damals zust\u00e4ndig f\u00fcr eine Gruppe von sieben Kindern mit Behinderung. Heute als Leiterin der Integrativen Kindertagesst\u00e4tte in Burg, in der inzwischen 87 Kinder mit und ohne Behinderung gemeinsam spielen und&#8230;<\/p>\n","protected":false},"author":4,"featured_media":7440,"comment_status":"closed","ping_status":"closed","sticky":false,"template":"","format":"standard","meta":{"_acf_changed":false,"_gspb_post_css":"","_kad_blocks_custom_css":"","_kad_blocks_head_custom_js":"","_kad_blocks_body_custom_js":"","_kad_blocks_footer_custom_js":"","_kad_post_transparent":"","_kad_post_title":"","_kad_post_layout":"","_kad_post_sidebar_id":"","_kad_post_content_style":"","_kad_post_vertical_padding":"","_kad_post_feature":"","_kad_post_feature_position":"","_kad_post_header":false,"_kad_post_footer":false,"_kad_post_classname":"","footnotes":""},"categories":[52,53],"tags":[],"class_list":["post-7412","post","type-post","status-publish","format-standard","has-post-thumbnail","hentry","category-aktuelles","category-meldungen"],"acf":[],"yoast_head":"<!-- This site is optimized with the Yoast SEO plugin v27.5 - https:\/\/yoast.com\/product\/yoast-seo-wordpress\/ -->\n<title>M\u00fcller schreibt 48 Jahre Lebenshilfe-Geschichte - Lebenshilfe Dillenburg e.V.<\/title>\n<meta name=\"robots\" content=\"index, follow, max-snippet:-1, max-image-preview:large, max-video-preview:-1\" \/>\n<link rel=\"canonical\" href=\"https:\/\/lebenshilfe-dillenburg.de\/leicht\/mueller-schreibt-48-jahre-lebenshilfe-geschichte\/\" \/>\n<meta property=\"og:locale\" content=\"de_DE\" \/>\n<meta property=\"og:type\" content=\"article\" \/>\n<meta property=\"og:title\" content=\"M\u00fcller schreibt 48 Jahre Lebenshilfe-Geschichte - Lebenshilfe Dillenburg e.V.\" \/>\n<meta property=\"og:description\" content=\"Conny M\u00fcller hat Lebenshilfe-Geschichte geschrieben. 48 Jahre lang hat sie f\u00fcr die Lebenshilfe Dillenburg gearbeitet. Angefangen als Praktikantin 1974 im Haus \u201eSchauinsland\u201c in Haiger \u2013 damals zust\u00e4ndig f\u00fcr eine Gruppe von sieben Kindern mit Behinderung. Heute als Leiterin der Integrativen Kindertagesst\u00e4tte in Burg, in der inzwischen 87 Kinder mit und ohne Behinderung gemeinsam spielen und...\" \/>\n<meta property=\"og:url\" content=\"https:\/\/lebenshilfe-dillenburg.de\/leicht\/mueller-schreibt-48-jahre-lebenshilfe-geschichte\/\" \/>\n<meta property=\"og:site_name\" content=\"Lebenshilfe Dillenburg e.V.\" \/>\n<meta property=\"article:publisher\" content=\"https:\/\/www.facebook.com\/lebenshilfedillenburg\/\" \/>\n<meta property=\"article:published_time\" content=\"2022-12-08T13:42:15+00:00\" \/>\n<meta property=\"article:modified_time\" content=\"2026-01-30T11:09:37+00:00\" \/>\n<meta property=\"og:image\" content=\"https:\/\/lebenshilfe-dillenburg.de\/wp-content\/uploads\/mueller-schreibt-48-jahre-lebenshilfe-geschichte-img-7444-scaled-3.jpg\" \/>\n\t<meta property=\"og:image:width\" content=\"2560\" \/>\n\t<meta property=\"og:image:height\" content=\"1920\" \/>\n\t<meta property=\"og:image:type\" content=\"image\/jpeg\" \/>\n<meta name=\"author\" content=\"Conny Holtfoth\" \/>\n<meta name=\"twitter:card\" content=\"summary_large_image\" \/>\n<meta name=\"twitter:label1\" content=\"Geschrieben von\" \/>\n\t<meta name=\"twitter:data1\" content=\"Conny Holtfoth\" \/>\n\t<meta name=\"twitter:label2\" content=\"Gesch\u00e4tzte Lesezeit\" \/>\n\t<meta name=\"twitter:data2\" content=\"4\u00a0Minuten\" \/>\n<script type=\"application\/ld+json\" class=\"yoast-schema-graph\">{\"@context\":\"https:\\\/\\\/schema.org\",\"@graph\":[{\"@type\":\"Article\",\"@id\":\"https:\\\/\\\/lebenshilfe-dillenburg.de\\\/leicht\\\/mueller-schreibt-48-jahre-lebenshilfe-geschichte\\\/#article\",\"isPartOf\":{\"@id\":\"https:\\\/\\\/lebenshilfe-dillenburg.de\\\/leicht\\\/mueller-schreibt-48-jahre-lebenshilfe-geschichte\\\/\"},\"author\":{\"name\":\"Conny Holtfoth\",\"@id\":\"https:\\\/\\\/lebenshilfe-dillenburg.de\\\/leicht\\\/#\\\/schema\\\/person\\\/b6c52dad8d881b49213c3345a7cd5efe\"},\"headline\":\"M\u00fcller schreibt 48 Jahre Lebenshilfe-Geschichte\",\"datePublished\":\"2022-12-08T13:42:15+00:00\",\"dateModified\":\"2026-01-30T11:09:37+00:00\",\"mainEntityOfPage\":{\"@id\":\"https:\\\/\\\/lebenshilfe-dillenburg.de\\\/leicht\\\/mueller-schreibt-48-jahre-lebenshilfe-geschichte\\\/\"},\"wordCount\":722,\"publisher\":{\"@id\":\"https:\\\/\\\/lebenshilfe-dillenburg.de\\\/leicht\\\/#organization\"},\"image\":{\"@id\":\"https:\\\/\\\/lebenshilfe-dillenburg.de\\\/leicht\\\/mueller-schreibt-48-jahre-lebenshilfe-geschichte\\\/#primaryimage\"},\"thumbnailUrl\":\"https:\\\/\\\/lebenshilfe-dillenburg.de\\\/wp-content\\\/uploads\\\/conny-mueller-abschied-lebenshilfe-dillenburg.jpg\",\"articleSection\":[\"Aktuelles\",\"Meldungen\"],\"inLanguage\":\"de\"},{\"@type\":\"WebPage\",\"@id\":\"https:\\\/\\\/lebenshilfe-dillenburg.de\\\/leicht\\\/mueller-schreibt-48-jahre-lebenshilfe-geschichte\\\/\",\"url\":\"https:\\\/\\\/lebenshilfe-dillenburg.de\\\/leicht\\\/mueller-schreibt-48-jahre-lebenshilfe-geschichte\\\/\",\"name\":\"M\u00fcller schreibt 48 Jahre Lebenshilfe-Geschichte - Lebenshilfe Dillenburg e.V.\",\"isPartOf\":{\"@id\":\"https:\\\/\\\/lebenshilfe-dillenburg.de\\\/leicht\\\/#website\"},\"primaryImageOfPage\":{\"@id\":\"https:\\\/\\\/lebenshilfe-dillenburg.de\\\/leicht\\\/mueller-schreibt-48-jahre-lebenshilfe-geschichte\\\/#primaryimage\"},\"image\":{\"@id\":\"https:\\\/\\\/lebenshilfe-dillenburg.de\\\/leicht\\\/mueller-schreibt-48-jahre-lebenshilfe-geschichte\\\/#primaryimage\"},\"thumbnailUrl\":\"https:\\\/\\\/lebenshilfe-dillenburg.de\\\/wp-content\\\/uploads\\\/conny-mueller-abschied-lebenshilfe-dillenburg.jpg\",\"datePublished\":\"2022-12-08T13:42:15+00:00\",\"dateModified\":\"2026-01-30T11:09:37+00:00\",\"breadcrumb\":{\"@id\":\"https:\\\/\\\/lebenshilfe-dillenburg.de\\\/leicht\\\/mueller-schreibt-48-jahre-lebenshilfe-geschichte\\\/#breadcrumb\"},\"inLanguage\":\"de\",\"potentialAction\":[{\"@type\":\"ReadAction\",\"target\":[\"https:\\\/\\\/lebenshilfe-dillenburg.de\\\/leicht\\\/mueller-schreibt-48-jahre-lebenshilfe-geschichte\\\/\"]}]},{\"@type\":\"ImageObject\",\"inLanguage\":\"de\",\"@id\":\"https:\\\/\\\/lebenshilfe-dillenburg.de\\\/leicht\\\/mueller-schreibt-48-jahre-lebenshilfe-geschichte\\\/#primaryimage\",\"url\":\"https:\\\/\\\/lebenshilfe-dillenburg.de\\\/wp-content\\\/uploads\\\/conny-mueller-abschied-lebenshilfe-dillenburg.jpg\",\"contentUrl\":\"https:\\\/\\\/lebenshilfe-dillenburg.de\\\/wp-content\\\/uploads\\\/conny-mueller-abschied-lebenshilfe-dillenburg.jpg\",\"width\":1440,\"height\":1080,\"caption\":\"Zeit f\u00fcr Abschied: Conny M\u00fcller verl\u00e4sst nach 48 Jahren die Lebenshilfe Dillenburg. (Foto: Holtfoth)\"},{\"@type\":\"BreadcrumbList\",\"@id\":\"https:\\\/\\\/lebenshilfe-dillenburg.de\\\/leicht\\\/mueller-schreibt-48-jahre-lebenshilfe-geschichte\\\/#breadcrumb\",\"itemListElement\":[{\"@type\":\"ListItem\",\"position\":1,\"name\":\"Startseite der Lebenshilfe Dillenburg\",\"item\":\"https:\\\/\\\/lebenshilfe-dillenburg.de\\\/leicht\\\/\"},{\"@type\":\"ListItem\",\"position\":2,\"name\":\"M\u00fcller schreibt 48 Jahre Lebenshilfe-Geschichte\"}]},{\"@type\":\"WebSite\",\"@id\":\"https:\\\/\\\/lebenshilfe-dillenburg.de\\\/leicht\\\/#website\",\"url\":\"https:\\\/\\\/lebenshilfe-dillenburg.de\\\/leicht\\\/\",\"name\":\"Lebenshilfe Dillenburg \u2013 Teilhabe & Unterst\u00fctzung im Lahn-Dill-Kreis\",\"description\":\"\",\"publisher\":{\"@id\":\"https:\\\/\\\/lebenshilfe-dillenburg.de\\\/leicht\\\/#organization\"},\"potentialAction\":[{\"@type\":\"SearchAction\",\"target\":{\"@type\":\"EntryPoint\",\"urlTemplate\":\"https:\\\/\\\/lebenshilfe-dillenburg.de\\\/leicht\\\/?s={search_term_string}\"},\"query-input\":{\"@type\":\"PropertyValueSpecification\",\"valueRequired\":true,\"valueName\":\"search_term_string\"}}],\"inLanguage\":\"de\"},{\"@type\":\"Organization\",\"@id\":\"https:\\\/\\\/lebenshilfe-dillenburg.de\\\/leicht\\\/#organization\",\"name\":\"Lebenshilfe Dillenburg e.V.\",\"url\":\"https:\\\/\\\/lebenshilfe-dillenburg.de\\\/leicht\\\/\",\"logo\":{\"@type\":\"ImageObject\",\"inLanguage\":\"de\",\"@id\":\"https:\\\/\\\/lebenshilfe-dillenburg.de\\\/leicht\\\/#\\\/schema\\\/logo\\\/image\\\/\",\"url\":\"https:\\\/\\\/lebenshilfe-dillenburg.de\\\/wp-content\\\/uploads\\\/lebenshilfe-dillenburg-desktop.webp\",\"contentUrl\":\"https:\\\/\\\/lebenshilfe-dillenburg.de\\\/wp-content\\\/uploads\\\/lebenshilfe-dillenburg-desktop.webp\",\"width\":461,\"height\":202,\"caption\":\"Lebenshilfe Dillenburg e.V.\"},\"image\":{\"@id\":\"https:\\\/\\\/lebenshilfe-dillenburg.de\\\/leicht\\\/#\\\/schema\\\/logo\\\/image\\\/\"},\"sameAs\":[\"https:\\\/\\\/www.facebook.com\\\/lebenshilfedillenburg\\\/\",\"https:\\\/\\\/www.instagram.com\\\/lebenshilfe_dillenburg\\\/\"]},{\"@type\":\"Person\",\"@id\":\"https:\\\/\\\/lebenshilfe-dillenburg.de\\\/leicht\\\/#\\\/schema\\\/person\\\/b6c52dad8d881b49213c3345a7cd5efe\",\"name\":\"Conny Holtfoth\",\"sameAs\":[\"http:\\\/\\\/lebenshilfe-dillenburg.de\"],\"url\":\"https:\\\/\\\/lebenshilfe-dillenburg.de\\\/leicht\\\/author\\\/conny\\\/\"}]}<\/script>\n<!-- \/ Yoast SEO plugin. -->","yoast_head_json":{"title":"M\u00fcller schreibt 48 Jahre Lebenshilfe-Geschichte - Lebenshilfe Dillenburg e.V.","robots":{"index":"index","follow":"follow","max-snippet":"max-snippet:-1","max-image-preview":"max-image-preview:large","max-video-preview":"max-video-preview:-1"},"canonical":"https:\/\/lebenshilfe-dillenburg.de\/leicht\/mueller-schreibt-48-jahre-lebenshilfe-geschichte\/","og_locale":"de_DE","og_type":"article","og_title":"M\u00fcller schreibt 48 Jahre Lebenshilfe-Geschichte - Lebenshilfe Dillenburg e.V.","og_description":"Conny M\u00fcller hat Lebenshilfe-Geschichte geschrieben. 48 Jahre lang hat sie f\u00fcr die Lebenshilfe Dillenburg gearbeitet. Angefangen als Praktikantin 1974 im Haus \u201eSchauinsland\u201c in Haiger \u2013 damals zust\u00e4ndig f\u00fcr eine Gruppe von sieben Kindern mit Behinderung. Heute als Leiterin der Integrativen Kindertagesst\u00e4tte in Burg, in der inzwischen 87 Kinder mit und ohne Behinderung gemeinsam spielen und...","og_url":"https:\/\/lebenshilfe-dillenburg.de\/leicht\/mueller-schreibt-48-jahre-lebenshilfe-geschichte\/","og_site_name":"Lebenshilfe Dillenburg e.V.","article_publisher":"https:\/\/www.facebook.com\/lebenshilfedillenburg\/","article_published_time":"2022-12-08T13:42:15+00:00","article_modified_time":"2026-01-30T11:09:37+00:00","og_image":[{"width":2560,"height":1920,"url":"https:\/\/lebenshilfe-dillenburg.de\/wp-content\/uploads\/mueller-schreibt-48-jahre-lebenshilfe-geschichte-img-7444-scaled-3.jpg","type":"image\/jpeg"}],"author":"Conny Holtfoth","twitter_card":"summary_large_image","twitter_misc":{"Geschrieben von":"Conny Holtfoth","Gesch\u00e4tzte Lesezeit":"4\u00a0Minuten"},"schema":{"@context":"https:\/\/schema.org","@graph":[{"@type":"Article","@id":"https:\/\/lebenshilfe-dillenburg.de\/leicht\/mueller-schreibt-48-jahre-lebenshilfe-geschichte\/#article","isPartOf":{"@id":"https:\/\/lebenshilfe-dillenburg.de\/leicht\/mueller-schreibt-48-jahre-lebenshilfe-geschichte\/"},"author":{"name":"Conny Holtfoth","@id":"https:\/\/lebenshilfe-dillenburg.de\/leicht\/#\/schema\/person\/b6c52dad8d881b49213c3345a7cd5efe"},"headline":"M\u00fcller schreibt 48 Jahre Lebenshilfe-Geschichte","datePublished":"2022-12-08T13:42:15+00:00","dateModified":"2026-01-30T11:09:37+00:00","mainEntityOfPage":{"@id":"https:\/\/lebenshilfe-dillenburg.de\/leicht\/mueller-schreibt-48-jahre-lebenshilfe-geschichte\/"},"wordCount":722,"publisher":{"@id":"https:\/\/lebenshilfe-dillenburg.de\/leicht\/#organization"},"image":{"@id":"https:\/\/lebenshilfe-dillenburg.de\/leicht\/mueller-schreibt-48-jahre-lebenshilfe-geschichte\/#primaryimage"},"thumbnailUrl":"https:\/\/lebenshilfe-dillenburg.de\/wp-content\/uploads\/conny-mueller-abschied-lebenshilfe-dillenburg.jpg","articleSection":["Aktuelles","Meldungen"],"inLanguage":"de"},{"@type":"WebPage","@id":"https:\/\/lebenshilfe-dillenburg.de\/leicht\/mueller-schreibt-48-jahre-lebenshilfe-geschichte\/","url":"https:\/\/lebenshilfe-dillenburg.de\/leicht\/mueller-schreibt-48-jahre-lebenshilfe-geschichte\/","name":"M\u00fcller schreibt 48 Jahre Lebenshilfe-Geschichte - Lebenshilfe Dillenburg e.V.","isPartOf":{"@id":"https:\/\/lebenshilfe-dillenburg.de\/leicht\/#website"},"primaryImageOfPage":{"@id":"https:\/\/lebenshilfe-dillenburg.de\/leicht\/mueller-schreibt-48-jahre-lebenshilfe-geschichte\/#primaryimage"},"image":{"@id":"https:\/\/lebenshilfe-dillenburg.de\/leicht\/mueller-schreibt-48-jahre-lebenshilfe-geschichte\/#primaryimage"},"thumbnailUrl":"https:\/\/lebenshilfe-dillenburg.de\/wp-content\/uploads\/conny-mueller-abschied-lebenshilfe-dillenburg.jpg","datePublished":"2022-12-08T13:42:15+00:00","dateModified":"2026-01-30T11:09:37+00:00","breadcrumb":{"@id":"https:\/\/lebenshilfe-dillenburg.de\/leicht\/mueller-schreibt-48-jahre-lebenshilfe-geschichte\/#breadcrumb"},"inLanguage":"de","potentialAction":[{"@type":"ReadAction","target":["https:\/\/lebenshilfe-dillenburg.de\/leicht\/mueller-schreibt-48-jahre-lebenshilfe-geschichte\/"]}]},{"@type":"ImageObject","inLanguage":"de","@id":"https:\/\/lebenshilfe-dillenburg.de\/leicht\/mueller-schreibt-48-jahre-lebenshilfe-geschichte\/#primaryimage","url":"https:\/\/lebenshilfe-dillenburg.de\/wp-content\/uploads\/conny-mueller-abschied-lebenshilfe-dillenburg.jpg","contentUrl":"https:\/\/lebenshilfe-dillenburg.de\/wp-content\/uploads\/conny-mueller-abschied-lebenshilfe-dillenburg.jpg","width":1440,"height":1080,"caption":"Zeit f\u00fcr Abschied: Conny M\u00fcller verl\u00e4sst nach 48 Jahren die Lebenshilfe Dillenburg. (Foto: Holtfoth)"},{"@type":"BreadcrumbList","@id":"https:\/\/lebenshilfe-dillenburg.de\/leicht\/mueller-schreibt-48-jahre-lebenshilfe-geschichte\/#breadcrumb","itemListElement":[{"@type":"ListItem","position":1,"name":"Startseite der Lebenshilfe Dillenburg","item":"https:\/\/lebenshilfe-dillenburg.de\/leicht\/"},{"@type":"ListItem","position":2,"name":"M\u00fcller schreibt 48 Jahre Lebenshilfe-Geschichte"}]},{"@type":"WebSite","@id":"https:\/\/lebenshilfe-dillenburg.de\/leicht\/#website","url":"https:\/\/lebenshilfe-dillenburg.de\/leicht\/","name":"Lebenshilfe Dillenburg \u2013 Teilhabe & Unterst\u00fctzung im Lahn-Dill-Kreis","description":"","publisher":{"@id":"https:\/\/lebenshilfe-dillenburg.de\/leicht\/#organization"},"potentialAction":[{"@type":"SearchAction","target":{"@type":"EntryPoint","urlTemplate":"https:\/\/lebenshilfe-dillenburg.de\/leicht\/?s={search_term_string}"},"query-input":{"@type":"PropertyValueSpecification","valueRequired":true,"valueName":"search_term_string"}}],"inLanguage":"de"},{"@type":"Organization","@id":"https:\/\/lebenshilfe-dillenburg.de\/leicht\/#organization","name":"Lebenshilfe Dillenburg e.V.","url":"https:\/\/lebenshilfe-dillenburg.de\/leicht\/","logo":{"@type":"ImageObject","inLanguage":"de","@id":"https:\/\/lebenshilfe-dillenburg.de\/leicht\/#\/schema\/logo\/image\/","url":"https:\/\/lebenshilfe-dillenburg.de\/wp-content\/uploads\/lebenshilfe-dillenburg-desktop.webp","contentUrl":"https:\/\/lebenshilfe-dillenburg.de\/wp-content\/uploads\/lebenshilfe-dillenburg-desktop.webp","width":461,"height":202,"caption":"Lebenshilfe Dillenburg e.V."},"image":{"@id":"https:\/\/lebenshilfe-dillenburg.de\/leicht\/#\/schema\/logo\/image\/"},"sameAs":["https:\/\/www.facebook.com\/lebenshilfedillenburg\/","https:\/\/www.instagram.com\/lebenshilfe_dillenburg\/"]},{"@type":"Person","@id":"https:\/\/lebenshilfe-dillenburg.de\/leicht\/#\/schema\/person\/b6c52dad8d881b49213c3345a7cd5efe","name":"Conny Holtfoth","sameAs":["http:\/\/lebenshilfe-dillenburg.de"],"url":"https:\/\/lebenshilfe-dillenburg.de\/leicht\/author\/conny\/"}]}},"taxonomy_info":{"category":[{"value":52,"label":"Aktuelles"},{"value":53,"label":"Meldungen"}]},"featured_image_src_large":["https:\/\/lebenshilfe-dillenburg.de\/wp-content\/uploads\/conny-mueller-abschied-lebenshilfe-dillenburg-1920x1440.jpg",1366,1025,true],"author_info":{"display_name":"Conny Holtfoth","author_link":"https:\/\/lebenshilfe-dillenburg.de\/leicht\/author\/conny\/"},"comment_info":0,"category_info":[{"term_id":52,"name":"Aktuelles","slug":"aktuelles","term_group":0,"term_taxonomy_id":52,"taxonomy":"category","description":"","parent":0,"count":22,"filter":"raw","term_order":"4","cat_ID":52,"category_count":22,"category_description":"","cat_name":"Aktuelles","category_nicename":"aktuelles","category_parent":0},{"term_id":53,"name":"Meldungen","slug":"meldungen","term_group":0,"term_taxonomy_id":53,"taxonomy":"category","description":"","parent":0,"count":127,"filter":"raw","term_order":"5","cat_ID":53,"category_count":127,"category_description":"","cat_name":"Meldungen","category_nicename":"meldungen","category_parent":0}],"tag_info":false,"_links":{"self":[{"href":"https:\/\/lebenshilfe-dillenburg.de\/leicht\/wp-json\/wp\/v2\/posts\/7412","targetHints":{"allow":["GET"]}}],"collection":[{"href":"https:\/\/lebenshilfe-dillenburg.de\/leicht\/wp-json\/wp\/v2\/posts"}],"about":[{"href":"https:\/\/lebenshilfe-dillenburg.de\/leicht\/wp-json\/wp\/v2\/types\/post"}],"author":[{"embeddable":true,"href":"https:\/\/lebenshilfe-dillenburg.de\/leicht\/wp-json\/wp\/v2\/users\/4"}],"replies":[{"embeddable":true,"href":"https:\/\/lebenshilfe-dillenburg.de\/leicht\/wp-json\/wp\/v2\/comments?post=7412"}],"version-history":[{"count":0,"href":"https:\/\/lebenshilfe-dillenburg.de\/leicht\/wp-json\/wp\/v2\/posts\/7412\/revisions"}],"wp:featuredmedia":[{"embeddable":true,"href":"https:\/\/lebenshilfe-dillenburg.de\/leicht\/wp-json\/wp\/v2\/media\/7440"}],"wp:attachment":[{"href":"https:\/\/lebenshilfe-dillenburg.de\/leicht\/wp-json\/wp\/v2\/media?parent=7412"}],"wp:term":[{"taxonomy":"category","embeddable":true,"href":"https:\/\/lebenshilfe-dillenburg.de\/leicht\/wp-json\/wp\/v2\/categories?post=7412"},{"taxonomy":"post_tag","embeddable":true,"href":"https:\/\/lebenshilfe-dillenburg.de\/leicht\/wp-json\/wp\/v2\/tags?post=7412"}],"curies":[{"name":"wp","href":"https:\/\/api.w.org\/{rel}","templated":true}]}}