{"id":7447,"date":"2021-02-11T14:51:55","date_gmt":"2021-02-11T13:51:55","guid":{"rendered":"https:\/\/www.lebenshilfe-dillenburg.de\/?p=2938"},"modified":"2026-01-30T12:09:36","modified_gmt":"2026-01-30T11:09:36","slug":"menschen-wie-ich-fallen-durchs-raster","status":"publish","type":"post","link":"https:\/\/lebenshilfe-dillenburg.de\/leicht\/menschen-wie-ich-fallen-durchs-raster\/","title":{"rendered":"&#8222;Menschen wie ich fallen durchs Raster&#8220;"},"content":{"rendered":"<p>\u201eMenschen wieder in den Arm nehmen zu d\u00fcrfen.\u201c Das w\u00fcnscht sich Jessica Klaudy. F\u00fcr die Zeit nach Corona. \u201eDenn das ist es, was mir am meisten fehlt. Das Zwischenmenschliche.\u201c Die 33-J\u00e4hrige ist aufgrund ihrer Behinderung seit einem Jahr fast durchg\u00e4ngig daheim. Sie z\u00e4hlt zur Risikogruppe \u2013 und f\u00fchlt sich von der Politik \u00fcbersehen. \u201eMenschen wie ich ben\u00f6tigen viel mehr Aufmerksamkeit \u2013 gerade in dieser Zeit.\u201c<!--more--><\/p>\n<p>Als Jessica Klaudy 13 Jahre alt war, erhielt sie die Diagnose Skoliose. Die Verkr\u00fcmmung der Wirbels\u00e4ule sei inoperabel, sagten ihr die \u00c4rzte. Das Risiko einer Querschnittsl\u00e4hmung zu gro\u00df. Die Beeintr\u00e4chtigungen nahmen im Laufe der Jahre immer weiter zu. Die Lungenfunktion ist beeintr\u00e4chtigt, Herzrhythmusst\u00f6rungen kamen hinzu. Seit einem Jahr ist die Herbornerin auf ein mobiles Sauerstoffger\u00e4t angewiesen. Eine Erkrankung mit Covid-19 w\u00e4re f\u00fcr sie lebensbedrohlich.<\/p>\n<p>\u201eIch wei\u00df noch, dass ich gerade mal eine Woche lang mit dem Sauerstoffger\u00e4t zur Arbeit gefahren bin, als die Werkst\u00e4tten wegen des Lockdowns schlie\u00dfen mussten. Als sie dann wieder \u00f6ffnen durften, blieb ich mit Attest daheim.\u201c Dass dieser Zustand ein Jahr andauern w\u00fcrde, hatte sie nicht erwartet. \u201eIch vermisse die Arbeit sehr, vor allem, weil ich dort unter Menschen bin.\u201c Seit 2015 ist sie auf einem Au\u00dfenarbeitsplatz der Dillenburger Werkst\u00e4tten bei der Firma Bretthauer besch\u00e4ftigt. Gruppenleitung und Sozialer Dienst versorgen sie seit der Pandemie regelm\u00e4\u00dfig mit etwas Heimarbeit. Aktuell verschwei\u00dft sie Kleinteile.<\/p>\n<p>Ansonsten ist ihr Alltag eint\u00f6nig: fernsehen, malen, mal einkaufen, wenn ihr k\u00f6rperlicher Zustand es zul\u00e4sst. Sie sei unruhig und liege viel wach. \u201eIrgendwann f\u00e4llt einem auch nichts mehr ein. Das macht mich kirre. Man fragt sich morgens, wozu man eigentlich aufstehen soll. Und wie lange das so weitergehen soll.\u201c Ihre Hoffnung: die Impfung. \u201eDoch ich geh\u00f6re trotz meiner Erkrankung nicht zu den ersten beiden Kategorien.\u201c<\/p>\n<p>Menschen mit Behinderungen werden laut ihr von der Politik in der Pandemie h\u00e4ufig nicht wahrgenommen. \u201eDabei ist es doch so, dass gerade in unseren Werkst\u00e4tten \u00fcberwiegend Menschen mit Vorerkrankungen arbeiten und in unseren Wohnheimen Menschen mit Vorerkrankungen leben.\u201c Ihr Appell an die Politik: genauer hinsehen. \u201eMenschen wie ich fallen durchs Raster, weil ich zu jung bin und nicht die entsprechenden Kriterien erf\u00fclle.\u201c Da erfordere es ein Umdenken. Damit sie irgendwann wieder einen Alltag hat. Mit Arbeit. Mit Freunden. Trotz Pandemie.<\/p>\n","protected":false},"excerpt":{"rendered":"<p>\u201eMenschen wieder in den Arm nehmen zu d\u00fcrfen.\u201c Das w\u00fcnscht sich Jessica Klaudy. F\u00fcr die Zeit nach Corona. \u201eDenn das ist es, was mir am meisten fehlt. Das Zwischenmenschliche.\u201c Die 33-J\u00e4hrige ist aufgrund ihrer Behinderung seit einem Jahr fast durchg\u00e4ngig daheim. Sie z\u00e4hlt zur Risikogruppe \u2013 und f\u00fchlt sich von der Politik \u00fcbersehen. \u201eMenschen wie&#8230;<\/p>\n","protected":false},"author":4,"featured_media":2939,"comment_status":"closed","ping_status":"closed","sticky":false,"template":"","format":"standard","meta":{"_acf_changed":false,"_gspb_post_css":"","_kad_blocks_custom_css":"","_kad_blocks_head_custom_js":"","_kad_blocks_body_custom_js":"","_kad_blocks_footer_custom_js":"","_kad_post_transparent":"","_kad_post_title":"","_kad_post_layout":"","_kad_post_sidebar_id":"","_kad_post_content_style":"","_kad_post_vertical_padding":"","_kad_post_feature":"","_kad_post_feature_position":"","_kad_post_header":false,"_kad_post_footer":false,"_kad_post_classname":"","footnotes":""},"categories":[53],"tags":[],"class_list":["post-7447","post","type-post","status-publish","format-standard","has-post-thumbnail","hentry","category-meldungen"],"acf":[],"yoast_head":"<!-- This site is optimized with the Yoast SEO plugin v27.5 - https:\/\/yoast.com\/product\/yoast-seo-wordpress\/ -->\n<title>&quot;Menschen wie ich fallen durchs Raster&quot; - Lebenshilfe Dillenburg e.V.<\/title>\n<meta name=\"robots\" content=\"index, follow, max-snippet:-1, max-image-preview:large, max-video-preview:-1\" \/>\n<link rel=\"canonical\" href=\"https:\/\/lebenshilfe-dillenburg.de\/leicht\/menschen-wie-ich-fallen-durchs-raster\/\" \/>\n<meta property=\"og:locale\" content=\"de_DE\" \/>\n<meta property=\"og:type\" content=\"article\" \/>\n<meta property=\"og:title\" content=\"&quot;Menschen wie ich fallen durchs Raster&quot; - Lebenshilfe Dillenburg e.V.\" \/>\n<meta property=\"og:description\" content=\"\u201eMenschen wieder in den Arm nehmen zu d\u00fcrfen.\u201c Das w\u00fcnscht sich Jessica Klaudy. F\u00fcr die Zeit nach Corona. \u201eDenn das ist es, was mir am meisten fehlt. Das Zwischenmenschliche.\u201c Die 33-J\u00e4hrige ist aufgrund ihrer Behinderung seit einem Jahr fast durchg\u00e4ngig daheim. Sie z\u00e4hlt zur Risikogruppe \u2013 und f\u00fchlt sich von der Politik \u00fcbersehen. \u201eMenschen wie...\" \/>\n<meta property=\"og:url\" content=\"https:\/\/lebenshilfe-dillenburg.de\/leicht\/menschen-wie-ich-fallen-durchs-raster\/\" \/>\n<meta property=\"og:site_name\" content=\"Lebenshilfe Dillenburg e.V.\" \/>\n<meta property=\"article:publisher\" content=\"https:\/\/www.facebook.com\/lebenshilfedillenburg\/\" \/>\n<meta property=\"article:published_time\" content=\"2021-02-11T13:51:55+00:00\" \/>\n<meta property=\"article:modified_time\" content=\"2026-01-30T11:09:36+00:00\" \/>\n<meta property=\"og:image\" content=\"https:\/\/lebenshilfe-dillenburg.de\/wp-content\/uploads\/img-2000-scaled-1.jpg\" \/>\n\t<meta property=\"og:image:width\" content=\"2560\" \/>\n\t<meta property=\"og:image:height\" content=\"1687\" \/>\n\t<meta property=\"og:image:type\" content=\"image\/jpeg\" \/>\n<meta name=\"author\" content=\"Conny Holtfoth\" \/>\n<meta name=\"twitter:card\" content=\"summary_large_image\" \/>\n<meta name=\"twitter:label1\" content=\"Geschrieben von\" \/>\n\t<meta name=\"twitter:data1\" content=\"Conny Holtfoth\" \/>\n\t<meta name=\"twitter:label2\" content=\"Gesch\u00e4tzte Lesezeit\" \/>\n\t<meta name=\"twitter:data2\" content=\"2\u00a0Minuten\" \/>\n<script type=\"application\/ld+json\" class=\"yoast-schema-graph\">{\"@context\":\"https:\\\/\\\/schema.org\",\"@graph\":[{\"@type\":\"Article\",\"@id\":\"https:\\\/\\\/lebenshilfe-dillenburg.de\\\/leicht\\\/menschen-wie-ich-fallen-durchs-raster\\\/#article\",\"isPartOf\":{\"@id\":\"https:\\\/\\\/lebenshilfe-dillenburg.de\\\/leicht\\\/menschen-wie-ich-fallen-durchs-raster\\\/\"},\"author\":{\"name\":\"Conny Holtfoth\",\"@id\":\"https:\\\/\\\/lebenshilfe-dillenburg.de\\\/leicht\\\/#\\\/schema\\\/person\\\/b6c52dad8d881b49213c3345a7cd5efe\"},\"headline\":\"&#8222;Menschen wie ich fallen durchs Raster&#8220;\",\"datePublished\":\"2021-02-11T13:51:55+00:00\",\"dateModified\":\"2026-01-30T11:09:36+00:00\",\"mainEntityOfPage\":{\"@id\":\"https:\\\/\\\/lebenshilfe-dillenburg.de\\\/leicht\\\/menschen-wie-ich-fallen-durchs-raster\\\/\"},\"wordCount\":402,\"publisher\":{\"@id\":\"https:\\\/\\\/lebenshilfe-dillenburg.de\\\/leicht\\\/#organization\"},\"image\":{\"@id\":\"https:\\\/\\\/lebenshilfe-dillenburg.de\\\/leicht\\\/menschen-wie-ich-fallen-durchs-raster\\\/#primaryimage\"},\"thumbnailUrl\":\"https:\\\/\\\/lebenshilfe-dillenburg.de\\\/wp-content\\\/uploads\\\/jessica-klaudy-homeoffice-verpackungsarbeit.jpg\",\"articleSection\":[\"Meldungen\"],\"inLanguage\":\"de\"},{\"@type\":\"WebPage\",\"@id\":\"https:\\\/\\\/lebenshilfe-dillenburg.de\\\/leicht\\\/menschen-wie-ich-fallen-durchs-raster\\\/\",\"url\":\"https:\\\/\\\/lebenshilfe-dillenburg.de\\\/leicht\\\/menschen-wie-ich-fallen-durchs-raster\\\/\",\"name\":\"\\\"Menschen wie ich fallen durchs Raster\\\" - Lebenshilfe Dillenburg e.V.\",\"isPartOf\":{\"@id\":\"https:\\\/\\\/lebenshilfe-dillenburg.de\\\/leicht\\\/#website\"},\"primaryImageOfPage\":{\"@id\":\"https:\\\/\\\/lebenshilfe-dillenburg.de\\\/leicht\\\/menschen-wie-ich-fallen-durchs-raster\\\/#primaryimage\"},\"image\":{\"@id\":\"https:\\\/\\\/lebenshilfe-dillenburg.de\\\/leicht\\\/menschen-wie-ich-fallen-durchs-raster\\\/#primaryimage\"},\"thumbnailUrl\":\"https:\\\/\\\/lebenshilfe-dillenburg.de\\\/wp-content\\\/uploads\\\/jessica-klaudy-homeoffice-verpackungsarbeit.jpg\",\"datePublished\":\"2021-02-11T13:51:55+00:00\",\"dateModified\":\"2026-01-30T11:09:36+00:00\",\"breadcrumb\":{\"@id\":\"https:\\\/\\\/lebenshilfe-dillenburg.de\\\/leicht\\\/menschen-wie-ich-fallen-durchs-raster\\\/#breadcrumb\"},\"inLanguage\":\"de\",\"potentialAction\":[{\"@type\":\"ReadAction\",\"target\":[\"https:\\\/\\\/lebenshilfe-dillenburg.de\\\/leicht\\\/menschen-wie-ich-fallen-durchs-raster\\\/\"]}]},{\"@type\":\"ImageObject\",\"inLanguage\":\"de\",\"@id\":\"https:\\\/\\\/lebenshilfe-dillenburg.de\\\/leicht\\\/menschen-wie-ich-fallen-durchs-raster\\\/#primaryimage\",\"url\":\"https:\\\/\\\/lebenshilfe-dillenburg.de\\\/wp-content\\\/uploads\\\/jessica-klaudy-homeoffice-verpackungsarbeit.jpg\",\"contentUrl\":\"https:\\\/\\\/lebenshilfe-dillenburg.de\\\/wp-content\\\/uploads\\\/jessica-klaudy-homeoffice-verpackungsarbeit.jpg\",\"width\":1500,\"height\":988,\"caption\":\"Homeoffice der anderen Art: Jessica Klaudy erh\u00e4lt Arbeit f\u00fcr daheim. Ein Ersatz f\u00fcr ihren vorherigen Arbeitsalltag ist das jedoch nicht.\"},{\"@type\":\"BreadcrumbList\",\"@id\":\"https:\\\/\\\/lebenshilfe-dillenburg.de\\\/leicht\\\/menschen-wie-ich-fallen-durchs-raster\\\/#breadcrumb\",\"itemListElement\":[{\"@type\":\"ListItem\",\"position\":1,\"name\":\"Startseite der Lebenshilfe Dillenburg\",\"item\":\"https:\\\/\\\/lebenshilfe-dillenburg.de\\\/leicht\\\/\"},{\"@type\":\"ListItem\",\"position\":2,\"name\":\"&#8222;Menschen wie ich fallen durchs Raster&#8220;\"}]},{\"@type\":\"WebSite\",\"@id\":\"https:\\\/\\\/lebenshilfe-dillenburg.de\\\/leicht\\\/#website\",\"url\":\"https:\\\/\\\/lebenshilfe-dillenburg.de\\\/leicht\\\/\",\"name\":\"Lebenshilfe Dillenburg \u2013 Teilhabe & Unterst\u00fctzung im Lahn-Dill-Kreis\",\"description\":\"\",\"publisher\":{\"@id\":\"https:\\\/\\\/lebenshilfe-dillenburg.de\\\/leicht\\\/#organization\"},\"potentialAction\":[{\"@type\":\"SearchAction\",\"target\":{\"@type\":\"EntryPoint\",\"urlTemplate\":\"https:\\\/\\\/lebenshilfe-dillenburg.de\\\/leicht\\\/?s={search_term_string}\"},\"query-input\":{\"@type\":\"PropertyValueSpecification\",\"valueRequired\":true,\"valueName\":\"search_term_string\"}}],\"inLanguage\":\"de\"},{\"@type\":\"Organization\",\"@id\":\"https:\\\/\\\/lebenshilfe-dillenburg.de\\\/leicht\\\/#organization\",\"name\":\"Lebenshilfe Dillenburg e.V.\",\"url\":\"https:\\\/\\\/lebenshilfe-dillenburg.de\\\/leicht\\\/\",\"logo\":{\"@type\":\"ImageObject\",\"inLanguage\":\"de\",\"@id\":\"https:\\\/\\\/lebenshilfe-dillenburg.de\\\/leicht\\\/#\\\/schema\\\/logo\\\/image\\\/\",\"url\":\"https:\\\/\\\/lebenshilfe-dillenburg.de\\\/wp-content\\\/uploads\\\/lebenshilfe-dillenburg-desktop.webp\",\"contentUrl\":\"https:\\\/\\\/lebenshilfe-dillenburg.de\\\/wp-content\\\/uploads\\\/lebenshilfe-dillenburg-desktop.webp\",\"width\":461,\"height\":202,\"caption\":\"Lebenshilfe Dillenburg e.V.\"},\"image\":{\"@id\":\"https:\\\/\\\/lebenshilfe-dillenburg.de\\\/leicht\\\/#\\\/schema\\\/logo\\\/image\\\/\"},\"sameAs\":[\"https:\\\/\\\/www.facebook.com\\\/lebenshilfedillenburg\\\/\",\"https:\\\/\\\/www.instagram.com\\\/lebenshilfe_dillenburg\\\/\"]},{\"@type\":\"Person\",\"@id\":\"https:\\\/\\\/lebenshilfe-dillenburg.de\\\/leicht\\\/#\\\/schema\\\/person\\\/b6c52dad8d881b49213c3345a7cd5efe\",\"name\":\"Conny Holtfoth\",\"sameAs\":[\"http:\\\/\\\/lebenshilfe-dillenburg.de\"],\"url\":\"https:\\\/\\\/lebenshilfe-dillenburg.de\\\/leicht\\\/author\\\/conny\\\/\"}]}<\/script>\n<!-- \/ Yoast SEO plugin. -->","yoast_head_json":{"title":"\"Menschen wie ich fallen durchs Raster\" - Lebenshilfe Dillenburg e.V.","robots":{"index":"index","follow":"follow","max-snippet":"max-snippet:-1","max-image-preview":"max-image-preview:large","max-video-preview":"max-video-preview:-1"},"canonical":"https:\/\/lebenshilfe-dillenburg.de\/leicht\/menschen-wie-ich-fallen-durchs-raster\/","og_locale":"de_DE","og_type":"article","og_title":"\"Menschen wie ich fallen durchs Raster\" - Lebenshilfe Dillenburg e.V.","og_description":"\u201eMenschen wieder in den Arm nehmen zu d\u00fcrfen.\u201c Das w\u00fcnscht sich Jessica Klaudy. F\u00fcr die Zeit nach Corona. \u201eDenn das ist es, was mir am meisten fehlt. Das Zwischenmenschliche.\u201c Die 33-J\u00e4hrige ist aufgrund ihrer Behinderung seit einem Jahr fast durchg\u00e4ngig daheim. Sie z\u00e4hlt zur Risikogruppe \u2013 und f\u00fchlt sich von der Politik \u00fcbersehen. \u201eMenschen wie...","og_url":"https:\/\/lebenshilfe-dillenburg.de\/leicht\/menschen-wie-ich-fallen-durchs-raster\/","og_site_name":"Lebenshilfe Dillenburg e.V.","article_publisher":"https:\/\/www.facebook.com\/lebenshilfedillenburg\/","article_published_time":"2021-02-11T13:51:55+00:00","article_modified_time":"2026-01-30T11:09:36+00:00","og_image":[{"width":2560,"height":1687,"url":"https:\/\/lebenshilfe-dillenburg.de\/wp-content\/uploads\/img-2000-scaled-1.jpg","type":"image\/jpeg"}],"author":"Conny Holtfoth","twitter_card":"summary_large_image","twitter_misc":{"Geschrieben von":"Conny Holtfoth","Gesch\u00e4tzte Lesezeit":"2\u00a0Minuten"},"schema":{"@context":"https:\/\/schema.org","@graph":[{"@type":"Article","@id":"https:\/\/lebenshilfe-dillenburg.de\/leicht\/menschen-wie-ich-fallen-durchs-raster\/#article","isPartOf":{"@id":"https:\/\/lebenshilfe-dillenburg.de\/leicht\/menschen-wie-ich-fallen-durchs-raster\/"},"author":{"name":"Conny Holtfoth","@id":"https:\/\/lebenshilfe-dillenburg.de\/leicht\/#\/schema\/person\/b6c52dad8d881b49213c3345a7cd5efe"},"headline":"&#8222;Menschen wie ich fallen durchs Raster&#8220;","datePublished":"2021-02-11T13:51:55+00:00","dateModified":"2026-01-30T11:09:36+00:00","mainEntityOfPage":{"@id":"https:\/\/lebenshilfe-dillenburg.de\/leicht\/menschen-wie-ich-fallen-durchs-raster\/"},"wordCount":402,"publisher":{"@id":"https:\/\/lebenshilfe-dillenburg.de\/leicht\/#organization"},"image":{"@id":"https:\/\/lebenshilfe-dillenburg.de\/leicht\/menschen-wie-ich-fallen-durchs-raster\/#primaryimage"},"thumbnailUrl":"https:\/\/lebenshilfe-dillenburg.de\/wp-content\/uploads\/jessica-klaudy-homeoffice-verpackungsarbeit.jpg","articleSection":["Meldungen"],"inLanguage":"de"},{"@type":"WebPage","@id":"https:\/\/lebenshilfe-dillenburg.de\/leicht\/menschen-wie-ich-fallen-durchs-raster\/","url":"https:\/\/lebenshilfe-dillenburg.de\/leicht\/menschen-wie-ich-fallen-durchs-raster\/","name":"\"Menschen wie ich fallen durchs Raster\" - Lebenshilfe Dillenburg e.V.","isPartOf":{"@id":"https:\/\/lebenshilfe-dillenburg.de\/leicht\/#website"},"primaryImageOfPage":{"@id":"https:\/\/lebenshilfe-dillenburg.de\/leicht\/menschen-wie-ich-fallen-durchs-raster\/#primaryimage"},"image":{"@id":"https:\/\/lebenshilfe-dillenburg.de\/leicht\/menschen-wie-ich-fallen-durchs-raster\/#primaryimage"},"thumbnailUrl":"https:\/\/lebenshilfe-dillenburg.de\/wp-content\/uploads\/jessica-klaudy-homeoffice-verpackungsarbeit.jpg","datePublished":"2021-02-11T13:51:55+00:00","dateModified":"2026-01-30T11:09:36+00:00","breadcrumb":{"@id":"https:\/\/lebenshilfe-dillenburg.de\/leicht\/menschen-wie-ich-fallen-durchs-raster\/#breadcrumb"},"inLanguage":"de","potentialAction":[{"@type":"ReadAction","target":["https:\/\/lebenshilfe-dillenburg.de\/leicht\/menschen-wie-ich-fallen-durchs-raster\/"]}]},{"@type":"ImageObject","inLanguage":"de","@id":"https:\/\/lebenshilfe-dillenburg.de\/leicht\/menschen-wie-ich-fallen-durchs-raster\/#primaryimage","url":"https:\/\/lebenshilfe-dillenburg.de\/wp-content\/uploads\/jessica-klaudy-homeoffice-verpackungsarbeit.jpg","contentUrl":"https:\/\/lebenshilfe-dillenburg.de\/wp-content\/uploads\/jessica-klaudy-homeoffice-verpackungsarbeit.jpg","width":1500,"height":988,"caption":"Homeoffice der anderen Art: Jessica Klaudy erh\u00e4lt Arbeit f\u00fcr daheim. Ein Ersatz f\u00fcr ihren vorherigen Arbeitsalltag ist das jedoch nicht."},{"@type":"BreadcrumbList","@id":"https:\/\/lebenshilfe-dillenburg.de\/leicht\/menschen-wie-ich-fallen-durchs-raster\/#breadcrumb","itemListElement":[{"@type":"ListItem","position":1,"name":"Startseite der Lebenshilfe Dillenburg","item":"https:\/\/lebenshilfe-dillenburg.de\/leicht\/"},{"@type":"ListItem","position":2,"name":"&#8222;Menschen wie ich fallen durchs Raster&#8220;"}]},{"@type":"WebSite","@id":"https:\/\/lebenshilfe-dillenburg.de\/leicht\/#website","url":"https:\/\/lebenshilfe-dillenburg.de\/leicht\/","name":"Lebenshilfe Dillenburg \u2013 Teilhabe & Unterst\u00fctzung im Lahn-Dill-Kreis","description":"","publisher":{"@id":"https:\/\/lebenshilfe-dillenburg.de\/leicht\/#organization"},"potentialAction":[{"@type":"SearchAction","target":{"@type":"EntryPoint","urlTemplate":"https:\/\/lebenshilfe-dillenburg.de\/leicht\/?s={search_term_string}"},"query-input":{"@type":"PropertyValueSpecification","valueRequired":true,"valueName":"search_term_string"}}],"inLanguage":"de"},{"@type":"Organization","@id":"https:\/\/lebenshilfe-dillenburg.de\/leicht\/#organization","name":"Lebenshilfe Dillenburg e.V.","url":"https:\/\/lebenshilfe-dillenburg.de\/leicht\/","logo":{"@type":"ImageObject","inLanguage":"de","@id":"https:\/\/lebenshilfe-dillenburg.de\/leicht\/#\/schema\/logo\/image\/","url":"https:\/\/lebenshilfe-dillenburg.de\/wp-content\/uploads\/lebenshilfe-dillenburg-desktop.webp","contentUrl":"https:\/\/lebenshilfe-dillenburg.de\/wp-content\/uploads\/lebenshilfe-dillenburg-desktop.webp","width":461,"height":202,"caption":"Lebenshilfe Dillenburg e.V."},"image":{"@id":"https:\/\/lebenshilfe-dillenburg.de\/leicht\/#\/schema\/logo\/image\/"},"sameAs":["https:\/\/www.facebook.com\/lebenshilfedillenburg\/","https:\/\/www.instagram.com\/lebenshilfe_dillenburg\/"]},{"@type":"Person","@id":"https:\/\/lebenshilfe-dillenburg.de\/leicht\/#\/schema\/person\/b6c52dad8d881b49213c3345a7cd5efe","name":"Conny Holtfoth","sameAs":["http:\/\/lebenshilfe-dillenburg.de"],"url":"https:\/\/lebenshilfe-dillenburg.de\/leicht\/author\/conny\/"}]}},"taxonomy_info":{"category":[{"value":53,"label":"Meldungen"}]},"featured_image_src_large":["https:\/\/lebenshilfe-dillenburg.de\/wp-content\/uploads\/jessica-klaudy-homeoffice-verpackungsarbeit-1920x1265.jpg",1366,900,true],"author_info":{"display_name":"Conny Holtfoth","author_link":"https:\/\/lebenshilfe-dillenburg.de\/leicht\/author\/conny\/"},"comment_info":0,"category_info":[{"term_id":53,"name":"Meldungen","slug":"meldungen","term_group":0,"term_taxonomy_id":53,"taxonomy":"category","description":"","parent":0,"count":127,"filter":"raw","term_order":"5","cat_ID":53,"category_count":127,"category_description":"","cat_name":"Meldungen","category_nicename":"meldungen","category_parent":0}],"tag_info":false,"_links":{"self":[{"href":"https:\/\/lebenshilfe-dillenburg.de\/leicht\/wp-json\/wp\/v2\/posts\/7447","targetHints":{"allow":["GET"]}}],"collection":[{"href":"https:\/\/lebenshilfe-dillenburg.de\/leicht\/wp-json\/wp\/v2\/posts"}],"about":[{"href":"https:\/\/lebenshilfe-dillenburg.de\/leicht\/wp-json\/wp\/v2\/types\/post"}],"author":[{"embeddable":true,"href":"https:\/\/lebenshilfe-dillenburg.de\/leicht\/wp-json\/wp\/v2\/users\/4"}],"replies":[{"embeddable":true,"href":"https:\/\/lebenshilfe-dillenburg.de\/leicht\/wp-json\/wp\/v2\/comments?post=7447"}],"version-history":[{"count":0,"href":"https:\/\/lebenshilfe-dillenburg.de\/leicht\/wp-json\/wp\/v2\/posts\/7447\/revisions"}],"wp:featuredmedia":[{"embeddable":true,"href":"https:\/\/lebenshilfe-dillenburg.de\/leicht\/wp-json\/wp\/v2\/media\/2939"}],"wp:attachment":[{"href":"https:\/\/lebenshilfe-dillenburg.de\/leicht\/wp-json\/wp\/v2\/media?parent=7447"}],"wp:term":[{"taxonomy":"category","embeddable":true,"href":"https:\/\/lebenshilfe-dillenburg.de\/leicht\/wp-json\/wp\/v2\/categories?post=7447"},{"taxonomy":"post_tag","embeddable":true,"href":"https:\/\/lebenshilfe-dillenburg.de\/leicht\/wp-json\/wp\/v2\/tags?post=7447"}],"curies":[{"name":"wp","href":"https:\/\/api.w.org\/{rel}","templated":true}]}}