{"id":7448,"date":"2021-02-22T11:50:42","date_gmt":"2021-02-22T10:50:42","guid":{"rendered":"https:\/\/www.lebenshilfe-dillenburg.de\/?p=2957"},"modified":"2026-01-30T12:09:36","modified_gmt":"2026-01-30T11:09:36","slug":"inklusion-auf-griechisch","status":"publish","type":"post","link":"https:\/\/lebenshilfe-dillenburg.de\/leicht\/inklusion-auf-griechisch\/","title":{"rendered":"Inklusion auf Griechisch"},"content":{"rendered":"<p>\u201eOma, schummelst du?\u201c Die 80-J\u00e4hrige grinst schelmisch und greift die n\u00e4chste Karte vom Stapel. Ihr Gegen\u00fcber liest die aufgedeckten Zahlen vor. <em>P\u00e9nte. Ept\u00e0.<\/em> \u201eEin bisschen Griechisch kann ich \u2013 durch die Oma.\u201c Die Oma, die er fast t\u00e4glich nach seiner Arbeit in den Dillenburger Werkst\u00e4tten besucht. Und die in Wahrheit gar nicht seine leibliche Oma ist. Doch das ist egal. \u201eDenn die Familie Faitas ist ja wie meine eigene Familie.\u201c<!--more--><\/p>\n<p>Tobias Weigel aus Burg ist gerade einmal 14 Jahre alt, als er seine Eltern verliert und an einem Hirntumor erkrankt. Nach einer Operation bleiben Sch\u00e4den zur\u00fcck. Der Junge tr\u00e4gt eine Behinderung davon. Muss vieles neu erlernen. Sprechen. Laufen. Er lebt von da an bei seiner Tante, denn seine Gro\u00dfeltern sind ebenfalls verstorben. Im Burger Bistro Ilios, das von Illias Faitas betrieben wird, feiert er einige Jahre sp\u00e4ter seinen Geburtstag. Es wird sp\u00e4t. Die Schwester des Besitzers, Evropi, entscheidet, den Jungen mit der auff\u00e4lligen Gangart nach Hause zu fahren. Zum Abschied sagt sie ihm: \u201eMorgen kommst Du zu uns, ich koche f\u00fcr dich.\u201c<\/p>\n<p>Ein Satz, der weite Kreise zieht. Denn Tobias kommt nicht nur am n\u00e4chsten Tag. Sondern auch am darauffolgenden. Und an dem danach. \u201eAm liebsten mochte ich immer die gef\u00fcllte Paprika. Und die gef\u00fcllten Weinbl\u00e4tter. Und die Joghurtsuppe.\u201c Tobias wird Dauergast in der Familie Faitas. Ein gerngesehener. \u201eMir hat der Junge leidgetan\u201c, sagt die 54-j\u00e4hrige Evropi Faitas, die von allen nur Wulla genannt wird. Sie erinnere sich noch, wie seine Mutter ihn im Kinderwagen durch den Ort gefahren habe. \u201eEin s\u00fc\u00dfes Baby mit so sch\u00f6nen blauen Augen. Und dann so ein schlimmes Schicksal. Da musste man doch helfen.\u201c<\/p>\n<p>Tobias w\u00e4chst der Gro\u00dffamilie ans Herz. So sehr, dass sich die Griechen zus\u00e4tzlich zu seiner verbliebenen Familie um ihn k\u00fcmmern, er sogar mit in den Griechenland-Urlaub reist und Familienfeste mitfeiert. Er geh\u00f6rt irgendwann einfach dazu. \u201eF\u00fcr mich wie ein Sohn, f\u00fcr meine Kinder wie ein Bruder, f\u00fcr meine Mutter wie ein Enkel\u201c, erz\u00e4hlt Wulla. Auch ihre Enkeltochter Ekaterina sei bereits verr\u00fcckt nach \u201eOnkel Tobbi\u201c.<\/p>\n<p>Insbesondere \u201eOma\u201c Parthena und Tobias verbindet eine enge Vertrautheit \u2013 aber auch allerhand Schabernack. \u201eDie beiden zusammen\u2026\u201c Wulla lacht und schl\u00e4gt die H\u00e4nde \u00fcber dem Kopf zusammen. Dann erz\u00e4hlt sie davon, wie ihre Mutter und er gemeinsam am Spielautomaten im Bistro Geld verzockt haben. Oder wie die beiden beim gemeinsamen Kochen bereits mehrfach die K\u00fcche verw\u00fcstet haben.<\/p>\n<p>Heute ist Tobias 36 Jahre alt. Er lebt allein, wird durch das ambulant-betreute Wohnen der Lebenshilfe Dillenburg in seinem Alltag unterst\u00fctzt. Medikamente helfen ihm gegen epileptische Anf\u00e4lle. Und doch ist Wulla stets besorgt um ihren Sch\u00fctzling. Darum meldet sich Tobias immer morgens und abends, um Bescheid zu geben, dass es ihm gut geht. Es habe auch schwierige Phasen gegeben, sagt sie. Phasen, in denen Tobias auch station\u00e4r behandelt werden musste. \u201eManche Leute haben schon gefragt, warum ich mir diese gro\u00dfe Verantwortung zutraue. Ich sage: Weil ich das will. Ich helfe, weil es mir selbst guttut \u2013 und Tobi gibt einem viel zur\u00fcck. Er fragt auch immer, was er f\u00fcr uns einkaufen soll, spielt und spricht mit meiner Mutter. Das tut ihr auch gut.\u201c Au\u00dferdem sei sie ja nicht allein mit der Verantwortung. Es sei gut, dass es die Lebenshilfe gebe. \u201eGemeinsam haben wir ein Auge auf Tobias.\u201c<\/p>\n<p>Parthena hat sich inzwischen mit ihrem Gehwagen zu ihrem Bett begeben. Tobias reicht ihr eine Flasche Wasser. \u201eOma, du musst viel trinken. Das ist wichtig.\u201c Dann reden sie. \u00dcber griechische Gew\u00fcrze. \u00dcber ungesundes Essen, das laut Parthena \u201edick wie Elefant\u201c macht. \u00dcber das Leben. \u00dcber Schicksalsschl\u00e4ge. Deutsch und Griechisch vermengt sich. Wulla l\u00e4chelt, schlie\u00dft die T\u00fcr und l\u00e4sst die beiden allein.<\/p>\n","protected":false},"excerpt":{"rendered":"<p>\u201eOma, schummelst du?\u201c Die 80-J\u00e4hrige grinst schelmisch und greift die n\u00e4chste Karte vom Stapel. Ihr Gegen\u00fcber liest die aufgedeckten Zahlen vor. P\u00e9nte. Ept\u00e0. \u201eEin bisschen Griechisch kann ich \u2013 durch die Oma.\u201c Die Oma, die er fast t\u00e4glich nach seiner Arbeit in den Dillenburger Werkst\u00e4tten besucht. Und die in Wahrheit gar nicht seine leibliche Oma&#8230;<\/p>\n","protected":false},"author":4,"featured_media":7474,"comment_status":"closed","ping_status":"closed","sticky":false,"template":"","format":"standard","meta":{"_acf_changed":false,"_gspb_post_css":"","_kad_blocks_custom_css":"","_kad_blocks_head_custom_js":"","_kad_blocks_body_custom_js":"","_kad_blocks_footer_custom_js":"","_kad_post_transparent":"","_kad_post_title":"","_kad_post_layout":"","_kad_post_sidebar_id":"","_kad_post_content_style":"","_kad_post_vertical_padding":"","_kad_post_feature":"","_kad_post_feature_position":"","_kad_post_header":false,"_kad_post_footer":false,"_kad_post_classname":"","footnotes":""},"categories":[52,53],"tags":[],"class_list":["post-7448","post","type-post","status-publish","format-standard","has-post-thumbnail","hentry","category-aktuelles","category-meldungen"],"acf":[],"yoast_head":"<!-- This site is optimized with the Yoast SEO plugin v27.5 - https:\/\/yoast.com\/product\/yoast-seo-wordpress\/ -->\n<title>Inklusion auf Griechisch - Lebenshilfe Dillenburg e.V.<\/title>\n<meta name=\"robots\" content=\"index, follow, max-snippet:-1, max-image-preview:large, max-video-preview:-1\" \/>\n<link rel=\"canonical\" href=\"https:\/\/lebenshilfe-dillenburg.de\/leicht\/inklusion-auf-griechisch\/\" \/>\n<meta property=\"og:locale\" content=\"de_DE\" \/>\n<meta property=\"og:type\" content=\"article\" \/>\n<meta property=\"og:title\" content=\"Inklusion auf Griechisch - Lebenshilfe Dillenburg e.V.\" \/>\n<meta property=\"og:description\" content=\"\u201eOma, schummelst du?\u201c Die 80-J\u00e4hrige grinst schelmisch und greift die n\u00e4chste Karte vom Stapel. Ihr Gegen\u00fcber liest die aufgedeckten Zahlen vor. P\u00e9nte. Ept\u00e0. \u201eEin bisschen Griechisch kann ich \u2013 durch die Oma.\u201c Die Oma, die er fast t\u00e4glich nach seiner Arbeit in den Dillenburger Werkst\u00e4tten besucht. Und die in Wahrheit gar nicht seine leibliche Oma...\" \/>\n<meta property=\"og:url\" content=\"https:\/\/lebenshilfe-dillenburg.de\/leicht\/inklusion-auf-griechisch\/\" \/>\n<meta property=\"og:site_name\" content=\"Lebenshilfe Dillenburg e.V.\" \/>\n<meta property=\"article:publisher\" content=\"https:\/\/www.facebook.com\/lebenshilfedillenburg\/\" \/>\n<meta property=\"article:published_time\" content=\"2021-02-22T10:50:42+00:00\" \/>\n<meta property=\"article:modified_time\" content=\"2026-01-30T11:09:36+00:00\" \/>\n<meta property=\"og:image\" content=\"https:\/\/lebenshilfe-dillenburg.de\/wp-content\/uploads\/img-2084-scaled-2.jpg\" \/>\n\t<meta property=\"og:image:width\" content=\"2560\" \/>\n\t<meta property=\"og:image:height\" content=\"1670\" \/>\n\t<meta property=\"og:image:type\" content=\"image\/jpeg\" \/>\n<meta name=\"author\" content=\"Conny Holtfoth\" \/>\n<meta name=\"twitter:card\" content=\"summary_large_image\" \/>\n<meta name=\"twitter:label1\" content=\"Geschrieben von\" \/>\n\t<meta name=\"twitter:data1\" content=\"Conny Holtfoth\" \/>\n\t<meta name=\"twitter:label2\" content=\"Gesch\u00e4tzte Lesezeit\" \/>\n\t<meta name=\"twitter:data2\" content=\"3\u00a0Minuten\" \/>\n<script type=\"application\/ld+json\" class=\"yoast-schema-graph\">{\"@context\":\"https:\\\/\\\/schema.org\",\"@graph\":[{\"@type\":\"Article\",\"@id\":\"https:\\\/\\\/lebenshilfe-dillenburg.de\\\/leicht\\\/inklusion-auf-griechisch\\\/#article\",\"isPartOf\":{\"@id\":\"https:\\\/\\\/lebenshilfe-dillenburg.de\\\/leicht\\\/inklusion-auf-griechisch\\\/\"},\"author\":{\"name\":\"Conny Holtfoth\",\"@id\":\"https:\\\/\\\/lebenshilfe-dillenburg.de\\\/leicht\\\/#\\\/schema\\\/person\\\/b6c52dad8d881b49213c3345a7cd5efe\"},\"headline\":\"Inklusion auf Griechisch\",\"datePublished\":\"2021-02-22T10:50:42+00:00\",\"dateModified\":\"2026-01-30T11:09:36+00:00\",\"mainEntityOfPage\":{\"@id\":\"https:\\\/\\\/lebenshilfe-dillenburg.de\\\/leicht\\\/inklusion-auf-griechisch\\\/\"},\"wordCount\":646,\"publisher\":{\"@id\":\"https:\\\/\\\/lebenshilfe-dillenburg.de\\\/leicht\\\/#organization\"},\"image\":{\"@id\":\"https:\\\/\\\/lebenshilfe-dillenburg.de\\\/leicht\\\/inklusion-auf-griechisch\\\/#primaryimage\"},\"thumbnailUrl\":\"https:\\\/\\\/lebenshilfe-dillenburg.de\\\/wp-content\\\/uploads\\\/tobi-weigel-familie-kartenspiel-maske.jpg\",\"articleSection\":[\"Aktuelles\",\"Meldungen\"],\"inLanguage\":\"de\"},{\"@type\":\"WebPage\",\"@id\":\"https:\\\/\\\/lebenshilfe-dillenburg.de\\\/leicht\\\/inklusion-auf-griechisch\\\/\",\"url\":\"https:\\\/\\\/lebenshilfe-dillenburg.de\\\/leicht\\\/inklusion-auf-griechisch\\\/\",\"name\":\"Inklusion auf Griechisch - Lebenshilfe Dillenburg e.V.\",\"isPartOf\":{\"@id\":\"https:\\\/\\\/lebenshilfe-dillenburg.de\\\/leicht\\\/#website\"},\"primaryImageOfPage\":{\"@id\":\"https:\\\/\\\/lebenshilfe-dillenburg.de\\\/leicht\\\/inklusion-auf-griechisch\\\/#primaryimage\"},\"image\":{\"@id\":\"https:\\\/\\\/lebenshilfe-dillenburg.de\\\/leicht\\\/inklusion-auf-griechisch\\\/#primaryimage\"},\"thumbnailUrl\":\"https:\\\/\\\/lebenshilfe-dillenburg.de\\\/wp-content\\\/uploads\\\/tobi-weigel-familie-kartenspiel-maske.jpg\",\"datePublished\":\"2021-02-22T10:50:42+00:00\",\"dateModified\":\"2026-01-30T11:09:36+00:00\",\"breadcrumb\":{\"@id\":\"https:\\\/\\\/lebenshilfe-dillenburg.de\\\/leicht\\\/inklusion-auf-griechisch\\\/#breadcrumb\"},\"inLanguage\":\"de\",\"potentialAction\":[{\"@type\":\"ReadAction\",\"target\":[\"https:\\\/\\\/lebenshilfe-dillenburg.de\\\/leicht\\\/inklusion-auf-griechisch\\\/\"]}]},{\"@type\":\"ImageObject\",\"inLanguage\":\"de\",\"@id\":\"https:\\\/\\\/lebenshilfe-dillenburg.de\\\/leicht\\\/inklusion-auf-griechisch\\\/#primaryimage\",\"url\":\"https:\\\/\\\/lebenshilfe-dillenburg.de\\\/wp-content\\\/uploads\\\/tobi-weigel-familie-kartenspiel-maske.jpg\",\"contentUrl\":\"https:\\\/\\\/lebenshilfe-dillenburg.de\\\/wp-content\\\/uploads\\\/tobi-weigel-familie-kartenspiel-maske.jpg\",\"width\":1500,\"height\":979,\"caption\":\"Tobias Weigel ist wie ein Mitglied der Familie Faitas - hier mit (v.l.) Ekaterina Avramidou, Evropi Faitas, Zoi Avramidou und Parthena Faitas. (Foto: Holtfoth)\"},{\"@type\":\"BreadcrumbList\",\"@id\":\"https:\\\/\\\/lebenshilfe-dillenburg.de\\\/leicht\\\/inklusion-auf-griechisch\\\/#breadcrumb\",\"itemListElement\":[{\"@type\":\"ListItem\",\"position\":1,\"name\":\"Startseite der Lebenshilfe Dillenburg\",\"item\":\"https:\\\/\\\/lebenshilfe-dillenburg.de\\\/leicht\\\/\"},{\"@type\":\"ListItem\",\"position\":2,\"name\":\"Inklusion auf Griechisch\"}]},{\"@type\":\"WebSite\",\"@id\":\"https:\\\/\\\/lebenshilfe-dillenburg.de\\\/leicht\\\/#website\",\"url\":\"https:\\\/\\\/lebenshilfe-dillenburg.de\\\/leicht\\\/\",\"name\":\"Lebenshilfe Dillenburg \u2013 Teilhabe & Unterst\u00fctzung im Lahn-Dill-Kreis\",\"description\":\"\",\"publisher\":{\"@id\":\"https:\\\/\\\/lebenshilfe-dillenburg.de\\\/leicht\\\/#organization\"},\"potentialAction\":[{\"@type\":\"SearchAction\",\"target\":{\"@type\":\"EntryPoint\",\"urlTemplate\":\"https:\\\/\\\/lebenshilfe-dillenburg.de\\\/leicht\\\/?s={search_term_string}\"},\"query-input\":{\"@type\":\"PropertyValueSpecification\",\"valueRequired\":true,\"valueName\":\"search_term_string\"}}],\"inLanguage\":\"de\"},{\"@type\":\"Organization\",\"@id\":\"https:\\\/\\\/lebenshilfe-dillenburg.de\\\/leicht\\\/#organization\",\"name\":\"Lebenshilfe Dillenburg e.V.\",\"url\":\"https:\\\/\\\/lebenshilfe-dillenburg.de\\\/leicht\\\/\",\"logo\":{\"@type\":\"ImageObject\",\"inLanguage\":\"de\",\"@id\":\"https:\\\/\\\/lebenshilfe-dillenburg.de\\\/leicht\\\/#\\\/schema\\\/logo\\\/image\\\/\",\"url\":\"https:\\\/\\\/lebenshilfe-dillenburg.de\\\/wp-content\\\/uploads\\\/lebenshilfe-dillenburg-desktop.webp\",\"contentUrl\":\"https:\\\/\\\/lebenshilfe-dillenburg.de\\\/wp-content\\\/uploads\\\/lebenshilfe-dillenburg-desktop.webp\",\"width\":461,\"height\":202,\"caption\":\"Lebenshilfe Dillenburg e.V.\"},\"image\":{\"@id\":\"https:\\\/\\\/lebenshilfe-dillenburg.de\\\/leicht\\\/#\\\/schema\\\/logo\\\/image\\\/\"},\"sameAs\":[\"https:\\\/\\\/www.facebook.com\\\/lebenshilfedillenburg\\\/\",\"https:\\\/\\\/www.instagram.com\\\/lebenshilfe_dillenburg\\\/\"]},{\"@type\":\"Person\",\"@id\":\"https:\\\/\\\/lebenshilfe-dillenburg.de\\\/leicht\\\/#\\\/schema\\\/person\\\/b6c52dad8d881b49213c3345a7cd5efe\",\"name\":\"Conny Holtfoth\",\"sameAs\":[\"http:\\\/\\\/lebenshilfe-dillenburg.de\"],\"url\":\"https:\\\/\\\/lebenshilfe-dillenburg.de\\\/leicht\\\/author\\\/conny\\\/\"}]}<\/script>\n<!-- \/ Yoast SEO plugin. -->","yoast_head_json":{"title":"Inklusion auf Griechisch - Lebenshilfe Dillenburg e.V.","robots":{"index":"index","follow":"follow","max-snippet":"max-snippet:-1","max-image-preview":"max-image-preview:large","max-video-preview":"max-video-preview:-1"},"canonical":"https:\/\/lebenshilfe-dillenburg.de\/leicht\/inklusion-auf-griechisch\/","og_locale":"de_DE","og_type":"article","og_title":"Inklusion auf Griechisch - Lebenshilfe Dillenburg e.V.","og_description":"\u201eOma, schummelst du?\u201c Die 80-J\u00e4hrige grinst schelmisch und greift die n\u00e4chste Karte vom Stapel. Ihr Gegen\u00fcber liest die aufgedeckten Zahlen vor. P\u00e9nte. Ept\u00e0. \u201eEin bisschen Griechisch kann ich \u2013 durch die Oma.\u201c Die Oma, die er fast t\u00e4glich nach seiner Arbeit in den Dillenburger Werkst\u00e4tten besucht. Und die in Wahrheit gar nicht seine leibliche Oma...","og_url":"https:\/\/lebenshilfe-dillenburg.de\/leicht\/inklusion-auf-griechisch\/","og_site_name":"Lebenshilfe Dillenburg e.V.","article_publisher":"https:\/\/www.facebook.com\/lebenshilfedillenburg\/","article_published_time":"2021-02-22T10:50:42+00:00","article_modified_time":"2026-01-30T11:09:36+00:00","og_image":[{"width":2560,"height":1670,"url":"https:\/\/lebenshilfe-dillenburg.de\/wp-content\/uploads\/img-2084-scaled-2.jpg","type":"image\/jpeg"}],"author":"Conny Holtfoth","twitter_card":"summary_large_image","twitter_misc":{"Geschrieben von":"Conny Holtfoth","Gesch\u00e4tzte Lesezeit":"3\u00a0Minuten"},"schema":{"@context":"https:\/\/schema.org","@graph":[{"@type":"Article","@id":"https:\/\/lebenshilfe-dillenburg.de\/leicht\/inklusion-auf-griechisch\/#article","isPartOf":{"@id":"https:\/\/lebenshilfe-dillenburg.de\/leicht\/inklusion-auf-griechisch\/"},"author":{"name":"Conny Holtfoth","@id":"https:\/\/lebenshilfe-dillenburg.de\/leicht\/#\/schema\/person\/b6c52dad8d881b49213c3345a7cd5efe"},"headline":"Inklusion auf Griechisch","datePublished":"2021-02-22T10:50:42+00:00","dateModified":"2026-01-30T11:09:36+00:00","mainEntityOfPage":{"@id":"https:\/\/lebenshilfe-dillenburg.de\/leicht\/inklusion-auf-griechisch\/"},"wordCount":646,"publisher":{"@id":"https:\/\/lebenshilfe-dillenburg.de\/leicht\/#organization"},"image":{"@id":"https:\/\/lebenshilfe-dillenburg.de\/leicht\/inklusion-auf-griechisch\/#primaryimage"},"thumbnailUrl":"https:\/\/lebenshilfe-dillenburg.de\/wp-content\/uploads\/tobi-weigel-familie-kartenspiel-maske.jpg","articleSection":["Aktuelles","Meldungen"],"inLanguage":"de"},{"@type":"WebPage","@id":"https:\/\/lebenshilfe-dillenburg.de\/leicht\/inklusion-auf-griechisch\/","url":"https:\/\/lebenshilfe-dillenburg.de\/leicht\/inklusion-auf-griechisch\/","name":"Inklusion auf Griechisch - Lebenshilfe Dillenburg e.V.","isPartOf":{"@id":"https:\/\/lebenshilfe-dillenburg.de\/leicht\/#website"},"primaryImageOfPage":{"@id":"https:\/\/lebenshilfe-dillenburg.de\/leicht\/inklusion-auf-griechisch\/#primaryimage"},"image":{"@id":"https:\/\/lebenshilfe-dillenburg.de\/leicht\/inklusion-auf-griechisch\/#primaryimage"},"thumbnailUrl":"https:\/\/lebenshilfe-dillenburg.de\/wp-content\/uploads\/tobi-weigel-familie-kartenspiel-maske.jpg","datePublished":"2021-02-22T10:50:42+00:00","dateModified":"2026-01-30T11:09:36+00:00","breadcrumb":{"@id":"https:\/\/lebenshilfe-dillenburg.de\/leicht\/inklusion-auf-griechisch\/#breadcrumb"},"inLanguage":"de","potentialAction":[{"@type":"ReadAction","target":["https:\/\/lebenshilfe-dillenburg.de\/leicht\/inklusion-auf-griechisch\/"]}]},{"@type":"ImageObject","inLanguage":"de","@id":"https:\/\/lebenshilfe-dillenburg.de\/leicht\/inklusion-auf-griechisch\/#primaryimage","url":"https:\/\/lebenshilfe-dillenburg.de\/wp-content\/uploads\/tobi-weigel-familie-kartenspiel-maske.jpg","contentUrl":"https:\/\/lebenshilfe-dillenburg.de\/wp-content\/uploads\/tobi-weigel-familie-kartenspiel-maske.jpg","width":1500,"height":979,"caption":"Tobias Weigel ist wie ein Mitglied der Familie Faitas - hier mit (v.l.) Ekaterina Avramidou, Evropi Faitas, Zoi Avramidou und Parthena Faitas. (Foto: Holtfoth)"},{"@type":"BreadcrumbList","@id":"https:\/\/lebenshilfe-dillenburg.de\/leicht\/inklusion-auf-griechisch\/#breadcrumb","itemListElement":[{"@type":"ListItem","position":1,"name":"Startseite der Lebenshilfe Dillenburg","item":"https:\/\/lebenshilfe-dillenburg.de\/leicht\/"},{"@type":"ListItem","position":2,"name":"Inklusion auf Griechisch"}]},{"@type":"WebSite","@id":"https:\/\/lebenshilfe-dillenburg.de\/leicht\/#website","url":"https:\/\/lebenshilfe-dillenburg.de\/leicht\/","name":"Lebenshilfe Dillenburg \u2013 Teilhabe & Unterst\u00fctzung im Lahn-Dill-Kreis","description":"","publisher":{"@id":"https:\/\/lebenshilfe-dillenburg.de\/leicht\/#organization"},"potentialAction":[{"@type":"SearchAction","target":{"@type":"EntryPoint","urlTemplate":"https:\/\/lebenshilfe-dillenburg.de\/leicht\/?s={search_term_string}"},"query-input":{"@type":"PropertyValueSpecification","valueRequired":true,"valueName":"search_term_string"}}],"inLanguage":"de"},{"@type":"Organization","@id":"https:\/\/lebenshilfe-dillenburg.de\/leicht\/#organization","name":"Lebenshilfe Dillenburg e.V.","url":"https:\/\/lebenshilfe-dillenburg.de\/leicht\/","logo":{"@type":"ImageObject","inLanguage":"de","@id":"https:\/\/lebenshilfe-dillenburg.de\/leicht\/#\/schema\/logo\/image\/","url":"https:\/\/lebenshilfe-dillenburg.de\/wp-content\/uploads\/lebenshilfe-dillenburg-desktop.webp","contentUrl":"https:\/\/lebenshilfe-dillenburg.de\/wp-content\/uploads\/lebenshilfe-dillenburg-desktop.webp","width":461,"height":202,"caption":"Lebenshilfe Dillenburg e.V."},"image":{"@id":"https:\/\/lebenshilfe-dillenburg.de\/leicht\/#\/schema\/logo\/image\/"},"sameAs":["https:\/\/www.facebook.com\/lebenshilfedillenburg\/","https:\/\/www.instagram.com\/lebenshilfe_dillenburg\/"]},{"@type":"Person","@id":"https:\/\/lebenshilfe-dillenburg.de\/leicht\/#\/schema\/person\/b6c52dad8d881b49213c3345a7cd5efe","name":"Conny Holtfoth","sameAs":["http:\/\/lebenshilfe-dillenburg.de"],"url":"https:\/\/lebenshilfe-dillenburg.de\/leicht\/author\/conny\/"}]}},"taxonomy_info":{"category":[{"value":52,"label":"Aktuelles"},{"value":53,"label":"Meldungen"}]},"featured_image_src_large":["https:\/\/lebenshilfe-dillenburg.de\/wp-content\/uploads\/tobi-weigel-familie-kartenspiel-maske-1920x1253.jpg",1366,891,true],"author_info":{"display_name":"Conny Holtfoth","author_link":"https:\/\/lebenshilfe-dillenburg.de\/leicht\/author\/conny\/"},"comment_info":0,"category_info":[{"term_id":52,"name":"Aktuelles","slug":"aktuelles","term_group":0,"term_taxonomy_id":52,"taxonomy":"category","description":"","parent":0,"count":22,"filter":"raw","term_order":"4","cat_ID":52,"category_count":22,"category_description":"","cat_name":"Aktuelles","category_nicename":"aktuelles","category_parent":0},{"term_id":53,"name":"Meldungen","slug":"meldungen","term_group":0,"term_taxonomy_id":53,"taxonomy":"category","description":"","parent":0,"count":127,"filter":"raw","term_order":"5","cat_ID":53,"category_count":127,"category_description":"","cat_name":"Meldungen","category_nicename":"meldungen","category_parent":0}],"tag_info":false,"_links":{"self":[{"href":"https:\/\/lebenshilfe-dillenburg.de\/leicht\/wp-json\/wp\/v2\/posts\/7448","targetHints":{"allow":["GET"]}}],"collection":[{"href":"https:\/\/lebenshilfe-dillenburg.de\/leicht\/wp-json\/wp\/v2\/posts"}],"about":[{"href":"https:\/\/lebenshilfe-dillenburg.de\/leicht\/wp-json\/wp\/v2\/types\/post"}],"author":[{"embeddable":true,"href":"https:\/\/lebenshilfe-dillenburg.de\/leicht\/wp-json\/wp\/v2\/users\/4"}],"replies":[{"embeddable":true,"href":"https:\/\/lebenshilfe-dillenburg.de\/leicht\/wp-json\/wp\/v2\/comments?post=7448"}],"version-history":[{"count":0,"href":"https:\/\/lebenshilfe-dillenburg.de\/leicht\/wp-json\/wp\/v2\/posts\/7448\/revisions"}],"wp:featuredmedia":[{"embeddable":true,"href":"https:\/\/lebenshilfe-dillenburg.de\/leicht\/wp-json\/wp\/v2\/media\/7474"}],"wp:attachment":[{"href":"https:\/\/lebenshilfe-dillenburg.de\/leicht\/wp-json\/wp\/v2\/media?parent=7448"}],"wp:term":[{"taxonomy":"category","embeddable":true,"href":"https:\/\/lebenshilfe-dillenburg.de\/leicht\/wp-json\/wp\/v2\/categories?post=7448"},{"taxonomy":"post_tag","embeddable":true,"href":"https:\/\/lebenshilfe-dillenburg.de\/leicht\/wp-json\/wp\/v2\/tags?post=7448"}],"curies":[{"name":"wp","href":"https:\/\/api.w.org\/{rel}","templated":true}]}}