{"id":7449,"date":"2021-03-03T12:19:56","date_gmt":"2021-03-03T11:19:56","guid":{"rendered":"https:\/\/www.lebenshilfe-dillenburg.de\/?p=2980"},"modified":"2026-01-30T12:09:36","modified_gmt":"2026-01-30T11:09:36","slug":"stefanie-ammann-stapelt-hoch-hinaus","status":"publish","type":"post","link":"https:\/\/lebenshilfe-dillenburg.de\/leicht\/stefanie-ammann-stapelt-hoch-hinaus\/","title":{"rendered":"Stefanie Ammann stapelt hoch hinaus"},"content":{"rendered":"<p>Hochstapeln ist ihre Leidenschaft. Seit 15 Jahren ist Stefanie Ammann Speed-Stackerin. Hei\u00dft: Die Bickenerin stapelt in Windeseile Becher in vorgegebenen Formationen aufeinander. 2019 ist die junge Frau mit Beeintr\u00e4chtigung in ihrer Leistungsgruppe nicht nur mehrfache deutsche Meisterin, sondern auch Weltmeisterin geworden.<!--more--><\/p>\n<p>Rechts, links, rechts, links. Die H\u00e4nde der 28-J\u00e4hrigen fliegen \u00fcber die Matte. Einer der Becher f\u00e4llt um und rei\u00dft die halbfertige Pyramide mit sich. Stefanie Ammann \u00e4rgert sich. \u201eIch muss wieder mehr trainieren. Ich bin richtig eingerostet.\u201c<\/p>\n<p>Die Besch\u00e4ftigte der Dillenburger Werkst\u00e4tten trainiert beim TSV Bicken, bei den \u201eSpeed Aartacks\u201c. \u00dcber Freundinnen ist sie damals zu dem Sport gekommen. Ob ihre Einschr\u00e4nkung im Verein jemals ein Thema war? Sie sch\u00fcttelt den Kopf und lacht. \u201eDas ist dort total egal. Und au\u00dferdem kann ich gut mit den anderen mithalten.\u201c Sie vertritt die Ansicht: \u201eJeder Mensch kann Speed Stacking lernen. Es ist alles reine \u00dcbungssache. Erst muss man die Grundkenntnis haben, die Geschwindigkeit kommt dann von ganz allein.\u201c \u00a0Man m\u00fcsse sich langsam vorarbeiten in den drei Schwierigkeitsstufen: vom 3-3-3 \u00fcber den 3-6-3 bis hin zum Cycle. In allen drei Disziplinen sowie im Doppel und in der Staffel ist Stefanie Ammann 2019 Deutsche Meisterin bei den Special Stackers geworden. Dort tritt sie in der Leistungsklasse f\u00fcr Menschen mit geistigem Handicap an. Doch damit nicht genug: Im spanischen Molina kr\u00f6nte sie das Jahr mit insgesamt f\u00fcnf Goldmedaillen bei den Weltmeisterschaften.<\/p>\n<p>\u201eIch wusste, dass ich gute Chancen hatte zu gewinnen, weil ich auch zu dem Zeitpunkt schon Rekordhalterin in meiner Leistungsklasse war.\u201c Dass sie aber auch, als es drauf ankam, hochkonzentriert ihre Leistung abrufen konnte, verdankt sie ihrem Erfolgsrezept: \u201eEinfach ruhig bleiben.\u201c Abends sei sie dann mit einem dicken Grinsen im Gesicht eingeschlafen. \u201eIch bin schon sehr stolz\u201c, sagt sie und f\u00fcgt fast versch\u00e4mt hinzu: \u201eIch habe sogar eigene Autogrammkarten.\u201c Sie setzt ihre Unterschrift darauf. Mit der linken Hand. Dabei ist beim Speed Stacking die rechte ihre starke Hand. Speed Stacking f\u00f6rdert die Beidh\u00e4ndigkeit, die Koordination und die Reaktion. Das fasziniert sie daran: \u201eMeine beiden Gehirnh\u00e4lften werden gefordert dadurch.\u201c<\/p>\n<p>Sie stapelt und stapelt. Und wird immer schneller. Der Ehrgeiz hat sie gepackt. In der K\u00f6nigsdisziplin, dem Cycle, will sie jetzt zumindest eine Neuner-Zeit erreichen. \u201eYes!\u201c Triumphierend reckt sie den Timer in die H\u00f6he. 9,291 Sekunden. \u201eEs wird Zeit, dass Corona endlich vorbei ist und wieder Wettk\u00e4mpfe stattfinden k\u00f6nnen. Und regelm\u00e4\u00dfiges Training.\u201c<\/p>\n","protected":false},"excerpt":{"rendered":"<p>Hochstapeln ist ihre Leidenschaft. Seit 15 Jahren ist Stefanie Ammann Speed-Stackerin. Hei\u00dft: Die Bickenerin stapelt in Windeseile Becher in vorgegebenen Formationen aufeinander. 2019 ist die junge Frau mit Beeintr\u00e4chtigung in ihrer Leistungsgruppe nicht nur mehrfache deutsche Meisterin, sondern auch Weltmeisterin geworden.<\/p>\n","protected":false},"author":4,"featured_media":7476,"comment_status":"closed","ping_status":"closed","sticky":false,"template":"","format":"standard","meta":{"_acf_changed":false,"_gspb_post_css":"","_kad_blocks_custom_css":"","_kad_blocks_head_custom_js":"","_kad_blocks_body_custom_js":"","_kad_blocks_footer_custom_js":"","_kad_post_transparent":"","_kad_post_title":"","_kad_post_layout":"","_kad_post_sidebar_id":"","_kad_post_content_style":"","_kad_post_vertical_padding":"","_kad_post_feature":"","_kad_post_feature_position":"","_kad_post_header":false,"_kad_post_footer":false,"_kad_post_classname":"","footnotes":""},"categories":[52,53],"tags":[],"class_list":["post-7449","post","type-post","status-publish","format-standard","has-post-thumbnail","hentry","category-aktuelles","category-meldungen"],"acf":[],"yoast_head":"<!-- This site is optimized with the Yoast SEO plugin v27.5 - https:\/\/yoast.com\/product\/yoast-seo-wordpress\/ -->\n<title>Stefanie Ammann stapelt hoch hinaus - Lebenshilfe Dillenburg e.V.<\/title>\n<meta name=\"robots\" content=\"index, follow, max-snippet:-1, max-image-preview:large, max-video-preview:-1\" \/>\n<link rel=\"canonical\" href=\"https:\/\/lebenshilfe-dillenburg.de\/leicht\/stefanie-ammann-stapelt-hoch-hinaus\/\" \/>\n<meta property=\"og:locale\" content=\"de_DE\" \/>\n<meta property=\"og:type\" content=\"article\" \/>\n<meta property=\"og:title\" content=\"Stefanie Ammann stapelt hoch hinaus - Lebenshilfe Dillenburg e.V.\" \/>\n<meta property=\"og:description\" content=\"Hochstapeln ist ihre Leidenschaft. Seit 15 Jahren ist Stefanie Ammann Speed-Stackerin. Hei\u00dft: Die Bickenerin stapelt in Windeseile Becher in vorgegebenen Formationen aufeinander. 2019 ist die junge Frau mit Beeintr\u00e4chtigung in ihrer Leistungsgruppe nicht nur mehrfache deutsche Meisterin, sondern auch Weltmeisterin geworden.\" \/>\n<meta property=\"og:url\" content=\"https:\/\/lebenshilfe-dillenburg.de\/leicht\/stefanie-ammann-stapelt-hoch-hinaus\/\" \/>\n<meta property=\"og:site_name\" content=\"Lebenshilfe Dillenburg e.V.\" \/>\n<meta property=\"article:publisher\" content=\"https:\/\/www.facebook.com\/lebenshilfedillenburg\/\" \/>\n<meta property=\"article:published_time\" content=\"2021-03-03T11:19:56+00:00\" \/>\n<meta property=\"article:modified_time\" content=\"2026-01-30T11:09:36+00:00\" \/>\n<meta property=\"og:image\" content=\"https:\/\/lebenshilfe-dillenburg.de\/wp-content\/uploads\/img-2131-scaled-2.jpg\" \/>\n\t<meta property=\"og:image:width\" content=\"2560\" \/>\n\t<meta property=\"og:image:height\" content=\"1526\" \/>\n\t<meta property=\"og:image:type\" content=\"image\/jpeg\" \/>\n<meta name=\"author\" content=\"Conny Holtfoth\" \/>\n<meta name=\"twitter:card\" content=\"summary_large_image\" \/>\n<meta name=\"twitter:label1\" content=\"Geschrieben von\" \/>\n\t<meta name=\"twitter:data1\" content=\"Conny Holtfoth\" \/>\n\t<meta name=\"twitter:label2\" content=\"Gesch\u00e4tzte Lesezeit\" \/>\n\t<meta name=\"twitter:data2\" content=\"2\u00a0Minuten\" \/>\n<script type=\"application\/ld+json\" class=\"yoast-schema-graph\">{\"@context\":\"https:\\\/\\\/schema.org\",\"@graph\":[{\"@type\":\"Article\",\"@id\":\"https:\\\/\\\/lebenshilfe-dillenburg.de\\\/leicht\\\/stefanie-ammann-stapelt-hoch-hinaus\\\/#article\",\"isPartOf\":{\"@id\":\"https:\\\/\\\/lebenshilfe-dillenburg.de\\\/leicht\\\/stefanie-ammann-stapelt-hoch-hinaus\\\/\"},\"author\":{\"name\":\"Conny Holtfoth\",\"@id\":\"https:\\\/\\\/lebenshilfe-dillenburg.de\\\/leicht\\\/#\\\/schema\\\/person\\\/b6c52dad8d881b49213c3345a7cd5efe\"},\"headline\":\"Stefanie Ammann stapelt hoch hinaus\",\"datePublished\":\"2021-03-03T11:19:56+00:00\",\"dateModified\":\"2026-01-30T11:09:36+00:00\",\"mainEntityOfPage\":{\"@id\":\"https:\\\/\\\/lebenshilfe-dillenburg.de\\\/leicht\\\/stefanie-ammann-stapelt-hoch-hinaus\\\/\"},\"wordCount\":415,\"publisher\":{\"@id\":\"https:\\\/\\\/lebenshilfe-dillenburg.de\\\/leicht\\\/#organization\"},\"image\":{\"@id\":\"https:\\\/\\\/lebenshilfe-dillenburg.de\\\/leicht\\\/stefanie-ammann-stapelt-hoch-hinaus\\\/#primaryimage\"},\"thumbnailUrl\":\"https:\\\/\\\/lebenshilfe-dillenburg.de\\\/wp-content\\\/uploads\\\/sport-stacking-weltmeisterin-mit-medaillen.jpg\",\"articleSection\":[\"Aktuelles\",\"Meldungen\"],\"inLanguage\":\"de\"},{\"@type\":\"WebPage\",\"@id\":\"https:\\\/\\\/lebenshilfe-dillenburg.de\\\/leicht\\\/stefanie-ammann-stapelt-hoch-hinaus\\\/\",\"url\":\"https:\\\/\\\/lebenshilfe-dillenburg.de\\\/leicht\\\/stefanie-ammann-stapelt-hoch-hinaus\\\/\",\"name\":\"Stefanie Ammann stapelt hoch hinaus - Lebenshilfe Dillenburg e.V.\",\"isPartOf\":{\"@id\":\"https:\\\/\\\/lebenshilfe-dillenburg.de\\\/leicht\\\/#website\"},\"primaryImageOfPage\":{\"@id\":\"https:\\\/\\\/lebenshilfe-dillenburg.de\\\/leicht\\\/stefanie-ammann-stapelt-hoch-hinaus\\\/#primaryimage\"},\"image\":{\"@id\":\"https:\\\/\\\/lebenshilfe-dillenburg.de\\\/leicht\\\/stefanie-ammann-stapelt-hoch-hinaus\\\/#primaryimage\"},\"thumbnailUrl\":\"https:\\\/\\\/lebenshilfe-dillenburg.de\\\/wp-content\\\/uploads\\\/sport-stacking-weltmeisterin-mit-medaillen.jpg\",\"datePublished\":\"2021-03-03T11:19:56+00:00\",\"dateModified\":\"2026-01-30T11:09:36+00:00\",\"breadcrumb\":{\"@id\":\"https:\\\/\\\/lebenshilfe-dillenburg.de\\\/leicht\\\/stefanie-ammann-stapelt-hoch-hinaus\\\/#breadcrumb\"},\"inLanguage\":\"de\",\"potentialAction\":[{\"@type\":\"ReadAction\",\"target\":[\"https:\\\/\\\/lebenshilfe-dillenburg.de\\\/leicht\\\/stefanie-ammann-stapelt-hoch-hinaus\\\/\"]}]},{\"@type\":\"ImageObject\",\"inLanguage\":\"de\",\"@id\":\"https:\\\/\\\/lebenshilfe-dillenburg.de\\\/leicht\\\/stefanie-ammann-stapelt-hoch-hinaus\\\/#primaryimage\",\"url\":\"https:\\\/\\\/lebenshilfe-dillenburg.de\\\/wp-content\\\/uploads\\\/sport-stacking-weltmeisterin-mit-medaillen.jpg\",\"contentUrl\":\"https:\\\/\\\/lebenshilfe-dillenburg.de\\\/wp-content\\\/uploads\\\/sport-stacking-weltmeisterin-mit-medaillen.jpg\",\"width\":1500,\"height\":894,\"caption\":\"Die Dillenburger Werkst\u00e4tten haben mit Stefanie Ammann eine mehrfache Weltmeisterin in ihren Reihen. (Foto: Holtfoth)\"},{\"@type\":\"BreadcrumbList\",\"@id\":\"https:\\\/\\\/lebenshilfe-dillenburg.de\\\/leicht\\\/stefanie-ammann-stapelt-hoch-hinaus\\\/#breadcrumb\",\"itemListElement\":[{\"@type\":\"ListItem\",\"position\":1,\"name\":\"Startseite der Lebenshilfe Dillenburg\",\"item\":\"https:\\\/\\\/lebenshilfe-dillenburg.de\\\/leicht\\\/\"},{\"@type\":\"ListItem\",\"position\":2,\"name\":\"Stefanie Ammann stapelt hoch hinaus\"}]},{\"@type\":\"WebSite\",\"@id\":\"https:\\\/\\\/lebenshilfe-dillenburg.de\\\/leicht\\\/#website\",\"url\":\"https:\\\/\\\/lebenshilfe-dillenburg.de\\\/leicht\\\/\",\"name\":\"Lebenshilfe Dillenburg \u2013 Teilhabe & Unterst\u00fctzung im Lahn-Dill-Kreis\",\"description\":\"\",\"publisher\":{\"@id\":\"https:\\\/\\\/lebenshilfe-dillenburg.de\\\/leicht\\\/#organization\"},\"potentialAction\":[{\"@type\":\"SearchAction\",\"target\":{\"@type\":\"EntryPoint\",\"urlTemplate\":\"https:\\\/\\\/lebenshilfe-dillenburg.de\\\/leicht\\\/?s={search_term_string}\"},\"query-input\":{\"@type\":\"PropertyValueSpecification\",\"valueRequired\":true,\"valueName\":\"search_term_string\"}}],\"inLanguage\":\"de\"},{\"@type\":\"Organization\",\"@id\":\"https:\\\/\\\/lebenshilfe-dillenburg.de\\\/leicht\\\/#organization\",\"name\":\"Lebenshilfe Dillenburg e.V.\",\"url\":\"https:\\\/\\\/lebenshilfe-dillenburg.de\\\/leicht\\\/\",\"logo\":{\"@type\":\"ImageObject\",\"inLanguage\":\"de\",\"@id\":\"https:\\\/\\\/lebenshilfe-dillenburg.de\\\/leicht\\\/#\\\/schema\\\/logo\\\/image\\\/\",\"url\":\"https:\\\/\\\/lebenshilfe-dillenburg.de\\\/wp-content\\\/uploads\\\/lebenshilfe-dillenburg-desktop.webp\",\"contentUrl\":\"https:\\\/\\\/lebenshilfe-dillenburg.de\\\/wp-content\\\/uploads\\\/lebenshilfe-dillenburg-desktop.webp\",\"width\":461,\"height\":202,\"caption\":\"Lebenshilfe Dillenburg e.V.\"},\"image\":{\"@id\":\"https:\\\/\\\/lebenshilfe-dillenburg.de\\\/leicht\\\/#\\\/schema\\\/logo\\\/image\\\/\"},\"sameAs\":[\"https:\\\/\\\/www.facebook.com\\\/lebenshilfedillenburg\\\/\",\"https:\\\/\\\/www.instagram.com\\\/lebenshilfe_dillenburg\\\/\"]},{\"@type\":\"Person\",\"@id\":\"https:\\\/\\\/lebenshilfe-dillenburg.de\\\/leicht\\\/#\\\/schema\\\/person\\\/b6c52dad8d881b49213c3345a7cd5efe\",\"name\":\"Conny Holtfoth\",\"sameAs\":[\"http:\\\/\\\/lebenshilfe-dillenburg.de\"],\"url\":\"https:\\\/\\\/lebenshilfe-dillenburg.de\\\/leicht\\\/author\\\/conny\\\/\"}]}<\/script>\n<!-- \/ Yoast SEO plugin. -->","yoast_head_json":{"title":"Stefanie Ammann stapelt hoch hinaus - Lebenshilfe Dillenburg e.V.","robots":{"index":"index","follow":"follow","max-snippet":"max-snippet:-1","max-image-preview":"max-image-preview:large","max-video-preview":"max-video-preview:-1"},"canonical":"https:\/\/lebenshilfe-dillenburg.de\/leicht\/stefanie-ammann-stapelt-hoch-hinaus\/","og_locale":"de_DE","og_type":"article","og_title":"Stefanie Ammann stapelt hoch hinaus - Lebenshilfe Dillenburg e.V.","og_description":"Hochstapeln ist ihre Leidenschaft. Seit 15 Jahren ist Stefanie Ammann Speed-Stackerin. Hei\u00dft: Die Bickenerin stapelt in Windeseile Becher in vorgegebenen Formationen aufeinander. 2019 ist die junge Frau mit Beeintr\u00e4chtigung in ihrer Leistungsgruppe nicht nur mehrfache deutsche Meisterin, sondern auch Weltmeisterin geworden.","og_url":"https:\/\/lebenshilfe-dillenburg.de\/leicht\/stefanie-ammann-stapelt-hoch-hinaus\/","og_site_name":"Lebenshilfe Dillenburg e.V.","article_publisher":"https:\/\/www.facebook.com\/lebenshilfedillenburg\/","article_published_time":"2021-03-03T11:19:56+00:00","article_modified_time":"2026-01-30T11:09:36+00:00","og_image":[{"width":2560,"height":1526,"url":"https:\/\/lebenshilfe-dillenburg.de\/wp-content\/uploads\/img-2131-scaled-2.jpg","type":"image\/jpeg"}],"author":"Conny Holtfoth","twitter_card":"summary_large_image","twitter_misc":{"Geschrieben von":"Conny Holtfoth","Gesch\u00e4tzte Lesezeit":"2\u00a0Minuten"},"schema":{"@context":"https:\/\/schema.org","@graph":[{"@type":"Article","@id":"https:\/\/lebenshilfe-dillenburg.de\/leicht\/stefanie-ammann-stapelt-hoch-hinaus\/#article","isPartOf":{"@id":"https:\/\/lebenshilfe-dillenburg.de\/leicht\/stefanie-ammann-stapelt-hoch-hinaus\/"},"author":{"name":"Conny Holtfoth","@id":"https:\/\/lebenshilfe-dillenburg.de\/leicht\/#\/schema\/person\/b6c52dad8d881b49213c3345a7cd5efe"},"headline":"Stefanie Ammann stapelt hoch hinaus","datePublished":"2021-03-03T11:19:56+00:00","dateModified":"2026-01-30T11:09:36+00:00","mainEntityOfPage":{"@id":"https:\/\/lebenshilfe-dillenburg.de\/leicht\/stefanie-ammann-stapelt-hoch-hinaus\/"},"wordCount":415,"publisher":{"@id":"https:\/\/lebenshilfe-dillenburg.de\/leicht\/#organization"},"image":{"@id":"https:\/\/lebenshilfe-dillenburg.de\/leicht\/stefanie-ammann-stapelt-hoch-hinaus\/#primaryimage"},"thumbnailUrl":"https:\/\/lebenshilfe-dillenburg.de\/wp-content\/uploads\/sport-stacking-weltmeisterin-mit-medaillen.jpg","articleSection":["Aktuelles","Meldungen"],"inLanguage":"de"},{"@type":"WebPage","@id":"https:\/\/lebenshilfe-dillenburg.de\/leicht\/stefanie-ammann-stapelt-hoch-hinaus\/","url":"https:\/\/lebenshilfe-dillenburg.de\/leicht\/stefanie-ammann-stapelt-hoch-hinaus\/","name":"Stefanie Ammann stapelt hoch hinaus - Lebenshilfe Dillenburg e.V.","isPartOf":{"@id":"https:\/\/lebenshilfe-dillenburg.de\/leicht\/#website"},"primaryImageOfPage":{"@id":"https:\/\/lebenshilfe-dillenburg.de\/leicht\/stefanie-ammann-stapelt-hoch-hinaus\/#primaryimage"},"image":{"@id":"https:\/\/lebenshilfe-dillenburg.de\/leicht\/stefanie-ammann-stapelt-hoch-hinaus\/#primaryimage"},"thumbnailUrl":"https:\/\/lebenshilfe-dillenburg.de\/wp-content\/uploads\/sport-stacking-weltmeisterin-mit-medaillen.jpg","datePublished":"2021-03-03T11:19:56+00:00","dateModified":"2026-01-30T11:09:36+00:00","breadcrumb":{"@id":"https:\/\/lebenshilfe-dillenburg.de\/leicht\/stefanie-ammann-stapelt-hoch-hinaus\/#breadcrumb"},"inLanguage":"de","potentialAction":[{"@type":"ReadAction","target":["https:\/\/lebenshilfe-dillenburg.de\/leicht\/stefanie-ammann-stapelt-hoch-hinaus\/"]}]},{"@type":"ImageObject","inLanguage":"de","@id":"https:\/\/lebenshilfe-dillenburg.de\/leicht\/stefanie-ammann-stapelt-hoch-hinaus\/#primaryimage","url":"https:\/\/lebenshilfe-dillenburg.de\/wp-content\/uploads\/sport-stacking-weltmeisterin-mit-medaillen.jpg","contentUrl":"https:\/\/lebenshilfe-dillenburg.de\/wp-content\/uploads\/sport-stacking-weltmeisterin-mit-medaillen.jpg","width":1500,"height":894,"caption":"Die Dillenburger Werkst\u00e4tten haben mit Stefanie Ammann eine mehrfache Weltmeisterin in ihren Reihen. (Foto: Holtfoth)"},{"@type":"BreadcrumbList","@id":"https:\/\/lebenshilfe-dillenburg.de\/leicht\/stefanie-ammann-stapelt-hoch-hinaus\/#breadcrumb","itemListElement":[{"@type":"ListItem","position":1,"name":"Startseite der Lebenshilfe Dillenburg","item":"https:\/\/lebenshilfe-dillenburg.de\/leicht\/"},{"@type":"ListItem","position":2,"name":"Stefanie Ammann stapelt hoch hinaus"}]},{"@type":"WebSite","@id":"https:\/\/lebenshilfe-dillenburg.de\/leicht\/#website","url":"https:\/\/lebenshilfe-dillenburg.de\/leicht\/","name":"Lebenshilfe Dillenburg \u2013 Teilhabe & Unterst\u00fctzung im Lahn-Dill-Kreis","description":"","publisher":{"@id":"https:\/\/lebenshilfe-dillenburg.de\/leicht\/#organization"},"potentialAction":[{"@type":"SearchAction","target":{"@type":"EntryPoint","urlTemplate":"https:\/\/lebenshilfe-dillenburg.de\/leicht\/?s={search_term_string}"},"query-input":{"@type":"PropertyValueSpecification","valueRequired":true,"valueName":"search_term_string"}}],"inLanguage":"de"},{"@type":"Organization","@id":"https:\/\/lebenshilfe-dillenburg.de\/leicht\/#organization","name":"Lebenshilfe Dillenburg e.V.","url":"https:\/\/lebenshilfe-dillenburg.de\/leicht\/","logo":{"@type":"ImageObject","inLanguage":"de","@id":"https:\/\/lebenshilfe-dillenburg.de\/leicht\/#\/schema\/logo\/image\/","url":"https:\/\/lebenshilfe-dillenburg.de\/wp-content\/uploads\/lebenshilfe-dillenburg-desktop.webp","contentUrl":"https:\/\/lebenshilfe-dillenburg.de\/wp-content\/uploads\/lebenshilfe-dillenburg-desktop.webp","width":461,"height":202,"caption":"Lebenshilfe Dillenburg e.V."},"image":{"@id":"https:\/\/lebenshilfe-dillenburg.de\/leicht\/#\/schema\/logo\/image\/"},"sameAs":["https:\/\/www.facebook.com\/lebenshilfedillenburg\/","https:\/\/www.instagram.com\/lebenshilfe_dillenburg\/"]},{"@type":"Person","@id":"https:\/\/lebenshilfe-dillenburg.de\/leicht\/#\/schema\/person\/b6c52dad8d881b49213c3345a7cd5efe","name":"Conny Holtfoth","sameAs":["http:\/\/lebenshilfe-dillenburg.de"],"url":"https:\/\/lebenshilfe-dillenburg.de\/leicht\/author\/conny\/"}]}},"taxonomy_info":{"category":[{"value":52,"label":"Aktuelles"},{"value":53,"label":"Meldungen"}]},"featured_image_src_large":["https:\/\/lebenshilfe-dillenburg.de\/wp-content\/uploads\/sport-stacking-weltmeisterin-mit-medaillen-1920x1145.jpg",1366,815,true],"author_info":{"display_name":"Conny Holtfoth","author_link":"https:\/\/lebenshilfe-dillenburg.de\/leicht\/author\/conny\/"},"comment_info":0,"category_info":[{"term_id":52,"name":"Aktuelles","slug":"aktuelles","term_group":0,"term_taxonomy_id":52,"taxonomy":"category","description":"","parent":0,"count":22,"filter":"raw","term_order":"4","cat_ID":52,"category_count":22,"category_description":"","cat_name":"Aktuelles","category_nicename":"aktuelles","category_parent":0},{"term_id":53,"name":"Meldungen","slug":"meldungen","term_group":0,"term_taxonomy_id":53,"taxonomy":"category","description":"","parent":0,"count":127,"filter":"raw","term_order":"5","cat_ID":53,"category_count":127,"category_description":"","cat_name":"Meldungen","category_nicename":"meldungen","category_parent":0}],"tag_info":false,"_links":{"self":[{"href":"https:\/\/lebenshilfe-dillenburg.de\/leicht\/wp-json\/wp\/v2\/posts\/7449","targetHints":{"allow":["GET"]}}],"collection":[{"href":"https:\/\/lebenshilfe-dillenburg.de\/leicht\/wp-json\/wp\/v2\/posts"}],"about":[{"href":"https:\/\/lebenshilfe-dillenburg.de\/leicht\/wp-json\/wp\/v2\/types\/post"}],"author":[{"embeddable":true,"href":"https:\/\/lebenshilfe-dillenburg.de\/leicht\/wp-json\/wp\/v2\/users\/4"}],"replies":[{"embeddable":true,"href":"https:\/\/lebenshilfe-dillenburg.de\/leicht\/wp-json\/wp\/v2\/comments?post=7449"}],"version-history":[{"count":0,"href":"https:\/\/lebenshilfe-dillenburg.de\/leicht\/wp-json\/wp\/v2\/posts\/7449\/revisions"}],"wp:featuredmedia":[{"embeddable":true,"href":"https:\/\/lebenshilfe-dillenburg.de\/leicht\/wp-json\/wp\/v2\/media\/7476"}],"wp:attachment":[{"href":"https:\/\/lebenshilfe-dillenburg.de\/leicht\/wp-json\/wp\/v2\/media?parent=7449"}],"wp:term":[{"taxonomy":"category","embeddable":true,"href":"https:\/\/lebenshilfe-dillenburg.de\/leicht\/wp-json\/wp\/v2\/categories?post=7449"},{"taxonomy":"post_tag","embeddable":true,"href":"https:\/\/lebenshilfe-dillenburg.de\/leicht\/wp-json\/wp\/v2\/tags?post=7449"}],"curies":[{"name":"wp","href":"https:\/\/api.w.org\/{rel}","templated":true}]}}