{"id":7454,"date":"2021-04-13T13:43:05","date_gmt":"2021-04-13T11:43:05","guid":{"rendered":"https:\/\/www.lebenshilfe-dillenburg.de\/?p=3122"},"modified":"2026-01-30T12:09:36","modified_gmt":"2026-01-30T11:09:36","slug":"impfstart-in-den-wohnheimen","status":"publish","type":"post","link":"https:\/\/lebenshilfe-dillenburg.de\/leicht\/impfstart-in-den-wohnheimen\/","title":{"rendered":"Impfstart in den Wohnheimen"},"content":{"rendered":"<p>\u201eIch hab\u2019s geschafft. Ich war ganz tapfer. Hat auch gar nicht weh getan.\u201c Lange hat die Lebenshilfe Dillenburg auf diesen Tag gewartet: auf den Auftakt der Sammelimpfungen f\u00fcr den gesamten Wohnbereich. Am Dienstagmorgen r\u00fcckten die Impfteams aus Lahnau bestens vorbereitet zun\u00e4chst an zwei Standorten an \u2013 im Wohnheim in Haiger und im Wohnheim in Manderbach. Im Vorfeld waren bereits die Abl\u00e4ufe und organisatorischen Erfordernisse ausf\u00fchrlich besprochen worden.<!--more--><\/p>\n<p>\u201eWir sind froh, dass es endlich losgeht\u201c, sagt Martina Thielmann, Wohnheimleiterin in Manderbach. Am Mittwoch der Vorwoche sei der lang ersehnte Anruf vom Impfzentrum gekommen. \u201eIch war \u00fcberrascht, wie emotional unsere Mitarbeiterschaft reagiert hat. Das hat mir noch mal vor Augen gef\u00fchrt, wie gro\u00df der permanente Druck ist, der durch die Pandemie auf den Schultern unserer Mitarbeiterinnen und Mitarbeiter lastet.\u201c So gibt es auch unter der Mitarbeiterschaft eine gro\u00dfe Bereitschaft zur Impfung.<\/p>\n<p>Die Bewohnerinnen und Bewohner der station\u00e4ren Einrichtungen erhielten \u00fcber das Wochenende eine Impfaufkl\u00e4rung in leichter Sprache. \u201eNat\u00fcrlich sind auch einige Personen dabei, die Angst vor \u00c4rzten oder Spritzen haben, und gezwungen wird nat\u00fcrlich keiner, aber die meisten haben sehr positiv reagiert.\u201c So wie Edith Burbach, die als eine der Ersten nach Fiebermessung und Gespr\u00e4ch mit dem Impfarzt die Moderna-Dosis in den Oberarm verabreicht bekommt. \u201eIch freue mich.\u201c<\/p>\n<figure id=\"attachment_3124\" aria-describedby=\"caption-attachment-3124\" style=\"width: 593px\" class=\"wp-caption alignnone\"><img loading=\"lazy\" decoding=\"async\" class=\" wp-image-3124\" src=\"https:\/\/lebenshilfe-dillenburg.de\/wp-content\/uploads\/seniorin-nach-impfung-laechelt-mit-betreuerin.jpg\" alt=\"\" width=\"593\" height=\"393\" \/><figcaption id=\"caption-attachment-3124\" class=\"wp-caption-text\">Geschafft: Edith Burbach (r.) hat ihre Impfung erhalten. &#8222;Ich freue mich.&#8220; (Foto: Holtfoth)<\/figcaption><\/figure>\n<p>An vier Tagen wird in den station\u00e4ren Wohnheimen der Lebenshilfe Dillenburg geimpft. Neben Manderbach und Haiger sind das die Wohnheime in Simmersbach und Niederscheld. \u201eWir haben allein hier heute 60 Impfungen\u201c, so Thielmann. Organisatorisch eine gro\u00dfe Herausforderung. Auch da Menschen mit Behinderungen zu einer Personengruppe geh\u00f6ren, bei der Abl\u00e4ufe im Vorfeld nicht bis ins kleinste Detail planbar sind.\u00a0 \u201eAber das ist positiver Stress\u201c, betont Wohnbereichsleiterin Tanja Rockens\u00fc\u00df. \u201eDas gibt noch einmal neuen Auftrieb.\u201c<\/p>\n","protected":false},"excerpt":{"rendered":"<p>\u201eIch hab\u2019s geschafft. Ich war ganz tapfer. Hat auch gar nicht weh getan.\u201c Lange hat die Lebenshilfe Dillenburg auf diesen Tag gewartet: auf den Auftakt der Sammelimpfungen f\u00fcr den gesamten Wohnbereich. Am Dienstagmorgen r\u00fcckten die Impfteams aus Lahnau bestens vorbereitet zun\u00e4chst an zwei Standorten an \u2013 im Wohnheim in Haiger und im Wohnheim in Manderbach&#8230;.<\/p>\n","protected":false},"author":4,"featured_media":7489,"comment_status":"closed","ping_status":"closed","sticky":false,"template":"","format":"standard","meta":{"_acf_changed":false,"_gspb_post_css":"","_kad_blocks_custom_css":"","_kad_blocks_head_custom_js":"","_kad_blocks_body_custom_js":"","_kad_blocks_footer_custom_js":"","_kad_post_transparent":"","_kad_post_title":"","_kad_post_layout":"","_kad_post_sidebar_id":"","_kad_post_content_style":"","_kad_post_vertical_padding":"","_kad_post_feature":"","_kad_post_feature_position":"","_kad_post_header":false,"_kad_post_footer":false,"_kad_post_classname":"","footnotes":""},"categories":[53],"tags":[],"class_list":["post-7454","post","type-post","status-publish","format-standard","has-post-thumbnail","hentry","category-meldungen"],"acf":[],"yoast_head":"<!-- This site is optimized with the Yoast SEO plugin v27.5 - https:\/\/yoast.com\/product\/yoast-seo-wordpress\/ -->\n<title>Impfstart in den Wohnheimen - Lebenshilfe Dillenburg e.V.<\/title>\n<meta name=\"robots\" content=\"index, follow, max-snippet:-1, max-image-preview:large, max-video-preview:-1\" \/>\n<link rel=\"canonical\" href=\"https:\/\/lebenshilfe-dillenburg.de\/leicht\/impfstart-in-den-wohnheimen\/\" \/>\n<meta property=\"og:locale\" content=\"de_DE\" \/>\n<meta property=\"og:type\" content=\"article\" \/>\n<meta property=\"og:title\" content=\"Impfstart in den Wohnheimen - Lebenshilfe Dillenburg e.V.\" \/>\n<meta property=\"og:description\" content=\"\u201eIch hab\u2019s geschafft. Ich war ganz tapfer. Hat auch gar nicht weh getan.\u201c Lange hat die Lebenshilfe Dillenburg auf diesen Tag gewartet: auf den Auftakt der Sammelimpfungen f\u00fcr den gesamten Wohnbereich. Am Dienstagmorgen r\u00fcckten die Impfteams aus Lahnau bestens vorbereitet zun\u00e4chst an zwei Standorten an \u2013 im Wohnheim in Haiger und im Wohnheim in Manderbach....\" \/>\n<meta property=\"og:url\" content=\"https:\/\/lebenshilfe-dillenburg.de\/leicht\/impfstart-in-den-wohnheimen\/\" \/>\n<meta property=\"og:site_name\" content=\"Lebenshilfe Dillenburg e.V.\" \/>\n<meta property=\"article:publisher\" content=\"https:\/\/www.facebook.com\/lebenshilfedillenburg\/\" \/>\n<meta property=\"article:published_time\" content=\"2021-04-13T11:43:05+00:00\" \/>\n<meta property=\"article:modified_time\" content=\"2026-01-30T11:09:36+00:00\" \/>\n<meta property=\"og:image\" content=\"https:\/\/lebenshilfe-dillenburg.de\/wp-content\/uploads\/impfstart-in-den-wohnheimen-sind-froh-dass-es-endlich-losgeht-img-2495-1-scaled-1.jpg\" \/>\n\t<meta property=\"og:image:width\" content=\"2560\" \/>\n\t<meta property=\"og:image:height\" content=\"1605\" \/>\n\t<meta property=\"og:image:type\" content=\"image\/jpeg\" \/>\n<meta name=\"author\" content=\"Conny Holtfoth\" \/>\n<meta name=\"twitter:card\" content=\"summary_large_image\" \/>\n<meta name=\"twitter:label1\" content=\"Geschrieben von\" \/>\n\t<meta name=\"twitter:data1\" content=\"Conny Holtfoth\" \/>\n\t<meta name=\"twitter:label2\" content=\"Gesch\u00e4tzte Lesezeit\" \/>\n\t<meta name=\"twitter:data2\" content=\"2\u00a0Minuten\" \/>\n<script type=\"application\/ld+json\" class=\"yoast-schema-graph\">{\"@context\":\"https:\\\/\\\/schema.org\",\"@graph\":[{\"@type\":\"Article\",\"@id\":\"https:\\\/\\\/lebenshilfe-dillenburg.de\\\/leicht\\\/impfstart-in-den-wohnheimen\\\/#article\",\"isPartOf\":{\"@id\":\"https:\\\/\\\/lebenshilfe-dillenburg.de\\\/leicht\\\/impfstart-in-den-wohnheimen\\\/\"},\"author\":{\"name\":\"Conny Holtfoth\",\"@id\":\"https:\\\/\\\/lebenshilfe-dillenburg.de\\\/leicht\\\/#\\\/schema\\\/person\\\/b6c52dad8d881b49213c3345a7cd5efe\"},\"headline\":\"Impfstart in den Wohnheimen\",\"datePublished\":\"2021-04-13T11:43:05+00:00\",\"dateModified\":\"2026-01-30T11:09:36+00:00\",\"mainEntityOfPage\":{\"@id\":\"https:\\\/\\\/lebenshilfe-dillenburg.de\\\/leicht\\\/impfstart-in-den-wohnheimen\\\/\"},\"wordCount\":318,\"publisher\":{\"@id\":\"https:\\\/\\\/lebenshilfe-dillenburg.de\\\/leicht\\\/#organization\"},\"image\":{\"@id\":\"https:\\\/\\\/lebenshilfe-dillenburg.de\\\/leicht\\\/impfstart-in-den-wohnheimen\\\/#primaryimage\"},\"thumbnailUrl\":\"https:\\\/\\\/lebenshilfe-dillenburg.de\\\/wp-content\\\/uploads\\\/erste-impfung-im-wohnheim-manderbach.jpg\",\"articleSection\":[\"Meldungen\"],\"inLanguage\":\"de\"},{\"@type\":\"WebPage\",\"@id\":\"https:\\\/\\\/lebenshilfe-dillenburg.de\\\/leicht\\\/impfstart-in-den-wohnheimen\\\/\",\"url\":\"https:\\\/\\\/lebenshilfe-dillenburg.de\\\/leicht\\\/impfstart-in-den-wohnheimen\\\/\",\"name\":\"Impfstart in den Wohnheimen - Lebenshilfe Dillenburg e.V.\",\"isPartOf\":{\"@id\":\"https:\\\/\\\/lebenshilfe-dillenburg.de\\\/leicht\\\/#website\"},\"primaryImageOfPage\":{\"@id\":\"https:\\\/\\\/lebenshilfe-dillenburg.de\\\/leicht\\\/impfstart-in-den-wohnheimen\\\/#primaryimage\"},\"image\":{\"@id\":\"https:\\\/\\\/lebenshilfe-dillenburg.de\\\/leicht\\\/impfstart-in-den-wohnheimen\\\/#primaryimage\"},\"thumbnailUrl\":\"https:\\\/\\\/lebenshilfe-dillenburg.de\\\/wp-content\\\/uploads\\\/erste-impfung-im-wohnheim-manderbach.jpg\",\"datePublished\":\"2021-04-13T11:43:05+00:00\",\"dateModified\":\"2026-01-30T11:09:36+00:00\",\"breadcrumb\":{\"@id\":\"https:\\\/\\\/lebenshilfe-dillenburg.de\\\/leicht\\\/impfstart-in-den-wohnheimen\\\/#breadcrumb\"},\"inLanguage\":\"de\",\"potentialAction\":[{\"@type\":\"ReadAction\",\"target\":[\"https:\\\/\\\/lebenshilfe-dillenburg.de\\\/leicht\\\/impfstart-in-den-wohnheimen\\\/\"]}]},{\"@type\":\"ImageObject\",\"inLanguage\":\"de\",\"@id\":\"https:\\\/\\\/lebenshilfe-dillenburg.de\\\/leicht\\\/impfstart-in-den-wohnheimen\\\/#primaryimage\",\"url\":\"https:\\\/\\\/lebenshilfe-dillenburg.de\\\/wp-content\\\/uploads\\\/erste-impfung-im-wohnheim-manderbach.jpg\",\"contentUrl\":\"https:\\\/\\\/lebenshilfe-dillenburg.de\\\/wp-content\\\/uploads\\\/erste-impfung-im-wohnheim-manderbach.jpg\",\"width\":1500,\"height\":940,\"caption\":\"Ein kurzer Pieks. Jochen Althaus erh\u00e4lt die erste Impfung im Wohnheim in Manderbach. (Foto: Holtfoth)\"},{\"@type\":\"BreadcrumbList\",\"@id\":\"https:\\\/\\\/lebenshilfe-dillenburg.de\\\/leicht\\\/impfstart-in-den-wohnheimen\\\/#breadcrumb\",\"itemListElement\":[{\"@type\":\"ListItem\",\"position\":1,\"name\":\"Startseite der Lebenshilfe Dillenburg\",\"item\":\"https:\\\/\\\/lebenshilfe-dillenburg.de\\\/leicht\\\/\"},{\"@type\":\"ListItem\",\"position\":2,\"name\":\"Impfstart in den Wohnheimen\"}]},{\"@type\":\"WebSite\",\"@id\":\"https:\\\/\\\/lebenshilfe-dillenburg.de\\\/leicht\\\/#website\",\"url\":\"https:\\\/\\\/lebenshilfe-dillenburg.de\\\/leicht\\\/\",\"name\":\"Lebenshilfe Dillenburg \u2013 Teilhabe & Unterst\u00fctzung im Lahn-Dill-Kreis\",\"description\":\"\",\"publisher\":{\"@id\":\"https:\\\/\\\/lebenshilfe-dillenburg.de\\\/leicht\\\/#organization\"},\"potentialAction\":[{\"@type\":\"SearchAction\",\"target\":{\"@type\":\"EntryPoint\",\"urlTemplate\":\"https:\\\/\\\/lebenshilfe-dillenburg.de\\\/leicht\\\/?s={search_term_string}\"},\"query-input\":{\"@type\":\"PropertyValueSpecification\",\"valueRequired\":true,\"valueName\":\"search_term_string\"}}],\"inLanguage\":\"de\"},{\"@type\":\"Organization\",\"@id\":\"https:\\\/\\\/lebenshilfe-dillenburg.de\\\/leicht\\\/#organization\",\"name\":\"Lebenshilfe Dillenburg e.V.\",\"url\":\"https:\\\/\\\/lebenshilfe-dillenburg.de\\\/leicht\\\/\",\"logo\":{\"@type\":\"ImageObject\",\"inLanguage\":\"de\",\"@id\":\"https:\\\/\\\/lebenshilfe-dillenburg.de\\\/leicht\\\/#\\\/schema\\\/logo\\\/image\\\/\",\"url\":\"https:\\\/\\\/lebenshilfe-dillenburg.de\\\/wp-content\\\/uploads\\\/lebenshilfe-dillenburg-desktop.webp\",\"contentUrl\":\"https:\\\/\\\/lebenshilfe-dillenburg.de\\\/wp-content\\\/uploads\\\/lebenshilfe-dillenburg-desktop.webp\",\"width\":461,\"height\":202,\"caption\":\"Lebenshilfe Dillenburg e.V.\"},\"image\":{\"@id\":\"https:\\\/\\\/lebenshilfe-dillenburg.de\\\/leicht\\\/#\\\/schema\\\/logo\\\/image\\\/\"},\"sameAs\":[\"https:\\\/\\\/www.facebook.com\\\/lebenshilfedillenburg\\\/\",\"https:\\\/\\\/www.instagram.com\\\/lebenshilfe_dillenburg\\\/\"]},{\"@type\":\"Person\",\"@id\":\"https:\\\/\\\/lebenshilfe-dillenburg.de\\\/leicht\\\/#\\\/schema\\\/person\\\/b6c52dad8d881b49213c3345a7cd5efe\",\"name\":\"Conny Holtfoth\",\"sameAs\":[\"http:\\\/\\\/lebenshilfe-dillenburg.de\"],\"url\":\"https:\\\/\\\/lebenshilfe-dillenburg.de\\\/leicht\\\/author\\\/conny\\\/\"}]}<\/script>\n<!-- \/ Yoast SEO plugin. -->","yoast_head_json":{"title":"Impfstart in den Wohnheimen - Lebenshilfe Dillenburg e.V.","robots":{"index":"index","follow":"follow","max-snippet":"max-snippet:-1","max-image-preview":"max-image-preview:large","max-video-preview":"max-video-preview:-1"},"canonical":"https:\/\/lebenshilfe-dillenburg.de\/leicht\/impfstart-in-den-wohnheimen\/","og_locale":"de_DE","og_type":"article","og_title":"Impfstart in den Wohnheimen - Lebenshilfe Dillenburg e.V.","og_description":"\u201eIch hab\u2019s geschafft. Ich war ganz tapfer. Hat auch gar nicht weh getan.\u201c Lange hat die Lebenshilfe Dillenburg auf diesen Tag gewartet: auf den Auftakt der Sammelimpfungen f\u00fcr den gesamten Wohnbereich. Am Dienstagmorgen r\u00fcckten die Impfteams aus Lahnau bestens vorbereitet zun\u00e4chst an zwei Standorten an \u2013 im Wohnheim in Haiger und im Wohnheim in Manderbach....","og_url":"https:\/\/lebenshilfe-dillenburg.de\/leicht\/impfstart-in-den-wohnheimen\/","og_site_name":"Lebenshilfe Dillenburg e.V.","article_publisher":"https:\/\/www.facebook.com\/lebenshilfedillenburg\/","article_published_time":"2021-04-13T11:43:05+00:00","article_modified_time":"2026-01-30T11:09:36+00:00","og_image":[{"width":2560,"height":1605,"url":"https:\/\/lebenshilfe-dillenburg.de\/wp-content\/uploads\/impfstart-in-den-wohnheimen-sind-froh-dass-es-endlich-losgeht-img-2495-1-scaled-1.jpg","type":"image\/jpeg"}],"author":"Conny Holtfoth","twitter_card":"summary_large_image","twitter_misc":{"Geschrieben von":"Conny Holtfoth","Gesch\u00e4tzte Lesezeit":"2\u00a0Minuten"},"schema":{"@context":"https:\/\/schema.org","@graph":[{"@type":"Article","@id":"https:\/\/lebenshilfe-dillenburg.de\/leicht\/impfstart-in-den-wohnheimen\/#article","isPartOf":{"@id":"https:\/\/lebenshilfe-dillenburg.de\/leicht\/impfstart-in-den-wohnheimen\/"},"author":{"name":"Conny Holtfoth","@id":"https:\/\/lebenshilfe-dillenburg.de\/leicht\/#\/schema\/person\/b6c52dad8d881b49213c3345a7cd5efe"},"headline":"Impfstart in den Wohnheimen","datePublished":"2021-04-13T11:43:05+00:00","dateModified":"2026-01-30T11:09:36+00:00","mainEntityOfPage":{"@id":"https:\/\/lebenshilfe-dillenburg.de\/leicht\/impfstart-in-den-wohnheimen\/"},"wordCount":318,"publisher":{"@id":"https:\/\/lebenshilfe-dillenburg.de\/leicht\/#organization"},"image":{"@id":"https:\/\/lebenshilfe-dillenburg.de\/leicht\/impfstart-in-den-wohnheimen\/#primaryimage"},"thumbnailUrl":"https:\/\/lebenshilfe-dillenburg.de\/wp-content\/uploads\/erste-impfung-im-wohnheim-manderbach.jpg","articleSection":["Meldungen"],"inLanguage":"de"},{"@type":"WebPage","@id":"https:\/\/lebenshilfe-dillenburg.de\/leicht\/impfstart-in-den-wohnheimen\/","url":"https:\/\/lebenshilfe-dillenburg.de\/leicht\/impfstart-in-den-wohnheimen\/","name":"Impfstart in den Wohnheimen - Lebenshilfe Dillenburg e.V.","isPartOf":{"@id":"https:\/\/lebenshilfe-dillenburg.de\/leicht\/#website"},"primaryImageOfPage":{"@id":"https:\/\/lebenshilfe-dillenburg.de\/leicht\/impfstart-in-den-wohnheimen\/#primaryimage"},"image":{"@id":"https:\/\/lebenshilfe-dillenburg.de\/leicht\/impfstart-in-den-wohnheimen\/#primaryimage"},"thumbnailUrl":"https:\/\/lebenshilfe-dillenburg.de\/wp-content\/uploads\/erste-impfung-im-wohnheim-manderbach.jpg","datePublished":"2021-04-13T11:43:05+00:00","dateModified":"2026-01-30T11:09:36+00:00","breadcrumb":{"@id":"https:\/\/lebenshilfe-dillenburg.de\/leicht\/impfstart-in-den-wohnheimen\/#breadcrumb"},"inLanguage":"de","potentialAction":[{"@type":"ReadAction","target":["https:\/\/lebenshilfe-dillenburg.de\/leicht\/impfstart-in-den-wohnheimen\/"]}]},{"@type":"ImageObject","inLanguage":"de","@id":"https:\/\/lebenshilfe-dillenburg.de\/leicht\/impfstart-in-den-wohnheimen\/#primaryimage","url":"https:\/\/lebenshilfe-dillenburg.de\/wp-content\/uploads\/erste-impfung-im-wohnheim-manderbach.jpg","contentUrl":"https:\/\/lebenshilfe-dillenburg.de\/wp-content\/uploads\/erste-impfung-im-wohnheim-manderbach.jpg","width":1500,"height":940,"caption":"Ein kurzer Pieks. Jochen Althaus erh\u00e4lt die erste Impfung im Wohnheim in Manderbach. (Foto: Holtfoth)"},{"@type":"BreadcrumbList","@id":"https:\/\/lebenshilfe-dillenburg.de\/leicht\/impfstart-in-den-wohnheimen\/#breadcrumb","itemListElement":[{"@type":"ListItem","position":1,"name":"Startseite der Lebenshilfe Dillenburg","item":"https:\/\/lebenshilfe-dillenburg.de\/leicht\/"},{"@type":"ListItem","position":2,"name":"Impfstart in den Wohnheimen"}]},{"@type":"WebSite","@id":"https:\/\/lebenshilfe-dillenburg.de\/leicht\/#website","url":"https:\/\/lebenshilfe-dillenburg.de\/leicht\/","name":"Lebenshilfe Dillenburg \u2013 Teilhabe & Unterst\u00fctzung im Lahn-Dill-Kreis","description":"","publisher":{"@id":"https:\/\/lebenshilfe-dillenburg.de\/leicht\/#organization"},"potentialAction":[{"@type":"SearchAction","target":{"@type":"EntryPoint","urlTemplate":"https:\/\/lebenshilfe-dillenburg.de\/leicht\/?s={search_term_string}"},"query-input":{"@type":"PropertyValueSpecification","valueRequired":true,"valueName":"search_term_string"}}],"inLanguage":"de"},{"@type":"Organization","@id":"https:\/\/lebenshilfe-dillenburg.de\/leicht\/#organization","name":"Lebenshilfe Dillenburg e.V.","url":"https:\/\/lebenshilfe-dillenburg.de\/leicht\/","logo":{"@type":"ImageObject","inLanguage":"de","@id":"https:\/\/lebenshilfe-dillenburg.de\/leicht\/#\/schema\/logo\/image\/","url":"https:\/\/lebenshilfe-dillenburg.de\/wp-content\/uploads\/lebenshilfe-dillenburg-desktop.webp","contentUrl":"https:\/\/lebenshilfe-dillenburg.de\/wp-content\/uploads\/lebenshilfe-dillenburg-desktop.webp","width":461,"height":202,"caption":"Lebenshilfe Dillenburg e.V."},"image":{"@id":"https:\/\/lebenshilfe-dillenburg.de\/leicht\/#\/schema\/logo\/image\/"},"sameAs":["https:\/\/www.facebook.com\/lebenshilfedillenburg\/","https:\/\/www.instagram.com\/lebenshilfe_dillenburg\/"]},{"@type":"Person","@id":"https:\/\/lebenshilfe-dillenburg.de\/leicht\/#\/schema\/person\/b6c52dad8d881b49213c3345a7cd5efe","name":"Conny Holtfoth","sameAs":["http:\/\/lebenshilfe-dillenburg.de"],"url":"https:\/\/lebenshilfe-dillenburg.de\/leicht\/author\/conny\/"}]}},"taxonomy_info":{"category":[{"value":53,"label":"Meldungen"}]},"featured_image_src_large":["https:\/\/lebenshilfe-dillenburg.de\/wp-content\/uploads\/erste-impfung-im-wohnheim-manderbach-1920x1204.jpg",1366,857,true],"author_info":{"display_name":"Conny Holtfoth","author_link":"https:\/\/lebenshilfe-dillenburg.de\/leicht\/author\/conny\/"},"comment_info":0,"category_info":[{"term_id":53,"name":"Meldungen","slug":"meldungen","term_group":0,"term_taxonomy_id":53,"taxonomy":"category","description":"","parent":0,"count":127,"filter":"raw","term_order":"5","cat_ID":53,"category_count":127,"category_description":"","cat_name":"Meldungen","category_nicename":"meldungen","category_parent":0}],"tag_info":false,"_links":{"self":[{"href":"https:\/\/lebenshilfe-dillenburg.de\/leicht\/wp-json\/wp\/v2\/posts\/7454","targetHints":{"allow":["GET"]}}],"collection":[{"href":"https:\/\/lebenshilfe-dillenburg.de\/leicht\/wp-json\/wp\/v2\/posts"}],"about":[{"href":"https:\/\/lebenshilfe-dillenburg.de\/leicht\/wp-json\/wp\/v2\/types\/post"}],"author":[{"embeddable":true,"href":"https:\/\/lebenshilfe-dillenburg.de\/leicht\/wp-json\/wp\/v2\/users\/4"}],"replies":[{"embeddable":true,"href":"https:\/\/lebenshilfe-dillenburg.de\/leicht\/wp-json\/wp\/v2\/comments?post=7454"}],"version-history":[{"count":0,"href":"https:\/\/lebenshilfe-dillenburg.de\/leicht\/wp-json\/wp\/v2\/posts\/7454\/revisions"}],"wp:featuredmedia":[{"embeddable":true,"href":"https:\/\/lebenshilfe-dillenburg.de\/leicht\/wp-json\/wp\/v2\/media\/7489"}],"wp:attachment":[{"href":"https:\/\/lebenshilfe-dillenburg.de\/leicht\/wp-json\/wp\/v2\/media?parent=7454"}],"wp:term":[{"taxonomy":"category","embeddable":true,"href":"https:\/\/lebenshilfe-dillenburg.de\/leicht\/wp-json\/wp\/v2\/categories?post=7454"},{"taxonomy":"post_tag","embeddable":true,"href":"https:\/\/lebenshilfe-dillenburg.de\/leicht\/wp-json\/wp\/v2\/tags?post=7454"}],"curies":[{"name":"wp","href":"https:\/\/api.w.org\/{rel}","templated":true}]}}