{"id":7458,"date":"2021-07-01T16:05:32","date_gmt":"2021-07-01T14:05:32","guid":{"rendered":"https:\/\/www.lebenshilfe-dillenburg.de\/?p=3250"},"modified":"2026-01-30T12:09:37","modified_gmt":"2026-01-30T11:09:37","slug":"nach-der-spritze-mit-einem-laecheln-raus","status":"publish","type":"post","link":"https:\/\/lebenshilfe-dillenburg.de\/leicht\/nach-der-spritze-mit-einem-laecheln-raus\/","title":{"rendered":"&#8222;Nach der Spritze mit einem L\u00e4cheln raus&#8220;"},"content":{"rendered":"<p>\u201eWir sind dankbar, in dieser entscheidenden Phase der Pandemie einen starken Partner an unserer Seite zu haben.\u201c Die Lebenshilfe Dillenburg hat am Mittwoch in ihrer Werkstatt in Flammersbach den mobilen Impfteams des Deutschen Roten Kreuzes (DRK) gedankt.<!--more--><\/p>\n<p>340 Impfungen im Wohnbereich, 150 im Werkstattbereich \u2013 und das zweifach. Die Impfteams aus Lahnau waren mit drei bis vier Teams in den vergangenen Monaten ein gerngesehener Gast in den Einrichtungen der Lebenshilfe. Den Abschluss bildete nun die Sammelimpfung in der Werkstatt Flammersbach. \u201eEs hat uns richtigen Spa\u00df gemacht, in diese Einrichtungen zu fahren\u201c, betonte Stefan Thielmann vom DRK Dill, Leiter des zentralen Impfzentrums Lahnau. \u201eUnd wenn die Impflinge nach der Spritze mit einem L\u00e4cheln rausgegangen sind, war das f\u00fcr uns das sch\u00f6nste Geschenk.\u201c \u00a0Auch seine Mitarbeiterin Bettina Bockhardt schw\u00e4rmte: \u201eDer Kontakt zu den Menschen mit Behinderungen war etwas Besonderes. Es waren alle so dankbar.\u201c<\/p>\n<p>Es sein ein Zusammenspiel gewesen, bei dem alle R\u00e4dchen ineinandergegriffen h\u00e4tten, merkte Lebenshilfe-Vorstand Dirk Botzon an. So lobte er die flexiblen Absprachen und die Art und Weise, wie die Impfteams mit den Menschen mit Behinderungen umgegangen seien: \u201eUnglaublich wertsch\u00e4tzend. Davor kann man nur den Hut ziehen.\u201c Als Dankesch\u00f6n f\u00fcr dieses Miteinander erhielten die Impfteams Pr\u00e4sentkisten mit Produkten aus der Reha-Werkstatt in Haiger.<\/p>\n<p>Dar\u00fcber hinaus war er erfreut dar\u00fcber, dass von Seiten des DRK immer wieder die gute Organisation und Koordination des Vereins hervorgehoben wurde. \u201eF\u00fcr uns war das auch v\u00f6lliges Neuland und eine Mammutaufgabe, daher gilt es hier auch unsere Kolleginnen und Kollegen von der Lebenshilfe Dillenburg dankend zu erw\u00e4hnen, die f\u00fcr die Planung und Durchf\u00fchrung der Abl\u00e4ufe zust\u00e4ndig waren, sowie unsere Betreuten, die \u00fcberaus diszipliniert zum Gelingen beigetragen haben. Impfen ist der Schl\u00fcssel zur Bew\u00e4ltigung der Pandemie, und darin sind wir nun einen gro\u00dfen Schritt vorangekommen.\u201c<\/p>\n","protected":false},"excerpt":{"rendered":"<p>\u201eWir sind dankbar, in dieser entscheidenden Phase der Pandemie einen starken Partner an unserer Seite zu haben.\u201c Die Lebenshilfe Dillenburg hat am Mittwoch in ihrer Werkstatt in Flammersbach den mobilen Impfteams des Deutschen Roten Kreuzes (DRK) gedankt.<\/p>\n","protected":false},"author":4,"featured_media":7494,"comment_status":"closed","ping_status":"closed","sticky":false,"template":"","format":"standard","meta":{"_acf_changed":false,"_gspb_post_css":"","_kad_blocks_custom_css":"","_kad_blocks_head_custom_js":"","_kad_blocks_body_custom_js":"","_kad_blocks_footer_custom_js":"","_kad_post_transparent":"","_kad_post_title":"","_kad_post_layout":"","_kad_post_sidebar_id":"","_kad_post_content_style":"","_kad_post_vertical_padding":"","_kad_post_feature":"","_kad_post_feature_position":"","_kad_post_header":false,"_kad_post_footer":false,"_kad_post_classname":"","footnotes":""},"categories":[53],"tags":[],"class_list":["post-7458","post","type-post","status-publish","format-standard","has-post-thumbnail","hentry","category-meldungen"],"acf":[],"yoast_head":"<!-- This site is optimized with the Yoast SEO plugin v27.5 - https:\/\/yoast.com\/product\/yoast-seo-wordpress\/ -->\n<title>&quot;Nach der Spritze mit einem L\u00e4cheln raus&quot; - Lebenshilfe Dillenburg e.V.<\/title>\n<meta name=\"robots\" content=\"index, follow, max-snippet:-1, max-image-preview:large, max-video-preview:-1\" \/>\n<link rel=\"canonical\" href=\"https:\/\/lebenshilfe-dillenburg.de\/leicht\/nach-der-spritze-mit-einem-laecheln-raus\/\" \/>\n<meta property=\"og:locale\" content=\"de_DE\" \/>\n<meta property=\"og:type\" content=\"article\" \/>\n<meta property=\"og:title\" content=\"&quot;Nach der Spritze mit einem L\u00e4cheln raus&quot; - Lebenshilfe Dillenburg e.V.\" \/>\n<meta property=\"og:description\" content=\"\u201eWir sind dankbar, in dieser entscheidenden Phase der Pandemie einen starken Partner an unserer Seite zu haben.\u201c Die Lebenshilfe Dillenburg hat am Mittwoch in ihrer Werkstatt in Flammersbach den mobilen Impfteams des Deutschen Roten Kreuzes (DRK) gedankt.\" \/>\n<meta property=\"og:url\" content=\"https:\/\/lebenshilfe-dillenburg.de\/leicht\/nach-der-spritze-mit-einem-laecheln-raus\/\" \/>\n<meta property=\"og:site_name\" content=\"Lebenshilfe Dillenburg e.V.\" \/>\n<meta property=\"article:publisher\" content=\"https:\/\/www.facebook.com\/lebenshilfedillenburg\/\" \/>\n<meta property=\"article:published_time\" content=\"2021-07-01T14:05:32+00:00\" \/>\n<meta property=\"article:modified_time\" content=\"2026-01-30T11:09:37+00:00\" \/>\n<meta property=\"og:image\" content=\"https:\/\/lebenshilfe-dillenburg.de\/wp-content\/uploads\/img-2921-scaled-1.jpg\" \/>\n\t<meta property=\"og:image:width\" content=\"2560\" \/>\n\t<meta property=\"og:image:height\" content=\"1707\" \/>\n\t<meta property=\"og:image:type\" content=\"image\/jpeg\" \/>\n<meta name=\"author\" content=\"Conny Holtfoth\" \/>\n<meta name=\"twitter:card\" content=\"summary_large_image\" \/>\n<meta name=\"twitter:label1\" content=\"Geschrieben von\" \/>\n\t<meta name=\"twitter:data1\" content=\"Conny Holtfoth\" \/>\n\t<meta name=\"twitter:label2\" content=\"Gesch\u00e4tzte Lesezeit\" \/>\n\t<meta name=\"twitter:data2\" content=\"2\u00a0Minuten\" \/>\n<script type=\"application\/ld+json\" class=\"yoast-schema-graph\">{\"@context\":\"https:\\\/\\\/schema.org\",\"@graph\":[{\"@type\":\"Article\",\"@id\":\"https:\\\/\\\/lebenshilfe-dillenburg.de\\\/leicht\\\/nach-der-spritze-mit-einem-laecheln-raus\\\/#article\",\"isPartOf\":{\"@id\":\"https:\\\/\\\/lebenshilfe-dillenburg.de\\\/leicht\\\/nach-der-spritze-mit-einem-laecheln-raus\\\/\"},\"author\":{\"name\":\"Conny Holtfoth\",\"@id\":\"https:\\\/\\\/lebenshilfe-dillenburg.de\\\/leicht\\\/#\\\/schema\\\/person\\\/b6c52dad8d881b49213c3345a7cd5efe\"},\"headline\":\"&#8222;Nach der Spritze mit einem L\u00e4cheln raus&#8220;\",\"datePublished\":\"2021-07-01T14:05:32+00:00\",\"dateModified\":\"2026-01-30T11:09:37+00:00\",\"mainEntityOfPage\":{\"@id\":\"https:\\\/\\\/lebenshilfe-dillenburg.de\\\/leicht\\\/nach-der-spritze-mit-einem-laecheln-raus\\\/\"},\"wordCount\":316,\"publisher\":{\"@id\":\"https:\\\/\\\/lebenshilfe-dillenburg.de\\\/leicht\\\/#organization\"},\"image\":{\"@id\":\"https:\\\/\\\/lebenshilfe-dillenburg.de\\\/leicht\\\/nach-der-spritze-mit-einem-laecheln-raus\\\/#primaryimage\"},\"thumbnailUrl\":\"https:\\\/\\\/lebenshilfe-dillenburg.de\\\/wp-content\\\/uploads\\\/drk-impfteam-dank-genusskoerbe-gruppenfoto.jpg\",\"articleSection\":[\"Meldungen\"],\"inLanguage\":\"de\"},{\"@type\":\"WebPage\",\"@id\":\"https:\\\/\\\/lebenshilfe-dillenburg.de\\\/leicht\\\/nach-der-spritze-mit-einem-laecheln-raus\\\/\",\"url\":\"https:\\\/\\\/lebenshilfe-dillenburg.de\\\/leicht\\\/nach-der-spritze-mit-einem-laecheln-raus\\\/\",\"name\":\"\\\"Nach der Spritze mit einem L\u00e4cheln raus\\\" - Lebenshilfe Dillenburg e.V.\",\"isPartOf\":{\"@id\":\"https:\\\/\\\/lebenshilfe-dillenburg.de\\\/leicht\\\/#website\"},\"primaryImageOfPage\":{\"@id\":\"https:\\\/\\\/lebenshilfe-dillenburg.de\\\/leicht\\\/nach-der-spritze-mit-einem-laecheln-raus\\\/#primaryimage\"},\"image\":{\"@id\":\"https:\\\/\\\/lebenshilfe-dillenburg.de\\\/leicht\\\/nach-der-spritze-mit-einem-laecheln-raus\\\/#primaryimage\"},\"thumbnailUrl\":\"https:\\\/\\\/lebenshilfe-dillenburg.de\\\/wp-content\\\/uploads\\\/drk-impfteam-dank-genusskoerbe-gruppenfoto.jpg\",\"datePublished\":\"2021-07-01T14:05:32+00:00\",\"dateModified\":\"2026-01-30T11:09:37+00:00\",\"breadcrumb\":{\"@id\":\"https:\\\/\\\/lebenshilfe-dillenburg.de\\\/leicht\\\/nach-der-spritze-mit-einem-laecheln-raus\\\/#breadcrumb\"},\"inLanguage\":\"de\",\"potentialAction\":[{\"@type\":\"ReadAction\",\"target\":[\"https:\\\/\\\/lebenshilfe-dillenburg.de\\\/leicht\\\/nach-der-spritze-mit-einem-laecheln-raus\\\/\"]}]},{\"@type\":\"ImageObject\",\"inLanguage\":\"de\",\"@id\":\"https:\\\/\\\/lebenshilfe-dillenburg.de\\\/leicht\\\/nach-der-spritze-mit-einem-laecheln-raus\\\/#primaryimage\",\"url\":\"https:\\\/\\\/lebenshilfe-dillenburg.de\\\/wp-content\\\/uploads\\\/drk-impfteam-dank-genusskoerbe-gruppenfoto.jpg\",\"contentUrl\":\"https:\\\/\\\/lebenshilfe-dillenburg.de\\\/wp-content\\\/uploads\\\/drk-impfteam-dank-genusskoerbe-gruppenfoto.jpg\",\"width\":1500,\"height\":1000,\"caption\":\"Den Impfteams um Stefan Tielmann (Bildmitte) gedankt haben von Seiten der Lebenshilfe Dillenburg (v.l.) Personalreferent Simon Braun, Annett Hoffmann (Sozialer Dienst), Wohnbereichsleitung Tanja Rockens\u00fc\u00df, Sozialdienstleitung Karin Schill sowie Vorstand Dirk Botzon (r.) und Patrick Hofmann (Sozialer Dienst, hinten). Es fehlt: stellvertretender Werkstattbereichsleiter Lars L\u00fcckoff. (Foto: Holtfoth)\"},{\"@type\":\"BreadcrumbList\",\"@id\":\"https:\\\/\\\/lebenshilfe-dillenburg.de\\\/leicht\\\/nach-der-spritze-mit-einem-laecheln-raus\\\/#breadcrumb\",\"itemListElement\":[{\"@type\":\"ListItem\",\"position\":1,\"name\":\"Startseite der Lebenshilfe Dillenburg\",\"item\":\"https:\\\/\\\/lebenshilfe-dillenburg.de\\\/leicht\\\/\"},{\"@type\":\"ListItem\",\"position\":2,\"name\":\"&#8222;Nach der Spritze mit einem L\u00e4cheln raus&#8220;\"}]},{\"@type\":\"WebSite\",\"@id\":\"https:\\\/\\\/lebenshilfe-dillenburg.de\\\/leicht\\\/#website\",\"url\":\"https:\\\/\\\/lebenshilfe-dillenburg.de\\\/leicht\\\/\",\"name\":\"Lebenshilfe Dillenburg \u2013 Teilhabe & Unterst\u00fctzung im Lahn-Dill-Kreis\",\"description\":\"\",\"publisher\":{\"@id\":\"https:\\\/\\\/lebenshilfe-dillenburg.de\\\/leicht\\\/#organization\"},\"potentialAction\":[{\"@type\":\"SearchAction\",\"target\":{\"@type\":\"EntryPoint\",\"urlTemplate\":\"https:\\\/\\\/lebenshilfe-dillenburg.de\\\/leicht\\\/?s={search_term_string}\"},\"query-input\":{\"@type\":\"PropertyValueSpecification\",\"valueRequired\":true,\"valueName\":\"search_term_string\"}}],\"inLanguage\":\"de\"},{\"@type\":\"Organization\",\"@id\":\"https:\\\/\\\/lebenshilfe-dillenburg.de\\\/leicht\\\/#organization\",\"name\":\"Lebenshilfe Dillenburg e.V.\",\"url\":\"https:\\\/\\\/lebenshilfe-dillenburg.de\\\/leicht\\\/\",\"logo\":{\"@type\":\"ImageObject\",\"inLanguage\":\"de\",\"@id\":\"https:\\\/\\\/lebenshilfe-dillenburg.de\\\/leicht\\\/#\\\/schema\\\/logo\\\/image\\\/\",\"url\":\"https:\\\/\\\/lebenshilfe-dillenburg.de\\\/wp-content\\\/uploads\\\/lebenshilfe-dillenburg-desktop.webp\",\"contentUrl\":\"https:\\\/\\\/lebenshilfe-dillenburg.de\\\/wp-content\\\/uploads\\\/lebenshilfe-dillenburg-desktop.webp\",\"width\":461,\"height\":202,\"caption\":\"Lebenshilfe Dillenburg e.V.\"},\"image\":{\"@id\":\"https:\\\/\\\/lebenshilfe-dillenburg.de\\\/leicht\\\/#\\\/schema\\\/logo\\\/image\\\/\"},\"sameAs\":[\"https:\\\/\\\/www.facebook.com\\\/lebenshilfedillenburg\\\/\",\"https:\\\/\\\/www.instagram.com\\\/lebenshilfe_dillenburg\\\/\"]},{\"@type\":\"Person\",\"@id\":\"https:\\\/\\\/lebenshilfe-dillenburg.de\\\/leicht\\\/#\\\/schema\\\/person\\\/b6c52dad8d881b49213c3345a7cd5efe\",\"name\":\"Conny Holtfoth\",\"sameAs\":[\"http:\\\/\\\/lebenshilfe-dillenburg.de\"],\"url\":\"https:\\\/\\\/lebenshilfe-dillenburg.de\\\/leicht\\\/author\\\/conny\\\/\"}]}<\/script>\n<!-- \/ Yoast SEO plugin. -->","yoast_head_json":{"title":"\"Nach der Spritze mit einem L\u00e4cheln raus\" - Lebenshilfe Dillenburg e.V.","robots":{"index":"index","follow":"follow","max-snippet":"max-snippet:-1","max-image-preview":"max-image-preview:large","max-video-preview":"max-video-preview:-1"},"canonical":"https:\/\/lebenshilfe-dillenburg.de\/leicht\/nach-der-spritze-mit-einem-laecheln-raus\/","og_locale":"de_DE","og_type":"article","og_title":"\"Nach der Spritze mit einem L\u00e4cheln raus\" - Lebenshilfe Dillenburg e.V.","og_description":"\u201eWir sind dankbar, in dieser entscheidenden Phase der Pandemie einen starken Partner an unserer Seite zu haben.\u201c Die Lebenshilfe Dillenburg hat am Mittwoch in ihrer Werkstatt in Flammersbach den mobilen Impfteams des Deutschen Roten Kreuzes (DRK) gedankt.","og_url":"https:\/\/lebenshilfe-dillenburg.de\/leicht\/nach-der-spritze-mit-einem-laecheln-raus\/","og_site_name":"Lebenshilfe Dillenburg e.V.","article_publisher":"https:\/\/www.facebook.com\/lebenshilfedillenburg\/","article_published_time":"2021-07-01T14:05:32+00:00","article_modified_time":"2026-01-30T11:09:37+00:00","og_image":[{"width":2560,"height":1707,"url":"https:\/\/lebenshilfe-dillenburg.de\/wp-content\/uploads\/img-2921-scaled-1.jpg","type":"image\/jpeg"}],"author":"Conny Holtfoth","twitter_card":"summary_large_image","twitter_misc":{"Geschrieben von":"Conny Holtfoth","Gesch\u00e4tzte Lesezeit":"2\u00a0Minuten"},"schema":{"@context":"https:\/\/schema.org","@graph":[{"@type":"Article","@id":"https:\/\/lebenshilfe-dillenburg.de\/leicht\/nach-der-spritze-mit-einem-laecheln-raus\/#article","isPartOf":{"@id":"https:\/\/lebenshilfe-dillenburg.de\/leicht\/nach-der-spritze-mit-einem-laecheln-raus\/"},"author":{"name":"Conny Holtfoth","@id":"https:\/\/lebenshilfe-dillenburg.de\/leicht\/#\/schema\/person\/b6c52dad8d881b49213c3345a7cd5efe"},"headline":"&#8222;Nach der Spritze mit einem L\u00e4cheln raus&#8220;","datePublished":"2021-07-01T14:05:32+00:00","dateModified":"2026-01-30T11:09:37+00:00","mainEntityOfPage":{"@id":"https:\/\/lebenshilfe-dillenburg.de\/leicht\/nach-der-spritze-mit-einem-laecheln-raus\/"},"wordCount":316,"publisher":{"@id":"https:\/\/lebenshilfe-dillenburg.de\/leicht\/#organization"},"image":{"@id":"https:\/\/lebenshilfe-dillenburg.de\/leicht\/nach-der-spritze-mit-einem-laecheln-raus\/#primaryimage"},"thumbnailUrl":"https:\/\/lebenshilfe-dillenburg.de\/wp-content\/uploads\/drk-impfteam-dank-genusskoerbe-gruppenfoto.jpg","articleSection":["Meldungen"],"inLanguage":"de"},{"@type":"WebPage","@id":"https:\/\/lebenshilfe-dillenburg.de\/leicht\/nach-der-spritze-mit-einem-laecheln-raus\/","url":"https:\/\/lebenshilfe-dillenburg.de\/leicht\/nach-der-spritze-mit-einem-laecheln-raus\/","name":"\"Nach der Spritze mit einem L\u00e4cheln raus\" - Lebenshilfe Dillenburg e.V.","isPartOf":{"@id":"https:\/\/lebenshilfe-dillenburg.de\/leicht\/#website"},"primaryImageOfPage":{"@id":"https:\/\/lebenshilfe-dillenburg.de\/leicht\/nach-der-spritze-mit-einem-laecheln-raus\/#primaryimage"},"image":{"@id":"https:\/\/lebenshilfe-dillenburg.de\/leicht\/nach-der-spritze-mit-einem-laecheln-raus\/#primaryimage"},"thumbnailUrl":"https:\/\/lebenshilfe-dillenburg.de\/wp-content\/uploads\/drk-impfteam-dank-genusskoerbe-gruppenfoto.jpg","datePublished":"2021-07-01T14:05:32+00:00","dateModified":"2026-01-30T11:09:37+00:00","breadcrumb":{"@id":"https:\/\/lebenshilfe-dillenburg.de\/leicht\/nach-der-spritze-mit-einem-laecheln-raus\/#breadcrumb"},"inLanguage":"de","potentialAction":[{"@type":"ReadAction","target":["https:\/\/lebenshilfe-dillenburg.de\/leicht\/nach-der-spritze-mit-einem-laecheln-raus\/"]}]},{"@type":"ImageObject","inLanguage":"de","@id":"https:\/\/lebenshilfe-dillenburg.de\/leicht\/nach-der-spritze-mit-einem-laecheln-raus\/#primaryimage","url":"https:\/\/lebenshilfe-dillenburg.de\/wp-content\/uploads\/drk-impfteam-dank-genusskoerbe-gruppenfoto.jpg","contentUrl":"https:\/\/lebenshilfe-dillenburg.de\/wp-content\/uploads\/drk-impfteam-dank-genusskoerbe-gruppenfoto.jpg","width":1500,"height":1000,"caption":"Den Impfteams um Stefan Tielmann (Bildmitte) gedankt haben von Seiten der Lebenshilfe Dillenburg (v.l.) Personalreferent Simon Braun, Annett Hoffmann (Sozialer Dienst), Wohnbereichsleitung Tanja Rockens\u00fc\u00df, Sozialdienstleitung Karin Schill sowie Vorstand Dirk Botzon (r.) und Patrick Hofmann (Sozialer Dienst, hinten). Es fehlt: stellvertretender Werkstattbereichsleiter Lars L\u00fcckoff. (Foto: Holtfoth)"},{"@type":"BreadcrumbList","@id":"https:\/\/lebenshilfe-dillenburg.de\/leicht\/nach-der-spritze-mit-einem-laecheln-raus\/#breadcrumb","itemListElement":[{"@type":"ListItem","position":1,"name":"Startseite der Lebenshilfe Dillenburg","item":"https:\/\/lebenshilfe-dillenburg.de\/leicht\/"},{"@type":"ListItem","position":2,"name":"&#8222;Nach der Spritze mit einem L\u00e4cheln raus&#8220;"}]},{"@type":"WebSite","@id":"https:\/\/lebenshilfe-dillenburg.de\/leicht\/#website","url":"https:\/\/lebenshilfe-dillenburg.de\/leicht\/","name":"Lebenshilfe Dillenburg \u2013 Teilhabe & Unterst\u00fctzung im Lahn-Dill-Kreis","description":"","publisher":{"@id":"https:\/\/lebenshilfe-dillenburg.de\/leicht\/#organization"},"potentialAction":[{"@type":"SearchAction","target":{"@type":"EntryPoint","urlTemplate":"https:\/\/lebenshilfe-dillenburg.de\/leicht\/?s={search_term_string}"},"query-input":{"@type":"PropertyValueSpecification","valueRequired":true,"valueName":"search_term_string"}}],"inLanguage":"de"},{"@type":"Organization","@id":"https:\/\/lebenshilfe-dillenburg.de\/leicht\/#organization","name":"Lebenshilfe Dillenburg e.V.","url":"https:\/\/lebenshilfe-dillenburg.de\/leicht\/","logo":{"@type":"ImageObject","inLanguage":"de","@id":"https:\/\/lebenshilfe-dillenburg.de\/leicht\/#\/schema\/logo\/image\/","url":"https:\/\/lebenshilfe-dillenburg.de\/wp-content\/uploads\/lebenshilfe-dillenburg-desktop.webp","contentUrl":"https:\/\/lebenshilfe-dillenburg.de\/wp-content\/uploads\/lebenshilfe-dillenburg-desktop.webp","width":461,"height":202,"caption":"Lebenshilfe Dillenburg e.V."},"image":{"@id":"https:\/\/lebenshilfe-dillenburg.de\/leicht\/#\/schema\/logo\/image\/"},"sameAs":["https:\/\/www.facebook.com\/lebenshilfedillenburg\/","https:\/\/www.instagram.com\/lebenshilfe_dillenburg\/"]},{"@type":"Person","@id":"https:\/\/lebenshilfe-dillenburg.de\/leicht\/#\/schema\/person\/b6c52dad8d881b49213c3345a7cd5efe","name":"Conny Holtfoth","sameAs":["http:\/\/lebenshilfe-dillenburg.de"],"url":"https:\/\/lebenshilfe-dillenburg.de\/leicht\/author\/conny\/"}]}},"taxonomy_info":{"category":[{"value":53,"label":"Meldungen"}]},"featured_image_src_large":["https:\/\/lebenshilfe-dillenburg.de\/wp-content\/uploads\/drk-impfteam-dank-genusskoerbe-gruppenfoto-1920x1280.jpg",1366,911,true],"author_info":{"display_name":"Conny Holtfoth","author_link":"https:\/\/lebenshilfe-dillenburg.de\/leicht\/author\/conny\/"},"comment_info":0,"category_info":[{"term_id":53,"name":"Meldungen","slug":"meldungen","term_group":0,"term_taxonomy_id":53,"taxonomy":"category","description":"","parent":0,"count":127,"filter":"raw","term_order":"5","cat_ID":53,"category_count":127,"category_description":"","cat_name":"Meldungen","category_nicename":"meldungen","category_parent":0}],"tag_info":false,"_links":{"self":[{"href":"https:\/\/lebenshilfe-dillenburg.de\/leicht\/wp-json\/wp\/v2\/posts\/7458","targetHints":{"allow":["GET"]}}],"collection":[{"href":"https:\/\/lebenshilfe-dillenburg.de\/leicht\/wp-json\/wp\/v2\/posts"}],"about":[{"href":"https:\/\/lebenshilfe-dillenburg.de\/leicht\/wp-json\/wp\/v2\/types\/post"}],"author":[{"embeddable":true,"href":"https:\/\/lebenshilfe-dillenburg.de\/leicht\/wp-json\/wp\/v2\/users\/4"}],"replies":[{"embeddable":true,"href":"https:\/\/lebenshilfe-dillenburg.de\/leicht\/wp-json\/wp\/v2\/comments?post=7458"}],"version-history":[{"count":0,"href":"https:\/\/lebenshilfe-dillenburg.de\/leicht\/wp-json\/wp\/v2\/posts\/7458\/revisions"}],"wp:featuredmedia":[{"embeddable":true,"href":"https:\/\/lebenshilfe-dillenburg.de\/leicht\/wp-json\/wp\/v2\/media\/7494"}],"wp:attachment":[{"href":"https:\/\/lebenshilfe-dillenburg.de\/leicht\/wp-json\/wp\/v2\/media?parent=7458"}],"wp:term":[{"taxonomy":"category","embeddable":true,"href":"https:\/\/lebenshilfe-dillenburg.de\/leicht\/wp-json\/wp\/v2\/categories?post=7458"},{"taxonomy":"post_tag","embeddable":true,"href":"https:\/\/lebenshilfe-dillenburg.de\/leicht\/wp-json\/wp\/v2\/tags?post=7458"}],"curies":[{"name":"wp","href":"https:\/\/api.w.org\/{rel}","templated":true}]}}