{"id":7462,"date":"2021-07-14T16:49:25","date_gmt":"2021-07-14T14:49:25","guid":{"rendered":"https:\/\/www.lebenshilfe-dillenburg.de\/?p=3270"},"modified":"2026-01-30T12:09:37","modified_gmt":"2026-01-30T11:09:37","slug":"schnuppertag-gegen-beruehrungsaengste","status":"publish","type":"post","link":"https:\/\/lebenshilfe-dillenburg.de\/leicht\/schnuppertag-gegen-beruehrungsaengste\/","title":{"rendered":"Schnuppertag gegen Ber\u00fchrungs\u00e4ngste"},"content":{"rendered":"<p>Schnuppertage statt Praktikum \u2013 die achten Klassen der Holderbergschule Eibelshausen haben verschiedene Berufsbilder kennengelernt. Einer dieser Schnuppertage f\u00fchrte sie in die besonderen Wohnformen der Lebenshilfe Dillenburg. Elf Sch\u00fclerinnen und ein Sch\u00fcler besuchten am Donnerstag die Wohnheime in Manderbach und Niederscheld.<!--more--><\/p>\n<p>\u201eUns ist es wichtig, dass auf diesem Weg Begegnungen auf Augenh\u00f6he entstehen\u201c, sagte Martina Thielmann, Wohnheimleiterin in Manderbach. Dieser Wunsch ging in Erf\u00fcllung: Nach anf\u00e4nglicher Sch\u00fcchternheit fielen erste Ber\u00fchrungs\u00e4ngste schnell ab. Die Bewohnerinnen und Bewohner der Tagesbetreuung zeigten den auf Corona getesteten G\u00e4sten bereitwillig ihre Zimmer und erz\u00e4hlten aus ihrem Lebensalltag. Gemeinsam bereiteten sie Waffeln und Erdbeeren vor, spielten \u201eMensch, \u00e4rgere Dich nicht\u201c, sangen oder lackierten Fingern\u00e4gel. \u201eDich mag ich richtig gern.\u201c Sympathiebekundungen von Bewohnerseite lie\u00dfen nicht lange auf sich warten.<\/p>\n<p>Auch das Feedback von Seiten der Jugendlichen war durchweg positiv \u2013 und \u00fcberrascht. Sie h\u00e4tten nicht mit solcher Offenheit gerechnet, hie\u00df es da etwa mehrfach. Oder auch, dass man sich erst einmal darauf einlassen m\u00fcsse, den Menschen mit Behinderung so zu begegnen, wie sie sind. \u201eAllein durch dieses Erleben und Wahrnehmen nehmen sie schon einiges mit\u201c, merkte Thielmann an. \u201eDamit ist das Ziel, die Eingliederungshilfe nach au\u00dfen zu \u00f6ffnen und darzustellen, bereits erreicht. Wenn dar\u00fcber hinaus noch h\u00e4ngenbleibt, was das hier bei der Lebenshilfe Dillenburg f\u00fcr ein cooler Arbeitsplatz ist, ist das nat\u00fcrlich umso sch\u00f6ner.\u201c Neben den Berufsm\u00f6glichkeiten in der Betreuung von Menschen mit Behinderungen lernten die jungen Menschen im Wohnheim Niederscheld zudem den Arbeitsbereich der Hauswirtschaft kennen.<\/p>\n<p>Die Schnuppertage entstanden, weil ein zweiw\u00f6chiges Berufspraktikum f\u00fcr die Achtkl\u00e4ssler pandemiebedingt in diesem Jahr nicht m\u00f6glich war. Insgesamt drei verschiedene Berufsbereiche haben die Sch\u00fclerinnen und Sch\u00fcler auf diesem Weg erlebt.<\/p>\n\n","protected":false},"excerpt":{"rendered":"<p>Schnuppertage statt Praktikum \u2013 die achten Klassen der Holderbergschule Eibelshausen haben verschiedene Berufsbilder kennengelernt. Einer dieser Schnuppertage f\u00fchrte sie in die besonderen Wohnformen der Lebenshilfe Dillenburg. Elf Sch\u00fclerinnen und ein Sch\u00fcler besuchten am Donnerstag die Wohnheime in Manderbach und Niederscheld.<\/p>\n","protected":false},"author":4,"featured_media":3276,"comment_status":"closed","ping_status":"closed","sticky":false,"template":"","format":"standard","meta":{"_acf_changed":false,"_gspb_post_css":"","_kad_blocks_custom_css":"","_kad_blocks_head_custom_js":"","_kad_blocks_body_custom_js":"","_kad_blocks_footer_custom_js":"","_kad_post_transparent":"","_kad_post_title":"","_kad_post_layout":"","_kad_post_sidebar_id":"","_kad_post_content_style":"","_kad_post_vertical_padding":"","_kad_post_feature":"","_kad_post_feature_position":"","_kad_post_header":false,"_kad_post_footer":false,"_kad_post_classname":"","footnotes":""},"categories":[52],"tags":[],"class_list":["post-7462","post","type-post","status-publish","format-standard","has-post-thumbnail","hentry","category-aktuelles"],"acf":[],"yoast_head":"<!-- This site is optimized with the Yoast SEO plugin v27.5 - https:\/\/yoast.com\/product\/yoast-seo-wordpress\/ -->\n<title>Schnuppertag gegen Ber\u00fchrungs\u00e4ngste - Lebenshilfe Dillenburg e.V.<\/title>\n<meta name=\"robots\" content=\"index, follow, max-snippet:-1, max-image-preview:large, max-video-preview:-1\" \/>\n<link rel=\"canonical\" href=\"https:\/\/lebenshilfe-dillenburg.de\/leicht\/schnuppertag-gegen-beruehrungsaengste\/\" \/>\n<meta property=\"og:locale\" content=\"de_DE\" \/>\n<meta property=\"og:type\" content=\"article\" \/>\n<meta property=\"og:title\" content=\"Schnuppertag gegen Ber\u00fchrungs\u00e4ngste - Lebenshilfe Dillenburg e.V.\" \/>\n<meta property=\"og:description\" content=\"Schnuppertage statt Praktikum \u2013 die achten Klassen der Holderbergschule Eibelshausen haben verschiedene Berufsbilder kennengelernt. Einer dieser Schnuppertage f\u00fchrte sie in die besonderen Wohnformen der Lebenshilfe Dillenburg. Elf Sch\u00fclerinnen und ein Sch\u00fcler besuchten am Donnerstag die Wohnheime in Manderbach und Niederscheld.\" \/>\n<meta property=\"og:url\" content=\"https:\/\/lebenshilfe-dillenburg.de\/leicht\/schnuppertag-gegen-beruehrungsaengste\/\" \/>\n<meta property=\"og:site_name\" content=\"Lebenshilfe Dillenburg e.V.\" \/>\n<meta property=\"article:publisher\" content=\"https:\/\/www.facebook.com\/lebenshilfedillenburg\/\" \/>\n<meta property=\"article:published_time\" content=\"2021-07-14T14:49:25+00:00\" \/>\n<meta property=\"article:modified_time\" content=\"2026-01-30T11:09:37+00:00\" \/>\n<meta property=\"og:image\" content=\"https:\/\/lebenshilfe-dillenburg.de\/wp-content\/uploads\/img-3260-scaled-2.jpg\" \/>\n\t<meta property=\"og:image:width\" content=\"2560\" \/>\n\t<meta property=\"og:image:height\" content=\"1707\" \/>\n\t<meta property=\"og:image:type\" content=\"image\/jpeg\" \/>\n<meta name=\"author\" content=\"Conny Holtfoth\" \/>\n<meta name=\"twitter:card\" content=\"summary_large_image\" \/>\n<meta name=\"twitter:label1\" content=\"Geschrieben von\" \/>\n\t<meta name=\"twitter:data1\" content=\"Conny Holtfoth\" \/>\n\t<meta name=\"twitter:label2\" content=\"Gesch\u00e4tzte Lesezeit\" \/>\n\t<meta name=\"twitter:data2\" content=\"1\u00a0Minute\" \/>\n<script type=\"application\/ld+json\" class=\"yoast-schema-graph\">{\"@context\":\"https:\\\/\\\/schema.org\",\"@graph\":[{\"@type\":\"Article\",\"@id\":\"https:\\\/\\\/lebenshilfe-dillenburg.de\\\/leicht\\\/schnuppertag-gegen-beruehrungsaengste\\\/#article\",\"isPartOf\":{\"@id\":\"https:\\\/\\\/lebenshilfe-dillenburg.de\\\/leicht\\\/schnuppertag-gegen-beruehrungsaengste\\\/\"},\"author\":{\"name\":\"Conny Holtfoth\",\"@id\":\"https:\\\/\\\/lebenshilfe-dillenburg.de\\\/leicht\\\/#\\\/schema\\\/person\\\/b6c52dad8d881b49213c3345a7cd5efe\"},\"headline\":\"Schnuppertag gegen Ber\u00fchrungs\u00e4ngste\",\"datePublished\":\"2021-07-14T14:49:25+00:00\",\"dateModified\":\"2026-01-30T11:09:37+00:00\",\"mainEntityOfPage\":{\"@id\":\"https:\\\/\\\/lebenshilfe-dillenburg.de\\\/leicht\\\/schnuppertag-gegen-beruehrungsaengste\\\/\"},\"wordCount\":302,\"publisher\":{\"@id\":\"https:\\\/\\\/lebenshilfe-dillenburg.de\\\/leicht\\\/#organization\"},\"image\":{\"@id\":\"https:\\\/\\\/lebenshilfe-dillenburg.de\\\/leicht\\\/schnuppertag-gegen-beruehrungsaengste\\\/#primaryimage\"},\"thumbnailUrl\":\"https:\\\/\\\/lebenshilfe-dillenburg.de\\\/wp-content\\\/uploads\\\/waffelbacken-wohnheim-manderbach-betreuung.jpg\",\"articleSection\":[\"Aktuelles\"],\"inLanguage\":\"de\"},{\"@type\":\"WebPage\",\"@id\":\"https:\\\/\\\/lebenshilfe-dillenburg.de\\\/leicht\\\/schnuppertag-gegen-beruehrungsaengste\\\/\",\"url\":\"https:\\\/\\\/lebenshilfe-dillenburg.de\\\/leicht\\\/schnuppertag-gegen-beruehrungsaengste\\\/\",\"name\":\"Schnuppertag gegen Ber\u00fchrungs\u00e4ngste - Lebenshilfe Dillenburg e.V.\",\"isPartOf\":{\"@id\":\"https:\\\/\\\/lebenshilfe-dillenburg.de\\\/leicht\\\/#website\"},\"primaryImageOfPage\":{\"@id\":\"https:\\\/\\\/lebenshilfe-dillenburg.de\\\/leicht\\\/schnuppertag-gegen-beruehrungsaengste\\\/#primaryimage\"},\"image\":{\"@id\":\"https:\\\/\\\/lebenshilfe-dillenburg.de\\\/leicht\\\/schnuppertag-gegen-beruehrungsaengste\\\/#primaryimage\"},\"thumbnailUrl\":\"https:\\\/\\\/lebenshilfe-dillenburg.de\\\/wp-content\\\/uploads\\\/waffelbacken-wohnheim-manderbach-betreuung.jpg\",\"datePublished\":\"2021-07-14T14:49:25+00:00\",\"dateModified\":\"2026-01-30T11:09:37+00:00\",\"breadcrumb\":{\"@id\":\"https:\\\/\\\/lebenshilfe-dillenburg.de\\\/leicht\\\/schnuppertag-gegen-beruehrungsaengste\\\/#breadcrumb\"},\"inLanguage\":\"de\",\"potentialAction\":[{\"@type\":\"ReadAction\",\"target\":[\"https:\\\/\\\/lebenshilfe-dillenburg.de\\\/leicht\\\/schnuppertag-gegen-beruehrungsaengste\\\/\"]}]},{\"@type\":\"ImageObject\",\"inLanguage\":\"de\",\"@id\":\"https:\\\/\\\/lebenshilfe-dillenburg.de\\\/leicht\\\/schnuppertag-gegen-beruehrungsaengste\\\/#primaryimage\",\"url\":\"https:\\\/\\\/lebenshilfe-dillenburg.de\\\/wp-content\\\/uploads\\\/waffelbacken-wohnheim-manderbach-betreuung.jpg\",\"contentUrl\":\"https:\\\/\\\/lebenshilfe-dillenburg.de\\\/wp-content\\\/uploads\\\/waffelbacken-wohnheim-manderbach-betreuung.jpg\",\"width\":1500,\"height\":1000,\"caption\":\"Gemeinsame Waffelproduktion im Wohnheim Manderbach.\"},{\"@type\":\"BreadcrumbList\",\"@id\":\"https:\\\/\\\/lebenshilfe-dillenburg.de\\\/leicht\\\/schnuppertag-gegen-beruehrungsaengste\\\/#breadcrumb\",\"itemListElement\":[{\"@type\":\"ListItem\",\"position\":1,\"name\":\"Startseite der Lebenshilfe Dillenburg\",\"item\":\"https:\\\/\\\/lebenshilfe-dillenburg.de\\\/leicht\\\/\"},{\"@type\":\"ListItem\",\"position\":2,\"name\":\"Schnuppertag gegen Ber\u00fchrungs\u00e4ngste\"}]},{\"@type\":\"WebSite\",\"@id\":\"https:\\\/\\\/lebenshilfe-dillenburg.de\\\/leicht\\\/#website\",\"url\":\"https:\\\/\\\/lebenshilfe-dillenburg.de\\\/leicht\\\/\",\"name\":\"Lebenshilfe Dillenburg \u2013 Teilhabe & Unterst\u00fctzung im Lahn-Dill-Kreis\",\"description\":\"\",\"publisher\":{\"@id\":\"https:\\\/\\\/lebenshilfe-dillenburg.de\\\/leicht\\\/#organization\"},\"potentialAction\":[{\"@type\":\"SearchAction\",\"target\":{\"@type\":\"EntryPoint\",\"urlTemplate\":\"https:\\\/\\\/lebenshilfe-dillenburg.de\\\/leicht\\\/?s={search_term_string}\"},\"query-input\":{\"@type\":\"PropertyValueSpecification\",\"valueRequired\":true,\"valueName\":\"search_term_string\"}}],\"inLanguage\":\"de\"},{\"@type\":\"Organization\",\"@id\":\"https:\\\/\\\/lebenshilfe-dillenburg.de\\\/leicht\\\/#organization\",\"name\":\"Lebenshilfe Dillenburg e.V.\",\"url\":\"https:\\\/\\\/lebenshilfe-dillenburg.de\\\/leicht\\\/\",\"logo\":{\"@type\":\"ImageObject\",\"inLanguage\":\"de\",\"@id\":\"https:\\\/\\\/lebenshilfe-dillenburg.de\\\/leicht\\\/#\\\/schema\\\/logo\\\/image\\\/\",\"url\":\"https:\\\/\\\/lebenshilfe-dillenburg.de\\\/wp-content\\\/uploads\\\/lebenshilfe-dillenburg-desktop.webp\",\"contentUrl\":\"https:\\\/\\\/lebenshilfe-dillenburg.de\\\/wp-content\\\/uploads\\\/lebenshilfe-dillenburg-desktop.webp\",\"width\":461,\"height\":202,\"caption\":\"Lebenshilfe Dillenburg e.V.\"},\"image\":{\"@id\":\"https:\\\/\\\/lebenshilfe-dillenburg.de\\\/leicht\\\/#\\\/schema\\\/logo\\\/image\\\/\"},\"sameAs\":[\"https:\\\/\\\/www.facebook.com\\\/lebenshilfedillenburg\\\/\",\"https:\\\/\\\/www.instagram.com\\\/lebenshilfe_dillenburg\\\/\"]},{\"@type\":\"Person\",\"@id\":\"https:\\\/\\\/lebenshilfe-dillenburg.de\\\/leicht\\\/#\\\/schema\\\/person\\\/b6c52dad8d881b49213c3345a7cd5efe\",\"name\":\"Conny Holtfoth\",\"sameAs\":[\"http:\\\/\\\/lebenshilfe-dillenburg.de\"],\"url\":\"https:\\\/\\\/lebenshilfe-dillenburg.de\\\/leicht\\\/author\\\/conny\\\/\"}]}<\/script>\n<!-- \/ Yoast SEO plugin. -->","yoast_head_json":{"title":"Schnuppertag gegen Ber\u00fchrungs\u00e4ngste - Lebenshilfe Dillenburg e.V.","robots":{"index":"index","follow":"follow","max-snippet":"max-snippet:-1","max-image-preview":"max-image-preview:large","max-video-preview":"max-video-preview:-1"},"canonical":"https:\/\/lebenshilfe-dillenburg.de\/leicht\/schnuppertag-gegen-beruehrungsaengste\/","og_locale":"de_DE","og_type":"article","og_title":"Schnuppertag gegen Ber\u00fchrungs\u00e4ngste - Lebenshilfe Dillenburg e.V.","og_description":"Schnuppertage statt Praktikum \u2013 die achten Klassen der Holderbergschule Eibelshausen haben verschiedene Berufsbilder kennengelernt. Einer dieser Schnuppertage f\u00fchrte sie in die besonderen Wohnformen der Lebenshilfe Dillenburg. Elf Sch\u00fclerinnen und ein Sch\u00fcler besuchten am Donnerstag die Wohnheime in Manderbach und Niederscheld.","og_url":"https:\/\/lebenshilfe-dillenburg.de\/leicht\/schnuppertag-gegen-beruehrungsaengste\/","og_site_name":"Lebenshilfe Dillenburg e.V.","article_publisher":"https:\/\/www.facebook.com\/lebenshilfedillenburg\/","article_published_time":"2021-07-14T14:49:25+00:00","article_modified_time":"2026-01-30T11:09:37+00:00","og_image":[{"width":2560,"height":1707,"url":"https:\/\/lebenshilfe-dillenburg.de\/wp-content\/uploads\/img-3260-scaled-2.jpg","type":"image\/jpeg"}],"author":"Conny Holtfoth","twitter_card":"summary_large_image","twitter_misc":{"Geschrieben von":"Conny Holtfoth","Gesch\u00e4tzte Lesezeit":"1\u00a0Minute"},"schema":{"@context":"https:\/\/schema.org","@graph":[{"@type":"Article","@id":"https:\/\/lebenshilfe-dillenburg.de\/leicht\/schnuppertag-gegen-beruehrungsaengste\/#article","isPartOf":{"@id":"https:\/\/lebenshilfe-dillenburg.de\/leicht\/schnuppertag-gegen-beruehrungsaengste\/"},"author":{"name":"Conny Holtfoth","@id":"https:\/\/lebenshilfe-dillenburg.de\/leicht\/#\/schema\/person\/b6c52dad8d881b49213c3345a7cd5efe"},"headline":"Schnuppertag gegen Ber\u00fchrungs\u00e4ngste","datePublished":"2021-07-14T14:49:25+00:00","dateModified":"2026-01-30T11:09:37+00:00","mainEntityOfPage":{"@id":"https:\/\/lebenshilfe-dillenburg.de\/leicht\/schnuppertag-gegen-beruehrungsaengste\/"},"wordCount":302,"publisher":{"@id":"https:\/\/lebenshilfe-dillenburg.de\/leicht\/#organization"},"image":{"@id":"https:\/\/lebenshilfe-dillenburg.de\/leicht\/schnuppertag-gegen-beruehrungsaengste\/#primaryimage"},"thumbnailUrl":"https:\/\/lebenshilfe-dillenburg.de\/wp-content\/uploads\/waffelbacken-wohnheim-manderbach-betreuung.jpg","articleSection":["Aktuelles"],"inLanguage":"de"},{"@type":"WebPage","@id":"https:\/\/lebenshilfe-dillenburg.de\/leicht\/schnuppertag-gegen-beruehrungsaengste\/","url":"https:\/\/lebenshilfe-dillenburg.de\/leicht\/schnuppertag-gegen-beruehrungsaengste\/","name":"Schnuppertag gegen Ber\u00fchrungs\u00e4ngste - Lebenshilfe Dillenburg e.V.","isPartOf":{"@id":"https:\/\/lebenshilfe-dillenburg.de\/leicht\/#website"},"primaryImageOfPage":{"@id":"https:\/\/lebenshilfe-dillenburg.de\/leicht\/schnuppertag-gegen-beruehrungsaengste\/#primaryimage"},"image":{"@id":"https:\/\/lebenshilfe-dillenburg.de\/leicht\/schnuppertag-gegen-beruehrungsaengste\/#primaryimage"},"thumbnailUrl":"https:\/\/lebenshilfe-dillenburg.de\/wp-content\/uploads\/waffelbacken-wohnheim-manderbach-betreuung.jpg","datePublished":"2021-07-14T14:49:25+00:00","dateModified":"2026-01-30T11:09:37+00:00","breadcrumb":{"@id":"https:\/\/lebenshilfe-dillenburg.de\/leicht\/schnuppertag-gegen-beruehrungsaengste\/#breadcrumb"},"inLanguage":"de","potentialAction":[{"@type":"ReadAction","target":["https:\/\/lebenshilfe-dillenburg.de\/leicht\/schnuppertag-gegen-beruehrungsaengste\/"]}]},{"@type":"ImageObject","inLanguage":"de","@id":"https:\/\/lebenshilfe-dillenburg.de\/leicht\/schnuppertag-gegen-beruehrungsaengste\/#primaryimage","url":"https:\/\/lebenshilfe-dillenburg.de\/wp-content\/uploads\/waffelbacken-wohnheim-manderbach-betreuung.jpg","contentUrl":"https:\/\/lebenshilfe-dillenburg.de\/wp-content\/uploads\/waffelbacken-wohnheim-manderbach-betreuung.jpg","width":1500,"height":1000,"caption":"Gemeinsame Waffelproduktion im Wohnheim Manderbach."},{"@type":"BreadcrumbList","@id":"https:\/\/lebenshilfe-dillenburg.de\/leicht\/schnuppertag-gegen-beruehrungsaengste\/#breadcrumb","itemListElement":[{"@type":"ListItem","position":1,"name":"Startseite der Lebenshilfe Dillenburg","item":"https:\/\/lebenshilfe-dillenburg.de\/leicht\/"},{"@type":"ListItem","position":2,"name":"Schnuppertag gegen Ber\u00fchrungs\u00e4ngste"}]},{"@type":"WebSite","@id":"https:\/\/lebenshilfe-dillenburg.de\/leicht\/#website","url":"https:\/\/lebenshilfe-dillenburg.de\/leicht\/","name":"Lebenshilfe Dillenburg \u2013 Teilhabe & Unterst\u00fctzung im Lahn-Dill-Kreis","description":"","publisher":{"@id":"https:\/\/lebenshilfe-dillenburg.de\/leicht\/#organization"},"potentialAction":[{"@type":"SearchAction","target":{"@type":"EntryPoint","urlTemplate":"https:\/\/lebenshilfe-dillenburg.de\/leicht\/?s={search_term_string}"},"query-input":{"@type":"PropertyValueSpecification","valueRequired":true,"valueName":"search_term_string"}}],"inLanguage":"de"},{"@type":"Organization","@id":"https:\/\/lebenshilfe-dillenburg.de\/leicht\/#organization","name":"Lebenshilfe Dillenburg e.V.","url":"https:\/\/lebenshilfe-dillenburg.de\/leicht\/","logo":{"@type":"ImageObject","inLanguage":"de","@id":"https:\/\/lebenshilfe-dillenburg.de\/leicht\/#\/schema\/logo\/image\/","url":"https:\/\/lebenshilfe-dillenburg.de\/wp-content\/uploads\/lebenshilfe-dillenburg-desktop.webp","contentUrl":"https:\/\/lebenshilfe-dillenburg.de\/wp-content\/uploads\/lebenshilfe-dillenburg-desktop.webp","width":461,"height":202,"caption":"Lebenshilfe Dillenburg e.V."},"image":{"@id":"https:\/\/lebenshilfe-dillenburg.de\/leicht\/#\/schema\/logo\/image\/"},"sameAs":["https:\/\/www.facebook.com\/lebenshilfedillenburg\/","https:\/\/www.instagram.com\/lebenshilfe_dillenburg\/"]},{"@type":"Person","@id":"https:\/\/lebenshilfe-dillenburg.de\/leicht\/#\/schema\/person\/b6c52dad8d881b49213c3345a7cd5efe","name":"Conny Holtfoth","sameAs":["http:\/\/lebenshilfe-dillenburg.de"],"url":"https:\/\/lebenshilfe-dillenburg.de\/leicht\/author\/conny\/"}]}},"taxonomy_info":{"category":[{"value":52,"label":"Aktuelles"}]},"featured_image_src_large":["https:\/\/lebenshilfe-dillenburg.de\/wp-content\/uploads\/waffelbacken-wohnheim-manderbach-betreuung-1920x1280.jpg",1366,911,true],"author_info":{"display_name":"Conny Holtfoth","author_link":"https:\/\/lebenshilfe-dillenburg.de\/leicht\/author\/conny\/"},"comment_info":0,"category_info":[{"term_id":52,"name":"Aktuelles","slug":"aktuelles","term_group":0,"term_taxonomy_id":52,"taxonomy":"category","description":"","parent":0,"count":22,"filter":"raw","term_order":"4","cat_ID":52,"category_count":22,"category_description":"","cat_name":"Aktuelles","category_nicename":"aktuelles","category_parent":0}],"tag_info":false,"_links":{"self":[{"href":"https:\/\/lebenshilfe-dillenburg.de\/leicht\/wp-json\/wp\/v2\/posts\/7462","targetHints":{"allow":["GET"]}}],"collection":[{"href":"https:\/\/lebenshilfe-dillenburg.de\/leicht\/wp-json\/wp\/v2\/posts"}],"about":[{"href":"https:\/\/lebenshilfe-dillenburg.de\/leicht\/wp-json\/wp\/v2\/types\/post"}],"author":[{"embeddable":true,"href":"https:\/\/lebenshilfe-dillenburg.de\/leicht\/wp-json\/wp\/v2\/users\/4"}],"replies":[{"embeddable":true,"href":"https:\/\/lebenshilfe-dillenburg.de\/leicht\/wp-json\/wp\/v2\/comments?post=7462"}],"version-history":[{"count":0,"href":"https:\/\/lebenshilfe-dillenburg.de\/leicht\/wp-json\/wp\/v2\/posts\/7462\/revisions"}],"wp:featuredmedia":[{"embeddable":true,"href":"https:\/\/lebenshilfe-dillenburg.de\/leicht\/wp-json\/wp\/v2\/media\/3276"}],"wp:attachment":[{"href":"https:\/\/lebenshilfe-dillenburg.de\/leicht\/wp-json\/wp\/v2\/media?parent=7462"}],"wp:term":[{"taxonomy":"category","embeddable":true,"href":"https:\/\/lebenshilfe-dillenburg.de\/leicht\/wp-json\/wp\/v2\/categories?post=7462"},{"taxonomy":"post_tag","embeddable":true,"href":"https:\/\/lebenshilfe-dillenburg.de\/leicht\/wp-json\/wp\/v2\/tags?post=7462"}],"curies":[{"name":"wp","href":"https:\/\/api.w.org\/{rel}","templated":true}]}}