{"id":7463,"date":"2021-07-16T09:41:44","date_gmt":"2021-07-16T07:41:44","guid":{"rendered":"https:\/\/www.lebenshilfe-dillenburg.de\/?p=3282"},"modified":"2026-01-30T12:09:37","modified_gmt":"2026-01-30T11:09:37","slug":"einiges-in-bewegung-bei-der-lebenshilfe","status":"publish","type":"post","link":"https:\/\/lebenshilfe-dillenburg.de\/leicht\/einiges-in-bewegung-bei-der-lebenshilfe\/","title":{"rendered":"&#8222;Einiges in Bewegung&#8220; bei der Lebenshilfe"},"content":{"rendered":"<p>Acht Monate liegt die vergangene Jahreshauptversammlung der Lebenshilfe Dillenburg erst zur\u00fcck. Doch um ihre Mitglieder aktueller informieren zu k\u00f6nnen, ist nun am Mittwochabend in der Freien evangelischen Gemeinde in Dillenburg der Startpunkt f\u00fcr einen neuen Turnus gelegt worden.<!--more--><\/p>\n<p>Der Grund ist ein einfacher: Findet die Jahreshauptversammlung, wie jahrzehntelang \u00fcblich, im Sp\u00e4therbst statt, liegt das jeweilige Wirtschaftsjahr, das inhaltlich thematisiert wird, schon einen gro\u00dfen Zeitraum zur\u00fcck. Das soll sich k\u00fcnftig mit einer Terminierung zur Jahresmitte \u00e4ndern.<\/p>\n<p>Ge\u00e4ndert hat sich im Zuge der Pandemie einiges, wie Aufsichtsratsvorsitzender J\u00fcrgen Raab in seiner Rede mitteilte: \u201eDas Pandemiegeschehen mit all seinen Wendungen, Lockdowns, \u00d6ffnungsschritten, Test- und Impfkampagnen hat unsere Lebenshilfearbeit die ganze Zeit sehr stark beeinflusst.\u201c\u00a0 Insbesondere die teils monatelangen Schlie\u00dfungen der Einrichtungen, die Besuchsverbote und die fehlenden Freizeitangebote h\u00e4tten f\u00fcr Menschen mit geistigen Beeintr\u00e4chtigungen zu tiefen und schwerwiegenden Eingriffen in die gewohnten Lebensweisen gef\u00fchrt. \u201eOhne die herausragenden Leistungen unserer Mitarbeiterinnen und Mitarbeiter h\u00e4tten wir die Pandemie bislang nicht so gut \u00fcberstanden.\u201c<\/p>\n<p>Einfluss hatte die Pandemie auch auf die verschiedenen Bau- und Sanierungsprojekte. So habe es etwa Verz\u00f6gerungen bei den geplanten Umbauma\u00dfnahmen der Wohnheime Niederscheld und Simmersbach gegeben. Bau und Instandhaltung werden die Lebenshilfe Dillenburg auch k\u00fcnftig stark besch\u00e4ftigen: So steht die Sanierung oder gar der Ersatzneubau des Wohnheims in Manderbach bevor \u2013 mit dem Wunsch, dort auch neue integrative Wohnformen und besondere Schwerpunkte anbieten zu k\u00f6nnen. Die Ausweitung des Platzangebots der Tagesf\u00f6rderst\u00e4tte f\u00fcr einen schwerst- oder mehrfachbehinderten Personenkreis konnte bisher noch nicht umgesetzt werden. \u201eWir hoffen, dass wir diese Aufgabe zusammen mit einer neuen Ersatzwerkstatt f\u00fcr die Werkstatt in Eibelshausen realisieren k\u00f6nnen\u201c, so Raab. Diese ist auf lange Sicht insbesondere aufgrund des wirtschaftlich nicht zu vertretenden Sanierungsaufwands in Zukunft nicht mehr haltbar. Die Verhandlungen zum Ersatzbau sind mit dem Landeswohlfahrtsverband und einem Bautr\u00e4ger bereits erfolgreich fortgeschritten. \u201eWir gehen davon aus, dass wir Ende 2021, Anfang 2022 mit dem Bau beginnen k\u00f6nnen.\u201c<\/p>\n<p>Ver\u00e4nderungen gab es auch im Personalbereich auf Leitungsebene. \u201eDort war im vergangenen Jahr einiges in Bewegung\u201c, blickte Lebenshilfe-Vorstand Dirk Botzon zur\u00fcck. Drei langj\u00e4hrige Mitarbeiter gingen in den Ruhestand, zwei weitere verlie\u00dfen die Lebenshilfe. \u201eWir befinden uns hier in einem Generationswechsel.\u201c Insgesamt besch\u00e4ftigt die Lebenshilfe Dillenburg 405 hauptamtliche Mitarbeiterinnen und Mitarbeiter und bietet f\u00fcr Menschen mit Behinderung 1250 Betreuungspl\u00e4tze. \u201eUnser wichtigstes Ziel ist es seit \u00fcber 55 Jahren, den von uns betreuten Menschen in allen Lebensphasen eine m\u00f6glichst normale und selbstbestimmte Teilhabe am gesellschaftlichen Leben zu erm\u00f6glichen\u201c, betonte Raab.<\/p>\n<p>Wirtschaftlich steht der Verein trotz der Pandemie gut da. Grund daf\u00fcr seien eine gute und vorausschauende Planung, ein sorgf\u00e4ltiger Personal- und Mitteleinsatz sowie eine gute Auslastung des Werkstattbereichs, z\u00e4hlte Raab auf. Was jedoch merklich zu Buche schlage, seien die Einbu\u00dfen durch die anhaltende Niedrigzins-Phase, die die Stiftungsarbeit deutlich erschwerten: \u201eJahr f\u00fcr Jahr fallen die Anlageertr\u00e4ge, und damit werden die Betr\u00e4ge kleiner, die die Stiftung aus ihren Ertr\u00e4gnissen f\u00fcr die Vereinsarbeit zur Verf\u00fcgung stellen kann\u201c, merkte Raab an. Auch seien die Spenden im vergangenen Jahr deutlich niedriger ausgefallen als in den Vorjahren. Umso mehr sei den Spenderinnen und Spendern zu danken, die auch in der Pandemie die Lebenshilfe Dillenburg unterst\u00fctzen. \u201eOhne diese materielle Unterst\u00fctzung w\u00e4re unsere Vereinsarbeit in diesem Ausma\u00df und in dieser Qualit\u00e4t nicht m\u00f6glich. Und was wir unseren Betreuten bieten, kann sich sehen lassen.\u201c<\/p>\n<p>Die Ehrung von elf Jubilarinnen und Jubilaren stand im Rahmen der Veranstaltung auf dem Programm. Zwei der zu ehrenden Mitglieder waren vor Ort: F\u00fcr 25 Jahre Mitgliedschaft bei der Lebenshilfe Dillenburg zeichnete J\u00fcrgen Raab Heidi Zoll-Kunz, Mitarbeiterin der Dillenburger Werkst\u00e4tten, und Andreas Thamer, den ehemaligen Wohnbereichsleiter, aus. Es fehlten: Hans Peter Schmidt, Elke Ebertz, Wolfgang N\u00f6rig, R\u00fcdiger Weil, Safran Cabin Germany GmbH, Hartmut Hees, Dirk Bankmann, Erika Nieth und Marita Kazmierski.<\/p>\n","protected":false},"excerpt":{"rendered":"<p>Acht Monate liegt die vergangene Jahreshauptversammlung der Lebenshilfe Dillenburg erst zur\u00fcck. Doch um ihre Mitglieder aktueller informieren zu k\u00f6nnen, ist nun am Mittwochabend in der Freien evangelischen Gemeinde in Dillenburg der Startpunkt f\u00fcr einen neuen Turnus gelegt worden.<\/p>\n","protected":false},"author":4,"featured_media":3283,"comment_status":"closed","ping_status":"closed","sticky":false,"template":"","format":"standard","meta":{"_acf_changed":false,"_gspb_post_css":"","_kad_blocks_custom_css":"","_kad_blocks_head_custom_js":"","_kad_blocks_body_custom_js":"","_kad_blocks_footer_custom_js":"","_kad_post_transparent":"","_kad_post_title":"","_kad_post_layout":"","_kad_post_sidebar_id":"","_kad_post_content_style":"","_kad_post_vertical_padding":"","_kad_post_feature":"","_kad_post_feature_position":"","_kad_post_header":false,"_kad_post_footer":false,"_kad_post_classname":"","footnotes":""},"categories":[53],"tags":[],"class_list":["post-7463","post","type-post","status-publish","format-standard","has-post-thumbnail","hentry","category-meldungen"],"acf":[],"yoast_head":"<!-- This site is optimized with the Yoast SEO plugin v27.5 - https:\/\/yoast.com\/product\/yoast-seo-wordpress\/ -->\n<title>&quot;Einiges in Bewegung&quot; bei der Lebenshilfe - Lebenshilfe Dillenburg e.V.<\/title>\n<meta name=\"robots\" content=\"index, follow, max-snippet:-1, max-image-preview:large, max-video-preview:-1\" \/>\n<link rel=\"canonical\" href=\"https:\/\/lebenshilfe-dillenburg.de\/leicht\/einiges-in-bewegung-bei-der-lebenshilfe\/\" \/>\n<meta property=\"og:locale\" content=\"de_DE\" \/>\n<meta property=\"og:type\" content=\"article\" \/>\n<meta property=\"og:title\" content=\"&quot;Einiges in Bewegung&quot; bei der Lebenshilfe - Lebenshilfe Dillenburg e.V.\" \/>\n<meta property=\"og:description\" content=\"Acht Monate liegt die vergangene Jahreshauptversammlung der Lebenshilfe Dillenburg erst zur\u00fcck. Doch um ihre Mitglieder aktueller informieren zu k\u00f6nnen, ist nun am Mittwochabend in der Freien evangelischen Gemeinde in Dillenburg der Startpunkt f\u00fcr einen neuen Turnus gelegt worden.\" \/>\n<meta property=\"og:url\" content=\"https:\/\/lebenshilfe-dillenburg.de\/leicht\/einiges-in-bewegung-bei-der-lebenshilfe\/\" \/>\n<meta property=\"og:site_name\" content=\"Lebenshilfe Dillenburg e.V.\" \/>\n<meta property=\"article:publisher\" content=\"https:\/\/www.facebook.com\/lebenshilfedillenburg\/\" \/>\n<meta property=\"article:published_time\" content=\"2021-07-16T07:41:44+00:00\" \/>\n<meta property=\"article:modified_time\" content=\"2026-01-30T11:09:37+00:00\" \/>\n<meta property=\"og:image\" content=\"https:\/\/lebenshilfe-dillenburg.de\/wp-content\/uploads\/img-3312-scaled-1.jpg\" \/>\n\t<meta property=\"og:image:width\" content=\"2560\" \/>\n\t<meta property=\"og:image:height\" content=\"1707\" \/>\n\t<meta property=\"og:image:type\" content=\"image\/jpeg\" \/>\n<meta name=\"author\" content=\"Conny Holtfoth\" \/>\n<meta name=\"twitter:card\" content=\"summary_large_image\" \/>\n<meta name=\"twitter:label1\" content=\"Geschrieben von\" \/>\n\t<meta name=\"twitter:data1\" content=\"Conny Holtfoth\" \/>\n\t<meta name=\"twitter:label2\" content=\"Gesch\u00e4tzte Lesezeit\" \/>\n\t<meta name=\"twitter:data2\" content=\"3\u00a0Minuten\" \/>\n<script type=\"application\/ld+json\" class=\"yoast-schema-graph\">{\"@context\":\"https:\\\/\\\/schema.org\",\"@graph\":[{\"@type\":\"Article\",\"@id\":\"https:\\\/\\\/lebenshilfe-dillenburg.de\\\/leicht\\\/einiges-in-bewegung-bei-der-lebenshilfe\\\/#article\",\"isPartOf\":{\"@id\":\"https:\\\/\\\/lebenshilfe-dillenburg.de\\\/leicht\\\/einiges-in-bewegung-bei-der-lebenshilfe\\\/\"},\"author\":{\"name\":\"Conny Holtfoth\",\"@id\":\"https:\\\/\\\/lebenshilfe-dillenburg.de\\\/leicht\\\/#\\\/schema\\\/person\\\/b6c52dad8d881b49213c3345a7cd5efe\"},\"headline\":\"&#8222;Einiges in Bewegung&#8220; bei der Lebenshilfe\",\"datePublished\":\"2021-07-16T07:41:44+00:00\",\"dateModified\":\"2026-01-30T11:09:37+00:00\",\"mainEntityOfPage\":{\"@id\":\"https:\\\/\\\/lebenshilfe-dillenburg.de\\\/leicht\\\/einiges-in-bewegung-bei-der-lebenshilfe\\\/\"},\"wordCount\":656,\"publisher\":{\"@id\":\"https:\\\/\\\/lebenshilfe-dillenburg.de\\\/leicht\\\/#organization\"},\"image\":{\"@id\":\"https:\\\/\\\/lebenshilfe-dillenburg.de\\\/leicht\\\/einiges-in-bewegung-bei-der-lebenshilfe\\\/#primaryimage\"},\"thumbnailUrl\":\"https:\\\/\\\/lebenshilfe-dillenburg.de\\\/wp-content\\\/uploads\\\/jhv-jubilare-25-jahre-mitgliedschaft-lebenshilfe.jpg\",\"articleSection\":[\"Meldungen\"],\"inLanguage\":\"de\"},{\"@type\":\"WebPage\",\"@id\":\"https:\\\/\\\/lebenshilfe-dillenburg.de\\\/leicht\\\/einiges-in-bewegung-bei-der-lebenshilfe\\\/\",\"url\":\"https:\\\/\\\/lebenshilfe-dillenburg.de\\\/leicht\\\/einiges-in-bewegung-bei-der-lebenshilfe\\\/\",\"name\":\"\\\"Einiges in Bewegung\\\" bei der Lebenshilfe - Lebenshilfe Dillenburg e.V.\",\"isPartOf\":{\"@id\":\"https:\\\/\\\/lebenshilfe-dillenburg.de\\\/leicht\\\/#website\"},\"primaryImageOfPage\":{\"@id\":\"https:\\\/\\\/lebenshilfe-dillenburg.de\\\/leicht\\\/einiges-in-bewegung-bei-der-lebenshilfe\\\/#primaryimage\"},\"image\":{\"@id\":\"https:\\\/\\\/lebenshilfe-dillenburg.de\\\/leicht\\\/einiges-in-bewegung-bei-der-lebenshilfe\\\/#primaryimage\"},\"thumbnailUrl\":\"https:\\\/\\\/lebenshilfe-dillenburg.de\\\/wp-content\\\/uploads\\\/jhv-jubilare-25-jahre-mitgliedschaft-lebenshilfe.jpg\",\"datePublished\":\"2021-07-16T07:41:44+00:00\",\"dateModified\":\"2026-01-30T11:09:37+00:00\",\"breadcrumb\":{\"@id\":\"https:\\\/\\\/lebenshilfe-dillenburg.de\\\/leicht\\\/einiges-in-bewegung-bei-der-lebenshilfe\\\/#breadcrumb\"},\"inLanguage\":\"de\",\"potentialAction\":[{\"@type\":\"ReadAction\",\"target\":[\"https:\\\/\\\/lebenshilfe-dillenburg.de\\\/leicht\\\/einiges-in-bewegung-bei-der-lebenshilfe\\\/\"]}]},{\"@type\":\"ImageObject\",\"inLanguage\":\"de\",\"@id\":\"https:\\\/\\\/lebenshilfe-dillenburg.de\\\/leicht\\\/einiges-in-bewegung-bei-der-lebenshilfe\\\/#primaryimage\",\"url\":\"https:\\\/\\\/lebenshilfe-dillenburg.de\\\/wp-content\\\/uploads\\\/jhv-jubilare-25-jahre-mitgliedschaft-lebenshilfe.jpg\",\"contentUrl\":\"https:\\\/\\\/lebenshilfe-dillenburg.de\\\/wp-content\\\/uploads\\\/jhv-jubilare-25-jahre-mitgliedschaft-lebenshilfe.jpg\",\"width\":1500,\"height\":1000,\"caption\":\"F\u00fcr 25 Jahre Mitgliedschaft bei der Lebenshilfe Dillenburg ehren J\u00fcrgen Raab (l.) und Dirk Botzon (r.) Heidi Zoll-Kunz und Andreas Thamer. (Foto: Holtfoth)\"},{\"@type\":\"BreadcrumbList\",\"@id\":\"https:\\\/\\\/lebenshilfe-dillenburg.de\\\/leicht\\\/einiges-in-bewegung-bei-der-lebenshilfe\\\/#breadcrumb\",\"itemListElement\":[{\"@type\":\"ListItem\",\"position\":1,\"name\":\"Startseite der Lebenshilfe Dillenburg\",\"item\":\"https:\\\/\\\/lebenshilfe-dillenburg.de\\\/leicht\\\/\"},{\"@type\":\"ListItem\",\"position\":2,\"name\":\"&#8222;Einiges in Bewegung&#8220; bei der Lebenshilfe\"}]},{\"@type\":\"WebSite\",\"@id\":\"https:\\\/\\\/lebenshilfe-dillenburg.de\\\/leicht\\\/#website\",\"url\":\"https:\\\/\\\/lebenshilfe-dillenburg.de\\\/leicht\\\/\",\"name\":\"Lebenshilfe Dillenburg \u2013 Teilhabe & Unterst\u00fctzung im Lahn-Dill-Kreis\",\"description\":\"\",\"publisher\":{\"@id\":\"https:\\\/\\\/lebenshilfe-dillenburg.de\\\/leicht\\\/#organization\"},\"potentialAction\":[{\"@type\":\"SearchAction\",\"target\":{\"@type\":\"EntryPoint\",\"urlTemplate\":\"https:\\\/\\\/lebenshilfe-dillenburg.de\\\/leicht\\\/?s={search_term_string}\"},\"query-input\":{\"@type\":\"PropertyValueSpecification\",\"valueRequired\":true,\"valueName\":\"search_term_string\"}}],\"inLanguage\":\"de\"},{\"@type\":\"Organization\",\"@id\":\"https:\\\/\\\/lebenshilfe-dillenburg.de\\\/leicht\\\/#organization\",\"name\":\"Lebenshilfe Dillenburg e.V.\",\"url\":\"https:\\\/\\\/lebenshilfe-dillenburg.de\\\/leicht\\\/\",\"logo\":{\"@type\":\"ImageObject\",\"inLanguage\":\"de\",\"@id\":\"https:\\\/\\\/lebenshilfe-dillenburg.de\\\/leicht\\\/#\\\/schema\\\/logo\\\/image\\\/\",\"url\":\"https:\\\/\\\/lebenshilfe-dillenburg.de\\\/wp-content\\\/uploads\\\/lebenshilfe-dillenburg-desktop.webp\",\"contentUrl\":\"https:\\\/\\\/lebenshilfe-dillenburg.de\\\/wp-content\\\/uploads\\\/lebenshilfe-dillenburg-desktop.webp\",\"width\":461,\"height\":202,\"caption\":\"Lebenshilfe Dillenburg e.V.\"},\"image\":{\"@id\":\"https:\\\/\\\/lebenshilfe-dillenburg.de\\\/leicht\\\/#\\\/schema\\\/logo\\\/image\\\/\"},\"sameAs\":[\"https:\\\/\\\/www.facebook.com\\\/lebenshilfedillenburg\\\/\",\"https:\\\/\\\/www.instagram.com\\\/lebenshilfe_dillenburg\\\/\"]},{\"@type\":\"Person\",\"@id\":\"https:\\\/\\\/lebenshilfe-dillenburg.de\\\/leicht\\\/#\\\/schema\\\/person\\\/b6c52dad8d881b49213c3345a7cd5efe\",\"name\":\"Conny Holtfoth\",\"sameAs\":[\"http:\\\/\\\/lebenshilfe-dillenburg.de\"],\"url\":\"https:\\\/\\\/lebenshilfe-dillenburg.de\\\/leicht\\\/author\\\/conny\\\/\"}]}<\/script>\n<!-- \/ Yoast SEO plugin. -->","yoast_head_json":{"title":"\"Einiges in Bewegung\" bei der Lebenshilfe - Lebenshilfe Dillenburg e.V.","robots":{"index":"index","follow":"follow","max-snippet":"max-snippet:-1","max-image-preview":"max-image-preview:large","max-video-preview":"max-video-preview:-1"},"canonical":"https:\/\/lebenshilfe-dillenburg.de\/leicht\/einiges-in-bewegung-bei-der-lebenshilfe\/","og_locale":"de_DE","og_type":"article","og_title":"\"Einiges in Bewegung\" bei der Lebenshilfe - Lebenshilfe Dillenburg e.V.","og_description":"Acht Monate liegt die vergangene Jahreshauptversammlung der Lebenshilfe Dillenburg erst zur\u00fcck. Doch um ihre Mitglieder aktueller informieren zu k\u00f6nnen, ist nun am Mittwochabend in der Freien evangelischen Gemeinde in Dillenburg der Startpunkt f\u00fcr einen neuen Turnus gelegt worden.","og_url":"https:\/\/lebenshilfe-dillenburg.de\/leicht\/einiges-in-bewegung-bei-der-lebenshilfe\/","og_site_name":"Lebenshilfe Dillenburg e.V.","article_publisher":"https:\/\/www.facebook.com\/lebenshilfedillenburg\/","article_published_time":"2021-07-16T07:41:44+00:00","article_modified_time":"2026-01-30T11:09:37+00:00","og_image":[{"width":2560,"height":1707,"url":"https:\/\/lebenshilfe-dillenburg.de\/wp-content\/uploads\/img-3312-scaled-1.jpg","type":"image\/jpeg"}],"author":"Conny Holtfoth","twitter_card":"summary_large_image","twitter_misc":{"Geschrieben von":"Conny Holtfoth","Gesch\u00e4tzte Lesezeit":"3\u00a0Minuten"},"schema":{"@context":"https:\/\/schema.org","@graph":[{"@type":"Article","@id":"https:\/\/lebenshilfe-dillenburg.de\/leicht\/einiges-in-bewegung-bei-der-lebenshilfe\/#article","isPartOf":{"@id":"https:\/\/lebenshilfe-dillenburg.de\/leicht\/einiges-in-bewegung-bei-der-lebenshilfe\/"},"author":{"name":"Conny Holtfoth","@id":"https:\/\/lebenshilfe-dillenburg.de\/leicht\/#\/schema\/person\/b6c52dad8d881b49213c3345a7cd5efe"},"headline":"&#8222;Einiges in Bewegung&#8220; bei der Lebenshilfe","datePublished":"2021-07-16T07:41:44+00:00","dateModified":"2026-01-30T11:09:37+00:00","mainEntityOfPage":{"@id":"https:\/\/lebenshilfe-dillenburg.de\/leicht\/einiges-in-bewegung-bei-der-lebenshilfe\/"},"wordCount":656,"publisher":{"@id":"https:\/\/lebenshilfe-dillenburg.de\/leicht\/#organization"},"image":{"@id":"https:\/\/lebenshilfe-dillenburg.de\/leicht\/einiges-in-bewegung-bei-der-lebenshilfe\/#primaryimage"},"thumbnailUrl":"https:\/\/lebenshilfe-dillenburg.de\/wp-content\/uploads\/jhv-jubilare-25-jahre-mitgliedschaft-lebenshilfe.jpg","articleSection":["Meldungen"],"inLanguage":"de"},{"@type":"WebPage","@id":"https:\/\/lebenshilfe-dillenburg.de\/leicht\/einiges-in-bewegung-bei-der-lebenshilfe\/","url":"https:\/\/lebenshilfe-dillenburg.de\/leicht\/einiges-in-bewegung-bei-der-lebenshilfe\/","name":"\"Einiges in Bewegung\" bei der Lebenshilfe - Lebenshilfe Dillenburg e.V.","isPartOf":{"@id":"https:\/\/lebenshilfe-dillenburg.de\/leicht\/#website"},"primaryImageOfPage":{"@id":"https:\/\/lebenshilfe-dillenburg.de\/leicht\/einiges-in-bewegung-bei-der-lebenshilfe\/#primaryimage"},"image":{"@id":"https:\/\/lebenshilfe-dillenburg.de\/leicht\/einiges-in-bewegung-bei-der-lebenshilfe\/#primaryimage"},"thumbnailUrl":"https:\/\/lebenshilfe-dillenburg.de\/wp-content\/uploads\/jhv-jubilare-25-jahre-mitgliedschaft-lebenshilfe.jpg","datePublished":"2021-07-16T07:41:44+00:00","dateModified":"2026-01-30T11:09:37+00:00","breadcrumb":{"@id":"https:\/\/lebenshilfe-dillenburg.de\/leicht\/einiges-in-bewegung-bei-der-lebenshilfe\/#breadcrumb"},"inLanguage":"de","potentialAction":[{"@type":"ReadAction","target":["https:\/\/lebenshilfe-dillenburg.de\/leicht\/einiges-in-bewegung-bei-der-lebenshilfe\/"]}]},{"@type":"ImageObject","inLanguage":"de","@id":"https:\/\/lebenshilfe-dillenburg.de\/leicht\/einiges-in-bewegung-bei-der-lebenshilfe\/#primaryimage","url":"https:\/\/lebenshilfe-dillenburg.de\/wp-content\/uploads\/jhv-jubilare-25-jahre-mitgliedschaft-lebenshilfe.jpg","contentUrl":"https:\/\/lebenshilfe-dillenburg.de\/wp-content\/uploads\/jhv-jubilare-25-jahre-mitgliedschaft-lebenshilfe.jpg","width":1500,"height":1000,"caption":"F\u00fcr 25 Jahre Mitgliedschaft bei der Lebenshilfe Dillenburg ehren J\u00fcrgen Raab (l.) und Dirk Botzon (r.) Heidi Zoll-Kunz und Andreas Thamer. (Foto: Holtfoth)"},{"@type":"BreadcrumbList","@id":"https:\/\/lebenshilfe-dillenburg.de\/leicht\/einiges-in-bewegung-bei-der-lebenshilfe\/#breadcrumb","itemListElement":[{"@type":"ListItem","position":1,"name":"Startseite der Lebenshilfe Dillenburg","item":"https:\/\/lebenshilfe-dillenburg.de\/leicht\/"},{"@type":"ListItem","position":2,"name":"&#8222;Einiges in Bewegung&#8220; bei der Lebenshilfe"}]},{"@type":"WebSite","@id":"https:\/\/lebenshilfe-dillenburg.de\/leicht\/#website","url":"https:\/\/lebenshilfe-dillenburg.de\/leicht\/","name":"Lebenshilfe Dillenburg \u2013 Teilhabe & Unterst\u00fctzung im Lahn-Dill-Kreis","description":"","publisher":{"@id":"https:\/\/lebenshilfe-dillenburg.de\/leicht\/#organization"},"potentialAction":[{"@type":"SearchAction","target":{"@type":"EntryPoint","urlTemplate":"https:\/\/lebenshilfe-dillenburg.de\/leicht\/?s={search_term_string}"},"query-input":{"@type":"PropertyValueSpecification","valueRequired":true,"valueName":"search_term_string"}}],"inLanguage":"de"},{"@type":"Organization","@id":"https:\/\/lebenshilfe-dillenburg.de\/leicht\/#organization","name":"Lebenshilfe Dillenburg e.V.","url":"https:\/\/lebenshilfe-dillenburg.de\/leicht\/","logo":{"@type":"ImageObject","inLanguage":"de","@id":"https:\/\/lebenshilfe-dillenburg.de\/leicht\/#\/schema\/logo\/image\/","url":"https:\/\/lebenshilfe-dillenburg.de\/wp-content\/uploads\/lebenshilfe-dillenburg-desktop.webp","contentUrl":"https:\/\/lebenshilfe-dillenburg.de\/wp-content\/uploads\/lebenshilfe-dillenburg-desktop.webp","width":461,"height":202,"caption":"Lebenshilfe Dillenburg e.V."},"image":{"@id":"https:\/\/lebenshilfe-dillenburg.de\/leicht\/#\/schema\/logo\/image\/"},"sameAs":["https:\/\/www.facebook.com\/lebenshilfedillenburg\/","https:\/\/www.instagram.com\/lebenshilfe_dillenburg\/"]},{"@type":"Person","@id":"https:\/\/lebenshilfe-dillenburg.de\/leicht\/#\/schema\/person\/b6c52dad8d881b49213c3345a7cd5efe","name":"Conny Holtfoth","sameAs":["http:\/\/lebenshilfe-dillenburg.de"],"url":"https:\/\/lebenshilfe-dillenburg.de\/leicht\/author\/conny\/"}]}},"taxonomy_info":{"category":[{"value":53,"label":"Meldungen"}]},"featured_image_src_large":["https:\/\/lebenshilfe-dillenburg.de\/wp-content\/uploads\/jhv-jubilare-25-jahre-mitgliedschaft-lebenshilfe-1920x1280.jpg",1366,911,true],"author_info":{"display_name":"Conny Holtfoth","author_link":"https:\/\/lebenshilfe-dillenburg.de\/leicht\/author\/conny\/"},"comment_info":0,"category_info":[{"term_id":53,"name":"Meldungen","slug":"meldungen","term_group":0,"term_taxonomy_id":53,"taxonomy":"category","description":"","parent":0,"count":127,"filter":"raw","term_order":"5","cat_ID":53,"category_count":127,"category_description":"","cat_name":"Meldungen","category_nicename":"meldungen","category_parent":0}],"tag_info":false,"_links":{"self":[{"href":"https:\/\/lebenshilfe-dillenburg.de\/leicht\/wp-json\/wp\/v2\/posts\/7463","targetHints":{"allow":["GET"]}}],"collection":[{"href":"https:\/\/lebenshilfe-dillenburg.de\/leicht\/wp-json\/wp\/v2\/posts"}],"about":[{"href":"https:\/\/lebenshilfe-dillenburg.de\/leicht\/wp-json\/wp\/v2\/types\/post"}],"author":[{"embeddable":true,"href":"https:\/\/lebenshilfe-dillenburg.de\/leicht\/wp-json\/wp\/v2\/users\/4"}],"replies":[{"embeddable":true,"href":"https:\/\/lebenshilfe-dillenburg.de\/leicht\/wp-json\/wp\/v2\/comments?post=7463"}],"version-history":[{"count":0,"href":"https:\/\/lebenshilfe-dillenburg.de\/leicht\/wp-json\/wp\/v2\/posts\/7463\/revisions"}],"wp:featuredmedia":[{"embeddable":true,"href":"https:\/\/lebenshilfe-dillenburg.de\/leicht\/wp-json\/wp\/v2\/media\/3283"}],"wp:attachment":[{"href":"https:\/\/lebenshilfe-dillenburg.de\/leicht\/wp-json\/wp\/v2\/media?parent=7463"}],"wp:term":[{"taxonomy":"category","embeddable":true,"href":"https:\/\/lebenshilfe-dillenburg.de\/leicht\/wp-json\/wp\/v2\/categories?post=7463"},{"taxonomy":"post_tag","embeddable":true,"href":"https:\/\/lebenshilfe-dillenburg.de\/leicht\/wp-json\/wp\/v2\/tags?post=7463"}],"curies":[{"name":"wp","href":"https:\/\/api.w.org\/{rel}","templated":true}]}}