{"id":7464,"date":"2021-12-13T09:16:14","date_gmt":"2021-12-13T08:16:14","guid":{"rendered":"https:\/\/www.lebenshilfe-dillenburg.de\/?p=3310"},"modified":"2026-01-30T12:09:37","modified_gmt":"2026-01-30T11:09:37","slug":"neustart-werkstatt-eine-erfuellende-aufgabe","status":"publish","type":"post","link":"https:\/\/lebenshilfe-dillenburg.de\/leicht\/neustart-werkstatt-eine-erfuellende-aufgabe\/","title":{"rendered":"Neustart Werkstatt: eine erf\u00fcllende Aufgabe"},"content":{"rendered":"<p>\u201eDu bist schwer in Ordnung, Mario.\u201c Der junge Mann mit Down-Syndrom gibt seinem Gruppenleiter einen freundschaftlichen Klaps. Mario Straub ist beruflich angekommen. Nach unruhigen Jahren hat der 46-J\u00e4hrige vor einem einen Neustart gewagt \u2013 in den Dillenburger Werkst\u00e4tten.<!--more--><\/p>\n<p>Gemeinsam mit seinem Kollegen Ralf Bonorden betreut er dort 18 Menschen mit Behinderung. \u201eEine fordernde und auch anstrengende Aufgabe\u201c, wie er sagt. Aber eine, die ihn erf\u00fcllt. \u201eIch merke an mir, dass ich viel entspannter bin und mich am Wochenende schon auf Montag freue. So etwas kenne ich von mir gar nicht.\u201c<\/p>\n<p>Straub ist gelernter Kfz-Meister und Serviceberater, hat im Laufe der Zeit in zahlreichen Autoh\u00e4usern gearbeitet. \u201eAber ist das das Richtige f\u00fcr mich? Was kann ich machen, was will ich machen? Diese Fragen habe ich mir immer h\u00e4ufiger gestellt.\u201c Dann sah er die Stellenausschreibung der Lebenshilfe Dillenburg. Gesucht: Gruppenleitung in der Werkstatt in Eibelshausen. \u201eDie Lebenshilfe war mir nicht unbekannt, denn meine Mutter hat als Hauswirtschafterin in der Werkstatt in Oberscheld gearbeitet. Dass sie am liebsten \u00fcberhaupt nicht in Rente gehen wollte, war schon ein gutes Zeichen f\u00fcr mich.\u201c Also bewarb er sich auf die Stelle. Hospitierte. Und bekam den Job.<\/p>\n<p>Auch wenn er zuvor schon mehrfach Ber\u00fchrungspunkte zu Menschen mit Behinderungen hatte, war die Aufgabe in der Werkstatt nun eine v\u00f6llig neue f\u00fcr ihn. Und eine sehr vielseitige, da industrielle Fertigung und p\u00e4dagogische Begleitung in den Werkst\u00e4tten Hand in Hand laufen. \u201eIch musste zun\u00e4chst einmal die ganzen verschiedenen Produktionsabl\u00e4ufe verinnerlichen\u201c, blickt er auf die erste Zeit zur\u00fcck. Aktenvernichtung, Herstellung von Sicherungsk\u00e4sten sowie von Geruchsverschl\u00fcssen f\u00fcr Wohnmobile \u2013 nur einige der Produktionen, die die Besch\u00e4ftigten in den Dillenburger Werkst\u00e4tten verrichten. \u201eJetzt, da ich das alles besser kenne, habe ich mehr Zeit f\u00fcrs Eigentliche: f\u00fcr die Besch\u00e4ftigten da zu sein.\u201c<\/p>\n<p><img loading=\"lazy\" decoding=\"async\" class=\"alignnone wp-image-3312\" src=\"https:\/\/lebenshilfe-dillenburg.de\/wp-content\/uploads\/gruppenleiter-mit-maske-daumen-hoch.jpg\" alt=\"\" width=\"527\" height=\"351\" \/><\/p>\n<p>Die Besch\u00e4ftigten sorgen bei Straub t\u00e4glich f\u00fcr \u00dcberraschungen. \u201eAllein schon durch ihre Aufrichtigkeit, Ehrlichkeit und Direktheit\u201c, sagt er. \u201eDavon k\u00f6nnen sich andere Menschen wirklich eine Scheibe abschneiden.\u201c Die Klientel ist breit gef\u00e4chert. Das ist h\u00e4ufig eine Herausforderung: \u201eEtwa wenn man vor sich einen Mann wie einen B\u00e4ren stehen hat, der aber auf dem geistigen Stand eines Kleinkindes ist. Mit dieser Diskrepanz muss man erst einmal klarkommen.\u201c Er lerne jeden Tag etwas Neues, stellt er fest. Insbesondere, was die Beziehungsarbeit angehe. \u201eDas kann lange dauern. Das braucht Geduld. F\u00fcr mich ist es schon hilfreich, jetzt nicht mehr als der Neue wahrgenommen zu werden.\u201c Grenzen setzen, Reaktionen einkalkulieren, auf kleinste Ver\u00e4nderungen achten. \u201eDas mache ich im Moment noch eher intuitiv und mache dabei nat\u00fcrlich auch noch ein paar Fehler, habe aber zum Gl\u00fcck erfahrene Kollegen, mit denen ich mich jederzeit austauschen kann.\u201c Was jetzt noch intuitiv geschieht, soll k\u00fcnftig von fachlichem Wissen gest\u00fctzt werden &#8211;\u00a0 durch die Zusatzausbildung zur Fachkraft f\u00fcr Arbeits- und Berufsf\u00f6rderung\u201c\u00a0\u00a0(FAB), die er als Quereinsteiger parallel zur Arbeit noch blockweise absolvieren wird.<\/p>\n<p>\u201eIch bin sehr froh, dass ich jetzt hier bin\u201c, betont er. \u201eEine bessere Entscheidung h\u00e4tte ich nicht treffen k\u00f6nnen.\u201c Wem er einen solchen Job ebenfalls empfehlen w\u00fcrde? \u201eMenschen, die tolerant, gelassen und straight sind und Humor haben. Denn gelacht wird hier sehr viel.\u201c<\/p>\n<p><img loading=\"lazy\" decoding=\"async\" class=\"alignnone size-medium wp-image-3493\" src=\"https:\/\/lebenshilfe-dillenburg.de\/wp-content\/uploads\/2021\/12\/neustart-werkstatt-eine-erfuellende-aufgabe-img-2997-600x379.png\" alt=\"\" width=\"600\" height=\"379\" \/><\/p>\n","protected":false},"excerpt":{"rendered":"<p>\u201eDu bist schwer in Ordnung, Mario.\u201c Der junge Mann mit Down-Syndrom gibt seinem Gruppenleiter einen freundschaftlichen Klaps. Mario Straub ist beruflich angekommen. Nach unruhigen Jahren hat der 46-J\u00e4hrige vor einem einen Neustart gewagt \u2013 in den Dillenburger Werkst\u00e4tten.<\/p>\n","protected":false},"author":4,"featured_media":7504,"comment_status":"closed","ping_status":"closed","sticky":false,"template":"","format":"standard","meta":{"_acf_changed":false,"_gspb_post_css":"","_kad_blocks_custom_css":"","_kad_blocks_head_custom_js":"","_kad_blocks_body_custom_js":"","_kad_blocks_footer_custom_js":"","_kad_post_transparent":"","_kad_post_title":"","_kad_post_layout":"","_kad_post_sidebar_id":"","_kad_post_content_style":"","_kad_post_vertical_padding":"","_kad_post_feature":"","_kad_post_feature_position":"","_kad_post_header":false,"_kad_post_footer":false,"_kad_post_classname":"","footnotes":""},"categories":[53],"tags":[],"class_list":["post-7464","post","type-post","status-publish","format-standard","has-post-thumbnail","hentry","category-meldungen"],"acf":[],"yoast_head":"<!-- This site is optimized with the Yoast SEO plugin v27.5 - https:\/\/yoast.com\/product\/yoast-seo-wordpress\/ -->\n<title>Neustart Werkstatt: eine erf\u00fcllende Aufgabe - Lebenshilfe Dillenburg e.V.<\/title>\n<meta name=\"robots\" content=\"index, follow, max-snippet:-1, max-image-preview:large, max-video-preview:-1\" \/>\n<link rel=\"canonical\" href=\"https:\/\/lebenshilfe-dillenburg.de\/leicht\/neustart-werkstatt-eine-erfuellende-aufgabe\/\" \/>\n<meta property=\"og:locale\" content=\"de_DE\" \/>\n<meta property=\"og:type\" content=\"article\" \/>\n<meta property=\"og:title\" content=\"Neustart Werkstatt: eine erf\u00fcllende Aufgabe - Lebenshilfe Dillenburg e.V.\" \/>\n<meta property=\"og:description\" content=\"\u201eDu bist schwer in Ordnung, Mario.\u201c Der junge Mann mit Down-Syndrom gibt seinem Gruppenleiter einen freundschaftlichen Klaps. Mario Straub ist beruflich angekommen. Nach unruhigen Jahren hat der 46-J\u00e4hrige vor einem einen Neustart gewagt \u2013 in den Dillenburger Werkst\u00e4tten.\" \/>\n<meta property=\"og:url\" content=\"https:\/\/lebenshilfe-dillenburg.de\/leicht\/neustart-werkstatt-eine-erfuellende-aufgabe\/\" \/>\n<meta property=\"og:site_name\" content=\"Lebenshilfe Dillenburg e.V.\" \/>\n<meta property=\"article:publisher\" content=\"https:\/\/www.facebook.com\/lebenshilfedillenburg\/\" \/>\n<meta property=\"article:published_time\" content=\"2021-12-13T08:16:14+00:00\" \/>\n<meta property=\"article:modified_time\" content=\"2026-01-30T11:09:37+00:00\" \/>\n<meta property=\"og:image\" content=\"https:\/\/lebenshilfe-dillenburg.de\/wp-content\/uploads\/img-3015-scaled-1.jpg\" \/>\n\t<meta property=\"og:image:width\" content=\"2560\" \/>\n\t<meta property=\"og:image:height\" content=\"1603\" \/>\n\t<meta property=\"og:image:type\" content=\"image\/jpeg\" \/>\n<meta name=\"author\" content=\"Conny Holtfoth\" \/>\n<meta name=\"twitter:card\" content=\"summary_large_image\" \/>\n<meta name=\"twitter:label1\" content=\"Geschrieben von\" \/>\n\t<meta name=\"twitter:data1\" content=\"Conny Holtfoth\" \/>\n\t<meta name=\"twitter:label2\" content=\"Gesch\u00e4tzte Lesezeit\" \/>\n\t<meta name=\"twitter:data2\" content=\"3\u00a0Minuten\" \/>\n<script type=\"application\/ld+json\" class=\"yoast-schema-graph\">{\"@context\":\"https:\\\/\\\/schema.org\",\"@graph\":[{\"@type\":\"Article\",\"@id\":\"https:\\\/\\\/lebenshilfe-dillenburg.de\\\/leicht\\\/neustart-werkstatt-eine-erfuellende-aufgabe\\\/#article\",\"isPartOf\":{\"@id\":\"https:\\\/\\\/lebenshilfe-dillenburg.de\\\/leicht\\\/neustart-werkstatt-eine-erfuellende-aufgabe\\\/\"},\"author\":{\"name\":\"Conny Holtfoth\",\"@id\":\"https:\\\/\\\/lebenshilfe-dillenburg.de\\\/leicht\\\/#\\\/schema\\\/person\\\/b6c52dad8d881b49213c3345a7cd5efe\"},\"headline\":\"Neustart Werkstatt: eine erf\u00fcllende Aufgabe\",\"datePublished\":\"2021-12-13T08:16:14+00:00\",\"dateModified\":\"2026-01-30T11:09:37+00:00\",\"mainEntityOfPage\":{\"@id\":\"https:\\\/\\\/lebenshilfe-dillenburg.de\\\/leicht\\\/neustart-werkstatt-eine-erfuellende-aufgabe\\\/\"},\"wordCount\":549,\"publisher\":{\"@id\":\"https:\\\/\\\/lebenshilfe-dillenburg.de\\\/leicht\\\/#organization\"},\"image\":{\"@id\":\"https:\\\/\\\/lebenshilfe-dillenburg.de\\\/leicht\\\/neustart-werkstatt-eine-erfuellende-aufgabe\\\/#primaryimage\"},\"thumbnailUrl\":\"https:\\\/\\\/lebenshilfe-dillenburg.de\\\/wp-content\\\/uploads\\\/mario-straub-gruppenleiter-werkstatt.jpg\",\"articleSection\":[\"Meldungen\"],\"inLanguage\":\"de\"},{\"@type\":\"WebPage\",\"@id\":\"https:\\\/\\\/lebenshilfe-dillenburg.de\\\/leicht\\\/neustart-werkstatt-eine-erfuellende-aufgabe\\\/\",\"url\":\"https:\\\/\\\/lebenshilfe-dillenburg.de\\\/leicht\\\/neustart-werkstatt-eine-erfuellende-aufgabe\\\/\",\"name\":\"Neustart Werkstatt: eine erf\u00fcllende Aufgabe - Lebenshilfe Dillenburg e.V.\",\"isPartOf\":{\"@id\":\"https:\\\/\\\/lebenshilfe-dillenburg.de\\\/leicht\\\/#website\"},\"primaryImageOfPage\":{\"@id\":\"https:\\\/\\\/lebenshilfe-dillenburg.de\\\/leicht\\\/neustart-werkstatt-eine-erfuellende-aufgabe\\\/#primaryimage\"},\"image\":{\"@id\":\"https:\\\/\\\/lebenshilfe-dillenburg.de\\\/leicht\\\/neustart-werkstatt-eine-erfuellende-aufgabe\\\/#primaryimage\"},\"thumbnailUrl\":\"https:\\\/\\\/lebenshilfe-dillenburg.de\\\/wp-content\\\/uploads\\\/mario-straub-gruppenleiter-werkstatt.jpg\",\"datePublished\":\"2021-12-13T08:16:14+00:00\",\"dateModified\":\"2026-01-30T11:09:37+00:00\",\"breadcrumb\":{\"@id\":\"https:\\\/\\\/lebenshilfe-dillenburg.de\\\/leicht\\\/neustart-werkstatt-eine-erfuellende-aufgabe\\\/#breadcrumb\"},\"inLanguage\":\"de\",\"potentialAction\":[{\"@type\":\"ReadAction\",\"target\":[\"https:\\\/\\\/lebenshilfe-dillenburg.de\\\/leicht\\\/neustart-werkstatt-eine-erfuellende-aufgabe\\\/\"]}]},{\"@type\":\"ImageObject\",\"inLanguage\":\"de\",\"@id\":\"https:\\\/\\\/lebenshilfe-dillenburg.de\\\/leicht\\\/neustart-werkstatt-eine-erfuellende-aufgabe\\\/#primaryimage\",\"url\":\"https:\\\/\\\/lebenshilfe-dillenburg.de\\\/wp-content\\\/uploads\\\/mario-straub-gruppenleiter-werkstatt.jpg\",\"contentUrl\":\"https:\\\/\\\/lebenshilfe-dillenburg.de\\\/wp-content\\\/uploads\\\/mario-straub-gruppenleiter-werkstatt.jpg\",\"width\":1500,\"height\":939,\"caption\":\"Mario Straub hat als Gruppenleiter bei der Lebenshilfe Dillenburg den perfekten Job f\u00fcr sich gefunden. (Foto: Holtfoth)\"},{\"@type\":\"BreadcrumbList\",\"@id\":\"https:\\\/\\\/lebenshilfe-dillenburg.de\\\/leicht\\\/neustart-werkstatt-eine-erfuellende-aufgabe\\\/#breadcrumb\",\"itemListElement\":[{\"@type\":\"ListItem\",\"position\":1,\"name\":\"Startseite der Lebenshilfe Dillenburg\",\"item\":\"https:\\\/\\\/lebenshilfe-dillenburg.de\\\/leicht\\\/\"},{\"@type\":\"ListItem\",\"position\":2,\"name\":\"Neustart Werkstatt: eine erf\u00fcllende Aufgabe\"}]},{\"@type\":\"WebSite\",\"@id\":\"https:\\\/\\\/lebenshilfe-dillenburg.de\\\/leicht\\\/#website\",\"url\":\"https:\\\/\\\/lebenshilfe-dillenburg.de\\\/leicht\\\/\",\"name\":\"Lebenshilfe Dillenburg \u2013 Teilhabe & Unterst\u00fctzung im Lahn-Dill-Kreis\",\"description\":\"\",\"publisher\":{\"@id\":\"https:\\\/\\\/lebenshilfe-dillenburg.de\\\/leicht\\\/#organization\"},\"potentialAction\":[{\"@type\":\"SearchAction\",\"target\":{\"@type\":\"EntryPoint\",\"urlTemplate\":\"https:\\\/\\\/lebenshilfe-dillenburg.de\\\/leicht\\\/?s={search_term_string}\"},\"query-input\":{\"@type\":\"PropertyValueSpecification\",\"valueRequired\":true,\"valueName\":\"search_term_string\"}}],\"inLanguage\":\"de\"},{\"@type\":\"Organization\",\"@id\":\"https:\\\/\\\/lebenshilfe-dillenburg.de\\\/leicht\\\/#organization\",\"name\":\"Lebenshilfe Dillenburg e.V.\",\"url\":\"https:\\\/\\\/lebenshilfe-dillenburg.de\\\/leicht\\\/\",\"logo\":{\"@type\":\"ImageObject\",\"inLanguage\":\"de\",\"@id\":\"https:\\\/\\\/lebenshilfe-dillenburg.de\\\/leicht\\\/#\\\/schema\\\/logo\\\/image\\\/\",\"url\":\"https:\\\/\\\/lebenshilfe-dillenburg.de\\\/wp-content\\\/uploads\\\/lebenshilfe-dillenburg-desktop.webp\",\"contentUrl\":\"https:\\\/\\\/lebenshilfe-dillenburg.de\\\/wp-content\\\/uploads\\\/lebenshilfe-dillenburg-desktop.webp\",\"width\":461,\"height\":202,\"caption\":\"Lebenshilfe Dillenburg e.V.\"},\"image\":{\"@id\":\"https:\\\/\\\/lebenshilfe-dillenburg.de\\\/leicht\\\/#\\\/schema\\\/logo\\\/image\\\/\"},\"sameAs\":[\"https:\\\/\\\/www.facebook.com\\\/lebenshilfedillenburg\\\/\",\"https:\\\/\\\/www.instagram.com\\\/lebenshilfe_dillenburg\\\/\"]},{\"@type\":\"Person\",\"@id\":\"https:\\\/\\\/lebenshilfe-dillenburg.de\\\/leicht\\\/#\\\/schema\\\/person\\\/b6c52dad8d881b49213c3345a7cd5efe\",\"name\":\"Conny Holtfoth\",\"sameAs\":[\"http:\\\/\\\/lebenshilfe-dillenburg.de\"],\"url\":\"https:\\\/\\\/lebenshilfe-dillenburg.de\\\/leicht\\\/author\\\/conny\\\/\"}]}<\/script>\n<!-- \/ Yoast SEO plugin. -->","yoast_head_json":{"title":"Neustart Werkstatt: eine erf\u00fcllende Aufgabe - Lebenshilfe Dillenburg e.V.","robots":{"index":"index","follow":"follow","max-snippet":"max-snippet:-1","max-image-preview":"max-image-preview:large","max-video-preview":"max-video-preview:-1"},"canonical":"https:\/\/lebenshilfe-dillenburg.de\/leicht\/neustart-werkstatt-eine-erfuellende-aufgabe\/","og_locale":"de_DE","og_type":"article","og_title":"Neustart Werkstatt: eine erf\u00fcllende Aufgabe - Lebenshilfe Dillenburg e.V.","og_description":"\u201eDu bist schwer in Ordnung, Mario.\u201c Der junge Mann mit Down-Syndrom gibt seinem Gruppenleiter einen freundschaftlichen Klaps. Mario Straub ist beruflich angekommen. Nach unruhigen Jahren hat der 46-J\u00e4hrige vor einem einen Neustart gewagt \u2013 in den Dillenburger Werkst\u00e4tten.","og_url":"https:\/\/lebenshilfe-dillenburg.de\/leicht\/neustart-werkstatt-eine-erfuellende-aufgabe\/","og_site_name":"Lebenshilfe Dillenburg e.V.","article_publisher":"https:\/\/www.facebook.com\/lebenshilfedillenburg\/","article_published_time":"2021-12-13T08:16:14+00:00","article_modified_time":"2026-01-30T11:09:37+00:00","og_image":[{"width":2560,"height":1603,"url":"https:\/\/lebenshilfe-dillenburg.de\/wp-content\/uploads\/img-3015-scaled-1.jpg","type":"image\/jpeg"}],"author":"Conny Holtfoth","twitter_card":"summary_large_image","twitter_misc":{"Geschrieben von":"Conny Holtfoth","Gesch\u00e4tzte Lesezeit":"3\u00a0Minuten"},"schema":{"@context":"https:\/\/schema.org","@graph":[{"@type":"Article","@id":"https:\/\/lebenshilfe-dillenburg.de\/leicht\/neustart-werkstatt-eine-erfuellende-aufgabe\/#article","isPartOf":{"@id":"https:\/\/lebenshilfe-dillenburg.de\/leicht\/neustart-werkstatt-eine-erfuellende-aufgabe\/"},"author":{"name":"Conny Holtfoth","@id":"https:\/\/lebenshilfe-dillenburg.de\/leicht\/#\/schema\/person\/b6c52dad8d881b49213c3345a7cd5efe"},"headline":"Neustart Werkstatt: eine erf\u00fcllende Aufgabe","datePublished":"2021-12-13T08:16:14+00:00","dateModified":"2026-01-30T11:09:37+00:00","mainEntityOfPage":{"@id":"https:\/\/lebenshilfe-dillenburg.de\/leicht\/neustart-werkstatt-eine-erfuellende-aufgabe\/"},"wordCount":549,"publisher":{"@id":"https:\/\/lebenshilfe-dillenburg.de\/leicht\/#organization"},"image":{"@id":"https:\/\/lebenshilfe-dillenburg.de\/leicht\/neustart-werkstatt-eine-erfuellende-aufgabe\/#primaryimage"},"thumbnailUrl":"https:\/\/lebenshilfe-dillenburg.de\/wp-content\/uploads\/mario-straub-gruppenleiter-werkstatt.jpg","articleSection":["Meldungen"],"inLanguage":"de"},{"@type":"WebPage","@id":"https:\/\/lebenshilfe-dillenburg.de\/leicht\/neustart-werkstatt-eine-erfuellende-aufgabe\/","url":"https:\/\/lebenshilfe-dillenburg.de\/leicht\/neustart-werkstatt-eine-erfuellende-aufgabe\/","name":"Neustart Werkstatt: eine erf\u00fcllende Aufgabe - Lebenshilfe Dillenburg e.V.","isPartOf":{"@id":"https:\/\/lebenshilfe-dillenburg.de\/leicht\/#website"},"primaryImageOfPage":{"@id":"https:\/\/lebenshilfe-dillenburg.de\/leicht\/neustart-werkstatt-eine-erfuellende-aufgabe\/#primaryimage"},"image":{"@id":"https:\/\/lebenshilfe-dillenburg.de\/leicht\/neustart-werkstatt-eine-erfuellende-aufgabe\/#primaryimage"},"thumbnailUrl":"https:\/\/lebenshilfe-dillenburg.de\/wp-content\/uploads\/mario-straub-gruppenleiter-werkstatt.jpg","datePublished":"2021-12-13T08:16:14+00:00","dateModified":"2026-01-30T11:09:37+00:00","breadcrumb":{"@id":"https:\/\/lebenshilfe-dillenburg.de\/leicht\/neustart-werkstatt-eine-erfuellende-aufgabe\/#breadcrumb"},"inLanguage":"de","potentialAction":[{"@type":"ReadAction","target":["https:\/\/lebenshilfe-dillenburg.de\/leicht\/neustart-werkstatt-eine-erfuellende-aufgabe\/"]}]},{"@type":"ImageObject","inLanguage":"de","@id":"https:\/\/lebenshilfe-dillenburg.de\/leicht\/neustart-werkstatt-eine-erfuellende-aufgabe\/#primaryimage","url":"https:\/\/lebenshilfe-dillenburg.de\/wp-content\/uploads\/mario-straub-gruppenleiter-werkstatt.jpg","contentUrl":"https:\/\/lebenshilfe-dillenburg.de\/wp-content\/uploads\/mario-straub-gruppenleiter-werkstatt.jpg","width":1500,"height":939,"caption":"Mario Straub hat als Gruppenleiter bei der Lebenshilfe Dillenburg den perfekten Job f\u00fcr sich gefunden. (Foto: Holtfoth)"},{"@type":"BreadcrumbList","@id":"https:\/\/lebenshilfe-dillenburg.de\/leicht\/neustart-werkstatt-eine-erfuellende-aufgabe\/#breadcrumb","itemListElement":[{"@type":"ListItem","position":1,"name":"Startseite der Lebenshilfe Dillenburg","item":"https:\/\/lebenshilfe-dillenburg.de\/leicht\/"},{"@type":"ListItem","position":2,"name":"Neustart Werkstatt: eine erf\u00fcllende Aufgabe"}]},{"@type":"WebSite","@id":"https:\/\/lebenshilfe-dillenburg.de\/leicht\/#website","url":"https:\/\/lebenshilfe-dillenburg.de\/leicht\/","name":"Lebenshilfe Dillenburg \u2013 Teilhabe & Unterst\u00fctzung im Lahn-Dill-Kreis","description":"","publisher":{"@id":"https:\/\/lebenshilfe-dillenburg.de\/leicht\/#organization"},"potentialAction":[{"@type":"SearchAction","target":{"@type":"EntryPoint","urlTemplate":"https:\/\/lebenshilfe-dillenburg.de\/leicht\/?s={search_term_string}"},"query-input":{"@type":"PropertyValueSpecification","valueRequired":true,"valueName":"search_term_string"}}],"inLanguage":"de"},{"@type":"Organization","@id":"https:\/\/lebenshilfe-dillenburg.de\/leicht\/#organization","name":"Lebenshilfe Dillenburg e.V.","url":"https:\/\/lebenshilfe-dillenburg.de\/leicht\/","logo":{"@type":"ImageObject","inLanguage":"de","@id":"https:\/\/lebenshilfe-dillenburg.de\/leicht\/#\/schema\/logo\/image\/","url":"https:\/\/lebenshilfe-dillenburg.de\/wp-content\/uploads\/lebenshilfe-dillenburg-desktop.webp","contentUrl":"https:\/\/lebenshilfe-dillenburg.de\/wp-content\/uploads\/lebenshilfe-dillenburg-desktop.webp","width":461,"height":202,"caption":"Lebenshilfe Dillenburg e.V."},"image":{"@id":"https:\/\/lebenshilfe-dillenburg.de\/leicht\/#\/schema\/logo\/image\/"},"sameAs":["https:\/\/www.facebook.com\/lebenshilfedillenburg\/","https:\/\/www.instagram.com\/lebenshilfe_dillenburg\/"]},{"@type":"Person","@id":"https:\/\/lebenshilfe-dillenburg.de\/leicht\/#\/schema\/person\/b6c52dad8d881b49213c3345a7cd5efe","name":"Conny Holtfoth","sameAs":["http:\/\/lebenshilfe-dillenburg.de"],"url":"https:\/\/lebenshilfe-dillenburg.de\/leicht\/author\/conny\/"}]}},"taxonomy_info":{"category":[{"value":53,"label":"Meldungen"}]},"featured_image_src_large":["https:\/\/lebenshilfe-dillenburg.de\/wp-content\/uploads\/mario-straub-gruppenleiter-werkstatt-1920x1202.jpg",1366,855,true],"author_info":{"display_name":"Conny Holtfoth","author_link":"https:\/\/lebenshilfe-dillenburg.de\/leicht\/author\/conny\/"},"comment_info":0,"category_info":[{"term_id":53,"name":"Meldungen","slug":"meldungen","term_group":0,"term_taxonomy_id":53,"taxonomy":"category","description":"","parent":0,"count":127,"filter":"raw","term_order":"5","cat_ID":53,"category_count":127,"category_description":"","cat_name":"Meldungen","category_nicename":"meldungen","category_parent":0}],"tag_info":false,"_links":{"self":[{"href":"https:\/\/lebenshilfe-dillenburg.de\/leicht\/wp-json\/wp\/v2\/posts\/7464","targetHints":{"allow":["GET"]}}],"collection":[{"href":"https:\/\/lebenshilfe-dillenburg.de\/leicht\/wp-json\/wp\/v2\/posts"}],"about":[{"href":"https:\/\/lebenshilfe-dillenburg.de\/leicht\/wp-json\/wp\/v2\/types\/post"}],"author":[{"embeddable":true,"href":"https:\/\/lebenshilfe-dillenburg.de\/leicht\/wp-json\/wp\/v2\/users\/4"}],"replies":[{"embeddable":true,"href":"https:\/\/lebenshilfe-dillenburg.de\/leicht\/wp-json\/wp\/v2\/comments?post=7464"}],"version-history":[{"count":0,"href":"https:\/\/lebenshilfe-dillenburg.de\/leicht\/wp-json\/wp\/v2\/posts\/7464\/revisions"}],"wp:featuredmedia":[{"embeddable":true,"href":"https:\/\/lebenshilfe-dillenburg.de\/leicht\/wp-json\/wp\/v2\/media\/7504"}],"wp:attachment":[{"href":"https:\/\/lebenshilfe-dillenburg.de\/leicht\/wp-json\/wp\/v2\/media?parent=7464"}],"wp:term":[{"taxonomy":"category","embeddable":true,"href":"https:\/\/lebenshilfe-dillenburg.de\/leicht\/wp-json\/wp\/v2\/categories?post=7464"},{"taxonomy":"post_tag","embeddable":true,"href":"https:\/\/lebenshilfe-dillenburg.de\/leicht\/wp-json\/wp\/v2\/tags?post=7464"}],"curies":[{"name":"wp","href":"https:\/\/api.w.org\/{rel}","templated":true}]}}