{"id":7465,"date":"2021-08-25T11:01:09","date_gmt":"2021-08-25T09:01:09","guid":{"rendered":"https:\/\/www.lebenshilfe-dillenburg.de\/?p=3326"},"modified":"2026-01-30T12:09:37","modified_gmt":"2026-01-30T11:09:37","slug":"teilhabe-in-den-fokus-nehmen","status":"publish","type":"post","link":"https:\/\/lebenshilfe-dillenburg.de\/leicht\/teilhabe-in-den-fokus-nehmen\/","title":{"rendered":"&#8222;Teilhabe in den Fokus nehmen&#8220;"},"content":{"rendered":"<p>Das Thema Teilhabe ganz bewusst in den Fokus nehmen \u2013 in diesem Anliegen best\u00e4rkt hat Gr\u00fcnen-Politikerin Caroline Krohn, Bundestags-Direktkandidatin f\u00fcr den Lahn-Dill-Kreis, am Dienstag nach einem angeregten Austausch die Lebenshilfe Dillenburg verlassen. \u201eIch habe hier ganz viel mitgenommen \u2013 und werde wiederkommen.\u201c<!--more--><\/p>\n<p>\u00dcber den Instagram-Kanal des Vereins war die Braunfelserin auf die Lebenshilfe Dillenburg aufmerksam geworden. \u201eIch habe die vielen tollen Projekte gesehen und habe mir gedacht: Die musst du kennenlernen\u201c, so die 41-J\u00e4hrige. Dass Menschen mit Behinderung gesehen und wahrgenommen w\u00fcrden, sei auch das erkl\u00e4rte Ziel der Lebenshilfe Dillenburg, merkte Vorstandsmitglied Dr. Oliver Schmitzer an. Insbesondere in ihrer Vielfalt. Inklusion sei ein wichtiges Ziel, zeichne jedoch oft ein Idealbild: \u201eDa wird vieles oft von au\u00dfen zu pauschal betrachtet, obwohl es viel differenzierter zu sehen ist.\u201c<\/p>\n<p>Die Politikerin erhielt Einblicke in die Arbeit der Lebenshilfe Dillenburg und auch in die Probleme, die dem Verein zu schaffen machen \u2013 wie etwa der stark angestiegene pflegerische Aufwand vieler \u00e4lterer Menschen mit Behinderung, die in den besonderen Wohnformen leben. Paragraph 43a im Sozialgesetzbuch XI legt jedoch eine nur geringf\u00fcgige Pauschale f\u00fcr Pflegebed\u00fcrftige fest, die in vollstation\u00e4ren Einrichtungen leben. \u201eUnd unser Anspruch ist es, den von uns betreuten Menschen lebenslanges Wohnrecht zu gew\u00e4hrleisten und sie nicht aus ihrer gewohnten Umgebung zu rei\u00dfen.\u201c<\/p>\n<p>Krohn, zu deren politischen Themenschwerpunkten unter anderem die Digitalisierung z\u00e4hlt, erfuhr, dass die Lebenshilfe Dillenburg neben der Einf\u00fchrung einer digitalen Klientenakte an der Einf\u00fchrung eines Intranets f\u00fcr Menschen mit Behinderung ist, in dem diese nicht nur multimediale Informationen in einfacher Sprache erhalten werden, sondern sich auch aktiv an der Gestaltung beteiligen k\u00f6nnen. \u201eSichtbarkeit von Menschen mit Behinderung soll auch im digitalen Raum stattfinden\u201c, erkl\u00e4rte Schmitzer.<\/p>\n","protected":false},"excerpt":{"rendered":"<p>Das Thema Teilhabe ganz bewusst in den Fokus nehmen \u2013 in diesem Anliegen best\u00e4rkt hat Gr\u00fcnen-Politikerin Caroline Krohn, Bundestags-Direktkandidatin f\u00fcr den Lahn-Dill-Kreis, am Dienstag nach einem angeregten Austausch die Lebenshilfe Dillenburg verlassen. \u201eIch habe hier ganz viel mitgenommen \u2013 und werde wiederkommen.\u201c<\/p>\n","protected":false},"author":4,"featured_media":7508,"comment_status":"closed","ping_status":"closed","sticky":false,"template":"","format":"standard","meta":{"_acf_changed":false,"_gspb_post_css":"","_kad_blocks_custom_css":"","_kad_blocks_head_custom_js":"","_kad_blocks_body_custom_js":"","_kad_blocks_footer_custom_js":"","_kad_post_transparent":"","_kad_post_title":"","_kad_post_layout":"","_kad_post_sidebar_id":"","_kad_post_content_style":"","_kad_post_vertical_padding":"","_kad_post_feature":"","_kad_post_feature_position":"","_kad_post_header":false,"_kad_post_footer":false,"_kad_post_classname":"","footnotes":""},"categories":[53],"tags":[],"class_list":["post-7465","post","type-post","status-publish","format-standard","has-post-thumbnail","hentry","category-meldungen"],"acf":[],"yoast_head":"<!-- This site is optimized with the Yoast SEO plugin v27.5 - https:\/\/yoast.com\/product\/yoast-seo-wordpress\/ -->\n<title>&quot;Teilhabe in den Fokus nehmen&quot; - Lebenshilfe Dillenburg e.V.<\/title>\n<meta name=\"robots\" content=\"index, follow, max-snippet:-1, max-image-preview:large, max-video-preview:-1\" \/>\n<link rel=\"canonical\" href=\"https:\/\/lebenshilfe-dillenburg.de\/leicht\/teilhabe-in-den-fokus-nehmen\/\" \/>\n<meta property=\"og:locale\" content=\"de_DE\" \/>\n<meta property=\"og:type\" content=\"article\" \/>\n<meta property=\"og:title\" content=\"&quot;Teilhabe in den Fokus nehmen&quot; - Lebenshilfe Dillenburg e.V.\" \/>\n<meta property=\"og:description\" content=\"Das Thema Teilhabe ganz bewusst in den Fokus nehmen \u2013 in diesem Anliegen best\u00e4rkt hat Gr\u00fcnen-Politikerin Caroline Krohn, Bundestags-Direktkandidatin f\u00fcr den Lahn-Dill-Kreis, am Dienstag nach einem angeregten Austausch die Lebenshilfe Dillenburg verlassen. \u201eIch habe hier ganz viel mitgenommen \u2013 und werde wiederkommen.\u201c\" \/>\n<meta property=\"og:url\" content=\"https:\/\/lebenshilfe-dillenburg.de\/leicht\/teilhabe-in-den-fokus-nehmen\/\" \/>\n<meta property=\"og:site_name\" content=\"Lebenshilfe Dillenburg e.V.\" \/>\n<meta property=\"article:publisher\" content=\"https:\/\/www.facebook.com\/lebenshilfedillenburg\/\" \/>\n<meta property=\"article:published_time\" content=\"2021-08-25T09:01:09+00:00\" \/>\n<meta property=\"article:modified_time\" content=\"2026-01-30T11:09:37+00:00\" \/>\n<meta property=\"og:image\" content=\"https:\/\/lebenshilfe-dillenburg.de\/wp-content\/uploads\/img-3626-scaled-1.jpg\" \/>\n\t<meta property=\"og:image:width\" content=\"2560\" \/>\n\t<meta property=\"og:image:height\" content=\"1751\" \/>\n\t<meta property=\"og:image:type\" content=\"image\/jpeg\" \/>\n<meta name=\"author\" content=\"Conny Holtfoth\" \/>\n<meta name=\"twitter:card\" content=\"summary_large_image\" \/>\n<meta name=\"twitter:label1\" content=\"Geschrieben von\" \/>\n\t<meta name=\"twitter:data1\" content=\"Conny Holtfoth\" \/>\n\t<meta name=\"twitter:label2\" content=\"Gesch\u00e4tzte Lesezeit\" \/>\n\t<meta name=\"twitter:data2\" content=\"1\u00a0Minute\" \/>\n<script type=\"application\/ld+json\" class=\"yoast-schema-graph\">{\"@context\":\"https:\\\/\\\/schema.org\",\"@graph\":[{\"@type\":\"Article\",\"@id\":\"https:\\\/\\\/lebenshilfe-dillenburg.de\\\/leicht\\\/teilhabe-in-den-fokus-nehmen\\\/#article\",\"isPartOf\":{\"@id\":\"https:\\\/\\\/lebenshilfe-dillenburg.de\\\/leicht\\\/teilhabe-in-den-fokus-nehmen\\\/\"},\"author\":{\"name\":\"Conny Holtfoth\",\"@id\":\"https:\\\/\\\/lebenshilfe-dillenburg.de\\\/leicht\\\/#\\\/schema\\\/person\\\/b6c52dad8d881b49213c3345a7cd5efe\"},\"headline\":\"&#8222;Teilhabe in den Fokus nehmen&#8220;\",\"datePublished\":\"2021-08-25T09:01:09+00:00\",\"dateModified\":\"2026-01-30T11:09:37+00:00\",\"mainEntityOfPage\":{\"@id\":\"https:\\\/\\\/lebenshilfe-dillenburg.de\\\/leicht\\\/teilhabe-in-den-fokus-nehmen\\\/\"},\"wordCount\":294,\"publisher\":{\"@id\":\"https:\\\/\\\/lebenshilfe-dillenburg.de\\\/leicht\\\/#organization\"},\"image\":{\"@id\":\"https:\\\/\\\/lebenshilfe-dillenburg.de\\\/leicht\\\/teilhabe-in-den-fokus-nehmen\\\/#primaryimage\"},\"thumbnailUrl\":\"https:\\\/\\\/lebenshilfe-dillenburg.de\\\/wp-content\\\/uploads\\\/caroline-krohn-lebenshilfe-termin.jpg\",\"articleSection\":[\"Meldungen\"],\"inLanguage\":\"de\"},{\"@type\":\"WebPage\",\"@id\":\"https:\\\/\\\/lebenshilfe-dillenburg.de\\\/leicht\\\/teilhabe-in-den-fokus-nehmen\\\/\",\"url\":\"https:\\\/\\\/lebenshilfe-dillenburg.de\\\/leicht\\\/teilhabe-in-den-fokus-nehmen\\\/\",\"name\":\"\\\"Teilhabe in den Fokus nehmen\\\" - Lebenshilfe Dillenburg e.V.\",\"isPartOf\":{\"@id\":\"https:\\\/\\\/lebenshilfe-dillenburg.de\\\/leicht\\\/#website\"},\"primaryImageOfPage\":{\"@id\":\"https:\\\/\\\/lebenshilfe-dillenburg.de\\\/leicht\\\/teilhabe-in-den-fokus-nehmen\\\/#primaryimage\"},\"image\":{\"@id\":\"https:\\\/\\\/lebenshilfe-dillenburg.de\\\/leicht\\\/teilhabe-in-den-fokus-nehmen\\\/#primaryimage\"},\"thumbnailUrl\":\"https:\\\/\\\/lebenshilfe-dillenburg.de\\\/wp-content\\\/uploads\\\/caroline-krohn-lebenshilfe-termin.jpg\",\"datePublished\":\"2021-08-25T09:01:09+00:00\",\"dateModified\":\"2026-01-30T11:09:37+00:00\",\"breadcrumb\":{\"@id\":\"https:\\\/\\\/lebenshilfe-dillenburg.de\\\/leicht\\\/teilhabe-in-den-fokus-nehmen\\\/#breadcrumb\"},\"inLanguage\":\"de\",\"potentialAction\":[{\"@type\":\"ReadAction\",\"target\":[\"https:\\\/\\\/lebenshilfe-dillenburg.de\\\/leicht\\\/teilhabe-in-den-fokus-nehmen\\\/\"]}]},{\"@type\":\"ImageObject\",\"inLanguage\":\"de\",\"@id\":\"https:\\\/\\\/lebenshilfe-dillenburg.de\\\/leicht\\\/teilhabe-in-den-fokus-nehmen\\\/#primaryimage\",\"url\":\"https:\\\/\\\/lebenshilfe-dillenburg.de\\\/wp-content\\\/uploads\\\/caroline-krohn-lebenshilfe-termin.jpg\",\"contentUrl\":\"https:\\\/\\\/lebenshilfe-dillenburg.de\\\/wp-content\\\/uploads\\\/caroline-krohn-lebenshilfe-termin.jpg\",\"width\":1500,\"height\":1026,\"caption\":\"Gr\u00fcnen-Politikerin Caroline Krohn im Austausch mit Lebenshilfe-Vorstand Dr. Oliver Schmitzer. (Foto: Holtfoth)\"},{\"@type\":\"BreadcrumbList\",\"@id\":\"https:\\\/\\\/lebenshilfe-dillenburg.de\\\/leicht\\\/teilhabe-in-den-fokus-nehmen\\\/#breadcrumb\",\"itemListElement\":[{\"@type\":\"ListItem\",\"position\":1,\"name\":\"Startseite der Lebenshilfe Dillenburg\",\"item\":\"https:\\\/\\\/lebenshilfe-dillenburg.de\\\/leicht\\\/\"},{\"@type\":\"ListItem\",\"position\":2,\"name\":\"&#8222;Teilhabe in den Fokus nehmen&#8220;\"}]},{\"@type\":\"WebSite\",\"@id\":\"https:\\\/\\\/lebenshilfe-dillenburg.de\\\/leicht\\\/#website\",\"url\":\"https:\\\/\\\/lebenshilfe-dillenburg.de\\\/leicht\\\/\",\"name\":\"Lebenshilfe Dillenburg \u2013 Teilhabe & Unterst\u00fctzung im Lahn-Dill-Kreis\",\"description\":\"\",\"publisher\":{\"@id\":\"https:\\\/\\\/lebenshilfe-dillenburg.de\\\/leicht\\\/#organization\"},\"potentialAction\":[{\"@type\":\"SearchAction\",\"target\":{\"@type\":\"EntryPoint\",\"urlTemplate\":\"https:\\\/\\\/lebenshilfe-dillenburg.de\\\/leicht\\\/?s={search_term_string}\"},\"query-input\":{\"@type\":\"PropertyValueSpecification\",\"valueRequired\":true,\"valueName\":\"search_term_string\"}}],\"inLanguage\":\"de\"},{\"@type\":\"Organization\",\"@id\":\"https:\\\/\\\/lebenshilfe-dillenburg.de\\\/leicht\\\/#organization\",\"name\":\"Lebenshilfe Dillenburg e.V.\",\"url\":\"https:\\\/\\\/lebenshilfe-dillenburg.de\\\/leicht\\\/\",\"logo\":{\"@type\":\"ImageObject\",\"inLanguage\":\"de\",\"@id\":\"https:\\\/\\\/lebenshilfe-dillenburg.de\\\/leicht\\\/#\\\/schema\\\/logo\\\/image\\\/\",\"url\":\"https:\\\/\\\/lebenshilfe-dillenburg.de\\\/wp-content\\\/uploads\\\/lebenshilfe-dillenburg-desktop.webp\",\"contentUrl\":\"https:\\\/\\\/lebenshilfe-dillenburg.de\\\/wp-content\\\/uploads\\\/lebenshilfe-dillenburg-desktop.webp\",\"width\":461,\"height\":202,\"caption\":\"Lebenshilfe Dillenburg e.V.\"},\"image\":{\"@id\":\"https:\\\/\\\/lebenshilfe-dillenburg.de\\\/leicht\\\/#\\\/schema\\\/logo\\\/image\\\/\"},\"sameAs\":[\"https:\\\/\\\/www.facebook.com\\\/lebenshilfedillenburg\\\/\",\"https:\\\/\\\/www.instagram.com\\\/lebenshilfe_dillenburg\\\/\"]},{\"@type\":\"Person\",\"@id\":\"https:\\\/\\\/lebenshilfe-dillenburg.de\\\/leicht\\\/#\\\/schema\\\/person\\\/b6c52dad8d881b49213c3345a7cd5efe\",\"name\":\"Conny Holtfoth\",\"sameAs\":[\"http:\\\/\\\/lebenshilfe-dillenburg.de\"],\"url\":\"https:\\\/\\\/lebenshilfe-dillenburg.de\\\/leicht\\\/author\\\/conny\\\/\"}]}<\/script>\n<!-- \/ Yoast SEO plugin. -->","yoast_head_json":{"title":"\"Teilhabe in den Fokus nehmen\" - Lebenshilfe Dillenburg e.V.","robots":{"index":"index","follow":"follow","max-snippet":"max-snippet:-1","max-image-preview":"max-image-preview:large","max-video-preview":"max-video-preview:-1"},"canonical":"https:\/\/lebenshilfe-dillenburg.de\/leicht\/teilhabe-in-den-fokus-nehmen\/","og_locale":"de_DE","og_type":"article","og_title":"\"Teilhabe in den Fokus nehmen\" - Lebenshilfe Dillenburg e.V.","og_description":"Das Thema Teilhabe ganz bewusst in den Fokus nehmen \u2013 in diesem Anliegen best\u00e4rkt hat Gr\u00fcnen-Politikerin Caroline Krohn, Bundestags-Direktkandidatin f\u00fcr den Lahn-Dill-Kreis, am Dienstag nach einem angeregten Austausch die Lebenshilfe Dillenburg verlassen. \u201eIch habe hier ganz viel mitgenommen \u2013 und werde wiederkommen.\u201c","og_url":"https:\/\/lebenshilfe-dillenburg.de\/leicht\/teilhabe-in-den-fokus-nehmen\/","og_site_name":"Lebenshilfe Dillenburg e.V.","article_publisher":"https:\/\/www.facebook.com\/lebenshilfedillenburg\/","article_published_time":"2021-08-25T09:01:09+00:00","article_modified_time":"2026-01-30T11:09:37+00:00","og_image":[{"width":2560,"height":1751,"url":"https:\/\/lebenshilfe-dillenburg.de\/wp-content\/uploads\/img-3626-scaled-1.jpg","type":"image\/jpeg"}],"author":"Conny Holtfoth","twitter_card":"summary_large_image","twitter_misc":{"Geschrieben von":"Conny Holtfoth","Gesch\u00e4tzte Lesezeit":"1\u00a0Minute"},"schema":{"@context":"https:\/\/schema.org","@graph":[{"@type":"Article","@id":"https:\/\/lebenshilfe-dillenburg.de\/leicht\/teilhabe-in-den-fokus-nehmen\/#article","isPartOf":{"@id":"https:\/\/lebenshilfe-dillenburg.de\/leicht\/teilhabe-in-den-fokus-nehmen\/"},"author":{"name":"Conny Holtfoth","@id":"https:\/\/lebenshilfe-dillenburg.de\/leicht\/#\/schema\/person\/b6c52dad8d881b49213c3345a7cd5efe"},"headline":"&#8222;Teilhabe in den Fokus nehmen&#8220;","datePublished":"2021-08-25T09:01:09+00:00","dateModified":"2026-01-30T11:09:37+00:00","mainEntityOfPage":{"@id":"https:\/\/lebenshilfe-dillenburg.de\/leicht\/teilhabe-in-den-fokus-nehmen\/"},"wordCount":294,"publisher":{"@id":"https:\/\/lebenshilfe-dillenburg.de\/leicht\/#organization"},"image":{"@id":"https:\/\/lebenshilfe-dillenburg.de\/leicht\/teilhabe-in-den-fokus-nehmen\/#primaryimage"},"thumbnailUrl":"https:\/\/lebenshilfe-dillenburg.de\/wp-content\/uploads\/caroline-krohn-lebenshilfe-termin.jpg","articleSection":["Meldungen"],"inLanguage":"de"},{"@type":"WebPage","@id":"https:\/\/lebenshilfe-dillenburg.de\/leicht\/teilhabe-in-den-fokus-nehmen\/","url":"https:\/\/lebenshilfe-dillenburg.de\/leicht\/teilhabe-in-den-fokus-nehmen\/","name":"\"Teilhabe in den Fokus nehmen\" - Lebenshilfe Dillenburg e.V.","isPartOf":{"@id":"https:\/\/lebenshilfe-dillenburg.de\/leicht\/#website"},"primaryImageOfPage":{"@id":"https:\/\/lebenshilfe-dillenburg.de\/leicht\/teilhabe-in-den-fokus-nehmen\/#primaryimage"},"image":{"@id":"https:\/\/lebenshilfe-dillenburg.de\/leicht\/teilhabe-in-den-fokus-nehmen\/#primaryimage"},"thumbnailUrl":"https:\/\/lebenshilfe-dillenburg.de\/wp-content\/uploads\/caroline-krohn-lebenshilfe-termin.jpg","datePublished":"2021-08-25T09:01:09+00:00","dateModified":"2026-01-30T11:09:37+00:00","breadcrumb":{"@id":"https:\/\/lebenshilfe-dillenburg.de\/leicht\/teilhabe-in-den-fokus-nehmen\/#breadcrumb"},"inLanguage":"de","potentialAction":[{"@type":"ReadAction","target":["https:\/\/lebenshilfe-dillenburg.de\/leicht\/teilhabe-in-den-fokus-nehmen\/"]}]},{"@type":"ImageObject","inLanguage":"de","@id":"https:\/\/lebenshilfe-dillenburg.de\/leicht\/teilhabe-in-den-fokus-nehmen\/#primaryimage","url":"https:\/\/lebenshilfe-dillenburg.de\/wp-content\/uploads\/caroline-krohn-lebenshilfe-termin.jpg","contentUrl":"https:\/\/lebenshilfe-dillenburg.de\/wp-content\/uploads\/caroline-krohn-lebenshilfe-termin.jpg","width":1500,"height":1026,"caption":"Gr\u00fcnen-Politikerin Caroline Krohn im Austausch mit Lebenshilfe-Vorstand Dr. Oliver Schmitzer. (Foto: Holtfoth)"},{"@type":"BreadcrumbList","@id":"https:\/\/lebenshilfe-dillenburg.de\/leicht\/teilhabe-in-den-fokus-nehmen\/#breadcrumb","itemListElement":[{"@type":"ListItem","position":1,"name":"Startseite der Lebenshilfe Dillenburg","item":"https:\/\/lebenshilfe-dillenburg.de\/leicht\/"},{"@type":"ListItem","position":2,"name":"&#8222;Teilhabe in den Fokus nehmen&#8220;"}]},{"@type":"WebSite","@id":"https:\/\/lebenshilfe-dillenburg.de\/leicht\/#website","url":"https:\/\/lebenshilfe-dillenburg.de\/leicht\/","name":"Lebenshilfe Dillenburg \u2013 Teilhabe & Unterst\u00fctzung im Lahn-Dill-Kreis","description":"","publisher":{"@id":"https:\/\/lebenshilfe-dillenburg.de\/leicht\/#organization"},"potentialAction":[{"@type":"SearchAction","target":{"@type":"EntryPoint","urlTemplate":"https:\/\/lebenshilfe-dillenburg.de\/leicht\/?s={search_term_string}"},"query-input":{"@type":"PropertyValueSpecification","valueRequired":true,"valueName":"search_term_string"}}],"inLanguage":"de"},{"@type":"Organization","@id":"https:\/\/lebenshilfe-dillenburg.de\/leicht\/#organization","name":"Lebenshilfe Dillenburg e.V.","url":"https:\/\/lebenshilfe-dillenburg.de\/leicht\/","logo":{"@type":"ImageObject","inLanguage":"de","@id":"https:\/\/lebenshilfe-dillenburg.de\/leicht\/#\/schema\/logo\/image\/","url":"https:\/\/lebenshilfe-dillenburg.de\/wp-content\/uploads\/lebenshilfe-dillenburg-desktop.webp","contentUrl":"https:\/\/lebenshilfe-dillenburg.de\/wp-content\/uploads\/lebenshilfe-dillenburg-desktop.webp","width":461,"height":202,"caption":"Lebenshilfe Dillenburg e.V."},"image":{"@id":"https:\/\/lebenshilfe-dillenburg.de\/leicht\/#\/schema\/logo\/image\/"},"sameAs":["https:\/\/www.facebook.com\/lebenshilfedillenburg\/","https:\/\/www.instagram.com\/lebenshilfe_dillenburg\/"]},{"@type":"Person","@id":"https:\/\/lebenshilfe-dillenburg.de\/leicht\/#\/schema\/person\/b6c52dad8d881b49213c3345a7cd5efe","name":"Conny Holtfoth","sameAs":["http:\/\/lebenshilfe-dillenburg.de"],"url":"https:\/\/lebenshilfe-dillenburg.de\/leicht\/author\/conny\/"}]}},"taxonomy_info":{"category":[{"value":53,"label":"Meldungen"}]},"featured_image_src_large":["https:\/\/lebenshilfe-dillenburg.de\/wp-content\/uploads\/caroline-krohn-lebenshilfe-termin-1920x1313.jpg",1366,934,true],"author_info":{"display_name":"Conny Holtfoth","author_link":"https:\/\/lebenshilfe-dillenburg.de\/leicht\/author\/conny\/"},"comment_info":0,"category_info":[{"term_id":53,"name":"Meldungen","slug":"meldungen","term_group":0,"term_taxonomy_id":53,"taxonomy":"category","description":"","parent":0,"count":127,"filter":"raw","term_order":"5","cat_ID":53,"category_count":127,"category_description":"","cat_name":"Meldungen","category_nicename":"meldungen","category_parent":0}],"tag_info":false,"_links":{"self":[{"href":"https:\/\/lebenshilfe-dillenburg.de\/leicht\/wp-json\/wp\/v2\/posts\/7465","targetHints":{"allow":["GET"]}}],"collection":[{"href":"https:\/\/lebenshilfe-dillenburg.de\/leicht\/wp-json\/wp\/v2\/posts"}],"about":[{"href":"https:\/\/lebenshilfe-dillenburg.de\/leicht\/wp-json\/wp\/v2\/types\/post"}],"author":[{"embeddable":true,"href":"https:\/\/lebenshilfe-dillenburg.de\/leicht\/wp-json\/wp\/v2\/users\/4"}],"replies":[{"embeddable":true,"href":"https:\/\/lebenshilfe-dillenburg.de\/leicht\/wp-json\/wp\/v2\/comments?post=7465"}],"version-history":[{"count":0,"href":"https:\/\/lebenshilfe-dillenburg.de\/leicht\/wp-json\/wp\/v2\/posts\/7465\/revisions"}],"wp:featuredmedia":[{"embeddable":true,"href":"https:\/\/lebenshilfe-dillenburg.de\/leicht\/wp-json\/wp\/v2\/media\/7508"}],"wp:attachment":[{"href":"https:\/\/lebenshilfe-dillenburg.de\/leicht\/wp-json\/wp\/v2\/media?parent=7465"}],"wp:term":[{"taxonomy":"category","embeddable":true,"href":"https:\/\/lebenshilfe-dillenburg.de\/leicht\/wp-json\/wp\/v2\/categories?post=7465"},{"taxonomy":"post_tag","embeddable":true,"href":"https:\/\/lebenshilfe-dillenburg.de\/leicht\/wp-json\/wp\/v2\/tags?post=7465"}],"curies":[{"name":"wp","href":"https:\/\/api.w.org\/{rel}","templated":true}]}}