{"id":7466,"date":"2021-11-10T12:22:35","date_gmt":"2021-11-10T11:22:35","guid":{"rendered":"https:\/\/www.lebenshilfe-dillenburg.de\/?p=3429"},"modified":"2026-01-30T12:09:37","modified_gmt":"2026-01-30T11:09:37","slug":"sandy-klein-zeigt-zwoelfmal-lebensfreude","status":"publish","type":"post","link":"https:\/\/lebenshilfe-dillenburg.de\/leicht\/sandy-klein-zeigt-zwoelfmal-lebensfreude\/","title":{"rendered":"Sandy Klein zeigt zw\u00f6lfmal Lebensfreude"},"content":{"rendered":"<p>Zw\u00f6lf Monate, zw\u00f6lf Motive. Ob im Cadillac, als Police Officer oder in der Kaffeer\u00f6sterei \u2013 alle sind ein Hingucker. Die Models: Menschen mit Behinderung, die von der Lebenshilfe Dillenburg betreut werden. Und alle zeigen: Jeder Mensch ist sch\u00f6n. <!--more-->Initiator des Fotoprojekts ist Lebenshilfe-Mitarbeiter Sascha Kirchhoff. Die Bilder des Kalenders \u201eEinzigartig, echt, direkt\u201c stammen alle von der Fotografin Sandy Klein aus Wuppertal. Im Interview erz\u00e4hlt die 31-j\u00e4hrige geb\u00fcrtige Fellerdillnerin, warum Fotoshootings mit Menschen mit Behinderung in ihrem Job eine Bereicherung darstellen.<\/p>\n<p><em><strong>Frau Klein, Sie haben als Fotografin ja schon einiges erlebt, aber ein Kalender komplett gef\u00fcllt mit Ihren Bildern d\u00fcrfte auch f\u00fcr Sie etwas Neues sein. Wie sehr freuen Sie sich auf die Ver\u00f6ffentlichung?<\/strong><\/em><\/p>\n<p><strong>Sandy Klein:<\/strong> Das stimmt, ich freue mich wirklich sehr auf den Kalender und f\u00fchle mich nat\u00fcrlich geehrt, dass meine Fotografien darin Platz finden.<\/p>\n<p><em><strong>Haben Sie in dieser Auswahl ein Lieblingsbild?<\/strong><\/em><\/p>\n<p><strong>Sandy Klein:<\/strong> Mein Lieblingsbild ist das mit dem Betreuten Roland Wellert aus unserem Police-Shooting letztes Jahr. Er hat das so unglaublich cool gemacht, die Location ist super und ich mag den Look allgemein sehr.<\/p>\n<p><strong><em>Der Kalender zeigt in seiner F\u00fclle und Vielfalt, wie oft Sie schon als Fotografin f\u00fcr uns t\u00e4tig waren. Wie kam es \u00fcberhaupt dazu?<\/em><\/strong><\/p>\n<p><strong>Sandy Klein:<\/strong> Seit 2019 ver\u00f6ffentliche ich Portr\u00e4tfotos via Instagram, und dadurch kam Sascha Kirchhoff gl\u00fccklicherweise auf mich zu und fragte mich, ob wir solche Shootings nicht auch mit Menschen mit Behinderung machen k\u00f6nnen. Ich fand die Idee und die Herausforderung auf Anhieb richtig cool! Wir haben uns direkt top verstanden und arbeiten seitdem supergerne zusammen.<\/p>\n<p><strong><em>Wie unterscheiden sich Fotoshootings mit Menschen mit Behinderung im Vergleich zu Menschen ohne Behinderung?<\/em><\/strong><\/p>\n<p><strong>Sandy Klein:<\/strong> Im Prinzip gar nicht! Es gibt Menschen, die stehen gerne vor der Kamera und strahlen das aus, und dann gibt es welche, die sich da nicht ganz so wohl f\u00fchlen. Die, die Spa\u00df haben, trauen sich auch mehr, posen gerne, bewegen sich &#8211; dabei entstehen immer coole Fotos. Ob jemand eine Behinderung hat oder nicht, ist dabei in meinen Augen irrelevant.<\/p>\n<p><strong><em>M\u00fcssen Sie dabei auf irgendwas besonders achten?<\/em><\/strong><\/p>\n<p><strong>Sandy Klein:<\/strong> Ich glaube, die Herausforderung ist es, bei jedem Menschen abzutasten, wie viel ich als Fotografin einfordern kann. Seien es Vorschl\u00e4ge f\u00fcrs Posieren, K\u00f6rperhaltung oder L\u00e4nge des Shootings. Aber ich versuche, eine lockere Atmosph\u00e4re und Vertrauen zu schaffen, damit frei gesagt werden kann, was geht und was nicht. Hauptsache, das Model f\u00fchlt sich wohl und hat bei den Fotoshootings viel Spa\u00df.<\/p>\n<figure id=\"attachment_3435\" aria-describedby=\"caption-attachment-3435\" style=\"width: 443px\" class=\"wp-caption alignnone\"><img loading=\"lazy\" decoding=\"async\" class=\"wp-image-3435\" src=\"https:\/\/lebenshilfe-dillenburg.de\/wp-content\/uploads\/2021\/11\/sandy-klein-zeigt-zwoelfmal-lebensfreude-91a8752-600x400.jpg\" alt=\"\" width=\"443\" height=\"295\" \/><figcaption id=\"caption-attachment-3435\" class=\"wp-caption-text\">Gute Laune beim Limousinen-Shooting mit Antonia Ramon.<\/figcaption><\/figure>\n<p><strong><em>Was m\u00f6gen Sie im Miteinander mit unseren Betreuten?<\/em><\/strong><\/p>\n<p><strong>Sandy Klein:<\/strong> Jeder ist so individuell, und ich finde es spannend, einen kleinen Einblick in die pers\u00f6nlichen Geschichten der Betreuten zu bekommen. Also \u2013 was steckt hinter der Person und was bewegt sie, warum tut ihnen z. B. ein Fotoshooting gut. Und dann macht es mir eine riesige Freude, wenn die Models strahlen und stolz auf ihre Fotos sind.<\/p>\n<p><em><strong>Gibt es Shootings, an die Sie besonders gern zur\u00fcckdenken?<\/strong><\/em><\/p>\n<p><strong>Sandy Klein:<\/strong> Ja einige! Das Police-Shooting war total super, dann das Shooting mit einem Cadillac, einer pinken Limousine\u2026 und ich mochte auch unser letztes Shooting mit dem Farbpulver.<\/p>\n<figure id=\"attachment_3431\" aria-describedby=\"caption-attachment-3431\" style=\"width: 466px\" class=\"wp-caption alignnone\"><img loading=\"lazy\" decoding=\"async\" class=\" wp-image-3431\" src=\"https:\/\/lebenshilfe-dillenburg.de\/wp-content\/uploads\/2021\/11\/zwoelfmal-lebensfreude-91a5631-600x394.jpg\" alt=\"\" width=\"466\" height=\"306\" \/><figcaption id=\"caption-attachment-3431\" class=\"wp-caption-text\">Ein Motiv des Kalenders: Mikica Micic beim Farbpulver-Shooting.<\/figcaption><\/figure>\n<p><em><strong>Was planen Sie in Zukunft noch mit der Lebenshilfe Dillenburg?<\/strong><\/em><\/p>\n<p><strong>Sandy Klein:<\/strong> Noch weitere coole und kreative Fotoshootings!<\/p>\n<p><strong>Der Kalender 2022 \u201eEinzigartig, echt, direkt\u201c ist ab dem 12. November f\u00fcr 7,95 Euro \u00fcber Amazon f\u00fcr bestellbar. Die optische Aufmachung des Kalenders stammt von Grafikerin Helga Schneider aus Siegen. Die Einnahmen unterst\u00fctzen die Arbeit der Lebenshilfe Dillenburg.<\/strong><\/p>\n<p>&nbsp;<\/p>\n","protected":false},"excerpt":{"rendered":"<p>Zw\u00f6lf Monate, zw\u00f6lf Motive. Ob im Cadillac, als Police Officer oder in der Kaffeer\u00f6sterei \u2013 alle sind ein Hingucker. Die Models: Menschen mit Behinderung, die von der Lebenshilfe Dillenburg betreut werden. Und alle zeigen: Jeder Mensch ist sch\u00f6n.<\/p>\n","protected":false},"author":4,"featured_media":7513,"comment_status":"closed","ping_status":"closed","sticky":false,"template":"","format":"standard","meta":{"_acf_changed":false,"_gspb_post_css":"","_kad_blocks_custom_css":"","_kad_blocks_head_custom_js":"","_kad_blocks_body_custom_js":"","_kad_blocks_footer_custom_js":"","_kad_post_transparent":"","_kad_post_title":"","_kad_post_layout":"","_kad_post_sidebar_id":"","_kad_post_content_style":"","_kad_post_vertical_padding":"","_kad_post_feature":"","_kad_post_feature_position":"","_kad_post_header":false,"_kad_post_footer":false,"_kad_post_classname":"","footnotes":""},"categories":[52,53],"tags":[],"class_list":["post-7466","post","type-post","status-publish","format-standard","has-post-thumbnail","hentry","category-aktuelles","category-meldungen"],"acf":[],"yoast_head":"<!-- This site is optimized with the Yoast SEO plugin v27.5 - https:\/\/yoast.com\/product\/yoast-seo-wordpress\/ -->\n<title>Sandy Klein zeigt zw\u00f6lfmal Lebensfreude - Lebenshilfe Dillenburg e.V.<\/title>\n<meta name=\"robots\" content=\"index, follow, max-snippet:-1, max-image-preview:large, max-video-preview:-1\" \/>\n<link rel=\"canonical\" href=\"https:\/\/lebenshilfe-dillenburg.de\/leicht\/sandy-klein-zeigt-zwoelfmal-lebensfreude\/\" \/>\n<meta property=\"og:locale\" content=\"de_DE\" \/>\n<meta property=\"og:type\" content=\"article\" \/>\n<meta property=\"og:title\" content=\"Sandy Klein zeigt zw\u00f6lfmal Lebensfreude - Lebenshilfe Dillenburg e.V.\" \/>\n<meta property=\"og:description\" content=\"Zw\u00f6lf Monate, zw\u00f6lf Motive. Ob im Cadillac, als Police Officer oder in der Kaffeer\u00f6sterei \u2013 alle sind ein Hingucker. Die Models: Menschen mit Behinderung, die von der Lebenshilfe Dillenburg betreut werden. Und alle zeigen: Jeder Mensch ist sch\u00f6n.\" \/>\n<meta property=\"og:url\" content=\"https:\/\/lebenshilfe-dillenburg.de\/leicht\/sandy-klein-zeigt-zwoelfmal-lebensfreude\/\" \/>\n<meta property=\"og:site_name\" content=\"Lebenshilfe Dillenburg e.V.\" \/>\n<meta property=\"article:publisher\" content=\"https:\/\/www.facebook.com\/lebenshilfedillenburg\/\" \/>\n<meta property=\"article:published_time\" content=\"2021-11-10T11:22:35+00:00\" \/>\n<meta property=\"article:modified_time\" content=\"2026-01-30T11:09:37+00:00\" \/>\n<meta property=\"og:image\" content=\"https:\/\/lebenshilfe-dillenburg.de\/wp-content\/uploads\/zwoelfmal-lebensfreude-mv2a0398-2-scaled-2.jpg\" \/>\n\t<meta property=\"og:image:width\" content=\"2560\" \/>\n\t<meta property=\"og:image:height\" content=\"1707\" \/>\n\t<meta property=\"og:image:type\" content=\"image\/jpeg\" \/>\n<meta name=\"author\" content=\"Conny Holtfoth\" \/>\n<meta name=\"twitter:card\" content=\"summary_large_image\" \/>\n<meta name=\"twitter:label1\" content=\"Geschrieben von\" \/>\n\t<meta name=\"twitter:data1\" content=\"Conny Holtfoth\" \/>\n\t<meta name=\"twitter:label2\" content=\"Gesch\u00e4tzte Lesezeit\" \/>\n\t<meta name=\"twitter:data2\" content=\"3\u00a0Minuten\" \/>\n<script type=\"application\/ld+json\" class=\"yoast-schema-graph\">{\"@context\":\"https:\\\/\\\/schema.org\",\"@graph\":[{\"@type\":\"Article\",\"@id\":\"https:\\\/\\\/lebenshilfe-dillenburg.de\\\/leicht\\\/sandy-klein-zeigt-zwoelfmal-lebensfreude\\\/#article\",\"isPartOf\":{\"@id\":\"https:\\\/\\\/lebenshilfe-dillenburg.de\\\/leicht\\\/sandy-klein-zeigt-zwoelfmal-lebensfreude\\\/\"},\"author\":{\"name\":\"Conny Holtfoth\",\"@id\":\"https:\\\/\\\/lebenshilfe-dillenburg.de\\\/leicht\\\/#\\\/schema\\\/person\\\/b6c52dad8d881b49213c3345a7cd5efe\"},\"headline\":\"Sandy Klein zeigt zw\u00f6lfmal Lebensfreude\",\"datePublished\":\"2021-11-10T11:22:35+00:00\",\"dateModified\":\"2026-01-30T11:09:37+00:00\",\"mainEntityOfPage\":{\"@id\":\"https:\\\/\\\/lebenshilfe-dillenburg.de\\\/leicht\\\/sandy-klein-zeigt-zwoelfmal-lebensfreude\\\/\"},\"wordCount\":625,\"publisher\":{\"@id\":\"https:\\\/\\\/lebenshilfe-dillenburg.de\\\/leicht\\\/#organization\"},\"image\":{\"@id\":\"https:\\\/\\\/lebenshilfe-dillenburg.de\\\/leicht\\\/sandy-klein-zeigt-zwoelfmal-lebensfreude\\\/#primaryimage\"},\"thumbnailUrl\":\"https:\\\/\\\/lebenshilfe-dillenburg.de\\\/wp-content\\\/uploads\\\/fotografin-sandy-klein-portraet-brickwall.jpg\",\"articleSection\":[\"Aktuelles\",\"Meldungen\"],\"inLanguage\":\"de\"},{\"@type\":\"WebPage\",\"@id\":\"https:\\\/\\\/lebenshilfe-dillenburg.de\\\/leicht\\\/sandy-klein-zeigt-zwoelfmal-lebensfreude\\\/\",\"url\":\"https:\\\/\\\/lebenshilfe-dillenburg.de\\\/leicht\\\/sandy-klein-zeigt-zwoelfmal-lebensfreude\\\/\",\"name\":\"Sandy Klein zeigt zw\u00f6lfmal Lebensfreude - Lebenshilfe Dillenburg e.V.\",\"isPartOf\":{\"@id\":\"https:\\\/\\\/lebenshilfe-dillenburg.de\\\/leicht\\\/#website\"},\"primaryImageOfPage\":{\"@id\":\"https:\\\/\\\/lebenshilfe-dillenburg.de\\\/leicht\\\/sandy-klein-zeigt-zwoelfmal-lebensfreude\\\/#primaryimage\"},\"image\":{\"@id\":\"https:\\\/\\\/lebenshilfe-dillenburg.de\\\/leicht\\\/sandy-klein-zeigt-zwoelfmal-lebensfreude\\\/#primaryimage\"},\"thumbnailUrl\":\"https:\\\/\\\/lebenshilfe-dillenburg.de\\\/wp-content\\\/uploads\\\/fotografin-sandy-klein-portraet-brickwall.jpg\",\"datePublished\":\"2021-11-10T11:22:35+00:00\",\"dateModified\":\"2026-01-30T11:09:37+00:00\",\"breadcrumb\":{\"@id\":\"https:\\\/\\\/lebenshilfe-dillenburg.de\\\/leicht\\\/sandy-klein-zeigt-zwoelfmal-lebensfreude\\\/#breadcrumb\"},\"inLanguage\":\"de\",\"potentialAction\":[{\"@type\":\"ReadAction\",\"target\":[\"https:\\\/\\\/lebenshilfe-dillenburg.de\\\/leicht\\\/sandy-klein-zeigt-zwoelfmal-lebensfreude\\\/\"]}]},{\"@type\":\"ImageObject\",\"inLanguage\":\"de\",\"@id\":\"https:\\\/\\\/lebenshilfe-dillenburg.de\\\/leicht\\\/sandy-klein-zeigt-zwoelfmal-lebensfreude\\\/#primaryimage\",\"url\":\"https:\\\/\\\/lebenshilfe-dillenburg.de\\\/wp-content\\\/uploads\\\/fotografin-sandy-klein-portraet-brickwall.jpg\",\"contentUrl\":\"https:\\\/\\\/lebenshilfe-dillenburg.de\\\/wp-content\\\/uploads\\\/fotografin-sandy-klein-portraet-brickwall.jpg\",\"width\":1500,\"height\":1000,\"caption\":\"Sandy Klein begleitet die Lebenshilfe Dillenburg seit Jahren als Fotografin. Bei den zahlreichen Shootings sind die zw\u00f6lf Motive des neuen Lebenshilfe-Kalenders entstanden.\"},{\"@type\":\"BreadcrumbList\",\"@id\":\"https:\\\/\\\/lebenshilfe-dillenburg.de\\\/leicht\\\/sandy-klein-zeigt-zwoelfmal-lebensfreude\\\/#breadcrumb\",\"itemListElement\":[{\"@type\":\"ListItem\",\"position\":1,\"name\":\"Startseite der Lebenshilfe Dillenburg\",\"item\":\"https:\\\/\\\/lebenshilfe-dillenburg.de\\\/leicht\\\/\"},{\"@type\":\"ListItem\",\"position\":2,\"name\":\"Sandy Klein zeigt zw\u00f6lfmal Lebensfreude\"}]},{\"@type\":\"WebSite\",\"@id\":\"https:\\\/\\\/lebenshilfe-dillenburg.de\\\/leicht\\\/#website\",\"url\":\"https:\\\/\\\/lebenshilfe-dillenburg.de\\\/leicht\\\/\",\"name\":\"Lebenshilfe Dillenburg \u2013 Teilhabe & Unterst\u00fctzung im Lahn-Dill-Kreis\",\"description\":\"\",\"publisher\":{\"@id\":\"https:\\\/\\\/lebenshilfe-dillenburg.de\\\/leicht\\\/#organization\"},\"potentialAction\":[{\"@type\":\"SearchAction\",\"target\":{\"@type\":\"EntryPoint\",\"urlTemplate\":\"https:\\\/\\\/lebenshilfe-dillenburg.de\\\/leicht\\\/?s={search_term_string}\"},\"query-input\":{\"@type\":\"PropertyValueSpecification\",\"valueRequired\":true,\"valueName\":\"search_term_string\"}}],\"inLanguage\":\"de\"},{\"@type\":\"Organization\",\"@id\":\"https:\\\/\\\/lebenshilfe-dillenburg.de\\\/leicht\\\/#organization\",\"name\":\"Lebenshilfe Dillenburg e.V.\",\"url\":\"https:\\\/\\\/lebenshilfe-dillenburg.de\\\/leicht\\\/\",\"logo\":{\"@type\":\"ImageObject\",\"inLanguage\":\"de\",\"@id\":\"https:\\\/\\\/lebenshilfe-dillenburg.de\\\/leicht\\\/#\\\/schema\\\/logo\\\/image\\\/\",\"url\":\"https:\\\/\\\/lebenshilfe-dillenburg.de\\\/wp-content\\\/uploads\\\/lebenshilfe-dillenburg-desktop.webp\",\"contentUrl\":\"https:\\\/\\\/lebenshilfe-dillenburg.de\\\/wp-content\\\/uploads\\\/lebenshilfe-dillenburg-desktop.webp\",\"width\":461,\"height\":202,\"caption\":\"Lebenshilfe Dillenburg e.V.\"},\"image\":{\"@id\":\"https:\\\/\\\/lebenshilfe-dillenburg.de\\\/leicht\\\/#\\\/schema\\\/logo\\\/image\\\/\"},\"sameAs\":[\"https:\\\/\\\/www.facebook.com\\\/lebenshilfedillenburg\\\/\",\"https:\\\/\\\/www.instagram.com\\\/lebenshilfe_dillenburg\\\/\"]},{\"@type\":\"Person\",\"@id\":\"https:\\\/\\\/lebenshilfe-dillenburg.de\\\/leicht\\\/#\\\/schema\\\/person\\\/b6c52dad8d881b49213c3345a7cd5efe\",\"name\":\"Conny Holtfoth\",\"sameAs\":[\"http:\\\/\\\/lebenshilfe-dillenburg.de\"],\"url\":\"https:\\\/\\\/lebenshilfe-dillenburg.de\\\/leicht\\\/author\\\/conny\\\/\"}]}<\/script>\n<!-- \/ Yoast SEO plugin. -->","yoast_head_json":{"title":"Sandy Klein zeigt zw\u00f6lfmal Lebensfreude - Lebenshilfe Dillenburg e.V.","robots":{"index":"index","follow":"follow","max-snippet":"max-snippet:-1","max-image-preview":"max-image-preview:large","max-video-preview":"max-video-preview:-1"},"canonical":"https:\/\/lebenshilfe-dillenburg.de\/leicht\/sandy-klein-zeigt-zwoelfmal-lebensfreude\/","og_locale":"de_DE","og_type":"article","og_title":"Sandy Klein zeigt zw\u00f6lfmal Lebensfreude - Lebenshilfe Dillenburg e.V.","og_description":"Zw\u00f6lf Monate, zw\u00f6lf Motive. Ob im Cadillac, als Police Officer oder in der Kaffeer\u00f6sterei \u2013 alle sind ein Hingucker. Die Models: Menschen mit Behinderung, die von der Lebenshilfe Dillenburg betreut werden. Und alle zeigen: Jeder Mensch ist sch\u00f6n.","og_url":"https:\/\/lebenshilfe-dillenburg.de\/leicht\/sandy-klein-zeigt-zwoelfmal-lebensfreude\/","og_site_name":"Lebenshilfe Dillenburg e.V.","article_publisher":"https:\/\/www.facebook.com\/lebenshilfedillenburg\/","article_published_time":"2021-11-10T11:22:35+00:00","article_modified_time":"2026-01-30T11:09:37+00:00","og_image":[{"width":2560,"height":1707,"url":"https:\/\/lebenshilfe-dillenburg.de\/wp-content\/uploads\/zwoelfmal-lebensfreude-mv2a0398-2-scaled-2.jpg","type":"image\/jpeg"}],"author":"Conny Holtfoth","twitter_card":"summary_large_image","twitter_misc":{"Geschrieben von":"Conny Holtfoth","Gesch\u00e4tzte Lesezeit":"3\u00a0Minuten"},"schema":{"@context":"https:\/\/schema.org","@graph":[{"@type":"Article","@id":"https:\/\/lebenshilfe-dillenburg.de\/leicht\/sandy-klein-zeigt-zwoelfmal-lebensfreude\/#article","isPartOf":{"@id":"https:\/\/lebenshilfe-dillenburg.de\/leicht\/sandy-klein-zeigt-zwoelfmal-lebensfreude\/"},"author":{"name":"Conny Holtfoth","@id":"https:\/\/lebenshilfe-dillenburg.de\/leicht\/#\/schema\/person\/b6c52dad8d881b49213c3345a7cd5efe"},"headline":"Sandy Klein zeigt zw\u00f6lfmal Lebensfreude","datePublished":"2021-11-10T11:22:35+00:00","dateModified":"2026-01-30T11:09:37+00:00","mainEntityOfPage":{"@id":"https:\/\/lebenshilfe-dillenburg.de\/leicht\/sandy-klein-zeigt-zwoelfmal-lebensfreude\/"},"wordCount":625,"publisher":{"@id":"https:\/\/lebenshilfe-dillenburg.de\/leicht\/#organization"},"image":{"@id":"https:\/\/lebenshilfe-dillenburg.de\/leicht\/sandy-klein-zeigt-zwoelfmal-lebensfreude\/#primaryimage"},"thumbnailUrl":"https:\/\/lebenshilfe-dillenburg.de\/wp-content\/uploads\/fotografin-sandy-klein-portraet-brickwall.jpg","articleSection":["Aktuelles","Meldungen"],"inLanguage":"de"},{"@type":"WebPage","@id":"https:\/\/lebenshilfe-dillenburg.de\/leicht\/sandy-klein-zeigt-zwoelfmal-lebensfreude\/","url":"https:\/\/lebenshilfe-dillenburg.de\/leicht\/sandy-klein-zeigt-zwoelfmal-lebensfreude\/","name":"Sandy Klein zeigt zw\u00f6lfmal Lebensfreude - Lebenshilfe Dillenburg e.V.","isPartOf":{"@id":"https:\/\/lebenshilfe-dillenburg.de\/leicht\/#website"},"primaryImageOfPage":{"@id":"https:\/\/lebenshilfe-dillenburg.de\/leicht\/sandy-klein-zeigt-zwoelfmal-lebensfreude\/#primaryimage"},"image":{"@id":"https:\/\/lebenshilfe-dillenburg.de\/leicht\/sandy-klein-zeigt-zwoelfmal-lebensfreude\/#primaryimage"},"thumbnailUrl":"https:\/\/lebenshilfe-dillenburg.de\/wp-content\/uploads\/fotografin-sandy-klein-portraet-brickwall.jpg","datePublished":"2021-11-10T11:22:35+00:00","dateModified":"2026-01-30T11:09:37+00:00","breadcrumb":{"@id":"https:\/\/lebenshilfe-dillenburg.de\/leicht\/sandy-klein-zeigt-zwoelfmal-lebensfreude\/#breadcrumb"},"inLanguage":"de","potentialAction":[{"@type":"ReadAction","target":["https:\/\/lebenshilfe-dillenburg.de\/leicht\/sandy-klein-zeigt-zwoelfmal-lebensfreude\/"]}]},{"@type":"ImageObject","inLanguage":"de","@id":"https:\/\/lebenshilfe-dillenburg.de\/leicht\/sandy-klein-zeigt-zwoelfmal-lebensfreude\/#primaryimage","url":"https:\/\/lebenshilfe-dillenburg.de\/wp-content\/uploads\/fotografin-sandy-klein-portraet-brickwall.jpg","contentUrl":"https:\/\/lebenshilfe-dillenburg.de\/wp-content\/uploads\/fotografin-sandy-klein-portraet-brickwall.jpg","width":1500,"height":1000,"caption":"Sandy Klein begleitet die Lebenshilfe Dillenburg seit Jahren als Fotografin. Bei den zahlreichen Shootings sind die zw\u00f6lf Motive des neuen Lebenshilfe-Kalenders entstanden."},{"@type":"BreadcrumbList","@id":"https:\/\/lebenshilfe-dillenburg.de\/leicht\/sandy-klein-zeigt-zwoelfmal-lebensfreude\/#breadcrumb","itemListElement":[{"@type":"ListItem","position":1,"name":"Startseite der Lebenshilfe Dillenburg","item":"https:\/\/lebenshilfe-dillenburg.de\/leicht\/"},{"@type":"ListItem","position":2,"name":"Sandy Klein zeigt zw\u00f6lfmal Lebensfreude"}]},{"@type":"WebSite","@id":"https:\/\/lebenshilfe-dillenburg.de\/leicht\/#website","url":"https:\/\/lebenshilfe-dillenburg.de\/leicht\/","name":"Lebenshilfe Dillenburg \u2013 Teilhabe & Unterst\u00fctzung im Lahn-Dill-Kreis","description":"","publisher":{"@id":"https:\/\/lebenshilfe-dillenburg.de\/leicht\/#organization"},"potentialAction":[{"@type":"SearchAction","target":{"@type":"EntryPoint","urlTemplate":"https:\/\/lebenshilfe-dillenburg.de\/leicht\/?s={search_term_string}"},"query-input":{"@type":"PropertyValueSpecification","valueRequired":true,"valueName":"search_term_string"}}],"inLanguage":"de"},{"@type":"Organization","@id":"https:\/\/lebenshilfe-dillenburg.de\/leicht\/#organization","name":"Lebenshilfe Dillenburg e.V.","url":"https:\/\/lebenshilfe-dillenburg.de\/leicht\/","logo":{"@type":"ImageObject","inLanguage":"de","@id":"https:\/\/lebenshilfe-dillenburg.de\/leicht\/#\/schema\/logo\/image\/","url":"https:\/\/lebenshilfe-dillenburg.de\/wp-content\/uploads\/lebenshilfe-dillenburg-desktop.webp","contentUrl":"https:\/\/lebenshilfe-dillenburg.de\/wp-content\/uploads\/lebenshilfe-dillenburg-desktop.webp","width":461,"height":202,"caption":"Lebenshilfe Dillenburg e.V."},"image":{"@id":"https:\/\/lebenshilfe-dillenburg.de\/leicht\/#\/schema\/logo\/image\/"},"sameAs":["https:\/\/www.facebook.com\/lebenshilfedillenburg\/","https:\/\/www.instagram.com\/lebenshilfe_dillenburg\/"]},{"@type":"Person","@id":"https:\/\/lebenshilfe-dillenburg.de\/leicht\/#\/schema\/person\/b6c52dad8d881b49213c3345a7cd5efe","name":"Conny Holtfoth","sameAs":["http:\/\/lebenshilfe-dillenburg.de"],"url":"https:\/\/lebenshilfe-dillenburg.de\/leicht\/author\/conny\/"}]}},"taxonomy_info":{"category":[{"value":52,"label":"Aktuelles"},{"value":53,"label":"Meldungen"}]},"featured_image_src_large":["https:\/\/lebenshilfe-dillenburg.de\/wp-content\/uploads\/fotografin-sandy-klein-portraet-brickwall-1920x1280.jpg",1366,911,true],"author_info":{"display_name":"Conny Holtfoth","author_link":"https:\/\/lebenshilfe-dillenburg.de\/leicht\/author\/conny\/"},"comment_info":0,"category_info":[{"term_id":52,"name":"Aktuelles","slug":"aktuelles","term_group":0,"term_taxonomy_id":52,"taxonomy":"category","description":"","parent":0,"count":22,"filter":"raw","term_order":"4","cat_ID":52,"category_count":22,"category_description":"","cat_name":"Aktuelles","category_nicename":"aktuelles","category_parent":0},{"term_id":53,"name":"Meldungen","slug":"meldungen","term_group":0,"term_taxonomy_id":53,"taxonomy":"category","description":"","parent":0,"count":127,"filter":"raw","term_order":"5","cat_ID":53,"category_count":127,"category_description":"","cat_name":"Meldungen","category_nicename":"meldungen","category_parent":0}],"tag_info":false,"_links":{"self":[{"href":"https:\/\/lebenshilfe-dillenburg.de\/leicht\/wp-json\/wp\/v2\/posts\/7466","targetHints":{"allow":["GET"]}}],"collection":[{"href":"https:\/\/lebenshilfe-dillenburg.de\/leicht\/wp-json\/wp\/v2\/posts"}],"about":[{"href":"https:\/\/lebenshilfe-dillenburg.de\/leicht\/wp-json\/wp\/v2\/types\/post"}],"author":[{"embeddable":true,"href":"https:\/\/lebenshilfe-dillenburg.de\/leicht\/wp-json\/wp\/v2\/users\/4"}],"replies":[{"embeddable":true,"href":"https:\/\/lebenshilfe-dillenburg.de\/leicht\/wp-json\/wp\/v2\/comments?post=7466"}],"version-history":[{"count":0,"href":"https:\/\/lebenshilfe-dillenburg.de\/leicht\/wp-json\/wp\/v2\/posts\/7466\/revisions"}],"wp:featuredmedia":[{"embeddable":true,"href":"https:\/\/lebenshilfe-dillenburg.de\/leicht\/wp-json\/wp\/v2\/media\/7513"}],"wp:attachment":[{"href":"https:\/\/lebenshilfe-dillenburg.de\/leicht\/wp-json\/wp\/v2\/media?parent=7466"}],"wp:term":[{"taxonomy":"category","embeddable":true,"href":"https:\/\/lebenshilfe-dillenburg.de\/leicht\/wp-json\/wp\/v2\/categories?post=7466"},{"taxonomy":"post_tag","embeddable":true,"href":"https:\/\/lebenshilfe-dillenburg.de\/leicht\/wp-json\/wp\/v2\/tags?post=7466"}],"curies":[{"name":"wp","href":"https:\/\/api.w.org\/{rel}","templated":true}]}}