{"id":7468,"date":"2021-11-18T11:59:11","date_gmt":"2021-11-18T10:59:11","guid":{"rendered":"https:\/\/www.lebenshilfe-dillenburg.de\/?p=3458"},"modified":"2026-01-30T12:09:37","modified_gmt":"2026-01-30T11:09:37","slug":"auf-umwegen-zum-traumberuf","status":"publish","type":"post","link":"https:\/\/lebenshilfe-dillenburg.de\/leicht\/auf-umwegen-zum-traumberuf\/","title":{"rendered":"Auf Umwegen zum Traumberuf"},"content":{"rendered":"<p>Beide haben am 1. August ihre Ausbildung bei der Lebenshilfe Dillenburg angefangen: Tim Gerks als Heilerziehungspfleger, Maren Schmidt als Hauswirtschafterin. Beide kamen aus anderen beruflichen Bereichen \u2013 und beide sind sehr froh, diesen Schritt gegangen zu sein.<!--more--><\/p>\n<p>\u201eDer Tim ist ein charmanter Typ\u201c, schw\u00e4rmt Ruth H\u00f6rner. \u201eWunderbar\u201c, ruft Jens Engel und reckt die Daumen in die H\u00f6he. Momentaufnahme aus dem Alltag von Tim Gerks. Mal anspruchsvoll, mal hektisch, aber immer so, dass er sagt: \u201eIch gehe an jedem Tag mit einem guten Gef\u00fchl von der Arbeit weg.\u201c<\/p>\n<p>Er ist einer von aktuell elf Auszubildenden, die die Lebenshilfe Dillenburg an verschiedenen Standorten zu Heilerziehungspflegern und -pflegerinnen (HeP) ausbildet. P\u00e4dagogische, lebenspraktische und pflegerische Unterst\u00fctzung und Betreuung von Menschen mit Behinderung leistet er im Wohnheim Haiger.<br \/>\nNur wenige Monate arbeitet er jetzt dort, und doch hat die Zeit mit den Menschen mit Behinderung schon etwas mit ihm gemacht. \u201eIm Freundeskreis werde ich schon darauf angesprochen, dass ich mich so ver\u00e4ndert h\u00e4tte. Ich bin so viel offener geworden, seitdem ich hier arbeite.\u201c<\/p>\n<p>Dass ihn sein Berufsweg in das Wohnheim in Haiger f\u00fchren w\u00fcrde, war zun\u00e4chst nicht absehbar. Der heute 22-J\u00e4hrige absolvierte zun\u00e4chst eine Ausbildung zum Werkzeugmechaniker. Nachdem er bereits ein Jahr in diesem Beruf gearbeitet hatte, strebte alles in ihm nach einer Ver\u00e4nderung. \u201eMir hat es Spa\u00df gemacht, an der Maschine zu arbeiten, aber irgendwas fehlte.\u201c Dieses \u201eIrgendwas\u201c hat er jetzt gefunden: in den Menschen, die er betreut.<\/p>\n<figure id=\"attachment_3460\" aria-describedby=\"caption-attachment-3460\" style=\"width: 504px\" class=\"wp-caption alignnone\"><img loading=\"lazy\" decoding=\"async\" class=\" wp-image-3460\" src=\"https:\/\/lebenshilfe-dillenburg.de\/wp-content\/uploads\/2021\/11\/auf-umwegen-zum-traumberuf-img-4058-600x400.jpg\" alt=\"\" width=\"504\" height=\"336\" \/><figcaption id=\"caption-attachment-3460\" class=\"wp-caption-text\">In der Wohnheim-K\u00fcche mit Bewohner Jens Engel.<\/figcaption><\/figure>\n<p>Menschen sind auch Maren Schmidts Antrieb. So hat die 21-J\u00e4hrige bereits erste Berufserfahrungen im sozialen Bereich: unter anderem durch ein Freiwilliges Soziales Jahr im Krankenhaus. In ihrer Ausbildung zur Hauswirtschafterin, die die Lebenshilfe Dillenburg in diesem Jahr zum ersten Mal anbietet, lernt sie Dinge, die sie auch in ihrem Alltag gut gebrauchen kann, wie sie sagt. Im Wohnheim Haiger und im Wohnheim Simmersbach k\u00fcmmert sie sich die Reinigung der Einrichtungen, um die W\u00e4sche und die Zubereitung der Mahlzeiten \u2013 und das im direkten Kontakt zu den Bewohnerinnen und Bewohnern. Stets mit einem Lachen, einer spontanen Umarmung und viel Herzlichkeit. \u201eDas Umfeld hier tut mir sehr gut\u201c, sagt die Niederdresselndorferin. \u201eMenschen mit Behinderungen zeigen, wie man aus allem das Beste macht, und ihre positive Stimmung f\u00e4rbt auf mich ab.\u201c<\/p>\n<p>\u201eWir wissen kleine Dinge mehr zu sch\u00e4tzen, seitdem wir hier sind\u201c \u2013 das betonen beide, Gerks und Schmidt. Was ebenfalls beide best\u00e4tigen: Ihre Jobs haben durchaus anstrengende und fordernde Seiten. N\u00e4he ist da ein gro\u00dfes Thema. Und: Wo setze ich Grenzen? Im Wohnheim in Haiger werden in einer Intensivgruppe Menschen mit besonders herausforderndem Verhalten betreut. \u201eDa musste ich erst einmal die F\u00fchler ausfahren und mich herantasten, aber das macht mir inzwischen richtig Spa\u00df\u201c, sagt Gerks. \u201eDas ist das Besondere hier im sozialen Bereich: Du hast am Ende kein fertiges Produkt wie in der Industrie. Erfolgserlebnisse in der Arbeit mit Menschen sind ganz andere, und manchmal passieren sie nur in kleinen Schritten. Aber daf\u00fcr geben sie einem umso mehr.\u201c<\/p>\n<p>Beide k\u00f6nnen eine Ausbildung bei der Lebenshilfe Dillenburg nur empfehlen. \u201eHier hat man die Chance, eigene Ideen mit einzubringen und umzusetzen\u201c, so Schmidt. \u201eWir k\u00f6nnen uns beruflich weiterentwickeln und haben auch innerhalb der Lebenshilfe die M\u00f6glichkeit, ganz andere Bereiche kennenzulernen. Das finde ich wichtig.\u201c Theorie und Praxis laufen bei den beiden nicht in getrennten Bl\u00f6cken ab, sondern parallel. \u201eDas ist super, da wir so Gelerntes direkt anwenden k\u00f6nnen\u201c, sagt Gerks. \u201eAu\u00dferdem ist es sehr reizvoll, dass man am Ende der dreij\u00e4hrigen HeP-Ausbildung einen offiziellen Bachelor-Abschluss in der Tasche hat.\u201c<\/p>\n<figure id=\"attachment_3461\" aria-describedby=\"caption-attachment-3461\" style=\"width: 511px\" class=\"wp-caption alignnone\"><img loading=\"lazy\" decoding=\"async\" class=\" wp-image-3461\" src=\"https:\/\/lebenshilfe-dillenburg.de\/wp-content\/uploads\/2021\/11\/auf-umwegen-zum-traumberuf-img-4085-600x400.jpg\" alt=\"\" width=\"511\" height=\"340\" \/><figcaption id=\"caption-attachment-3461\" class=\"wp-caption-text\">Auch f\u00fcr Maren Schmidt ist der t\u00e4gliche Kontakt zu Menschen mit Behinderung \u2013 hier mit Frank Worms &#8211; ein wesentlicher Grund, warum sie sich in ihrer Ausbildung so wohlf\u00fchlt.<\/figcaption><\/figure>\n<p><strong><em>Neben elf Auszubildenden in der Heilerziehungspflege und einer Auszubildenden in der Hauswirtschaft gibt es bei der Lebenshilfe Dillenburg aktuell drei Erzieher im Anerkennungsjahr, zwei duale Studierende der Sozialen Arbeit von der Internationalen Hochschule Frankfurt und einen Auszubildenden zum Kaufmann im B\u00fcromanagement. Dar\u00fcber hinaus bietet die Lebenshilfe Dillenburg in diesem Jahr auch die praxisintegrierte verg\u00fctete Ausbildung (PivA) an \u2013 aktuell mit drei Pl\u00e4tzen. Die Auszubildendenpl\u00e4tze erstrecken sich auf die Bereiche Wohnen, Werkstatt, integrative Kindertagesst\u00e4tte und Verwaltung. <\/em><\/strong><\/p>\n","protected":false},"excerpt":{"rendered":"<p>Beide haben am 1. August ihre Ausbildung bei der Lebenshilfe Dillenburg angefangen: Tim Gerks als Heilerziehungspfleger, Maren Schmidt als Hauswirtschafterin. Beide kamen aus anderen beruflichen Bereichen \u2013 und beide sind sehr froh, diesen Schritt gegangen zu sein.<\/p>\n","protected":false},"author":4,"featured_media":3459,"comment_status":"closed","ping_status":"closed","sticky":false,"template":"","format":"standard","meta":{"_acf_changed":false,"_gspb_post_css":"","_kad_blocks_custom_css":"","_kad_blocks_head_custom_js":"","_kad_blocks_body_custom_js":"","_kad_blocks_footer_custom_js":"","_kad_post_transparent":"","_kad_post_title":"","_kad_post_layout":"","_kad_post_sidebar_id":"","_kad_post_content_style":"","_kad_post_vertical_padding":"","_kad_post_feature":"","_kad_post_feature_position":"","_kad_post_header":false,"_kad_post_footer":false,"_kad_post_classname":"","footnotes":""},"categories":[53],"tags":[],"class_list":["post-7468","post","type-post","status-publish","format-standard","has-post-thumbnail","hentry","category-meldungen"],"acf":[],"yoast_head":"<!-- This site is optimized with the Yoast SEO plugin v27.5 - https:\/\/yoast.com\/product\/yoast-seo-wordpress\/ -->\n<title>Auf Umwegen zum Traumberuf - Lebenshilfe Dillenburg e.V.<\/title>\n<meta name=\"robots\" content=\"index, follow, max-snippet:-1, max-image-preview:large, max-video-preview:-1\" \/>\n<link rel=\"canonical\" href=\"https:\/\/lebenshilfe-dillenburg.de\/leicht\/auf-umwegen-zum-traumberuf\/\" \/>\n<meta property=\"og:locale\" content=\"de_DE\" \/>\n<meta property=\"og:type\" content=\"article\" \/>\n<meta property=\"og:title\" content=\"Auf Umwegen zum Traumberuf - Lebenshilfe Dillenburg e.V.\" \/>\n<meta property=\"og:description\" content=\"Beide haben am 1. August ihre Ausbildung bei der Lebenshilfe Dillenburg angefangen: Tim Gerks als Heilerziehungspfleger, Maren Schmidt als Hauswirtschafterin. Beide kamen aus anderen beruflichen Bereichen \u2013 und beide sind sehr froh, diesen Schritt gegangen zu sein.\" \/>\n<meta property=\"og:url\" content=\"https:\/\/lebenshilfe-dillenburg.de\/leicht\/auf-umwegen-zum-traumberuf\/\" \/>\n<meta property=\"og:site_name\" content=\"Lebenshilfe Dillenburg e.V.\" \/>\n<meta property=\"article:publisher\" content=\"https:\/\/www.facebook.com\/lebenshilfedillenburg\/\" \/>\n<meta property=\"article:published_time\" content=\"2021-11-18T10:59:11+00:00\" \/>\n<meta property=\"article:modified_time\" content=\"2026-01-30T11:09:37+00:00\" \/>\n<meta property=\"og:image\" content=\"https:\/\/lebenshilfe-dillenburg.de\/wp-content\/uploads\/img-4043-scaled-1.jpg\" \/>\n\t<meta property=\"og:image:width\" content=\"2560\" \/>\n\t<meta property=\"og:image:height\" content=\"1493\" \/>\n\t<meta property=\"og:image:type\" content=\"image\/jpeg\" \/>\n<meta name=\"author\" content=\"Conny Holtfoth\" \/>\n<meta name=\"twitter:card\" content=\"summary_large_image\" \/>\n<meta name=\"twitter:label1\" content=\"Geschrieben von\" \/>\n\t<meta name=\"twitter:data1\" content=\"Conny Holtfoth\" \/>\n\t<meta name=\"twitter:label2\" content=\"Gesch\u00e4tzte Lesezeit\" \/>\n\t<meta name=\"twitter:data2\" content=\"4\u00a0Minuten\" \/>\n<script type=\"application\/ld+json\" class=\"yoast-schema-graph\">{\"@context\":\"https:\\\/\\\/schema.org\",\"@graph\":[{\"@type\":\"Article\",\"@id\":\"https:\\\/\\\/lebenshilfe-dillenburg.de\\\/leicht\\\/auf-umwegen-zum-traumberuf\\\/#article\",\"isPartOf\":{\"@id\":\"https:\\\/\\\/lebenshilfe-dillenburg.de\\\/leicht\\\/auf-umwegen-zum-traumberuf\\\/\"},\"author\":{\"name\":\"Conny Holtfoth\",\"@id\":\"https:\\\/\\\/lebenshilfe-dillenburg.de\\\/leicht\\\/#\\\/schema\\\/person\\\/b6c52dad8d881b49213c3345a7cd5efe\"},\"headline\":\"Auf Umwegen zum Traumberuf\",\"datePublished\":\"2021-11-18T10:59:11+00:00\",\"dateModified\":\"2026-01-30T11:09:37+00:00\",\"mainEntityOfPage\":{\"@id\":\"https:\\\/\\\/lebenshilfe-dillenburg.de\\\/leicht\\\/auf-umwegen-zum-traumberuf\\\/\"},\"wordCount\":733,\"publisher\":{\"@id\":\"https:\\\/\\\/lebenshilfe-dillenburg.de\\\/leicht\\\/#organization\"},\"image\":{\"@id\":\"https:\\\/\\\/lebenshilfe-dillenburg.de\\\/leicht\\\/auf-umwegen-zum-traumberuf\\\/#primaryimage\"},\"thumbnailUrl\":\"https:\\\/\\\/lebenshilfe-dillenburg.de\\\/wp-content\\\/uploads\\\/azubis-lebenshilfe-dillenburg-start-ausbildung.jpg\",\"articleSection\":[\"Meldungen\"],\"inLanguage\":\"de\"},{\"@type\":\"WebPage\",\"@id\":\"https:\\\/\\\/lebenshilfe-dillenburg.de\\\/leicht\\\/auf-umwegen-zum-traumberuf\\\/\",\"url\":\"https:\\\/\\\/lebenshilfe-dillenburg.de\\\/leicht\\\/auf-umwegen-zum-traumberuf\\\/\",\"name\":\"Auf Umwegen zum Traumberuf - Lebenshilfe Dillenburg e.V.\",\"isPartOf\":{\"@id\":\"https:\\\/\\\/lebenshilfe-dillenburg.de\\\/leicht\\\/#website\"},\"primaryImageOfPage\":{\"@id\":\"https:\\\/\\\/lebenshilfe-dillenburg.de\\\/leicht\\\/auf-umwegen-zum-traumberuf\\\/#primaryimage\"},\"image\":{\"@id\":\"https:\\\/\\\/lebenshilfe-dillenburg.de\\\/leicht\\\/auf-umwegen-zum-traumberuf\\\/#primaryimage\"},\"thumbnailUrl\":\"https:\\\/\\\/lebenshilfe-dillenburg.de\\\/wp-content\\\/uploads\\\/azubis-lebenshilfe-dillenburg-start-ausbildung.jpg\",\"datePublished\":\"2021-11-18T10:59:11+00:00\",\"dateModified\":\"2026-01-30T11:09:37+00:00\",\"breadcrumb\":{\"@id\":\"https:\\\/\\\/lebenshilfe-dillenburg.de\\\/leicht\\\/auf-umwegen-zum-traumberuf\\\/#breadcrumb\"},\"inLanguage\":\"de\",\"potentialAction\":[{\"@type\":\"ReadAction\",\"target\":[\"https:\\\/\\\/lebenshilfe-dillenburg.de\\\/leicht\\\/auf-umwegen-zum-traumberuf\\\/\"]}]},{\"@type\":\"ImageObject\",\"inLanguage\":\"de\",\"@id\":\"https:\\\/\\\/lebenshilfe-dillenburg.de\\\/leicht\\\/auf-umwegen-zum-traumberuf\\\/#primaryimage\",\"url\":\"https:\\\/\\\/lebenshilfe-dillenburg.de\\\/wp-content\\\/uploads\\\/azubis-lebenshilfe-dillenburg-start-ausbildung.jpg\",\"contentUrl\":\"https:\\\/\\\/lebenshilfe-dillenburg.de\\\/wp-content\\\/uploads\\\/azubis-lebenshilfe-dillenburg-start-ausbildung.jpg\",\"width\":1500,\"height\":875,\"caption\":\"Tim Gerks und Maren Schmidt haben am 1. August mit ihrer Ausbildung bei der Lebenshilfe Dillenburg angefangen. (Foto: Holtfoth)\"},{\"@type\":\"BreadcrumbList\",\"@id\":\"https:\\\/\\\/lebenshilfe-dillenburg.de\\\/leicht\\\/auf-umwegen-zum-traumberuf\\\/#breadcrumb\",\"itemListElement\":[{\"@type\":\"ListItem\",\"position\":1,\"name\":\"Startseite der Lebenshilfe Dillenburg\",\"item\":\"https:\\\/\\\/lebenshilfe-dillenburg.de\\\/leicht\\\/\"},{\"@type\":\"ListItem\",\"position\":2,\"name\":\"Auf Umwegen zum Traumberuf\"}]},{\"@type\":\"WebSite\",\"@id\":\"https:\\\/\\\/lebenshilfe-dillenburg.de\\\/leicht\\\/#website\",\"url\":\"https:\\\/\\\/lebenshilfe-dillenburg.de\\\/leicht\\\/\",\"name\":\"Lebenshilfe Dillenburg \u2013 Teilhabe & Unterst\u00fctzung im Lahn-Dill-Kreis\",\"description\":\"\",\"publisher\":{\"@id\":\"https:\\\/\\\/lebenshilfe-dillenburg.de\\\/leicht\\\/#organization\"},\"potentialAction\":[{\"@type\":\"SearchAction\",\"target\":{\"@type\":\"EntryPoint\",\"urlTemplate\":\"https:\\\/\\\/lebenshilfe-dillenburg.de\\\/leicht\\\/?s={search_term_string}\"},\"query-input\":{\"@type\":\"PropertyValueSpecification\",\"valueRequired\":true,\"valueName\":\"search_term_string\"}}],\"inLanguage\":\"de\"},{\"@type\":\"Organization\",\"@id\":\"https:\\\/\\\/lebenshilfe-dillenburg.de\\\/leicht\\\/#organization\",\"name\":\"Lebenshilfe Dillenburg e.V.\",\"url\":\"https:\\\/\\\/lebenshilfe-dillenburg.de\\\/leicht\\\/\",\"logo\":{\"@type\":\"ImageObject\",\"inLanguage\":\"de\",\"@id\":\"https:\\\/\\\/lebenshilfe-dillenburg.de\\\/leicht\\\/#\\\/schema\\\/logo\\\/image\\\/\",\"url\":\"https:\\\/\\\/lebenshilfe-dillenburg.de\\\/wp-content\\\/uploads\\\/lebenshilfe-dillenburg-desktop.webp\",\"contentUrl\":\"https:\\\/\\\/lebenshilfe-dillenburg.de\\\/wp-content\\\/uploads\\\/lebenshilfe-dillenburg-desktop.webp\",\"width\":461,\"height\":202,\"caption\":\"Lebenshilfe Dillenburg e.V.\"},\"image\":{\"@id\":\"https:\\\/\\\/lebenshilfe-dillenburg.de\\\/leicht\\\/#\\\/schema\\\/logo\\\/image\\\/\"},\"sameAs\":[\"https:\\\/\\\/www.facebook.com\\\/lebenshilfedillenburg\\\/\",\"https:\\\/\\\/www.instagram.com\\\/lebenshilfe_dillenburg\\\/\"]},{\"@type\":\"Person\",\"@id\":\"https:\\\/\\\/lebenshilfe-dillenburg.de\\\/leicht\\\/#\\\/schema\\\/person\\\/b6c52dad8d881b49213c3345a7cd5efe\",\"name\":\"Conny Holtfoth\",\"sameAs\":[\"http:\\\/\\\/lebenshilfe-dillenburg.de\"],\"url\":\"https:\\\/\\\/lebenshilfe-dillenburg.de\\\/leicht\\\/author\\\/conny\\\/\"}]}<\/script>\n<!-- \/ Yoast SEO plugin. -->","yoast_head_json":{"title":"Auf Umwegen zum Traumberuf - Lebenshilfe Dillenburg e.V.","robots":{"index":"index","follow":"follow","max-snippet":"max-snippet:-1","max-image-preview":"max-image-preview:large","max-video-preview":"max-video-preview:-1"},"canonical":"https:\/\/lebenshilfe-dillenburg.de\/leicht\/auf-umwegen-zum-traumberuf\/","og_locale":"de_DE","og_type":"article","og_title":"Auf Umwegen zum Traumberuf - Lebenshilfe Dillenburg e.V.","og_description":"Beide haben am 1. August ihre Ausbildung bei der Lebenshilfe Dillenburg angefangen: Tim Gerks als Heilerziehungspfleger, Maren Schmidt als Hauswirtschafterin. Beide kamen aus anderen beruflichen Bereichen \u2013 und beide sind sehr froh, diesen Schritt gegangen zu sein.","og_url":"https:\/\/lebenshilfe-dillenburg.de\/leicht\/auf-umwegen-zum-traumberuf\/","og_site_name":"Lebenshilfe Dillenburg e.V.","article_publisher":"https:\/\/www.facebook.com\/lebenshilfedillenburg\/","article_published_time":"2021-11-18T10:59:11+00:00","article_modified_time":"2026-01-30T11:09:37+00:00","og_image":[{"width":2560,"height":1493,"url":"https:\/\/lebenshilfe-dillenburg.de\/wp-content\/uploads\/img-4043-scaled-1.jpg","type":"image\/jpeg"}],"author":"Conny Holtfoth","twitter_card":"summary_large_image","twitter_misc":{"Geschrieben von":"Conny Holtfoth","Gesch\u00e4tzte Lesezeit":"4\u00a0Minuten"},"schema":{"@context":"https:\/\/schema.org","@graph":[{"@type":"Article","@id":"https:\/\/lebenshilfe-dillenburg.de\/leicht\/auf-umwegen-zum-traumberuf\/#article","isPartOf":{"@id":"https:\/\/lebenshilfe-dillenburg.de\/leicht\/auf-umwegen-zum-traumberuf\/"},"author":{"name":"Conny Holtfoth","@id":"https:\/\/lebenshilfe-dillenburg.de\/leicht\/#\/schema\/person\/b6c52dad8d881b49213c3345a7cd5efe"},"headline":"Auf Umwegen zum Traumberuf","datePublished":"2021-11-18T10:59:11+00:00","dateModified":"2026-01-30T11:09:37+00:00","mainEntityOfPage":{"@id":"https:\/\/lebenshilfe-dillenburg.de\/leicht\/auf-umwegen-zum-traumberuf\/"},"wordCount":733,"publisher":{"@id":"https:\/\/lebenshilfe-dillenburg.de\/leicht\/#organization"},"image":{"@id":"https:\/\/lebenshilfe-dillenburg.de\/leicht\/auf-umwegen-zum-traumberuf\/#primaryimage"},"thumbnailUrl":"https:\/\/lebenshilfe-dillenburg.de\/wp-content\/uploads\/azubis-lebenshilfe-dillenburg-start-ausbildung.jpg","articleSection":["Meldungen"],"inLanguage":"de"},{"@type":"WebPage","@id":"https:\/\/lebenshilfe-dillenburg.de\/leicht\/auf-umwegen-zum-traumberuf\/","url":"https:\/\/lebenshilfe-dillenburg.de\/leicht\/auf-umwegen-zum-traumberuf\/","name":"Auf Umwegen zum Traumberuf - Lebenshilfe Dillenburg e.V.","isPartOf":{"@id":"https:\/\/lebenshilfe-dillenburg.de\/leicht\/#website"},"primaryImageOfPage":{"@id":"https:\/\/lebenshilfe-dillenburg.de\/leicht\/auf-umwegen-zum-traumberuf\/#primaryimage"},"image":{"@id":"https:\/\/lebenshilfe-dillenburg.de\/leicht\/auf-umwegen-zum-traumberuf\/#primaryimage"},"thumbnailUrl":"https:\/\/lebenshilfe-dillenburg.de\/wp-content\/uploads\/azubis-lebenshilfe-dillenburg-start-ausbildung.jpg","datePublished":"2021-11-18T10:59:11+00:00","dateModified":"2026-01-30T11:09:37+00:00","breadcrumb":{"@id":"https:\/\/lebenshilfe-dillenburg.de\/leicht\/auf-umwegen-zum-traumberuf\/#breadcrumb"},"inLanguage":"de","potentialAction":[{"@type":"ReadAction","target":["https:\/\/lebenshilfe-dillenburg.de\/leicht\/auf-umwegen-zum-traumberuf\/"]}]},{"@type":"ImageObject","inLanguage":"de","@id":"https:\/\/lebenshilfe-dillenburg.de\/leicht\/auf-umwegen-zum-traumberuf\/#primaryimage","url":"https:\/\/lebenshilfe-dillenburg.de\/wp-content\/uploads\/azubis-lebenshilfe-dillenburg-start-ausbildung.jpg","contentUrl":"https:\/\/lebenshilfe-dillenburg.de\/wp-content\/uploads\/azubis-lebenshilfe-dillenburg-start-ausbildung.jpg","width":1500,"height":875,"caption":"Tim Gerks und Maren Schmidt haben am 1. August mit ihrer Ausbildung bei der Lebenshilfe Dillenburg angefangen. (Foto: Holtfoth)"},{"@type":"BreadcrumbList","@id":"https:\/\/lebenshilfe-dillenburg.de\/leicht\/auf-umwegen-zum-traumberuf\/#breadcrumb","itemListElement":[{"@type":"ListItem","position":1,"name":"Startseite der Lebenshilfe Dillenburg","item":"https:\/\/lebenshilfe-dillenburg.de\/leicht\/"},{"@type":"ListItem","position":2,"name":"Auf Umwegen zum Traumberuf"}]},{"@type":"WebSite","@id":"https:\/\/lebenshilfe-dillenburg.de\/leicht\/#website","url":"https:\/\/lebenshilfe-dillenburg.de\/leicht\/","name":"Lebenshilfe Dillenburg \u2013 Teilhabe & Unterst\u00fctzung im Lahn-Dill-Kreis","description":"","publisher":{"@id":"https:\/\/lebenshilfe-dillenburg.de\/leicht\/#organization"},"potentialAction":[{"@type":"SearchAction","target":{"@type":"EntryPoint","urlTemplate":"https:\/\/lebenshilfe-dillenburg.de\/leicht\/?s={search_term_string}"},"query-input":{"@type":"PropertyValueSpecification","valueRequired":true,"valueName":"search_term_string"}}],"inLanguage":"de"},{"@type":"Organization","@id":"https:\/\/lebenshilfe-dillenburg.de\/leicht\/#organization","name":"Lebenshilfe Dillenburg e.V.","url":"https:\/\/lebenshilfe-dillenburg.de\/leicht\/","logo":{"@type":"ImageObject","inLanguage":"de","@id":"https:\/\/lebenshilfe-dillenburg.de\/leicht\/#\/schema\/logo\/image\/","url":"https:\/\/lebenshilfe-dillenburg.de\/wp-content\/uploads\/lebenshilfe-dillenburg-desktop.webp","contentUrl":"https:\/\/lebenshilfe-dillenburg.de\/wp-content\/uploads\/lebenshilfe-dillenburg-desktop.webp","width":461,"height":202,"caption":"Lebenshilfe Dillenburg e.V."},"image":{"@id":"https:\/\/lebenshilfe-dillenburg.de\/leicht\/#\/schema\/logo\/image\/"},"sameAs":["https:\/\/www.facebook.com\/lebenshilfedillenburg\/","https:\/\/www.instagram.com\/lebenshilfe_dillenburg\/"]},{"@type":"Person","@id":"https:\/\/lebenshilfe-dillenburg.de\/leicht\/#\/schema\/person\/b6c52dad8d881b49213c3345a7cd5efe","name":"Conny Holtfoth","sameAs":["http:\/\/lebenshilfe-dillenburg.de"],"url":"https:\/\/lebenshilfe-dillenburg.de\/leicht\/author\/conny\/"}]}},"taxonomy_info":{"category":[{"value":53,"label":"Meldungen"}]},"featured_image_src_large":["https:\/\/lebenshilfe-dillenburg.de\/wp-content\/uploads\/azubis-lebenshilfe-dillenburg-start-ausbildung-1920x1120.jpg",1366,797,true],"author_info":{"display_name":"Conny Holtfoth","author_link":"https:\/\/lebenshilfe-dillenburg.de\/leicht\/author\/conny\/"},"comment_info":0,"category_info":[{"term_id":53,"name":"Meldungen","slug":"meldungen","term_group":0,"term_taxonomy_id":53,"taxonomy":"category","description":"","parent":0,"count":127,"filter":"raw","term_order":"5","cat_ID":53,"category_count":127,"category_description":"","cat_name":"Meldungen","category_nicename":"meldungen","category_parent":0}],"tag_info":false,"_links":{"self":[{"href":"https:\/\/lebenshilfe-dillenburg.de\/leicht\/wp-json\/wp\/v2\/posts\/7468","targetHints":{"allow":["GET"]}}],"collection":[{"href":"https:\/\/lebenshilfe-dillenburg.de\/leicht\/wp-json\/wp\/v2\/posts"}],"about":[{"href":"https:\/\/lebenshilfe-dillenburg.de\/leicht\/wp-json\/wp\/v2\/types\/post"}],"author":[{"embeddable":true,"href":"https:\/\/lebenshilfe-dillenburg.de\/leicht\/wp-json\/wp\/v2\/users\/4"}],"replies":[{"embeddable":true,"href":"https:\/\/lebenshilfe-dillenburg.de\/leicht\/wp-json\/wp\/v2\/comments?post=7468"}],"version-history":[{"count":0,"href":"https:\/\/lebenshilfe-dillenburg.de\/leicht\/wp-json\/wp\/v2\/posts\/7468\/revisions"}],"wp:featuredmedia":[{"embeddable":true,"href":"https:\/\/lebenshilfe-dillenburg.de\/leicht\/wp-json\/wp\/v2\/media\/3459"}],"wp:attachment":[{"href":"https:\/\/lebenshilfe-dillenburg.de\/leicht\/wp-json\/wp\/v2\/media?parent=7468"}],"wp:term":[{"taxonomy":"category","embeddable":true,"href":"https:\/\/lebenshilfe-dillenburg.de\/leicht\/wp-json\/wp\/v2\/categories?post=7468"},{"taxonomy":"post_tag","embeddable":true,"href":"https:\/\/lebenshilfe-dillenburg.de\/leicht\/wp-json\/wp\/v2\/tags?post=7468"}],"curies":[{"name":"wp","href":"https:\/\/api.w.org\/{rel}","templated":true}]}}