{"id":7469,"date":"2021-12-03T09:26:20","date_gmt":"2021-12-03T08:26:20","guid":{"rendered":"https:\/\/www.lebenshilfe-dillenburg.de\/?p=3468"},"modified":"2026-01-30T12:09:37","modified_gmt":"2026-01-30T11:09:37","slug":"landfrauen-backen-fuer-werkstatt-eibelshausen-2","status":"publish","type":"post","link":"https:\/\/lebenshilfe-dillenburg.de\/leicht\/landfrauen-backen-fuer-werkstatt-eibelshausen-2\/","title":{"rendered":"Landfrauen backen f\u00fcr Werkstatt"},"content":{"rendered":"<p>Seit nun bereits 30 Jahren besteht eine enge Verbundenheit zwischen den Landfrauen und der Lebenshilfe-Werkstatt Eibelshausen. Seit der Pandemie sind die Landfrauen zu einer Alternative zum j\u00e4hrlichen geselligen Beisammensein bei Kuchen und Torte im B\u00fcrgerhaus \u00fcbergegangen: Weihnachtspl\u00e4tzchen f\u00fcr die Menschen mit Behinderung.<!--more--><\/p>\n<p>\u201eUnsere Backaktion nimmt gro\u00dfe Ausma\u00dfe an\u201c, berichtete Rosi Reeh, Vorsitzende der Landfrauen Eibelshausen, erfreut. Rund 20 Landfrauen hatten sich in diesem Jahr dazu bereiterkl\u00e4rt, f\u00fcr die Lebenshilfe zu backen und die vielen leckeren Kekse zu insgesamt 80 P\u00e4ckchen zu verschn\u00fcren. \u201eEs ist sch\u00f6n, wenn man die Freude der Werkstattbesch\u00e4ftigten sieht\u201c, so Reeh.<\/p>\n<p>Auch Einrichtungsleiter Benjamin Weyerich war begeistert von der erneuten Aktion der Landfrauen: \u201eMich freut es sehr, dass die Landfrauen uns jedes Jahr so reich beschenken mit ihren selbstgemachten K\u00f6stlichkeiten! Unsere Mitarbeiterinnen und Mitarbeiter fragen teilweise bereits im Sommer nach, ob es dieses Jahr wieder in der ersten Novemberwoche die leckeren Pl\u00e4tzchen gibt.\u201c<\/p>\n<p>Auch in diesem Jahr bieten die Landfrauen Eibelshausen wieder ihre selbstgebackenen Pl\u00e4tzchen zum Verkauf an. Interessierte k\u00f6nnen sich bei Rosi Reeh melden, Tel.: (02774) 1642.<\/p>\n","protected":false},"excerpt":{"rendered":"<p>Seit nun bereits 30 Jahren besteht eine enge Verbundenheit zwischen den Landfrauen und der Lebenshilfe-Werkstatt Eibelshausen. Seit der Pandemie sind die Landfrauen zu einer Alternative zum j\u00e4hrlichen geselligen Beisammensein bei Kuchen und Torte im B\u00fcrgerhaus \u00fcbergegangen: Weihnachtspl\u00e4tzchen f\u00fcr die Menschen mit Behinderung.<\/p>\n","protected":false},"author":4,"featured_media":7520,"comment_status":"closed","ping_status":"closed","sticky":false,"template":"","format":"standard","meta":{"_acf_changed":false,"_gspb_post_css":"","_kad_blocks_custom_css":"","_kad_blocks_head_custom_js":"","_kad_blocks_body_custom_js":"","_kad_blocks_footer_custom_js":"","_kad_post_transparent":"","_kad_post_title":"","_kad_post_layout":"","_kad_post_sidebar_id":"","_kad_post_content_style":"","_kad_post_vertical_padding":"","_kad_post_feature":"","_kad_post_feature_position":"","_kad_post_header":false,"_kad_post_footer":false,"_kad_post_classname":"","footnotes":""},"categories":[53],"tags":[],"class_list":["post-7469","post","type-post","status-publish","format-standard","has-post-thumbnail","hentry","category-meldungen"],"acf":[],"yoast_head":"<!-- This site is optimized with the Yoast SEO plugin v27.5 - https:\/\/yoast.com\/product\/yoast-seo-wordpress\/ -->\n<title>Landfrauen backen f\u00fcr Werkstatt - Lebenshilfe Dillenburg e.V.<\/title>\n<meta name=\"robots\" content=\"index, follow, max-snippet:-1, max-image-preview:large, max-video-preview:-1\" \/>\n<link rel=\"canonical\" href=\"https:\/\/lebenshilfe-dillenburg.de\/leicht\/landfrauen-backen-fuer-werkstatt-eibelshausen-2\/\" \/>\n<meta property=\"og:locale\" content=\"de_DE\" \/>\n<meta property=\"og:type\" content=\"article\" \/>\n<meta property=\"og:title\" content=\"Landfrauen backen f\u00fcr Werkstatt - Lebenshilfe Dillenburg e.V.\" \/>\n<meta property=\"og:description\" content=\"Seit nun bereits 30 Jahren besteht eine enge Verbundenheit zwischen den Landfrauen und der Lebenshilfe-Werkstatt Eibelshausen. Seit der Pandemie sind die Landfrauen zu einer Alternative zum j\u00e4hrlichen geselligen Beisammensein bei Kuchen und Torte im B\u00fcrgerhaus \u00fcbergegangen: Weihnachtspl\u00e4tzchen f\u00fcr die Menschen mit Behinderung.\" \/>\n<meta property=\"og:url\" content=\"https:\/\/lebenshilfe-dillenburg.de\/leicht\/landfrauen-backen-fuer-werkstatt-eibelshausen-2\/\" \/>\n<meta property=\"og:site_name\" content=\"Lebenshilfe Dillenburg e.V.\" \/>\n<meta property=\"article:publisher\" content=\"https:\/\/www.facebook.com\/lebenshilfedillenburg\/\" \/>\n<meta property=\"article:published_time\" content=\"2021-12-03T08:26:20+00:00\" \/>\n<meta property=\"article:modified_time\" content=\"2026-01-30T11:09:37+00:00\" \/>\n<meta property=\"og:image\" content=\"https:\/\/lebenshilfe-dillenburg.de\/wp-content\/uploads\/landfrauen-backen-fuer-werkstatt-eibelshausen-img-5010-scaled-e1638785273455.jpeg\" \/>\n\t<meta property=\"og:image:width\" content=\"1702\" \/>\n\t<meta property=\"og:image:height\" content=\"1587\" \/>\n\t<meta property=\"og:image:type\" content=\"image\/jpeg\" \/>\n<meta name=\"author\" content=\"Conny Holtfoth\" \/>\n<meta name=\"twitter:card\" content=\"summary_large_image\" \/>\n<meta name=\"twitter:label1\" content=\"Geschrieben von\" \/>\n\t<meta name=\"twitter:data1\" content=\"Conny Holtfoth\" \/>\n\t<meta name=\"twitter:label2\" content=\"Gesch\u00e4tzte Lesezeit\" \/>\n\t<meta name=\"twitter:data2\" content=\"1\u00a0Minute\" \/>\n<script type=\"application\/ld+json\" class=\"yoast-schema-graph\">{\"@context\":\"https:\\\/\\\/schema.org\",\"@graph\":[{\"@type\":\"Article\",\"@id\":\"https:\\\/\\\/lebenshilfe-dillenburg.de\\\/leicht\\\/landfrauen-backen-fuer-werkstatt-eibelshausen-2\\\/#article\",\"isPartOf\":{\"@id\":\"https:\\\/\\\/lebenshilfe-dillenburg.de\\\/leicht\\\/landfrauen-backen-fuer-werkstatt-eibelshausen-2\\\/\"},\"author\":{\"name\":\"Conny Holtfoth\",\"@id\":\"https:\\\/\\\/lebenshilfe-dillenburg.de\\\/leicht\\\/#\\\/schema\\\/person\\\/b6c52dad8d881b49213c3345a7cd5efe\"},\"headline\":\"Landfrauen backen f\u00fcr Werkstatt\",\"datePublished\":\"2021-12-03T08:26:20+00:00\",\"dateModified\":\"2026-01-30T11:09:37+00:00\",\"mainEntityOfPage\":{\"@id\":\"https:\\\/\\\/lebenshilfe-dillenburg.de\\\/leicht\\\/landfrauen-backen-fuer-werkstatt-eibelshausen-2\\\/\"},\"wordCount\":187,\"publisher\":{\"@id\":\"https:\\\/\\\/lebenshilfe-dillenburg.de\\\/leicht\\\/#organization\"},\"image\":{\"@id\":\"https:\\\/\\\/lebenshilfe-dillenburg.de\\\/leicht\\\/landfrauen-backen-fuer-werkstatt-eibelshausen-2\\\/#primaryimage\"},\"thumbnailUrl\":\"https:\\\/\\\/lebenshilfe-dillenburg.de\\\/wp-content\\\/uploads\\\/werkstatt-mitarbeiterin-mit-kekstuete-daumenhoch.jpeg\",\"articleSection\":[\"Meldungen\"],\"inLanguage\":\"de\"},{\"@type\":\"WebPage\",\"@id\":\"https:\\\/\\\/lebenshilfe-dillenburg.de\\\/leicht\\\/landfrauen-backen-fuer-werkstatt-eibelshausen-2\\\/\",\"url\":\"https:\\\/\\\/lebenshilfe-dillenburg.de\\\/leicht\\\/landfrauen-backen-fuer-werkstatt-eibelshausen-2\\\/\",\"name\":\"Landfrauen backen f\u00fcr Werkstatt - Lebenshilfe Dillenburg e.V.\",\"isPartOf\":{\"@id\":\"https:\\\/\\\/lebenshilfe-dillenburg.de\\\/leicht\\\/#website\"},\"primaryImageOfPage\":{\"@id\":\"https:\\\/\\\/lebenshilfe-dillenburg.de\\\/leicht\\\/landfrauen-backen-fuer-werkstatt-eibelshausen-2\\\/#primaryimage\"},\"image\":{\"@id\":\"https:\\\/\\\/lebenshilfe-dillenburg.de\\\/leicht\\\/landfrauen-backen-fuer-werkstatt-eibelshausen-2\\\/#primaryimage\"},\"thumbnailUrl\":\"https:\\\/\\\/lebenshilfe-dillenburg.de\\\/wp-content\\\/uploads\\\/werkstatt-mitarbeiterin-mit-kekstuete-daumenhoch.jpeg\",\"datePublished\":\"2021-12-03T08:26:20+00:00\",\"dateModified\":\"2026-01-30T11:09:37+00:00\",\"breadcrumb\":{\"@id\":\"https:\\\/\\\/lebenshilfe-dillenburg.de\\\/leicht\\\/landfrauen-backen-fuer-werkstatt-eibelshausen-2\\\/#breadcrumb\"},\"inLanguage\":\"de\",\"potentialAction\":[{\"@type\":\"ReadAction\",\"target\":[\"https:\\\/\\\/lebenshilfe-dillenburg.de\\\/leicht\\\/landfrauen-backen-fuer-werkstatt-eibelshausen-2\\\/\"]}]},{\"@type\":\"ImageObject\",\"inLanguage\":\"de\",\"@id\":\"https:\\\/\\\/lebenshilfe-dillenburg.de\\\/leicht\\\/landfrauen-backen-fuer-werkstatt-eibelshausen-2\\\/#primaryimage\",\"url\":\"https:\\\/\\\/lebenshilfe-dillenburg.de\\\/wp-content\\\/uploads\\\/werkstatt-mitarbeiterin-mit-kekstuete-daumenhoch.jpeg\",\"contentUrl\":\"https:\\\/\\\/lebenshilfe-dillenburg.de\\\/wp-content\\\/uploads\\\/werkstatt-mitarbeiterin-mit-kekstuete-daumenhoch.jpeg\",\"width\":1158,\"height\":1080,\"caption\":\"Werkstattbesch\u00e4ftigte Susi Engel zeigt ihre Begeisterung \u00fcber das leckere Geschenk der Landfrauen. (Foto: Weyerich)\"},{\"@type\":\"BreadcrumbList\",\"@id\":\"https:\\\/\\\/lebenshilfe-dillenburg.de\\\/leicht\\\/landfrauen-backen-fuer-werkstatt-eibelshausen-2\\\/#breadcrumb\",\"itemListElement\":[{\"@type\":\"ListItem\",\"position\":1,\"name\":\"Startseite der Lebenshilfe Dillenburg\",\"item\":\"https:\\\/\\\/lebenshilfe-dillenburg.de\\\/leicht\\\/\"},{\"@type\":\"ListItem\",\"position\":2,\"name\":\"Landfrauen backen f\u00fcr Werkstatt\"}]},{\"@type\":\"WebSite\",\"@id\":\"https:\\\/\\\/lebenshilfe-dillenburg.de\\\/leicht\\\/#website\",\"url\":\"https:\\\/\\\/lebenshilfe-dillenburg.de\\\/leicht\\\/\",\"name\":\"Lebenshilfe Dillenburg \u2013 Teilhabe & Unterst\u00fctzung im Lahn-Dill-Kreis\",\"description\":\"\",\"publisher\":{\"@id\":\"https:\\\/\\\/lebenshilfe-dillenburg.de\\\/leicht\\\/#organization\"},\"potentialAction\":[{\"@type\":\"SearchAction\",\"target\":{\"@type\":\"EntryPoint\",\"urlTemplate\":\"https:\\\/\\\/lebenshilfe-dillenburg.de\\\/leicht\\\/?s={search_term_string}\"},\"query-input\":{\"@type\":\"PropertyValueSpecification\",\"valueRequired\":true,\"valueName\":\"search_term_string\"}}],\"inLanguage\":\"de\"},{\"@type\":\"Organization\",\"@id\":\"https:\\\/\\\/lebenshilfe-dillenburg.de\\\/leicht\\\/#organization\",\"name\":\"Lebenshilfe Dillenburg e.V.\",\"url\":\"https:\\\/\\\/lebenshilfe-dillenburg.de\\\/leicht\\\/\",\"logo\":{\"@type\":\"ImageObject\",\"inLanguage\":\"de\",\"@id\":\"https:\\\/\\\/lebenshilfe-dillenburg.de\\\/leicht\\\/#\\\/schema\\\/logo\\\/image\\\/\",\"url\":\"https:\\\/\\\/lebenshilfe-dillenburg.de\\\/wp-content\\\/uploads\\\/lebenshilfe-dillenburg-desktop.webp\",\"contentUrl\":\"https:\\\/\\\/lebenshilfe-dillenburg.de\\\/wp-content\\\/uploads\\\/lebenshilfe-dillenburg-desktop.webp\",\"width\":461,\"height\":202,\"caption\":\"Lebenshilfe Dillenburg e.V.\"},\"image\":{\"@id\":\"https:\\\/\\\/lebenshilfe-dillenburg.de\\\/leicht\\\/#\\\/schema\\\/logo\\\/image\\\/\"},\"sameAs\":[\"https:\\\/\\\/www.facebook.com\\\/lebenshilfedillenburg\\\/\",\"https:\\\/\\\/www.instagram.com\\\/lebenshilfe_dillenburg\\\/\"]},{\"@type\":\"Person\",\"@id\":\"https:\\\/\\\/lebenshilfe-dillenburg.de\\\/leicht\\\/#\\\/schema\\\/person\\\/b6c52dad8d881b49213c3345a7cd5efe\",\"name\":\"Conny Holtfoth\",\"sameAs\":[\"http:\\\/\\\/lebenshilfe-dillenburg.de\"],\"url\":\"https:\\\/\\\/lebenshilfe-dillenburg.de\\\/leicht\\\/author\\\/conny\\\/\"}]}<\/script>\n<!-- \/ Yoast SEO plugin. -->","yoast_head_json":{"title":"Landfrauen backen f\u00fcr Werkstatt - Lebenshilfe Dillenburg e.V.","robots":{"index":"index","follow":"follow","max-snippet":"max-snippet:-1","max-image-preview":"max-image-preview:large","max-video-preview":"max-video-preview:-1"},"canonical":"https:\/\/lebenshilfe-dillenburg.de\/leicht\/landfrauen-backen-fuer-werkstatt-eibelshausen-2\/","og_locale":"de_DE","og_type":"article","og_title":"Landfrauen backen f\u00fcr Werkstatt - Lebenshilfe Dillenburg e.V.","og_description":"Seit nun bereits 30 Jahren besteht eine enge Verbundenheit zwischen den Landfrauen und der Lebenshilfe-Werkstatt Eibelshausen. Seit der Pandemie sind die Landfrauen zu einer Alternative zum j\u00e4hrlichen geselligen Beisammensein bei Kuchen und Torte im B\u00fcrgerhaus \u00fcbergegangen: Weihnachtspl\u00e4tzchen f\u00fcr die Menschen mit Behinderung.","og_url":"https:\/\/lebenshilfe-dillenburg.de\/leicht\/landfrauen-backen-fuer-werkstatt-eibelshausen-2\/","og_site_name":"Lebenshilfe Dillenburg e.V.","article_publisher":"https:\/\/www.facebook.com\/lebenshilfedillenburg\/","article_published_time":"2021-12-03T08:26:20+00:00","article_modified_time":"2026-01-30T11:09:37+00:00","og_image":[{"width":1702,"height":1587,"url":"https:\/\/lebenshilfe-dillenburg.de\/wp-content\/uploads\/landfrauen-backen-fuer-werkstatt-eibelshausen-img-5010-scaled-e1638785273455.jpeg","type":"image\/jpeg"}],"author":"Conny Holtfoth","twitter_card":"summary_large_image","twitter_misc":{"Geschrieben von":"Conny Holtfoth","Gesch\u00e4tzte Lesezeit":"1\u00a0Minute"},"schema":{"@context":"https:\/\/schema.org","@graph":[{"@type":"Article","@id":"https:\/\/lebenshilfe-dillenburg.de\/leicht\/landfrauen-backen-fuer-werkstatt-eibelshausen-2\/#article","isPartOf":{"@id":"https:\/\/lebenshilfe-dillenburg.de\/leicht\/landfrauen-backen-fuer-werkstatt-eibelshausen-2\/"},"author":{"name":"Conny Holtfoth","@id":"https:\/\/lebenshilfe-dillenburg.de\/leicht\/#\/schema\/person\/b6c52dad8d881b49213c3345a7cd5efe"},"headline":"Landfrauen backen f\u00fcr Werkstatt","datePublished":"2021-12-03T08:26:20+00:00","dateModified":"2026-01-30T11:09:37+00:00","mainEntityOfPage":{"@id":"https:\/\/lebenshilfe-dillenburg.de\/leicht\/landfrauen-backen-fuer-werkstatt-eibelshausen-2\/"},"wordCount":187,"publisher":{"@id":"https:\/\/lebenshilfe-dillenburg.de\/leicht\/#organization"},"image":{"@id":"https:\/\/lebenshilfe-dillenburg.de\/leicht\/landfrauen-backen-fuer-werkstatt-eibelshausen-2\/#primaryimage"},"thumbnailUrl":"https:\/\/lebenshilfe-dillenburg.de\/wp-content\/uploads\/werkstatt-mitarbeiterin-mit-kekstuete-daumenhoch.jpeg","articleSection":["Meldungen"],"inLanguage":"de"},{"@type":"WebPage","@id":"https:\/\/lebenshilfe-dillenburg.de\/leicht\/landfrauen-backen-fuer-werkstatt-eibelshausen-2\/","url":"https:\/\/lebenshilfe-dillenburg.de\/leicht\/landfrauen-backen-fuer-werkstatt-eibelshausen-2\/","name":"Landfrauen backen f\u00fcr Werkstatt - Lebenshilfe Dillenburg e.V.","isPartOf":{"@id":"https:\/\/lebenshilfe-dillenburg.de\/leicht\/#website"},"primaryImageOfPage":{"@id":"https:\/\/lebenshilfe-dillenburg.de\/leicht\/landfrauen-backen-fuer-werkstatt-eibelshausen-2\/#primaryimage"},"image":{"@id":"https:\/\/lebenshilfe-dillenburg.de\/leicht\/landfrauen-backen-fuer-werkstatt-eibelshausen-2\/#primaryimage"},"thumbnailUrl":"https:\/\/lebenshilfe-dillenburg.de\/wp-content\/uploads\/werkstatt-mitarbeiterin-mit-kekstuete-daumenhoch.jpeg","datePublished":"2021-12-03T08:26:20+00:00","dateModified":"2026-01-30T11:09:37+00:00","breadcrumb":{"@id":"https:\/\/lebenshilfe-dillenburg.de\/leicht\/landfrauen-backen-fuer-werkstatt-eibelshausen-2\/#breadcrumb"},"inLanguage":"de","potentialAction":[{"@type":"ReadAction","target":["https:\/\/lebenshilfe-dillenburg.de\/leicht\/landfrauen-backen-fuer-werkstatt-eibelshausen-2\/"]}]},{"@type":"ImageObject","inLanguage":"de","@id":"https:\/\/lebenshilfe-dillenburg.de\/leicht\/landfrauen-backen-fuer-werkstatt-eibelshausen-2\/#primaryimage","url":"https:\/\/lebenshilfe-dillenburg.de\/wp-content\/uploads\/werkstatt-mitarbeiterin-mit-kekstuete-daumenhoch.jpeg","contentUrl":"https:\/\/lebenshilfe-dillenburg.de\/wp-content\/uploads\/werkstatt-mitarbeiterin-mit-kekstuete-daumenhoch.jpeg","width":1158,"height":1080,"caption":"Werkstattbesch\u00e4ftigte Susi Engel zeigt ihre Begeisterung \u00fcber das leckere Geschenk der Landfrauen. (Foto: Weyerich)"},{"@type":"BreadcrumbList","@id":"https:\/\/lebenshilfe-dillenburg.de\/leicht\/landfrauen-backen-fuer-werkstatt-eibelshausen-2\/#breadcrumb","itemListElement":[{"@type":"ListItem","position":1,"name":"Startseite der Lebenshilfe Dillenburg","item":"https:\/\/lebenshilfe-dillenburg.de\/leicht\/"},{"@type":"ListItem","position":2,"name":"Landfrauen backen f\u00fcr Werkstatt"}]},{"@type":"WebSite","@id":"https:\/\/lebenshilfe-dillenburg.de\/leicht\/#website","url":"https:\/\/lebenshilfe-dillenburg.de\/leicht\/","name":"Lebenshilfe Dillenburg \u2013 Teilhabe & Unterst\u00fctzung im Lahn-Dill-Kreis","description":"","publisher":{"@id":"https:\/\/lebenshilfe-dillenburg.de\/leicht\/#organization"},"potentialAction":[{"@type":"SearchAction","target":{"@type":"EntryPoint","urlTemplate":"https:\/\/lebenshilfe-dillenburg.de\/leicht\/?s={search_term_string}"},"query-input":{"@type":"PropertyValueSpecification","valueRequired":true,"valueName":"search_term_string"}}],"inLanguage":"de"},{"@type":"Organization","@id":"https:\/\/lebenshilfe-dillenburg.de\/leicht\/#organization","name":"Lebenshilfe Dillenburg e.V.","url":"https:\/\/lebenshilfe-dillenburg.de\/leicht\/","logo":{"@type":"ImageObject","inLanguage":"de","@id":"https:\/\/lebenshilfe-dillenburg.de\/leicht\/#\/schema\/logo\/image\/","url":"https:\/\/lebenshilfe-dillenburg.de\/wp-content\/uploads\/lebenshilfe-dillenburg-desktop.webp","contentUrl":"https:\/\/lebenshilfe-dillenburg.de\/wp-content\/uploads\/lebenshilfe-dillenburg-desktop.webp","width":461,"height":202,"caption":"Lebenshilfe Dillenburg e.V."},"image":{"@id":"https:\/\/lebenshilfe-dillenburg.de\/leicht\/#\/schema\/logo\/image\/"},"sameAs":["https:\/\/www.facebook.com\/lebenshilfedillenburg\/","https:\/\/www.instagram.com\/lebenshilfe_dillenburg\/"]},{"@type":"Person","@id":"https:\/\/lebenshilfe-dillenburg.de\/leicht\/#\/schema\/person\/b6c52dad8d881b49213c3345a7cd5efe","name":"Conny Holtfoth","sameAs":["http:\/\/lebenshilfe-dillenburg.de"],"url":"https:\/\/lebenshilfe-dillenburg.de\/leicht\/author\/conny\/"}]}},"taxonomy_info":{"category":[{"value":53,"label":"Meldungen"}]},"featured_image_src_large":["https:\/\/lebenshilfe-dillenburg.de\/wp-content\/uploads\/werkstatt-mitarbeiterin-mit-kekstuete-daumenhoch.jpeg",1158,1080,false],"author_info":{"display_name":"Conny Holtfoth","author_link":"https:\/\/lebenshilfe-dillenburg.de\/leicht\/author\/conny\/"},"comment_info":0,"category_info":[{"term_id":53,"name":"Meldungen","slug":"meldungen","term_group":0,"term_taxonomy_id":53,"taxonomy":"category","description":"","parent":0,"count":127,"filter":"raw","term_order":"5","cat_ID":53,"category_count":127,"category_description":"","cat_name":"Meldungen","category_nicename":"meldungen","category_parent":0}],"tag_info":false,"_links":{"self":[{"href":"https:\/\/lebenshilfe-dillenburg.de\/leicht\/wp-json\/wp\/v2\/posts\/7469","targetHints":{"allow":["GET"]}}],"collection":[{"href":"https:\/\/lebenshilfe-dillenburg.de\/leicht\/wp-json\/wp\/v2\/posts"}],"about":[{"href":"https:\/\/lebenshilfe-dillenburg.de\/leicht\/wp-json\/wp\/v2\/types\/post"}],"author":[{"embeddable":true,"href":"https:\/\/lebenshilfe-dillenburg.de\/leicht\/wp-json\/wp\/v2\/users\/4"}],"replies":[{"embeddable":true,"href":"https:\/\/lebenshilfe-dillenburg.de\/leicht\/wp-json\/wp\/v2\/comments?post=7469"}],"version-history":[{"count":0,"href":"https:\/\/lebenshilfe-dillenburg.de\/leicht\/wp-json\/wp\/v2\/posts\/7469\/revisions"}],"wp:featuredmedia":[{"embeddable":true,"href":"https:\/\/lebenshilfe-dillenburg.de\/leicht\/wp-json\/wp\/v2\/media\/7520"}],"wp:attachment":[{"href":"https:\/\/lebenshilfe-dillenburg.de\/leicht\/wp-json\/wp\/v2\/media?parent=7469"}],"wp:term":[{"taxonomy":"category","embeddable":true,"href":"https:\/\/lebenshilfe-dillenburg.de\/leicht\/wp-json\/wp\/v2\/categories?post=7469"},{"taxonomy":"post_tag","embeddable":true,"href":"https:\/\/lebenshilfe-dillenburg.de\/leicht\/wp-json\/wp\/v2\/tags?post=7469"}],"curies":[{"name":"wp","href":"https:\/\/api.w.org\/{rel}","templated":true}]}}