{"id":7471,"date":"2021-12-22T09:48:36","date_gmt":"2021-12-22T08:48:36","guid":{"rendered":"https:\/\/www.lebenshilfe-dillenburg.de\/?p=3507"},"modified":"2026-01-30T12:09:37","modified_gmt":"2026-01-30T11:09:37","slug":"lebenshilfen-fordern-corona-praemie","status":"publish","type":"post","link":"https:\/\/lebenshilfe-dillenburg.de\/leicht\/lebenshilfen-fordern-corona-praemie\/","title":{"rendered":"Lebenshilfen fordern Corona-Pr\u00e4mie"},"content":{"rendered":"<p>\u201eEs gibt keinen Grund, warum Besch\u00e4ftigte der Eingliederungshilfe erneut keine Corona-Pr\u00e4mie erhalten sollen. Sie wurden von der Politik schon 2020 schlicht vergessen, nun soll sich das wiederholen. Das ist ein Skandal, auf den wir als Lebenshilfen in Gie\u00dfen, Marburg, Dillenburg, Limburg, Wetzlar-Weilburg und Wetterau jetzt gemeinsam aufmerksam machen.\u201c\u00a0Dies haben deren Vorst\u00e4nde und Gesch\u00e4ftsf\u00fchrungen Dirk O\u00dfwald (Gie\u00dfen), Roland Wagner, Horst Viehl (beide Marburg), Dr. Oliver Schmitzer, Dirk Botzon (beide Dillenburg), Elisabeth Gerheim, Werner Schlenz (beide Limburg), Thomas Bauer (Wetzlar-Weilburg) und Thomas M\u00e4chtle (Wetterau) in einer gemeinsamen Presseerkl\u00e4rung erkl\u00e4rt.<!--more--><\/p>\n<p>Die Sprecher der sechs Lebenshilfen vertreten \u00fcber 4000 betroffene Mitarbeiter und betreuen \u00fcber 7000 Menschen mit Behinderung in der Region, viele davon rund um die Uhr. Ihre Kritik richtet sich an die Bundespolitik, die 2022 erneut eine Corona-Pr\u00e4mie als Pflege-Bonus in H\u00f6he von bis zu 3000 Euro erneut nur f\u00fcr Mitarbeitende in Krankenh\u00e4usern und Altenpflegeheimen auszahlen will. \u201eAuch 2022 sollen die Besch\u00e4ftigten der Eingliederungshilfe leer ausgehen\u201c, kritisieren die Lebenshilfen.<\/p>\n<p>Dabei stellt die Corona-Pandemie die Besch\u00e4ftigten gerade in der Behindertenhilfe vor besonders gro\u00dfe Herausforderungen, weil ihre Klienten vielfach die Ma\u00dfnahmen und Einschr\u00e4nkungen nicht verstehen und entsprechend reagieren. F\u00fcr Wohnst\u00e4tten, Werkst\u00e4tten, Tagesf\u00f6rderst\u00e4tten und Fr\u00fchf\u00f6rderstellen galten zudem\u00a0extreme Einschr\u00e4nkungen mit Betretungsverboten. Auch die Werkst\u00e4tten der Lebenshilfe Gie\u00dfen, Marburg, Dillenburg, Limburg und Wetzlar-Weilburg mussten viele Wochen schlie\u00dfen, sodass die Klienten \u00fcber Monate rund um die Uhr in den Wohnst\u00e4tten und anderen Wohnformen betreut werden mussten.<\/p>\n<p>\u201eDas Personal dort ist auch jetzt in der vierten Welle weiterhin maximal gefordert. Zus\u00e4tzlich zur Pandemie ist dieser Bereich extrem durch den Fachkr\u00e4ftemangel betroffen. Viele Stellen sind unbesetzt. Viele Kollegen sind k\u00f6rperlich und psychisch am oder \u00fcber dem Limit\u201c, mahnen die Gesch\u00e4ftsf\u00fchrer.<\/p>\n<p>F\u00fcr die Vorst\u00e4nde der mittelhessischen Lebenshilfen besteht kein Zweifel: \u201eWir wissen, was unser Personal tagt\u00e4glich leistet. Die vollstation\u00e4ren Wohnst\u00e4tten sind in jeder Hinsicht mit Altenpflegeheimen vergleichbar\u201c, machten O\u00dfwald, Wagner, Viehl, Dr. Schmitzer, Botzon, Bauer, Gerheim, Schlenz und M\u00e4chtle deutlich.<\/p>\n<p>\u201eWir appellieren an die neue Bundesregierung und alle unsere neugew\u00e4hlten Bundestagsabgeordneten, dieser Berufsgruppe endlich die Wertsch\u00e4tzung zu geben, die sie verdient. Das muss sich auch finanziell ausdr\u00fccken. Auch in der vierten Corona-Welle begleiten alle Mitarbeiterinnen und Mitarbeiter der Lebenshilfen die Ihnen anvertrauten Menschen bestm\u00f6glich &#8211; ungeachtet der eigenen Belastungen.\u201c<\/p>\n<p>Mehr denn je brauche es ein Signal aus der Politik, dass das Personal der Eingliederungshilfe nicht vergessen wird: \u201eWir fordern von der Politik, dass alle sozial-pflegerischen Berufe gleichberechtigt behandelt und gew\u00fcrdigt werden. Dazu geh\u00f6rt, dass der f\u00fcr 2022 geplante Pflege-Bonus auch f\u00fcr Besch\u00e4ftigte in der Eingliederungshilfe gezahlt wird \u2013 insbesondere f\u00fcr das besonders belastete Personal in den Wohnst\u00e4tten\u201c,\u00a0hei\u00dft es abschlie\u00dfend in dem Appell.<\/p>\n","protected":false},"excerpt":{"rendered":"<p>\u201eEs gibt keinen Grund, warum Besch\u00e4ftigte der Eingliederungshilfe erneut keine Corona-Pr\u00e4mie erhalten sollen. Sie wurden von der Politik schon 2020 schlicht vergessen, nun soll sich das wiederholen. Das ist ein Skandal, auf den wir als Lebenshilfen in Gie\u00dfen, Marburg, Dillenburg, Limburg, Wetzlar-Weilburg und Wetterau jetzt gemeinsam aufmerksam machen.\u201c\u00a0Dies haben deren Vorst\u00e4nde und Gesch\u00e4ftsf\u00fchrungen Dirk O\u00dfwald&#8230;<\/p>\n","protected":false},"author":4,"featured_media":7427,"comment_status":"closed","ping_status":"closed","sticky":false,"template":"","format":"standard","meta":{"_acf_changed":false,"_gspb_post_css":"","_kad_blocks_custom_css":"","_kad_blocks_head_custom_js":"","_kad_blocks_body_custom_js":"","_kad_blocks_footer_custom_js":"","_kad_post_transparent":"","_kad_post_title":"","_kad_post_layout":"","_kad_post_sidebar_id":"","_kad_post_content_style":"","_kad_post_vertical_padding":"","_kad_post_feature":"","_kad_post_feature_position":"","_kad_post_header":false,"_kad_post_footer":false,"_kad_post_classname":"","footnotes":""},"categories":[53],"tags":[],"class_list":["post-7471","post","type-post","status-publish","format-standard","has-post-thumbnail","hentry","category-meldungen"],"acf":[],"yoast_head":"<!-- This site is optimized with the Yoast SEO plugin v27.5 - https:\/\/yoast.com\/product\/yoast-seo-wordpress\/ -->\n<title>Lebenshilfen fordern Corona-Pr\u00e4mie - Lebenshilfe Dillenburg e.V.<\/title>\n<meta name=\"robots\" content=\"index, follow, max-snippet:-1, max-image-preview:large, max-video-preview:-1\" \/>\n<link rel=\"canonical\" href=\"https:\/\/lebenshilfe-dillenburg.de\/leicht\/lebenshilfen-fordern-corona-praemie\/\" \/>\n<meta property=\"og:locale\" content=\"de_DE\" \/>\n<meta property=\"og:type\" content=\"article\" \/>\n<meta property=\"og:title\" content=\"Lebenshilfen fordern Corona-Pr\u00e4mie - Lebenshilfe Dillenburg e.V.\" \/>\n<meta property=\"og:description\" content=\"\u201eEs gibt keinen Grund, warum Besch\u00e4ftigte der Eingliederungshilfe erneut keine Corona-Pr\u00e4mie erhalten sollen. Sie wurden von der Politik schon 2020 schlicht vergessen, nun soll sich das wiederholen. Das ist ein Skandal, auf den wir als Lebenshilfen in Gie\u00dfen, Marburg, Dillenburg, Limburg, Wetzlar-Weilburg und Wetterau jetzt gemeinsam aufmerksam machen.\u201c\u00a0Dies haben deren Vorst\u00e4nde und Gesch\u00e4ftsf\u00fchrungen Dirk O\u00dfwald...\" \/>\n<meta property=\"og:url\" content=\"https:\/\/lebenshilfe-dillenburg.de\/leicht\/lebenshilfen-fordern-corona-praemie\/\" \/>\n<meta property=\"og:site_name\" content=\"Lebenshilfe Dillenburg e.V.\" \/>\n<meta property=\"article:publisher\" content=\"https:\/\/www.facebook.com\/lebenshilfedillenburg\/\" \/>\n<meta property=\"article:published_time\" content=\"2021-12-22T08:48:36+00:00\" \/>\n<meta property=\"article:modified_time\" content=\"2026-01-30T11:09:37+00:00\" \/>\n<meta property=\"og:image\" content=\"https:\/\/lebenshilfe-dillenburg.de\/wp-content\/uploads\/lebenshilfen-fordern-corona-praemie-img-2713-scaled-3.jpg\" \/>\n\t<meta property=\"og:image:width\" content=\"2560\" \/>\n\t<meta property=\"og:image:height\" content=\"1707\" \/>\n\t<meta property=\"og:image:type\" content=\"image\/jpeg\" \/>\n<meta name=\"author\" content=\"Conny Holtfoth\" \/>\n<meta name=\"twitter:card\" content=\"summary_large_image\" \/>\n<meta name=\"twitter:label1\" content=\"Geschrieben von\" \/>\n\t<meta name=\"twitter:data1\" content=\"Conny Holtfoth\" \/>\n\t<meta name=\"twitter:label2\" content=\"Gesch\u00e4tzte Lesezeit\" \/>\n\t<meta name=\"twitter:data2\" content=\"2\u00a0Minuten\" \/>\n<script type=\"application\/ld+json\" class=\"yoast-schema-graph\">{\"@context\":\"https:\\\/\\\/schema.org\",\"@graph\":[{\"@type\":\"Article\",\"@id\":\"https:\\\/\\\/lebenshilfe-dillenburg.de\\\/leicht\\\/lebenshilfen-fordern-corona-praemie\\\/#article\",\"isPartOf\":{\"@id\":\"https:\\\/\\\/lebenshilfe-dillenburg.de\\\/leicht\\\/lebenshilfen-fordern-corona-praemie\\\/\"},\"author\":{\"name\":\"Conny Holtfoth\",\"@id\":\"https:\\\/\\\/lebenshilfe-dillenburg.de\\\/leicht\\\/#\\\/schema\\\/person\\\/b6c52dad8d881b49213c3345a7cd5efe\"},\"headline\":\"Lebenshilfen fordern Corona-Pr\u00e4mie\",\"datePublished\":\"2021-12-22T08:48:36+00:00\",\"dateModified\":\"2026-01-30T11:09:37+00:00\",\"mainEntityOfPage\":{\"@id\":\"https:\\\/\\\/lebenshilfe-dillenburg.de\\\/leicht\\\/lebenshilfen-fordern-corona-praemie\\\/\"},\"wordCount\":476,\"publisher\":{\"@id\":\"https:\\\/\\\/lebenshilfe-dillenburg.de\\\/leicht\\\/#organization\"},\"image\":{\"@id\":\"https:\\\/\\\/lebenshilfe-dillenburg.de\\\/leicht\\\/lebenshilfen-fordern-corona-praemie\\\/#primaryimage\"},\"thumbnailUrl\":\"https:\\\/\\\/lebenshilfe-dillenburg.de\\\/wp-content\\\/uploads\\\/covid-19-schnelltest-vials-holder.jpg\",\"articleSection\":[\"Meldungen\"],\"inLanguage\":\"de\"},{\"@type\":\"WebPage\",\"@id\":\"https:\\\/\\\/lebenshilfe-dillenburg.de\\\/leicht\\\/lebenshilfen-fordern-corona-praemie\\\/\",\"url\":\"https:\\\/\\\/lebenshilfe-dillenburg.de\\\/leicht\\\/lebenshilfen-fordern-corona-praemie\\\/\",\"name\":\"Lebenshilfen fordern Corona-Pr\u00e4mie - Lebenshilfe Dillenburg e.V.\",\"isPartOf\":{\"@id\":\"https:\\\/\\\/lebenshilfe-dillenburg.de\\\/leicht\\\/#website\"},\"primaryImageOfPage\":{\"@id\":\"https:\\\/\\\/lebenshilfe-dillenburg.de\\\/leicht\\\/lebenshilfen-fordern-corona-praemie\\\/#primaryimage\"},\"image\":{\"@id\":\"https:\\\/\\\/lebenshilfe-dillenburg.de\\\/leicht\\\/lebenshilfen-fordern-corona-praemie\\\/#primaryimage\"},\"thumbnailUrl\":\"https:\\\/\\\/lebenshilfe-dillenburg.de\\\/wp-content\\\/uploads\\\/covid-19-schnelltest-vials-holder.jpg\",\"datePublished\":\"2021-12-22T08:48:36+00:00\",\"dateModified\":\"2026-01-30T11:09:37+00:00\",\"breadcrumb\":{\"@id\":\"https:\\\/\\\/lebenshilfe-dillenburg.de\\\/leicht\\\/lebenshilfen-fordern-corona-praemie\\\/#breadcrumb\"},\"inLanguage\":\"de\",\"potentialAction\":[{\"@type\":\"ReadAction\",\"target\":[\"https:\\\/\\\/lebenshilfe-dillenburg.de\\\/leicht\\\/lebenshilfen-fordern-corona-praemie\\\/\"]}]},{\"@type\":\"ImageObject\",\"inLanguage\":\"de\",\"@id\":\"https:\\\/\\\/lebenshilfe-dillenburg.de\\\/leicht\\\/lebenshilfen-fordern-corona-praemie\\\/#primaryimage\",\"url\":\"https:\\\/\\\/lebenshilfe-dillenburg.de\\\/wp-content\\\/uploads\\\/covid-19-schnelltest-vials-holder.jpg\",\"contentUrl\":\"https:\\\/\\\/lebenshilfe-dillenburg.de\\\/wp-content\\\/uploads\\\/covid-19-schnelltest-vials-holder.jpg\",\"width\":1500,\"height\":1000,\"caption\":\"Die Corona-Pandemie hat die Besch\u00e4ftigten der Lebenshilfen vor gro\u00dfe Herausforderungen gestellt. (Foto: Holtfoth)\"},{\"@type\":\"BreadcrumbList\",\"@id\":\"https:\\\/\\\/lebenshilfe-dillenburg.de\\\/leicht\\\/lebenshilfen-fordern-corona-praemie\\\/#breadcrumb\",\"itemListElement\":[{\"@type\":\"ListItem\",\"position\":1,\"name\":\"Startseite der Lebenshilfe Dillenburg\",\"item\":\"https:\\\/\\\/lebenshilfe-dillenburg.de\\\/leicht\\\/\"},{\"@type\":\"ListItem\",\"position\":2,\"name\":\"Lebenshilfen fordern Corona-Pr\u00e4mie\"}]},{\"@type\":\"WebSite\",\"@id\":\"https:\\\/\\\/lebenshilfe-dillenburg.de\\\/leicht\\\/#website\",\"url\":\"https:\\\/\\\/lebenshilfe-dillenburg.de\\\/leicht\\\/\",\"name\":\"Lebenshilfe Dillenburg \u2013 Teilhabe & Unterst\u00fctzung im Lahn-Dill-Kreis\",\"description\":\"\",\"publisher\":{\"@id\":\"https:\\\/\\\/lebenshilfe-dillenburg.de\\\/leicht\\\/#organization\"},\"potentialAction\":[{\"@type\":\"SearchAction\",\"target\":{\"@type\":\"EntryPoint\",\"urlTemplate\":\"https:\\\/\\\/lebenshilfe-dillenburg.de\\\/leicht\\\/?s={search_term_string}\"},\"query-input\":{\"@type\":\"PropertyValueSpecification\",\"valueRequired\":true,\"valueName\":\"search_term_string\"}}],\"inLanguage\":\"de\"},{\"@type\":\"Organization\",\"@id\":\"https:\\\/\\\/lebenshilfe-dillenburg.de\\\/leicht\\\/#organization\",\"name\":\"Lebenshilfe Dillenburg e.V.\",\"url\":\"https:\\\/\\\/lebenshilfe-dillenburg.de\\\/leicht\\\/\",\"logo\":{\"@type\":\"ImageObject\",\"inLanguage\":\"de\",\"@id\":\"https:\\\/\\\/lebenshilfe-dillenburg.de\\\/leicht\\\/#\\\/schema\\\/logo\\\/image\\\/\",\"url\":\"https:\\\/\\\/lebenshilfe-dillenburg.de\\\/wp-content\\\/uploads\\\/lebenshilfe-dillenburg-desktop.webp\",\"contentUrl\":\"https:\\\/\\\/lebenshilfe-dillenburg.de\\\/wp-content\\\/uploads\\\/lebenshilfe-dillenburg-desktop.webp\",\"width\":461,\"height\":202,\"caption\":\"Lebenshilfe Dillenburg e.V.\"},\"image\":{\"@id\":\"https:\\\/\\\/lebenshilfe-dillenburg.de\\\/leicht\\\/#\\\/schema\\\/logo\\\/image\\\/\"},\"sameAs\":[\"https:\\\/\\\/www.facebook.com\\\/lebenshilfedillenburg\\\/\",\"https:\\\/\\\/www.instagram.com\\\/lebenshilfe_dillenburg\\\/\"]},{\"@type\":\"Person\",\"@id\":\"https:\\\/\\\/lebenshilfe-dillenburg.de\\\/leicht\\\/#\\\/schema\\\/person\\\/b6c52dad8d881b49213c3345a7cd5efe\",\"name\":\"Conny Holtfoth\",\"sameAs\":[\"http:\\\/\\\/lebenshilfe-dillenburg.de\"],\"url\":\"https:\\\/\\\/lebenshilfe-dillenburg.de\\\/leicht\\\/author\\\/conny\\\/\"}]}<\/script>\n<!-- \/ Yoast SEO plugin. -->","yoast_head_json":{"title":"Lebenshilfen fordern Corona-Pr\u00e4mie - Lebenshilfe Dillenburg e.V.","robots":{"index":"index","follow":"follow","max-snippet":"max-snippet:-1","max-image-preview":"max-image-preview:large","max-video-preview":"max-video-preview:-1"},"canonical":"https:\/\/lebenshilfe-dillenburg.de\/leicht\/lebenshilfen-fordern-corona-praemie\/","og_locale":"de_DE","og_type":"article","og_title":"Lebenshilfen fordern Corona-Pr\u00e4mie - Lebenshilfe Dillenburg e.V.","og_description":"\u201eEs gibt keinen Grund, warum Besch\u00e4ftigte der Eingliederungshilfe erneut keine Corona-Pr\u00e4mie erhalten sollen. Sie wurden von der Politik schon 2020 schlicht vergessen, nun soll sich das wiederholen. Das ist ein Skandal, auf den wir als Lebenshilfen in Gie\u00dfen, Marburg, Dillenburg, Limburg, Wetzlar-Weilburg und Wetterau jetzt gemeinsam aufmerksam machen.\u201c\u00a0Dies haben deren Vorst\u00e4nde und Gesch\u00e4ftsf\u00fchrungen Dirk O\u00dfwald...","og_url":"https:\/\/lebenshilfe-dillenburg.de\/leicht\/lebenshilfen-fordern-corona-praemie\/","og_site_name":"Lebenshilfe Dillenburg e.V.","article_publisher":"https:\/\/www.facebook.com\/lebenshilfedillenburg\/","article_published_time":"2021-12-22T08:48:36+00:00","article_modified_time":"2026-01-30T11:09:37+00:00","og_image":[{"width":2560,"height":1707,"url":"https:\/\/lebenshilfe-dillenburg.de\/wp-content\/uploads\/lebenshilfen-fordern-corona-praemie-img-2713-scaled-3.jpg","type":"image\/jpeg"}],"author":"Conny Holtfoth","twitter_card":"summary_large_image","twitter_misc":{"Geschrieben von":"Conny Holtfoth","Gesch\u00e4tzte Lesezeit":"2\u00a0Minuten"},"schema":{"@context":"https:\/\/schema.org","@graph":[{"@type":"Article","@id":"https:\/\/lebenshilfe-dillenburg.de\/leicht\/lebenshilfen-fordern-corona-praemie\/#article","isPartOf":{"@id":"https:\/\/lebenshilfe-dillenburg.de\/leicht\/lebenshilfen-fordern-corona-praemie\/"},"author":{"name":"Conny Holtfoth","@id":"https:\/\/lebenshilfe-dillenburg.de\/leicht\/#\/schema\/person\/b6c52dad8d881b49213c3345a7cd5efe"},"headline":"Lebenshilfen fordern Corona-Pr\u00e4mie","datePublished":"2021-12-22T08:48:36+00:00","dateModified":"2026-01-30T11:09:37+00:00","mainEntityOfPage":{"@id":"https:\/\/lebenshilfe-dillenburg.de\/leicht\/lebenshilfen-fordern-corona-praemie\/"},"wordCount":476,"publisher":{"@id":"https:\/\/lebenshilfe-dillenburg.de\/leicht\/#organization"},"image":{"@id":"https:\/\/lebenshilfe-dillenburg.de\/leicht\/lebenshilfen-fordern-corona-praemie\/#primaryimage"},"thumbnailUrl":"https:\/\/lebenshilfe-dillenburg.de\/wp-content\/uploads\/covid-19-schnelltest-vials-holder.jpg","articleSection":["Meldungen"],"inLanguage":"de"},{"@type":"WebPage","@id":"https:\/\/lebenshilfe-dillenburg.de\/leicht\/lebenshilfen-fordern-corona-praemie\/","url":"https:\/\/lebenshilfe-dillenburg.de\/leicht\/lebenshilfen-fordern-corona-praemie\/","name":"Lebenshilfen fordern Corona-Pr\u00e4mie - Lebenshilfe Dillenburg e.V.","isPartOf":{"@id":"https:\/\/lebenshilfe-dillenburg.de\/leicht\/#website"},"primaryImageOfPage":{"@id":"https:\/\/lebenshilfe-dillenburg.de\/leicht\/lebenshilfen-fordern-corona-praemie\/#primaryimage"},"image":{"@id":"https:\/\/lebenshilfe-dillenburg.de\/leicht\/lebenshilfen-fordern-corona-praemie\/#primaryimage"},"thumbnailUrl":"https:\/\/lebenshilfe-dillenburg.de\/wp-content\/uploads\/covid-19-schnelltest-vials-holder.jpg","datePublished":"2021-12-22T08:48:36+00:00","dateModified":"2026-01-30T11:09:37+00:00","breadcrumb":{"@id":"https:\/\/lebenshilfe-dillenburg.de\/leicht\/lebenshilfen-fordern-corona-praemie\/#breadcrumb"},"inLanguage":"de","potentialAction":[{"@type":"ReadAction","target":["https:\/\/lebenshilfe-dillenburg.de\/leicht\/lebenshilfen-fordern-corona-praemie\/"]}]},{"@type":"ImageObject","inLanguage":"de","@id":"https:\/\/lebenshilfe-dillenburg.de\/leicht\/lebenshilfen-fordern-corona-praemie\/#primaryimage","url":"https:\/\/lebenshilfe-dillenburg.de\/wp-content\/uploads\/covid-19-schnelltest-vials-holder.jpg","contentUrl":"https:\/\/lebenshilfe-dillenburg.de\/wp-content\/uploads\/covid-19-schnelltest-vials-holder.jpg","width":1500,"height":1000,"caption":"Die Corona-Pandemie hat die Besch\u00e4ftigten der Lebenshilfen vor gro\u00dfe Herausforderungen gestellt. (Foto: Holtfoth)"},{"@type":"BreadcrumbList","@id":"https:\/\/lebenshilfe-dillenburg.de\/leicht\/lebenshilfen-fordern-corona-praemie\/#breadcrumb","itemListElement":[{"@type":"ListItem","position":1,"name":"Startseite der Lebenshilfe Dillenburg","item":"https:\/\/lebenshilfe-dillenburg.de\/leicht\/"},{"@type":"ListItem","position":2,"name":"Lebenshilfen fordern Corona-Pr\u00e4mie"}]},{"@type":"WebSite","@id":"https:\/\/lebenshilfe-dillenburg.de\/leicht\/#website","url":"https:\/\/lebenshilfe-dillenburg.de\/leicht\/","name":"Lebenshilfe Dillenburg \u2013 Teilhabe & Unterst\u00fctzung im Lahn-Dill-Kreis","description":"","publisher":{"@id":"https:\/\/lebenshilfe-dillenburg.de\/leicht\/#organization"},"potentialAction":[{"@type":"SearchAction","target":{"@type":"EntryPoint","urlTemplate":"https:\/\/lebenshilfe-dillenburg.de\/leicht\/?s={search_term_string}"},"query-input":{"@type":"PropertyValueSpecification","valueRequired":true,"valueName":"search_term_string"}}],"inLanguage":"de"},{"@type":"Organization","@id":"https:\/\/lebenshilfe-dillenburg.de\/leicht\/#organization","name":"Lebenshilfe Dillenburg e.V.","url":"https:\/\/lebenshilfe-dillenburg.de\/leicht\/","logo":{"@type":"ImageObject","inLanguage":"de","@id":"https:\/\/lebenshilfe-dillenburg.de\/leicht\/#\/schema\/logo\/image\/","url":"https:\/\/lebenshilfe-dillenburg.de\/wp-content\/uploads\/lebenshilfe-dillenburg-desktop.webp","contentUrl":"https:\/\/lebenshilfe-dillenburg.de\/wp-content\/uploads\/lebenshilfe-dillenburg-desktop.webp","width":461,"height":202,"caption":"Lebenshilfe Dillenburg e.V."},"image":{"@id":"https:\/\/lebenshilfe-dillenburg.de\/leicht\/#\/schema\/logo\/image\/"},"sameAs":["https:\/\/www.facebook.com\/lebenshilfedillenburg\/","https:\/\/www.instagram.com\/lebenshilfe_dillenburg\/"]},{"@type":"Person","@id":"https:\/\/lebenshilfe-dillenburg.de\/leicht\/#\/schema\/person\/b6c52dad8d881b49213c3345a7cd5efe","name":"Conny Holtfoth","sameAs":["http:\/\/lebenshilfe-dillenburg.de"],"url":"https:\/\/lebenshilfe-dillenburg.de\/leicht\/author\/conny\/"}]}},"taxonomy_info":{"category":[{"value":53,"label":"Meldungen"}]},"featured_image_src_large":["https:\/\/lebenshilfe-dillenburg.de\/wp-content\/uploads\/covid-19-schnelltest-vials-holder-1920x1280.jpg",1366,911,true],"author_info":{"display_name":"Conny Holtfoth","author_link":"https:\/\/lebenshilfe-dillenburg.de\/leicht\/author\/conny\/"},"comment_info":0,"category_info":[{"term_id":53,"name":"Meldungen","slug":"meldungen","term_group":0,"term_taxonomy_id":53,"taxonomy":"category","description":"","parent":0,"count":127,"filter":"raw","term_order":"5","cat_ID":53,"category_count":127,"category_description":"","cat_name":"Meldungen","category_nicename":"meldungen","category_parent":0}],"tag_info":false,"_links":{"self":[{"href":"https:\/\/lebenshilfe-dillenburg.de\/leicht\/wp-json\/wp\/v2\/posts\/7471","targetHints":{"allow":["GET"]}}],"collection":[{"href":"https:\/\/lebenshilfe-dillenburg.de\/leicht\/wp-json\/wp\/v2\/posts"}],"about":[{"href":"https:\/\/lebenshilfe-dillenburg.de\/leicht\/wp-json\/wp\/v2\/types\/post"}],"author":[{"embeddable":true,"href":"https:\/\/lebenshilfe-dillenburg.de\/leicht\/wp-json\/wp\/v2\/users\/4"}],"replies":[{"embeddable":true,"href":"https:\/\/lebenshilfe-dillenburg.de\/leicht\/wp-json\/wp\/v2\/comments?post=7471"}],"version-history":[{"count":0,"href":"https:\/\/lebenshilfe-dillenburg.de\/leicht\/wp-json\/wp\/v2\/posts\/7471\/revisions"}],"wp:featuredmedia":[{"embeddable":true,"href":"https:\/\/lebenshilfe-dillenburg.de\/leicht\/wp-json\/wp\/v2\/media\/7427"}],"wp:attachment":[{"href":"https:\/\/lebenshilfe-dillenburg.de\/leicht\/wp-json\/wp\/v2\/media?parent=7471"}],"wp:term":[{"taxonomy":"category","embeddable":true,"href":"https:\/\/lebenshilfe-dillenburg.de\/leicht\/wp-json\/wp\/v2\/categories?post=7471"},{"taxonomy":"post_tag","embeddable":true,"href":"https:\/\/lebenshilfe-dillenburg.de\/leicht\/wp-json\/wp\/v2\/tags?post=7471"}],"curies":[{"name":"wp","href":"https:\/\/api.w.org\/{rel}","templated":true}]}}