{"id":7529,"date":"2020-04-21T11:49:13","date_gmt":"2020-04-21T09:49:13","guid":{"rendered":"https:\/\/www.lebenshilfe-dillenburg.de\/?p=2600"},"modified":"2026-01-30T12:09:35","modified_gmt":"2026-01-30T11:09:35","slug":"wohnheim-situation-stabilisiert-sich","status":"publish","type":"post","link":"https:\/\/lebenshilfe-dillenburg.de\/leicht\/wohnheim-situation-stabilisiert-sich\/","title":{"rendered":"Wohnheim-Situation stabilisiert sich"},"content":{"rendered":"<p>Nach sehr bewegten und herausfordernden Wochen stabilisiert sich die Situation im Lebenshilfe-Wohnheim in Niederscheld allm\u00e4hlich. Zehn Menschen mit Behinderungen und 16 Mitarbeiter dieser Einrichtung waren positiv auf Covid-19 getestet worden. <!--more--><\/p>\n<p>F\u00fcnf Bewohner aus Niederscheld mussten in dieser Zeit station\u00e4r behandelt werden. Drei von ihnen \u2013 alle mit schwerwiegenden Vorerkrankungen &#8211; verstarben. Zwei der Verstorbenen waren positiv getestet worden, bei einem war die Testung negativ.<\/p>\n<p>Nachdem eine Bewohnerin der Einrichtung am 21. M\u00e4rz Erk\u00e4ltungssymptome gezeigt hatte, veranlasste das Wohnheim aufgrund ihrer Vorerkrankungen nach R\u00fccksprache mit dem behandelnden Arzt eine Einweisung ins Krankenhaus, wo sie positiv auf Covid-19 getestet wurde.<\/p>\n<p>Mit Beginn der ersten Symptome versch\u00e4rfte das Wohnheim die Sicherheitsma\u00dfnahmen, die Betreuungsarbeit in der Einrichtung erfolgte fortan mit Schutzkleidung.\u00a0 Die Bewohner wurden isoliert, sofern dies m\u00f6glich war. \u201eAufgrund ihrer geistigen Behinderung ist vielen unserer Klienten die Tragweite des Infektionsrisikos nicht bewusst\u201c, erl\u00e4utert Lebenshilfe-Vorstand Dr. Oliver Schmitzer. \u201eDadurch f\u00e4llt es ihnen nat\u00fcrlich schwer, Verst\u00e4ndnis f\u00fcr die Notwendigkeit der Quarant\u00e4ne zu entwickeln.\u201c<\/p>\n<p>Nach der Positivtestung stimmte die Lebenshilfe mit dem Gesundheitsamt weitere Ma\u00dfnahmen ab \u2013 etwa die Errichtung einer Schleuse, ab der die Mitarbeiter die Schutzkleidung \u2013 bestehend aus Schutzkittel, Schutzbrille und einer FFP2-Maske \u2013 anlegen bzw. nach der Arbeit wieder ablegen m\u00fcssen.<\/p>\n<p>20 Mitarbeiter und zehn Bewohner wurden auf Bestimmung des Gesundheitsamts hin innerhalb der beiden Wochen nach Beginn der ersten Symptome auf das Virus getestet. \u201eInsgesamt haben wir in kurzer Zeit knapp 90 Prozent des Stammteams in Niederscheld aufgrund von Symptomatik oder positiver Testung in die Quarant\u00e4ne verloren und es innerhalb weniger Tage geschafft, die Betreuung durch Mitarbeiter aus allen anderen Bereichen der Lebenshilfe aufrechtzuerhalten\u201c, berichtet Schmitzer.<\/p>\n<p>F\u00fcnf Mitarbeiter des Stammteams Niederscheld sind mittlerweile aus der Quarant\u00e4ne zur\u00fcckgekehrt. Bedingungen f\u00fcr eine R\u00fcckkehr sind neben einer zweiw\u00f6chigen Quarant\u00e4ne eine 48-st\u00fcndige Symptomfreiheit sowie eine Negativtestung. Die erkrankten Bewohner sind vergangenen Freitag nachgetestet worden, dort liegen noch keine Ergebnisse vor.<\/p>\n<p>Seit Inkrafttreten der maximalen Sicherheitsma\u00dfnahmen hat es keine Neuinfektionen gegeben. In den anderen Wohnheimen der Lebenshilfe Dillenburg gab es keine Testungen, jedoch kann dies dort in begr\u00fcndeten Verdachtsf\u00e4llen schnell umgesetzt werden. Die Isolation der Bewohner in den Wohneinrichtungen besteht nach wie vor, gem\u00e4\u00df der Verordnung des Landes Hessen bleiben die Wohnheime bis zum 3. Mai geschlossen.<\/p>\n<p>Die Werkst\u00e4tten der Lebenshilfe Dillenburg bleiben bis zum 6. Mai geschlossen. Die Produktion erfolgt zurzeit in reduziertem Umfang durch die hauptamtlichen Mitarbeiter. \u201eDie meisten Firmen sind sehr entgegenkommend und helfen uns, diese schwierige Phase zu \u00fcberbr\u00fccken \u2013 sei es etwa durch eine zeitliche Verschiebung der Auftr\u00e4ge oder einen Aufbau von Pufferbest\u00e4nden\u201c, erkl\u00e4rt Werkstattbereichsleiter Ralf Turk. Ebenfalls bis zum 6. Mai ausgesetzt sind die Angebote der Integrativen Kindertagesst\u00e4tte \u2013 mit Ausnahme der Notbetreuung von Kindern systemrelevanter Eltern -, der Interdisziplin\u00e4ren Fr\u00fchf\u00f6rderstelle und des Familienentlastenden Diensts.<\/p>\n<p>Insgesamt erlebt die Lebenshilfe Dillenburg in dieser Zeit ein hohes Ma\u00df an Solidarit\u00e4t und Hilfsbereitschaft. So haben bereits einige regionale Alleinunterhalter unentgeltlich vor dem Wohnheim in Niederscheld musiziert und f\u00fcr sehr viel Freude gesorgt. Dar\u00fcber hinaus erhielt die Organisation f\u00fcr ihre Einrichtungen 20 Corona-Schutzvisiere, die ein junger Mann aus Beilstein mit seinem 3D-Drucker erstellt hatte. Mitarbeiter der Werkstatt Dillenburg haben zudem eine Aktion ins Leben gerufen, die die Wohnheime der Lebenshilfe in regelm\u00e4\u00dfigen Abst\u00e4nden mit Leckereien wie Waffeln versorgen soll.\u00a0 \u201eWir sind sehr dankbar f\u00fcr die Anteilnahme, die wir erfahren d\u00fcrfen und die sich in so vielen kreativen Aktionen zeigt\u201c, betont Schmitzer. Insbesondere das Engagement der Mitarbeiterschaft sei bemerkenswert gewesen, hebt Wohnbereichsleiterin Tanja Rockens\u00fc\u00df hervor: \u201eWir haben alle das Ziel, die uns anvertrauten Menschen mit all dem, was wir tun und k\u00f6nnen, durch die Krise zu begleiten. Ich bin froh dar\u00fcber zu erleben, wie gut Zusammenarbeit funktioniert und wie gro\u00df die Bereitschaft ist, auf vielf\u00e4ltige Weise zu unterst\u00fctzen.\u201c<\/p>\n","protected":false},"excerpt":{"rendered":"<p>Nach sehr bewegten und herausfordernden Wochen stabilisiert sich die Situation im Lebenshilfe-Wohnheim in Niederscheld allm\u00e4hlich. Zehn Menschen mit Behinderungen und 16 Mitarbeiter dieser Einrichtung waren positiv auf Covid-19 getestet worden.<\/p>\n","protected":false},"author":5,"featured_media":7543,"comment_status":"closed","ping_status":"closed","sticky":false,"template":"","format":"standard","meta":{"_acf_changed":false,"_gspb_post_css":"","_kad_blocks_custom_css":"","_kad_blocks_head_custom_js":"","_kad_blocks_body_custom_js":"","_kad_blocks_footer_custom_js":"","_kad_post_transparent":"","_kad_post_title":"","_kad_post_layout":"","_kad_post_sidebar_id":"","_kad_post_content_style":"","_kad_post_vertical_padding":"","_kad_post_feature":"","_kad_post_feature_position":"","_kad_post_header":false,"_kad_post_footer":false,"_kad_post_classname":"","footnotes":""},"categories":[52,53],"tags":[],"class_list":["post-7529","post","type-post","status-publish","format-standard","has-post-thumbnail","hentry","category-aktuelles","category-meldungen"],"acf":[],"yoast_head":"<!-- This site is optimized with the Yoast SEO plugin v27.5 - https:\/\/yoast.com\/product\/yoast-seo-wordpress\/ -->\n<title>Wohnheim-Situation stabilisiert sich - Lebenshilfe Dillenburg e.V.<\/title>\n<meta name=\"robots\" content=\"index, follow, max-snippet:-1, max-image-preview:large, max-video-preview:-1\" \/>\n<link rel=\"canonical\" href=\"https:\/\/lebenshilfe-dillenburg.de\/leicht\/wohnheim-situation-stabilisiert-sich\/\" \/>\n<meta property=\"og:locale\" content=\"de_DE\" \/>\n<meta property=\"og:type\" content=\"article\" \/>\n<meta property=\"og:title\" content=\"Wohnheim-Situation stabilisiert sich - Lebenshilfe Dillenburg e.V.\" \/>\n<meta property=\"og:description\" content=\"Nach sehr bewegten und herausfordernden Wochen stabilisiert sich die Situation im Lebenshilfe-Wohnheim in Niederscheld allm\u00e4hlich. Zehn Menschen mit Behinderungen und 16 Mitarbeiter dieser Einrichtung waren positiv auf Covid-19 getestet worden.\" \/>\n<meta property=\"og:url\" content=\"https:\/\/lebenshilfe-dillenburg.de\/leicht\/wohnheim-situation-stabilisiert-sich\/\" \/>\n<meta property=\"og:site_name\" content=\"Lebenshilfe Dillenburg e.V.\" \/>\n<meta property=\"article:publisher\" content=\"https:\/\/www.facebook.com\/lebenshilfedillenburg\/\" \/>\n<meta property=\"article:published_time\" content=\"2020-04-21T09:49:13+00:00\" \/>\n<meta property=\"article:modified_time\" content=\"2026-01-30T11:09:35+00:00\" \/>\n<meta property=\"og:image\" content=\"https:\/\/lebenshilfe-dillenburg.de\/wp-content\/uploads\/wohnheim-situation-stabilisiert-sich-img-8720-scaled-2.jpg\" \/>\n\t<meta property=\"og:image:width\" content=\"2560\" \/>\n\t<meta property=\"og:image:height\" content=\"1590\" \/>\n\t<meta property=\"og:image:type\" content=\"image\/jpeg\" \/>\n<meta name=\"author\" content=\"c.schneider\" \/>\n<meta name=\"twitter:card\" content=\"summary_large_image\" \/>\n<meta name=\"twitter:label1\" content=\"Geschrieben von\" \/>\n\t<meta name=\"twitter:data1\" content=\"c.schneider\" \/>\n\t<meta name=\"twitter:label2\" content=\"Gesch\u00e4tzte Lesezeit\" \/>\n\t<meta name=\"twitter:data2\" content=\"3\u00a0Minuten\" \/>\n<script type=\"application\/ld+json\" class=\"yoast-schema-graph\">{\"@context\":\"https:\\\/\\\/schema.org\",\"@graph\":[{\"@type\":\"Article\",\"@id\":\"https:\\\/\\\/lebenshilfe-dillenburg.de\\\/leicht\\\/wohnheim-situation-stabilisiert-sich\\\/#article\",\"isPartOf\":{\"@id\":\"https:\\\/\\\/lebenshilfe-dillenburg.de\\\/leicht\\\/wohnheim-situation-stabilisiert-sich\\\/\"},\"author\":{\"name\":\"c.schneider\",\"@id\":\"https:\\\/\\\/lebenshilfe-dillenburg.de\\\/leicht\\\/#\\\/schema\\\/person\\\/1b9e3ba67f13cec4b5dc4a753d312157\"},\"headline\":\"Wohnheim-Situation stabilisiert sich\",\"datePublished\":\"2020-04-21T09:49:13+00:00\",\"dateModified\":\"2026-01-30T11:09:35+00:00\",\"mainEntityOfPage\":{\"@id\":\"https:\\\/\\\/lebenshilfe-dillenburg.de\\\/leicht\\\/wohnheim-situation-stabilisiert-sich\\\/\"},\"wordCount\":643,\"publisher\":{\"@id\":\"https:\\\/\\\/lebenshilfe-dillenburg.de\\\/leicht\\\/#organization\"},\"image\":{\"@id\":\"https:\\\/\\\/lebenshilfe-dillenburg.de\\\/leicht\\\/wohnheim-situation-stabilisiert-sich\\\/#primaryimage\"},\"thumbnailUrl\":\"https:\\\/\\\/lebenshilfe-dillenburg.de\\\/wp-content\\\/uploads\\\/senior-laechelt-mit-pflegepersonal-in-schutzkleidung.jpg\",\"articleSection\":[\"Aktuelles\",\"Meldungen\"],\"inLanguage\":\"de\"},{\"@type\":\"WebPage\",\"@id\":\"https:\\\/\\\/lebenshilfe-dillenburg.de\\\/leicht\\\/wohnheim-situation-stabilisiert-sich\\\/\",\"url\":\"https:\\\/\\\/lebenshilfe-dillenburg.de\\\/leicht\\\/wohnheim-situation-stabilisiert-sich\\\/\",\"name\":\"Wohnheim-Situation stabilisiert sich - Lebenshilfe Dillenburg e.V.\",\"isPartOf\":{\"@id\":\"https:\\\/\\\/lebenshilfe-dillenburg.de\\\/leicht\\\/#website\"},\"primaryImageOfPage\":{\"@id\":\"https:\\\/\\\/lebenshilfe-dillenburg.de\\\/leicht\\\/wohnheim-situation-stabilisiert-sich\\\/#primaryimage\"},\"image\":{\"@id\":\"https:\\\/\\\/lebenshilfe-dillenburg.de\\\/leicht\\\/wohnheim-situation-stabilisiert-sich\\\/#primaryimage\"},\"thumbnailUrl\":\"https:\\\/\\\/lebenshilfe-dillenburg.de\\\/wp-content\\\/uploads\\\/senior-laechelt-mit-pflegepersonal-in-schutzkleidung.jpg\",\"datePublished\":\"2020-04-21T09:49:13+00:00\",\"dateModified\":\"2026-01-30T11:09:35+00:00\",\"breadcrumb\":{\"@id\":\"https:\\\/\\\/lebenshilfe-dillenburg.de\\\/leicht\\\/wohnheim-situation-stabilisiert-sich\\\/#breadcrumb\"},\"inLanguage\":\"de\",\"potentialAction\":[{\"@type\":\"ReadAction\",\"target\":[\"https:\\\/\\\/lebenshilfe-dillenburg.de\\\/leicht\\\/wohnheim-situation-stabilisiert-sich\\\/\"]}]},{\"@type\":\"ImageObject\",\"inLanguage\":\"de\",\"@id\":\"https:\\\/\\\/lebenshilfe-dillenburg.de\\\/leicht\\\/wohnheim-situation-stabilisiert-sich\\\/#primaryimage\",\"url\":\"https:\\\/\\\/lebenshilfe-dillenburg.de\\\/wp-content\\\/uploads\\\/senior-laechelt-mit-pflegepersonal-in-schutzkleidung.jpg\",\"contentUrl\":\"https:\\\/\\\/lebenshilfe-dillenburg.de\\\/wp-content\\\/uploads\\\/senior-laechelt-mit-pflegepersonal-in-schutzkleidung.jpg\",\"width\":1500,\"height\":932,\"caption\":\"Verschiedene Aktionen bringen das Lachen ins Wohnheim Niederscheld zur\u00fcck.\"},{\"@type\":\"BreadcrumbList\",\"@id\":\"https:\\\/\\\/lebenshilfe-dillenburg.de\\\/leicht\\\/wohnheim-situation-stabilisiert-sich\\\/#breadcrumb\",\"itemListElement\":[{\"@type\":\"ListItem\",\"position\":1,\"name\":\"Startseite der Lebenshilfe Dillenburg\",\"item\":\"https:\\\/\\\/lebenshilfe-dillenburg.de\\\/leicht\\\/\"},{\"@type\":\"ListItem\",\"position\":2,\"name\":\"Wohnheim-Situation stabilisiert sich\"}]},{\"@type\":\"WebSite\",\"@id\":\"https:\\\/\\\/lebenshilfe-dillenburg.de\\\/leicht\\\/#website\",\"url\":\"https:\\\/\\\/lebenshilfe-dillenburg.de\\\/leicht\\\/\",\"name\":\"Lebenshilfe Dillenburg \u2013 Teilhabe & Unterst\u00fctzung im Lahn-Dill-Kreis\",\"description\":\"\",\"publisher\":{\"@id\":\"https:\\\/\\\/lebenshilfe-dillenburg.de\\\/leicht\\\/#organization\"},\"potentialAction\":[{\"@type\":\"SearchAction\",\"target\":{\"@type\":\"EntryPoint\",\"urlTemplate\":\"https:\\\/\\\/lebenshilfe-dillenburg.de\\\/leicht\\\/?s={search_term_string}\"},\"query-input\":{\"@type\":\"PropertyValueSpecification\",\"valueRequired\":true,\"valueName\":\"search_term_string\"}}],\"inLanguage\":\"de\"},{\"@type\":\"Organization\",\"@id\":\"https:\\\/\\\/lebenshilfe-dillenburg.de\\\/leicht\\\/#organization\",\"name\":\"Lebenshilfe Dillenburg e.V.\",\"url\":\"https:\\\/\\\/lebenshilfe-dillenburg.de\\\/leicht\\\/\",\"logo\":{\"@type\":\"ImageObject\",\"inLanguage\":\"de\",\"@id\":\"https:\\\/\\\/lebenshilfe-dillenburg.de\\\/leicht\\\/#\\\/schema\\\/logo\\\/image\\\/\",\"url\":\"https:\\\/\\\/lebenshilfe-dillenburg.de\\\/wp-content\\\/uploads\\\/lebenshilfe-dillenburg-desktop.webp\",\"contentUrl\":\"https:\\\/\\\/lebenshilfe-dillenburg.de\\\/wp-content\\\/uploads\\\/lebenshilfe-dillenburg-desktop.webp\",\"width\":461,\"height\":202,\"caption\":\"Lebenshilfe Dillenburg e.V.\"},\"image\":{\"@id\":\"https:\\\/\\\/lebenshilfe-dillenburg.de\\\/leicht\\\/#\\\/schema\\\/logo\\\/image\\\/\"},\"sameAs\":[\"https:\\\/\\\/www.facebook.com\\\/lebenshilfedillenburg\\\/\",\"https:\\\/\\\/www.instagram.com\\\/lebenshilfe_dillenburg\\\/\"]},{\"@type\":\"Person\",\"@id\":\"https:\\\/\\\/lebenshilfe-dillenburg.de\\\/leicht\\\/#\\\/schema\\\/person\\\/1b9e3ba67f13cec4b5dc4a753d312157\",\"name\":\"c.schneider\",\"url\":\"https:\\\/\\\/lebenshilfe-dillenburg.de\\\/leicht\\\/author\\\/c-schneider\\\/\"}]}<\/script>\n<!-- \/ Yoast SEO plugin. -->","yoast_head_json":{"title":"Wohnheim-Situation stabilisiert sich - Lebenshilfe Dillenburg e.V.","robots":{"index":"index","follow":"follow","max-snippet":"max-snippet:-1","max-image-preview":"max-image-preview:large","max-video-preview":"max-video-preview:-1"},"canonical":"https:\/\/lebenshilfe-dillenburg.de\/leicht\/wohnheim-situation-stabilisiert-sich\/","og_locale":"de_DE","og_type":"article","og_title":"Wohnheim-Situation stabilisiert sich - Lebenshilfe Dillenburg e.V.","og_description":"Nach sehr bewegten und herausfordernden Wochen stabilisiert sich die Situation im Lebenshilfe-Wohnheim in Niederscheld allm\u00e4hlich. Zehn Menschen mit Behinderungen und 16 Mitarbeiter dieser Einrichtung waren positiv auf Covid-19 getestet worden.","og_url":"https:\/\/lebenshilfe-dillenburg.de\/leicht\/wohnheim-situation-stabilisiert-sich\/","og_site_name":"Lebenshilfe Dillenburg e.V.","article_publisher":"https:\/\/www.facebook.com\/lebenshilfedillenburg\/","article_published_time":"2020-04-21T09:49:13+00:00","article_modified_time":"2026-01-30T11:09:35+00:00","og_image":[{"width":2560,"height":1590,"url":"https:\/\/lebenshilfe-dillenburg.de\/wp-content\/uploads\/wohnheim-situation-stabilisiert-sich-img-8720-scaled-2.jpg","type":"image\/jpeg"}],"author":"c.schneider","twitter_card":"summary_large_image","twitter_misc":{"Geschrieben von":"c.schneider","Gesch\u00e4tzte Lesezeit":"3\u00a0Minuten"},"schema":{"@context":"https:\/\/schema.org","@graph":[{"@type":"Article","@id":"https:\/\/lebenshilfe-dillenburg.de\/leicht\/wohnheim-situation-stabilisiert-sich\/#article","isPartOf":{"@id":"https:\/\/lebenshilfe-dillenburg.de\/leicht\/wohnheim-situation-stabilisiert-sich\/"},"author":{"name":"c.schneider","@id":"https:\/\/lebenshilfe-dillenburg.de\/leicht\/#\/schema\/person\/1b9e3ba67f13cec4b5dc4a753d312157"},"headline":"Wohnheim-Situation stabilisiert sich","datePublished":"2020-04-21T09:49:13+00:00","dateModified":"2026-01-30T11:09:35+00:00","mainEntityOfPage":{"@id":"https:\/\/lebenshilfe-dillenburg.de\/leicht\/wohnheim-situation-stabilisiert-sich\/"},"wordCount":643,"publisher":{"@id":"https:\/\/lebenshilfe-dillenburg.de\/leicht\/#organization"},"image":{"@id":"https:\/\/lebenshilfe-dillenburg.de\/leicht\/wohnheim-situation-stabilisiert-sich\/#primaryimage"},"thumbnailUrl":"https:\/\/lebenshilfe-dillenburg.de\/wp-content\/uploads\/senior-laechelt-mit-pflegepersonal-in-schutzkleidung.jpg","articleSection":["Aktuelles","Meldungen"],"inLanguage":"de"},{"@type":"WebPage","@id":"https:\/\/lebenshilfe-dillenburg.de\/leicht\/wohnheim-situation-stabilisiert-sich\/","url":"https:\/\/lebenshilfe-dillenburg.de\/leicht\/wohnheim-situation-stabilisiert-sich\/","name":"Wohnheim-Situation stabilisiert sich - Lebenshilfe Dillenburg e.V.","isPartOf":{"@id":"https:\/\/lebenshilfe-dillenburg.de\/leicht\/#website"},"primaryImageOfPage":{"@id":"https:\/\/lebenshilfe-dillenburg.de\/leicht\/wohnheim-situation-stabilisiert-sich\/#primaryimage"},"image":{"@id":"https:\/\/lebenshilfe-dillenburg.de\/leicht\/wohnheim-situation-stabilisiert-sich\/#primaryimage"},"thumbnailUrl":"https:\/\/lebenshilfe-dillenburg.de\/wp-content\/uploads\/senior-laechelt-mit-pflegepersonal-in-schutzkleidung.jpg","datePublished":"2020-04-21T09:49:13+00:00","dateModified":"2026-01-30T11:09:35+00:00","breadcrumb":{"@id":"https:\/\/lebenshilfe-dillenburg.de\/leicht\/wohnheim-situation-stabilisiert-sich\/#breadcrumb"},"inLanguage":"de","potentialAction":[{"@type":"ReadAction","target":["https:\/\/lebenshilfe-dillenburg.de\/leicht\/wohnheim-situation-stabilisiert-sich\/"]}]},{"@type":"ImageObject","inLanguage":"de","@id":"https:\/\/lebenshilfe-dillenburg.de\/leicht\/wohnheim-situation-stabilisiert-sich\/#primaryimage","url":"https:\/\/lebenshilfe-dillenburg.de\/wp-content\/uploads\/senior-laechelt-mit-pflegepersonal-in-schutzkleidung.jpg","contentUrl":"https:\/\/lebenshilfe-dillenburg.de\/wp-content\/uploads\/senior-laechelt-mit-pflegepersonal-in-schutzkleidung.jpg","width":1500,"height":932,"caption":"Verschiedene Aktionen bringen das Lachen ins Wohnheim Niederscheld zur\u00fcck."},{"@type":"BreadcrumbList","@id":"https:\/\/lebenshilfe-dillenburg.de\/leicht\/wohnheim-situation-stabilisiert-sich\/#breadcrumb","itemListElement":[{"@type":"ListItem","position":1,"name":"Startseite der Lebenshilfe Dillenburg","item":"https:\/\/lebenshilfe-dillenburg.de\/leicht\/"},{"@type":"ListItem","position":2,"name":"Wohnheim-Situation stabilisiert sich"}]},{"@type":"WebSite","@id":"https:\/\/lebenshilfe-dillenburg.de\/leicht\/#website","url":"https:\/\/lebenshilfe-dillenburg.de\/leicht\/","name":"Lebenshilfe Dillenburg \u2013 Teilhabe & Unterst\u00fctzung im Lahn-Dill-Kreis","description":"","publisher":{"@id":"https:\/\/lebenshilfe-dillenburg.de\/leicht\/#organization"},"potentialAction":[{"@type":"SearchAction","target":{"@type":"EntryPoint","urlTemplate":"https:\/\/lebenshilfe-dillenburg.de\/leicht\/?s={search_term_string}"},"query-input":{"@type":"PropertyValueSpecification","valueRequired":true,"valueName":"search_term_string"}}],"inLanguage":"de"},{"@type":"Organization","@id":"https:\/\/lebenshilfe-dillenburg.de\/leicht\/#organization","name":"Lebenshilfe Dillenburg e.V.","url":"https:\/\/lebenshilfe-dillenburg.de\/leicht\/","logo":{"@type":"ImageObject","inLanguage":"de","@id":"https:\/\/lebenshilfe-dillenburg.de\/leicht\/#\/schema\/logo\/image\/","url":"https:\/\/lebenshilfe-dillenburg.de\/wp-content\/uploads\/lebenshilfe-dillenburg-desktop.webp","contentUrl":"https:\/\/lebenshilfe-dillenburg.de\/wp-content\/uploads\/lebenshilfe-dillenburg-desktop.webp","width":461,"height":202,"caption":"Lebenshilfe Dillenburg e.V."},"image":{"@id":"https:\/\/lebenshilfe-dillenburg.de\/leicht\/#\/schema\/logo\/image\/"},"sameAs":["https:\/\/www.facebook.com\/lebenshilfedillenburg\/","https:\/\/www.instagram.com\/lebenshilfe_dillenburg\/"]},{"@type":"Person","@id":"https:\/\/lebenshilfe-dillenburg.de\/leicht\/#\/schema\/person\/1b9e3ba67f13cec4b5dc4a753d312157","name":"c.schneider","url":"https:\/\/lebenshilfe-dillenburg.de\/leicht\/author\/c-schneider\/"}]}},"taxonomy_info":{"category":[{"value":52,"label":"Aktuelles"},{"value":53,"label":"Meldungen"}]},"featured_image_src_large":["https:\/\/lebenshilfe-dillenburg.de\/wp-content\/uploads\/senior-laechelt-mit-pflegepersonal-in-schutzkleidung-1920x1193.jpg",1366,849,true],"author_info":{"display_name":"c.schneider","author_link":"https:\/\/lebenshilfe-dillenburg.de\/leicht\/author\/c-schneider\/"},"comment_info":0,"category_info":[{"term_id":52,"name":"Aktuelles","slug":"aktuelles","term_group":0,"term_taxonomy_id":52,"taxonomy":"category","description":"","parent":0,"count":22,"filter":"raw","term_order":"4","cat_ID":52,"category_count":22,"category_description":"","cat_name":"Aktuelles","category_nicename":"aktuelles","category_parent":0},{"term_id":53,"name":"Meldungen","slug":"meldungen","term_group":0,"term_taxonomy_id":53,"taxonomy":"category","description":"","parent":0,"count":127,"filter":"raw","term_order":"5","cat_ID":53,"category_count":127,"category_description":"","cat_name":"Meldungen","category_nicename":"meldungen","category_parent":0}],"tag_info":false,"_links":{"self":[{"href":"https:\/\/lebenshilfe-dillenburg.de\/leicht\/wp-json\/wp\/v2\/posts\/7529","targetHints":{"allow":["GET"]}}],"collection":[{"href":"https:\/\/lebenshilfe-dillenburg.de\/leicht\/wp-json\/wp\/v2\/posts"}],"about":[{"href":"https:\/\/lebenshilfe-dillenburg.de\/leicht\/wp-json\/wp\/v2\/types\/post"}],"author":[{"embeddable":true,"href":"https:\/\/lebenshilfe-dillenburg.de\/leicht\/wp-json\/wp\/v2\/users\/5"}],"replies":[{"embeddable":true,"href":"https:\/\/lebenshilfe-dillenburg.de\/leicht\/wp-json\/wp\/v2\/comments?post=7529"}],"version-history":[{"count":0,"href":"https:\/\/lebenshilfe-dillenburg.de\/leicht\/wp-json\/wp\/v2\/posts\/7529\/revisions"}],"wp:featuredmedia":[{"embeddable":true,"href":"https:\/\/lebenshilfe-dillenburg.de\/leicht\/wp-json\/wp\/v2\/media\/7543"}],"wp:attachment":[{"href":"https:\/\/lebenshilfe-dillenburg.de\/leicht\/wp-json\/wp\/v2\/media?parent=7529"}],"wp:term":[{"taxonomy":"category","embeddable":true,"href":"https:\/\/lebenshilfe-dillenburg.de\/leicht\/wp-json\/wp\/v2\/categories?post=7529"},{"taxonomy":"post_tag","embeddable":true,"href":"https:\/\/lebenshilfe-dillenburg.de\/leicht\/wp-json\/wp\/v2\/tags?post=7529"}],"curies":[{"name":"wp","href":"https:\/\/api.w.org\/{rel}","templated":true}]}}