{"id":7534,"date":"2020-11-05T11:27:59","date_gmt":"2020-11-05T10:27:59","guid":{"rendered":"https:\/\/www.lebenshilfe-dillenburg.de\/?p=2813"},"modified":"2026-01-30T12:09:35","modified_gmt":"2026-01-30T11:09:35","slug":"zehn-jahre-entlastung-fuer-familien","status":"publish","type":"post","link":"https:\/\/lebenshilfe-dillenburg.de\/leicht\/zehn-jahre-entlastung-fuer-familien\/","title":{"rendered":"Zehn Jahre Entlastung f\u00fcr Familien"},"content":{"rendered":"<p>Als Anita Groskurt vor zehn Jahren zum Bewerbungsgespr\u00e4ch zur Lebenshilfe Dillenburg eingeladen wurde, hatte sie sich eigentlich auf eine ganz andere Stelle beworben. Sozialer Dienst in den Dillenburger Werkst\u00e4tten \u2013 das war eigentlich ihr Plan gewesen. Doch es kam anders. Am Tag nach dem Vorstellungsgespr\u00e4ch erhielt sie einen Anruf vom Vorstand, ob sie sich stattdessen die Leitung eines neuen Bereichs vorstellen k\u00f6nne: des Familienentlastenden Dienstes (FeD). Und sie konnte.<\/p>\n<p><!--more-->Der Familienentlastende Dienst tut das, was sein Name verspricht: Er entlastet Familien, die durch die Betreuung ihres Angeh\u00f6rigen einen herausfordernden Alltag meistern. Diesen Familien erm\u00f6glicht der FeD eine Auszeit \u2013 mit regelm\u00e4\u00dfigen Gruppenangeboten und Einzelbetreuung. Im Kleinen angefangen hat das Angebot der Lebenshilfe schon vor 20 Jahren mit regelm\u00e4\u00dfigen Gruppenaktionen, damals noch unter dem Namen \u201eSujet\u201c. Lebenshilfe-Mitarbeiterin Olga Depis-Wagner organisierte seit 2007 die verschiedenen Freizeitangebote, an denen behinderte Mitglieder des Vereins kostenlos teilnehmen konnten. Die Kosten f\u00fcr Fahrt und Betreuung trug damals der Verein. Was einst mit sieben betreuten Erwachsenen angefangen hatte, wuchs jedoch schnell auf 40 bis 50 Teilnehmer an, was zur Folge hatte, dass \u00fcber eine neue Art der Finanzierung nachgedacht werden musste. Nach Verhandlungen mit dem Lahn-Dill-Kreis erhielt \u201eSujet\u201c im Sp\u00e4tsommer 2010 nicht nur einen neuen Namen und eine neue Leitung, sondern auch eine neue Struktur. Die Gruppenangebote sollten erweitert, die Kosten gesichert werden. Die Kostensicherung erfolgte von da an \u00fcber die Pflegekasse oder \u00fcber den Lahn-Dill-Kreises, seit 2018 auch \u00fcber den Landeswohlfahrtsverband. Heute sind es rund 90 Menschen, die der FeD betreut.<\/p>\n<p>Zu Beginn informierte das damals noch zweik\u00f6pfige FeD-Team aus Groskurt und Depis-Wagner noch monatlich per Brief \u00fcber die anstehenden Gruppenangebote. Sp\u00e4ter erschien dann jeweils halbj\u00e4hrlich ein Programmheft mit einer \u00dcbersicht aller Aktionen. Einige der Ausfl\u00fcge haben sich als Highlights \u00fcber all die Jahre hinweg etabliert. Zum Beispiel Fahrten zu den Karl-May-Festspielen in Elspe oder Besuche in gro\u00dfen Zoos. \u201eAber auch Veranstaltungen wie unsere Faschingsfeiern und Oktoberfeste kamen immer sehr gut an\u201c, erz\u00e4hlt Groskurt. Wie sich das halbj\u00e4hrliche Programm zusammensetzt, k\u00f6nnen die Betreuten selbst mitbestimmen. Einmal im Jahr gibt es ein gemeinsames Kaffeetrinken mit Bildershow und R\u00fcckmeldung der Klienten, was besonderen Spa\u00df gemacht hat und welche Angebote sie sich f\u00fcr das kommende Jahr w\u00fcnschen.<br \/>\nEine Aktion, die sie nicht so schnell vergessen wird: eine Schifffahrt auf dem Biggesee. Dort wurde Groskurt von einem Fremden angesprochen, der von der Gruppe behinderter Menschen und deren Lebensfreude begeistert war. \u201eEs sei toll, wie wir mit den Menschen umgehen, sagte er, und dass er das gern unterst\u00fctzen wolle.\u201c Tats\u00e4chlich \u00fcbernahm er die Kosten der gesamten Gruppe f\u00fcr den Ausflug.<\/p>\n<figure id=\"attachment_2816\" aria-describedby=\"caption-attachment-2816\" style=\"width: 600px\" class=\"wp-caption alignnone\"><img loading=\"lazy\" decoding=\"async\" class=\"size-medium wp-image-2816\" src=\"https:\/\/lebenshilfe-dillenburg.de\/wp-content\/uploads\/2020\/10\/cimg5857-600x409.jpg\" alt=\"\" width=\"600\" height=\"409\" \/><figcaption id=\"caption-attachment-2816\" class=\"wp-caption-text\">Spa\u00df und gute Laune sind bei den FeD-Aktionen immer Programm.<\/figcaption><\/figure>\n<p>Nicht immer geht jedoch alles rund. Diese Erfahrung hat Groskurt in den zehn Jahren auch mehrfach gemacht. Neben einigen Buspannen erinnert sie sich auch immer noch an eine missgl\u00fcckte Kino-Veranstaltung im Wohnheim in Manderbach. Die Fernbedienung des DVD-Spielers fehlte, die Sprache des Films lie\u00df sich nicht einstellen. Alternativ hatte das FeD-Team dann aber noch einen deutschsprachigen Film zur Hand, der dann aufgelegt wurde \u2013 allerdings mit Blaustich. Zwischendrin gab es eine kurze Toiletten- und Essenspause. Ein Fehler. \u201eDenn inzwischen hatte sich der DVD-Spieler abgeschaltet, und wir mussten von vorn starten.\u201c Was zur Folge hatte, dass vor dem Ende des Films die Busse zum Abholen bereitstanden. \u201eUns tat das unglaublich leid f\u00fcr unsere Betreuten, doch einer von ihnen sagte nur zu mir: Ist doch nicht so schlimm.\u201c Und das sei etwas, was die Aufgabe auch so reizvoll mache: \u201eEgal, wie stressig alles schon mal ist und wie flexibel man sein und einen Plan B aus der Schublade zaubern muss \u2013 von den von uns betreuten Menschen bekommt man immer ganz viel zur\u00fcck.\u201c<br \/>\n2011 hat der FeD sein Angebot um stundenweise Einzelbetreuung im h\u00e4uslichen Umfeld oder au\u00dferhalb erg\u00e4nzt. Dieses richtete sich zun\u00e4chst nur an Erwachsene, wurde dann auf Kinder im Vorschulalter erweitert. \u201eWir versuchen, auf alle Bed\u00fcrfnisse individuell einzugehen\u201c, sagt Groskurt. \u201eDas gilt auch f\u00fcr Einzelbetreuung bei Gruppenausfl\u00fcgen. Wenn jemand die braucht, machen wir das m\u00f6glich.\u201c<\/p>\n<p>Dar\u00fcber hinaus bietet der FeD integrative Projekte an, an denen Menschen mit und ohne Behinderung kostenfrei teilnehmen. Dazu z\u00e4hlen unter anderem ein Tanz- und ein Fitnesskurs. Diese Angebote sind eine hervorragende M\u00f6glichkeit, den Klienten des FeD Begegnungen mit Menschen au\u00dferhalb ihres \u00fcblichen Umfeldes zu erm\u00f6glichen und somit gesellschaftliche Teilhabe umzusetzen.<\/p>\n<figure id=\"attachment_2818\" aria-describedby=\"caption-attachment-2818\" style=\"width: 600px\" class=\"wp-caption alignnone\"><img loading=\"lazy\" decoding=\"async\" class=\"size-medium wp-image-2818\" src=\"https:\/\/lebenshilfe-dillenburg.de\/wp-content\/uploads\/2020\/10\/img-7676-600x400.jpg\" alt=\"\" width=\"600\" height=\"400\" \/><figcaption id=\"caption-attachment-2818\" class=\"wp-caption-text\">Zu den regelm\u00e4\u00dfigen Integrativangeboten des FeDs z\u00e4hlt der Tanzkurs in der Tanzschule B\u00f6s.<\/figcaption><\/figure>\n<p>Das Team des Familienentlastenden Dienstes ist gewachsen im Laufe der Jahre. Olga Depis-Wagner wechselte 2014 ins Betreute Wohnen der Lebenshilfe, als B\u00fcrokraft kam Doris St\u00f6cklein hinzu. Au\u00dferdem erg\u00e4nzt Bianca Natale seit 2016 als p\u00e4dagogische Fachkraft f\u00fcr den Gruppenbereich das Team. Dar\u00fcber hinaus sind 26 Honorarkr\u00e4fte, insbesondere Studierende, in der Einzel- und Gruppenbetreuung im Einsatz.<\/p>\n<p>Dankbare R\u00fcckmeldungen von Angeh\u00f6rigen best\u00e4tigen den FeD immer wieder in seiner Arbeit. \u201eIhr habt uns einen Engel geschickt\u201c, hie\u00df es etwa nach einer Einzelbetreuung. Oder die Aussage einer Mutter, deren Sohn regelm\u00e4\u00dfig an den Gruppenangeboten teilnimmt und die hierdurch f\u00fcr sich selbst sp\u00fcrbare Entlastung erf\u00e4hrt: \u201eIch kann Eltern von behinderten Kindern nicht verstehen, die so etwas nicht nutzen. Mal essen gehen, Freunde treffen, einfach mal was f\u00fcr mich tun \u2013 das ist so wichtig. Ich genie\u00dfe diese freie Zeit, sie tut mir einfach gut. Und gleichzeitig wei\u00df ich, dass es meinem Sohn gut tut. Man muss sich als Elternteil klar machen, dass man auch noch ein eigenes Leben hat und Kraft braucht. Nicht nur f\u00fcr jetzt, sondern f\u00fcr viele Jahre.\u201c<\/p>\n","protected":false},"excerpt":{"rendered":"<p>Als Anita Groskurt vor zehn Jahren zum Bewerbungsgespr\u00e4ch zur Lebenshilfe Dillenburg eingeladen wurde, hatte sie sich eigentlich auf eine ganz andere Stelle beworben. Sozialer Dienst in den Dillenburger Werkst\u00e4tten \u2013 das war eigentlich ihr Plan gewesen. Doch es kam anders. Am Tag nach dem Vorstellungsgespr\u00e4ch erhielt sie einen Anruf vom Vorstand, ob sie sich stattdessen&#8230;<\/p>\n","protected":false},"author":5,"featured_media":7565,"comment_status":"closed","ping_status":"closed","sticky":false,"template":"","format":"standard","meta":{"_acf_changed":false,"_gspb_post_css":"","_kad_blocks_custom_css":"","_kad_blocks_head_custom_js":"","_kad_blocks_body_custom_js":"","_kad_blocks_footer_custom_js":"","_kad_post_transparent":"","_kad_post_title":"","_kad_post_layout":"","_kad_post_sidebar_id":"","_kad_post_content_style":"","_kad_post_vertical_padding":"","_kad_post_feature":"","_kad_post_feature_position":"","_kad_post_header":false,"_kad_post_footer":false,"_kad_post_classname":"","footnotes":""},"categories":[52,53],"tags":[],"class_list":["post-7534","post","type-post","status-publish","format-standard","has-post-thumbnail","hentry","category-aktuelles","category-meldungen"],"acf":[],"yoast_head":"<!-- This site is optimized with the Yoast SEO plugin v27.5 - https:\/\/yoast.com\/product\/yoast-seo-wordpress\/ -->\n<title>Zehn Jahre Entlastung f\u00fcr Familien - Lebenshilfe Dillenburg e.V.<\/title>\n<meta name=\"robots\" content=\"index, follow, max-snippet:-1, max-image-preview:large, max-video-preview:-1\" \/>\n<link rel=\"canonical\" href=\"https:\/\/lebenshilfe-dillenburg.de\/leicht\/zehn-jahre-entlastung-fuer-familien\/\" \/>\n<meta property=\"og:locale\" content=\"de_DE\" \/>\n<meta property=\"og:type\" content=\"article\" \/>\n<meta property=\"og:title\" content=\"Zehn Jahre Entlastung f\u00fcr Familien - Lebenshilfe Dillenburg e.V.\" \/>\n<meta property=\"og:description\" content=\"Als Anita Groskurt vor zehn Jahren zum Bewerbungsgespr\u00e4ch zur Lebenshilfe Dillenburg eingeladen wurde, hatte sie sich eigentlich auf eine ganz andere Stelle beworben. Sozialer Dienst in den Dillenburger Werkst\u00e4tten \u2013 das war eigentlich ihr Plan gewesen. Doch es kam anders. Am Tag nach dem Vorstellungsgespr\u00e4ch erhielt sie einen Anruf vom Vorstand, ob sie sich stattdessen...\" \/>\n<meta property=\"og:url\" content=\"https:\/\/lebenshilfe-dillenburg.de\/leicht\/zehn-jahre-entlastung-fuer-familien\/\" \/>\n<meta property=\"og:site_name\" content=\"Lebenshilfe Dillenburg e.V.\" \/>\n<meta property=\"article:publisher\" content=\"https:\/\/www.facebook.com\/lebenshilfedillenburg\/\" \/>\n<meta property=\"article:published_time\" content=\"2020-11-05T10:27:59+00:00\" \/>\n<meta property=\"article:modified_time\" content=\"2026-01-30T11:09:35+00:00\" \/>\n<meta property=\"og:image\" content=\"https:\/\/lebenshilfe-dillenburg.de\/wp-content\/uploads\/img-1876-scaled-2.jpg\" \/>\n\t<meta property=\"og:image:width\" content=\"2560\" \/>\n\t<meta property=\"og:image:height\" content=\"1585\" \/>\n\t<meta property=\"og:image:type\" content=\"image\/jpeg\" \/>\n<meta name=\"author\" content=\"c.schneider\" \/>\n<meta name=\"twitter:card\" content=\"summary_large_image\" \/>\n<meta name=\"twitter:label1\" content=\"Geschrieben von\" \/>\n\t<meta name=\"twitter:data1\" content=\"c.schneider\" \/>\n\t<meta name=\"twitter:label2\" content=\"Gesch\u00e4tzte Lesezeit\" \/>\n\t<meta name=\"twitter:data2\" content=\"5\u00a0Minuten\" \/>\n<script type=\"application\/ld+json\" class=\"yoast-schema-graph\">{\"@context\":\"https:\\\/\\\/schema.org\",\"@graph\":[{\"@type\":\"Article\",\"@id\":\"https:\\\/\\\/lebenshilfe-dillenburg.de\\\/leicht\\\/zehn-jahre-entlastung-fuer-familien\\\/#article\",\"isPartOf\":{\"@id\":\"https:\\\/\\\/lebenshilfe-dillenburg.de\\\/leicht\\\/zehn-jahre-entlastung-fuer-familien\\\/\"},\"author\":{\"name\":\"c.schneider\",\"@id\":\"https:\\\/\\\/lebenshilfe-dillenburg.de\\\/leicht\\\/#\\\/schema\\\/person\\\/1b9e3ba67f13cec4b5dc4a753d312157\"},\"headline\":\"Zehn Jahre Entlastung f\u00fcr Familien\",\"datePublished\":\"2020-11-05T10:27:59+00:00\",\"dateModified\":\"2026-01-30T11:09:35+00:00\",\"mainEntityOfPage\":{\"@id\":\"https:\\\/\\\/lebenshilfe-dillenburg.de\\\/leicht\\\/zehn-jahre-entlastung-fuer-familien\\\/\"},\"wordCount\":956,\"publisher\":{\"@id\":\"https:\\\/\\\/lebenshilfe-dillenburg.de\\\/leicht\\\/#organization\"},\"image\":{\"@id\":\"https:\\\/\\\/lebenshilfe-dillenburg.de\\\/leicht\\\/zehn-jahre-entlastung-fuer-familien\\\/#primaryimage\"},\"thumbnailUrl\":\"https:\\\/\\\/lebenshilfe-dillenburg.de\\\/wp-content\\\/uploads\\\/fed-team-lebenshilfe-dillenburg.jpg\",\"articleSection\":[\"Aktuelles\",\"Meldungen\"],\"inLanguage\":\"de\"},{\"@type\":\"WebPage\",\"@id\":\"https:\\\/\\\/lebenshilfe-dillenburg.de\\\/leicht\\\/zehn-jahre-entlastung-fuer-familien\\\/\",\"url\":\"https:\\\/\\\/lebenshilfe-dillenburg.de\\\/leicht\\\/zehn-jahre-entlastung-fuer-familien\\\/\",\"name\":\"Zehn Jahre Entlastung f\u00fcr Familien - Lebenshilfe Dillenburg e.V.\",\"isPartOf\":{\"@id\":\"https:\\\/\\\/lebenshilfe-dillenburg.de\\\/leicht\\\/#website\"},\"primaryImageOfPage\":{\"@id\":\"https:\\\/\\\/lebenshilfe-dillenburg.de\\\/leicht\\\/zehn-jahre-entlastung-fuer-familien\\\/#primaryimage\"},\"image\":{\"@id\":\"https:\\\/\\\/lebenshilfe-dillenburg.de\\\/leicht\\\/zehn-jahre-entlastung-fuer-familien\\\/#primaryimage\"},\"thumbnailUrl\":\"https:\\\/\\\/lebenshilfe-dillenburg.de\\\/wp-content\\\/uploads\\\/fed-team-lebenshilfe-dillenburg.jpg\",\"datePublished\":\"2020-11-05T10:27:59+00:00\",\"dateModified\":\"2026-01-30T11:09:35+00:00\",\"breadcrumb\":{\"@id\":\"https:\\\/\\\/lebenshilfe-dillenburg.de\\\/leicht\\\/zehn-jahre-entlastung-fuer-familien\\\/#breadcrumb\"},\"inLanguage\":\"de\",\"potentialAction\":[{\"@type\":\"ReadAction\",\"target\":[\"https:\\\/\\\/lebenshilfe-dillenburg.de\\\/leicht\\\/zehn-jahre-entlastung-fuer-familien\\\/\"]}]},{\"@type\":\"ImageObject\",\"inLanguage\":\"de\",\"@id\":\"https:\\\/\\\/lebenshilfe-dillenburg.de\\\/leicht\\\/zehn-jahre-entlastung-fuer-familien\\\/#primaryimage\",\"url\":\"https:\\\/\\\/lebenshilfe-dillenburg.de\\\/wp-content\\\/uploads\\\/fed-team-lebenshilfe-dillenburg.jpg\",\"contentUrl\":\"https:\\\/\\\/lebenshilfe-dillenburg.de\\\/wp-content\\\/uploads\\\/fed-team-lebenshilfe-dillenburg.jpg\",\"width\":1500,\"height\":929,\"caption\":\"Das FeD-Team der Lebenshilfe Dillenburg: (v.l.) Anita Groskurt, Doris St\u00f6cklein und Bianca Natale. (Foto: Holtfoth)\"},{\"@type\":\"BreadcrumbList\",\"@id\":\"https:\\\/\\\/lebenshilfe-dillenburg.de\\\/leicht\\\/zehn-jahre-entlastung-fuer-familien\\\/#breadcrumb\",\"itemListElement\":[{\"@type\":\"ListItem\",\"position\":1,\"name\":\"Startseite der Lebenshilfe Dillenburg\",\"item\":\"https:\\\/\\\/lebenshilfe-dillenburg.de\\\/leicht\\\/\"},{\"@type\":\"ListItem\",\"position\":2,\"name\":\"Zehn Jahre Entlastung f\u00fcr Familien\"}]},{\"@type\":\"WebSite\",\"@id\":\"https:\\\/\\\/lebenshilfe-dillenburg.de\\\/leicht\\\/#website\",\"url\":\"https:\\\/\\\/lebenshilfe-dillenburg.de\\\/leicht\\\/\",\"name\":\"Lebenshilfe Dillenburg \u2013 Teilhabe & Unterst\u00fctzung im Lahn-Dill-Kreis\",\"description\":\"\",\"publisher\":{\"@id\":\"https:\\\/\\\/lebenshilfe-dillenburg.de\\\/leicht\\\/#organization\"},\"potentialAction\":[{\"@type\":\"SearchAction\",\"target\":{\"@type\":\"EntryPoint\",\"urlTemplate\":\"https:\\\/\\\/lebenshilfe-dillenburg.de\\\/leicht\\\/?s={search_term_string}\"},\"query-input\":{\"@type\":\"PropertyValueSpecification\",\"valueRequired\":true,\"valueName\":\"search_term_string\"}}],\"inLanguage\":\"de\"},{\"@type\":\"Organization\",\"@id\":\"https:\\\/\\\/lebenshilfe-dillenburg.de\\\/leicht\\\/#organization\",\"name\":\"Lebenshilfe Dillenburg e.V.\",\"url\":\"https:\\\/\\\/lebenshilfe-dillenburg.de\\\/leicht\\\/\",\"logo\":{\"@type\":\"ImageObject\",\"inLanguage\":\"de\",\"@id\":\"https:\\\/\\\/lebenshilfe-dillenburg.de\\\/leicht\\\/#\\\/schema\\\/logo\\\/image\\\/\",\"url\":\"https:\\\/\\\/lebenshilfe-dillenburg.de\\\/wp-content\\\/uploads\\\/lebenshilfe-dillenburg-desktop.webp\",\"contentUrl\":\"https:\\\/\\\/lebenshilfe-dillenburg.de\\\/wp-content\\\/uploads\\\/lebenshilfe-dillenburg-desktop.webp\",\"width\":461,\"height\":202,\"caption\":\"Lebenshilfe Dillenburg e.V.\"},\"image\":{\"@id\":\"https:\\\/\\\/lebenshilfe-dillenburg.de\\\/leicht\\\/#\\\/schema\\\/logo\\\/image\\\/\"},\"sameAs\":[\"https:\\\/\\\/www.facebook.com\\\/lebenshilfedillenburg\\\/\",\"https:\\\/\\\/www.instagram.com\\\/lebenshilfe_dillenburg\\\/\"]},{\"@type\":\"Person\",\"@id\":\"https:\\\/\\\/lebenshilfe-dillenburg.de\\\/leicht\\\/#\\\/schema\\\/person\\\/1b9e3ba67f13cec4b5dc4a753d312157\",\"name\":\"c.schneider\",\"url\":\"https:\\\/\\\/lebenshilfe-dillenburg.de\\\/leicht\\\/author\\\/c-schneider\\\/\"}]}<\/script>\n<!-- \/ Yoast SEO plugin. -->","yoast_head_json":{"title":"Zehn Jahre Entlastung f\u00fcr Familien - Lebenshilfe Dillenburg e.V.","robots":{"index":"index","follow":"follow","max-snippet":"max-snippet:-1","max-image-preview":"max-image-preview:large","max-video-preview":"max-video-preview:-1"},"canonical":"https:\/\/lebenshilfe-dillenburg.de\/leicht\/zehn-jahre-entlastung-fuer-familien\/","og_locale":"de_DE","og_type":"article","og_title":"Zehn Jahre Entlastung f\u00fcr Familien - Lebenshilfe Dillenburg e.V.","og_description":"Als Anita Groskurt vor zehn Jahren zum Bewerbungsgespr\u00e4ch zur Lebenshilfe Dillenburg eingeladen wurde, hatte sie sich eigentlich auf eine ganz andere Stelle beworben. Sozialer Dienst in den Dillenburger Werkst\u00e4tten \u2013 das war eigentlich ihr Plan gewesen. Doch es kam anders. Am Tag nach dem Vorstellungsgespr\u00e4ch erhielt sie einen Anruf vom Vorstand, ob sie sich stattdessen...","og_url":"https:\/\/lebenshilfe-dillenburg.de\/leicht\/zehn-jahre-entlastung-fuer-familien\/","og_site_name":"Lebenshilfe Dillenburg e.V.","article_publisher":"https:\/\/www.facebook.com\/lebenshilfedillenburg\/","article_published_time":"2020-11-05T10:27:59+00:00","article_modified_time":"2026-01-30T11:09:35+00:00","og_image":[{"width":2560,"height":1585,"url":"https:\/\/lebenshilfe-dillenburg.de\/wp-content\/uploads\/img-1876-scaled-2.jpg","type":"image\/jpeg"}],"author":"c.schneider","twitter_card":"summary_large_image","twitter_misc":{"Geschrieben von":"c.schneider","Gesch\u00e4tzte Lesezeit":"5\u00a0Minuten"},"schema":{"@context":"https:\/\/schema.org","@graph":[{"@type":"Article","@id":"https:\/\/lebenshilfe-dillenburg.de\/leicht\/zehn-jahre-entlastung-fuer-familien\/#article","isPartOf":{"@id":"https:\/\/lebenshilfe-dillenburg.de\/leicht\/zehn-jahre-entlastung-fuer-familien\/"},"author":{"name":"c.schneider","@id":"https:\/\/lebenshilfe-dillenburg.de\/leicht\/#\/schema\/person\/1b9e3ba67f13cec4b5dc4a753d312157"},"headline":"Zehn Jahre Entlastung f\u00fcr Familien","datePublished":"2020-11-05T10:27:59+00:00","dateModified":"2026-01-30T11:09:35+00:00","mainEntityOfPage":{"@id":"https:\/\/lebenshilfe-dillenburg.de\/leicht\/zehn-jahre-entlastung-fuer-familien\/"},"wordCount":956,"publisher":{"@id":"https:\/\/lebenshilfe-dillenburg.de\/leicht\/#organization"},"image":{"@id":"https:\/\/lebenshilfe-dillenburg.de\/leicht\/zehn-jahre-entlastung-fuer-familien\/#primaryimage"},"thumbnailUrl":"https:\/\/lebenshilfe-dillenburg.de\/wp-content\/uploads\/fed-team-lebenshilfe-dillenburg.jpg","articleSection":["Aktuelles","Meldungen"],"inLanguage":"de"},{"@type":"WebPage","@id":"https:\/\/lebenshilfe-dillenburg.de\/leicht\/zehn-jahre-entlastung-fuer-familien\/","url":"https:\/\/lebenshilfe-dillenburg.de\/leicht\/zehn-jahre-entlastung-fuer-familien\/","name":"Zehn Jahre Entlastung f\u00fcr Familien - Lebenshilfe Dillenburg e.V.","isPartOf":{"@id":"https:\/\/lebenshilfe-dillenburg.de\/leicht\/#website"},"primaryImageOfPage":{"@id":"https:\/\/lebenshilfe-dillenburg.de\/leicht\/zehn-jahre-entlastung-fuer-familien\/#primaryimage"},"image":{"@id":"https:\/\/lebenshilfe-dillenburg.de\/leicht\/zehn-jahre-entlastung-fuer-familien\/#primaryimage"},"thumbnailUrl":"https:\/\/lebenshilfe-dillenburg.de\/wp-content\/uploads\/fed-team-lebenshilfe-dillenburg.jpg","datePublished":"2020-11-05T10:27:59+00:00","dateModified":"2026-01-30T11:09:35+00:00","breadcrumb":{"@id":"https:\/\/lebenshilfe-dillenburg.de\/leicht\/zehn-jahre-entlastung-fuer-familien\/#breadcrumb"},"inLanguage":"de","potentialAction":[{"@type":"ReadAction","target":["https:\/\/lebenshilfe-dillenburg.de\/leicht\/zehn-jahre-entlastung-fuer-familien\/"]}]},{"@type":"ImageObject","inLanguage":"de","@id":"https:\/\/lebenshilfe-dillenburg.de\/leicht\/zehn-jahre-entlastung-fuer-familien\/#primaryimage","url":"https:\/\/lebenshilfe-dillenburg.de\/wp-content\/uploads\/fed-team-lebenshilfe-dillenburg.jpg","contentUrl":"https:\/\/lebenshilfe-dillenburg.de\/wp-content\/uploads\/fed-team-lebenshilfe-dillenburg.jpg","width":1500,"height":929,"caption":"Das FeD-Team der Lebenshilfe Dillenburg: (v.l.) Anita Groskurt, Doris St\u00f6cklein und Bianca Natale. (Foto: Holtfoth)"},{"@type":"BreadcrumbList","@id":"https:\/\/lebenshilfe-dillenburg.de\/leicht\/zehn-jahre-entlastung-fuer-familien\/#breadcrumb","itemListElement":[{"@type":"ListItem","position":1,"name":"Startseite der Lebenshilfe Dillenburg","item":"https:\/\/lebenshilfe-dillenburg.de\/leicht\/"},{"@type":"ListItem","position":2,"name":"Zehn Jahre Entlastung f\u00fcr Familien"}]},{"@type":"WebSite","@id":"https:\/\/lebenshilfe-dillenburg.de\/leicht\/#website","url":"https:\/\/lebenshilfe-dillenburg.de\/leicht\/","name":"Lebenshilfe Dillenburg \u2013 Teilhabe & Unterst\u00fctzung im Lahn-Dill-Kreis","description":"","publisher":{"@id":"https:\/\/lebenshilfe-dillenburg.de\/leicht\/#organization"},"potentialAction":[{"@type":"SearchAction","target":{"@type":"EntryPoint","urlTemplate":"https:\/\/lebenshilfe-dillenburg.de\/leicht\/?s={search_term_string}"},"query-input":{"@type":"PropertyValueSpecification","valueRequired":true,"valueName":"search_term_string"}}],"inLanguage":"de"},{"@type":"Organization","@id":"https:\/\/lebenshilfe-dillenburg.de\/leicht\/#organization","name":"Lebenshilfe Dillenburg e.V.","url":"https:\/\/lebenshilfe-dillenburg.de\/leicht\/","logo":{"@type":"ImageObject","inLanguage":"de","@id":"https:\/\/lebenshilfe-dillenburg.de\/leicht\/#\/schema\/logo\/image\/","url":"https:\/\/lebenshilfe-dillenburg.de\/wp-content\/uploads\/lebenshilfe-dillenburg-desktop.webp","contentUrl":"https:\/\/lebenshilfe-dillenburg.de\/wp-content\/uploads\/lebenshilfe-dillenburg-desktop.webp","width":461,"height":202,"caption":"Lebenshilfe Dillenburg e.V."},"image":{"@id":"https:\/\/lebenshilfe-dillenburg.de\/leicht\/#\/schema\/logo\/image\/"},"sameAs":["https:\/\/www.facebook.com\/lebenshilfedillenburg\/","https:\/\/www.instagram.com\/lebenshilfe_dillenburg\/"]},{"@type":"Person","@id":"https:\/\/lebenshilfe-dillenburg.de\/leicht\/#\/schema\/person\/1b9e3ba67f13cec4b5dc4a753d312157","name":"c.schneider","url":"https:\/\/lebenshilfe-dillenburg.de\/leicht\/author\/c-schneider\/"}]}},"taxonomy_info":{"category":[{"value":52,"label":"Aktuelles"},{"value":53,"label":"Meldungen"}]},"featured_image_src_large":["https:\/\/lebenshilfe-dillenburg.de\/wp-content\/uploads\/fed-team-lebenshilfe-dillenburg-1920x1189.jpg",1366,846,true],"author_info":{"display_name":"c.schneider","author_link":"https:\/\/lebenshilfe-dillenburg.de\/leicht\/author\/c-schneider\/"},"comment_info":0,"category_info":[{"term_id":52,"name":"Aktuelles","slug":"aktuelles","term_group":0,"term_taxonomy_id":52,"taxonomy":"category","description":"","parent":0,"count":22,"filter":"raw","term_order":"4","cat_ID":52,"category_count":22,"category_description":"","cat_name":"Aktuelles","category_nicename":"aktuelles","category_parent":0},{"term_id":53,"name":"Meldungen","slug":"meldungen","term_group":0,"term_taxonomy_id":53,"taxonomy":"category","description":"","parent":0,"count":127,"filter":"raw","term_order":"5","cat_ID":53,"category_count":127,"category_description":"","cat_name":"Meldungen","category_nicename":"meldungen","category_parent":0}],"tag_info":false,"_links":{"self":[{"href":"https:\/\/lebenshilfe-dillenburg.de\/leicht\/wp-json\/wp\/v2\/posts\/7534","targetHints":{"allow":["GET"]}}],"collection":[{"href":"https:\/\/lebenshilfe-dillenburg.de\/leicht\/wp-json\/wp\/v2\/posts"}],"about":[{"href":"https:\/\/lebenshilfe-dillenburg.de\/leicht\/wp-json\/wp\/v2\/types\/post"}],"author":[{"embeddable":true,"href":"https:\/\/lebenshilfe-dillenburg.de\/leicht\/wp-json\/wp\/v2\/users\/5"}],"replies":[{"embeddable":true,"href":"https:\/\/lebenshilfe-dillenburg.de\/leicht\/wp-json\/wp\/v2\/comments?post=7534"}],"version-history":[{"count":0,"href":"https:\/\/lebenshilfe-dillenburg.de\/leicht\/wp-json\/wp\/v2\/posts\/7534\/revisions"}],"wp:featuredmedia":[{"embeddable":true,"href":"https:\/\/lebenshilfe-dillenburg.de\/leicht\/wp-json\/wp\/v2\/media\/7565"}],"wp:attachment":[{"href":"https:\/\/lebenshilfe-dillenburg.de\/leicht\/wp-json\/wp\/v2\/media?parent=7534"}],"wp:term":[{"taxonomy":"category","embeddable":true,"href":"https:\/\/lebenshilfe-dillenburg.de\/leicht\/wp-json\/wp\/v2\/categories?post=7534"},{"taxonomy":"post_tag","embeddable":true,"href":"https:\/\/lebenshilfe-dillenburg.de\/leicht\/wp-json\/wp\/v2\/tags?post=7534"}],"curies":[{"name":"wp","href":"https:\/\/api.w.org\/{rel}","templated":true}]}}